{"id":834,"date":"2022-02-20T09:37:41","date_gmt":"2022-02-20T14:37:41","guid":{"rendered":"https:\/\/www.codigovidrio.com\/desinformacion\/?p=834"},"modified":"2022-02-20T12:22:21","modified_gmt":"2022-02-20T17:22:21","slug":"ana-y-mia-atrapan-mas-victimas-con-trastornos-alimenticios-en-redes","status":"publish","type":"post","link":"https:\/\/www.codigovidrio.com\/desinformacion\/ana-y-mia-atrapan-mas-victimas-con-trastornos-alimenticios-en-redes\/","title":{"rendered":"Ana y M\u00eda atrapan m\u00e1s v\u00edctimas con trastornos alimenticios en redes"},"content":{"rendered":"<p><em><strong><span style=\"color: #ffcc00;\">Est\u00e1n a pocos minutos de paciente b\u00fasqueda por Google o YouTube y son la puerta hacia un mundo peligroso, disfrazado de comunidad, de un grupo de amigos. Solo basta tener una cuenta de WhatsApp, Telegram o Amino. Inmediatamente cualquier persona puede ingresar a grupos con nombres como Ana y M\u00eda, Princesas Ana y M\u00eda, Proyecto Princesas, Anatom\u00eda, AnaM\u00edaAlisa, Camino a la perfecci\u00f3n, Unicornios, Gatitos, etc. <\/span><\/strong><\/em><\/p>\n<p><strong>Por Ana Mar\u00eda Carvajal<\/strong><\/p>\n<p>Se trata de comunidades con decenas, cientos de integrantes que buscan ideas para reducir al extremo su consumo de alimentos y bajar de peso, a cualquier precio.\u00a0Debido a las cr\u00edticas a este tipo de espacios, sus integrantes se manejan con cautela. Un ejemplo es Anatom\u00eda, un chat de WhatsApp al que se ingresa por un link y que, durante los cuatro d\u00edas que C\u00f3digo Vidrio le hizo seguimiento, tuvo un promedio de entre 145 y 165 participantes. Cada vez que ingresan personas, la administradora env\u00eda un formulario que debe llenarse antes de entrar al grupo \u201coficial, estricto y privado\u201d. Son 10 \u00edtems que incluyen peso actual, peso esperado, cantidad de calor\u00edas consumidas por d\u00eda, cu\u00e1nto tiempo tienes un trastorno de conducta alimentaria (TCA) y si \u201ceres Ana, M\u00eda o Alissa\u201d.<\/p>\n<p>Ana agrupa a quienes padecen anorexia y M\u00eda, buliM\u00eda. Menos com\u00fan es Alisa, que re\u00fane a quienes tienen obsesi\u00f3n por comer alimentos saludables. El \u00faltimo requisito de la lista est\u00e1 resaltado en negritas y es obligatorio: se debe enviar una foto de cuerpo entero. Solo la imagen del rostro es opcional. Los requisitos deben mandarse a \u2018Topito\u2019, el seud\u00f3nimo de una persona que usa una foto de una persona con rasgos asi\u00e1ticos como avatar de su perfil y cuyo n\u00famero telef\u00f3nico tiene c\u00f3digo de \u00e1rea 994 (Afganist\u00e1n).<\/p>\n<p>Sin embargo, el grupo est\u00e1 lleno de personas de pa\u00edses de habla hispana: Ecuador, Rep\u00fablica Dominicana, Guatemala, El Salvador, Per\u00fa, M\u00e9xico, Argentina, Chile, Colombia, Venezuela, Bolivia, Paraguay, Uruguay&#8230; La lista cambia a diario pues el administrador depura el chat cada tanto y tambi\u00e9n hay personas que ingresan y horas o d\u00edas despu\u00e9s abandonan el chat.<\/p>\n<p>Lo que se dice en este tipo de grupos es muy parecido a lo que a inicios del siglo se encontraba en blogs y ahora se halla tambi\u00e9n en sitios m\u00e1s abiertos en redes sociales como Facebook, Instagram, Twitter y hasta Pinterest: consejos para vomitar sin que la familia lo note, c\u00f3mo lograr hacer ayunos, ideas de autolesi\u00f3n como cortes o golpes con ligas para \u2018castigar\u2019 cuando el hambre gana la batalla, exceso de ejercicio y consumo de agua, reemplazo de alimentos por chicles, etc.<\/p>\n<p><img loading=\"lazy\" class=\"aligncenter wp-image-839 size-full\" src=\"http:\/\/www.codigovidrio.com\/desinformacion\/wp-content\/uploads\/2022\/02\/ana-y-mia-04.jpg\" alt=\"\" width=\"873\" height=\"525\" srcset=\"https:\/\/www.codigovidrio.com\/desinformacion\/wp-content\/uploads\/2022\/02\/ana-y-mia-04.jpg 873w, https:\/\/www.codigovidrio.com\/desinformacion\/wp-content\/uploads\/2022\/02\/ana-y-mia-04-640x385.jpg 640w, https:\/\/www.codigovidrio.com\/desinformacion\/wp-content\/uploads\/2022\/02\/ana-y-mia-04-320x192.jpg 320w\" sizes=\"(max-width: 873px) 100vw, 873px\" \/><\/p>\n<p>La diferencia es que en comunidades de servicios de mensajer\u00eda es m\u00e1s f\u00e1cil ocultarse de la gente cercana mientras se accede a este tipo de pr\u00e1cticas, pues solo basta tener un celular con algo de internet para leer y ofrecer consejos, adem\u00e1s de ver y enviar fotos\u00a0 \u2018thinspo\u2019 o \u2018thinspiration\u2019 (im\u00e1genes de personas excesivamente delgadas, para \u2018motivarse\u2019 a continuar bajando de peso lo m\u00e1s pronto posible y al l\u00edmite).<\/p>\n<p>En general, son m\u00e1s comunes los que juntan a mujeres j\u00f3venes y adolescentes. Pero no es exclusivo. La psic\u00f3loga y m\u00e1ster en Psicoan\u00e1lisis Karina Bravo se\u00f1ala que en realidad es m\u00e1s f\u00e1cil saber cu\u00e1ndo una mujer est\u00e1 pasando por algo as\u00ed, \u201cporque los hombres por muchos siglos se acostumbraron a no expresar tanto lo que les pasa. Culturalmente las mujeres tienen mayor facilidad de mostrar su vulnerabilidad. No es que haya m\u00e1s casos de mujeres que de hombres, sino que se sabe m\u00e1s de aquello que les pasa a ellas por nuestra capacidad de expresi\u00f3n de emociones\u201d. Alej\u00e1ndose un poco de esos mitos, agrega, antes podr\u00eda haber habido una diferencia entre chicos y chicas pero ahora, en su consultorio, tiene a la par pacientes hombres y mujeres con trastornos de conducta alimentaria. Internet y la pandeM\u00eda han agravado el panorama porque el acceso a pr\u00e1cticas nocivas es muy f\u00e1cil. Debido al confinamiento y las clases virtuales es imposible evitar que los chicos tengan dispositivos e interacci\u00f3n constante que no siempre es positiva.<\/p>\n<p>Para la nutricionista cl\u00ednica Nadia Morillo Cisneros, nadie deber\u00eda buscar en redes consejos sobre alimentaci\u00f3n saludable y reducci\u00f3n de peso. \u201cLa alimentaci\u00f3n es una cuesti\u00f3n org\u00e1nica, emocional, social, f\u00edsica e inclusive espiritual y cultural. Buscar en redes no sirve de nada porque cualquier plan de alimentaci\u00f3n debe ser guiado por un profesional en nutrici\u00f3n y a la vez personalizado e individualizado\u201d, dice.<\/p>\n<p>El problema es cultural porque en las familias se toma al alimento como un premio o un castigo con frases como \u201csi no comes, no sales a jugar\u201d o \u201csi comes todo, nos vamos de paseo\u201d, por ejemplo. La alimentaci\u00f3n, dice la nutricionista, se trata como un tema tab\u00fa pero es un tema emocional. El papel de las familias y la sociedad, entonces, es establecer una relaci\u00f3n consiente con la comida.<\/p>\n<p><img loading=\"lazy\" class=\"aligncenter wp-image-829 size-full\" src=\"http:\/\/www.codigovidrio.com\/desinformacion\/wp-content\/uploads\/2022\/02\/IMG-20220219-WA0032.jpg\" alt=\"\" width=\"1024\" height=\"632\" srcset=\"https:\/\/www.codigovidrio.com\/desinformacion\/wp-content\/uploads\/2022\/02\/IMG-20220219-WA0032.jpg 1024w, https:\/\/www.codigovidrio.com\/desinformacion\/wp-content\/uploads\/2022\/02\/IMG-20220219-WA0032-640x395.jpg 640w, https:\/\/www.codigovidrio.com\/desinformacion\/wp-content\/uploads\/2022\/02\/IMG-20220219-WA0032-320x198.jpg 320w\" sizes=\"(max-width: 1024px) 100vw, 1024px\" \/><\/p>\n<p>Los chats de esta y otras tem\u00e1ticas funcionan porque en el entorno digital se ha dado un salto de consumo a experiencia informativa desde el marketing y desde el periodismo, explica el catedr\u00e1tico de la Universidad Salesiana, Ramiro Morej\u00f3n. \u00c9l dicta clases de Comunidades virtuales en el posgrado y explica que antes los usuarios solo consum\u00edamos informaci\u00f3n, pero ahora todos podemos producirla y la mejor forma de estar cerca de un contenido es el dispositivo m\u00f3vil.<\/p>\n<p>Detr\u00e1s de cada estrategia hay estudios que identifican lo que est\u00e1n haciendo los usuarios, cu\u00e1l es su consumo, su inter\u00e9s. Quienes manejan grupos como los enfocados en trastornos alimenticios, dice Morej\u00f3n, saben que la figura y est\u00e9tica es una tendencia en los j\u00f3venes y han identificado claramente que consumen a trav\u00e9s de dispositivos m\u00f3viles. Aunque no es algo nuevo, la gente detr\u00e1s de estas pr\u00e1cticas piensa en un usuario y le da una identidad.<\/p>\n<p>Bravo se\u00f1ala que uno de los principales peligros de los sitios de Ana y M\u00eda es que convirtieron a estos trastornos en una figura de identificaci\u00f3n, con un nombre y el estatuto de una persona. \u201cEl tratar a un trastorno como una figura de identificaci\u00f3n encarnada casi casi tiene un gran alcance, porque a los chicos no les va a atraer un trastorno sino una figura que pasa de lo simb\u00f3lico a lo real. Por eso engancha y tiene \u00e9xito pero tambi\u00e9n por eso es peligroso porque ya no hablo con una enfermedad sino con Ana\u00ad\u201d.<\/p>\n<p>Pero quienes tienen una imagen corporal distorsionada o una obsesi\u00f3n por perder peso no toman en cuenta estos hechos. Bravo explica que la imagen de s\u00ed mismo es una construcci\u00f3n que en psicoan\u00e1lisis se conoce como la estructuraci\u00f3n subjetiva del yo idea. \u201cSon esos momentos en que vas construyendo esa imagen para ti y para mostrar a los dem\u00e1s. Todo tenemos una imagen distorsionada de alg\u00fan modo, porque estamos envueltos en expectativas, en estereotipos y cuestiones externas que alteran nuestra imagen. Varias ocasiones te pudo haber pasado a ti que te miras en el espejo y no ves nada bueno, pero alguien te dice que est\u00e1s muy radiante. La visi\u00f3n en el espejo puede ser bastante distorsionada y eso es bastante complejo internamente en la psiquis de cada quien\u201d.<\/p>\n<p>Muchas personas pasan de un grupo a otro, para no dejar huella de sus pr\u00e1cticas y se integran a espacios como Anatom\u00eda, que este 8 de febrero radicaliz\u00f3 la descripci\u00f3n de su grupo y agreg\u00f3 frases como \u201cgrupo 100% t\u00f3xico\u201d, \u201ctu vida y tu alma es nuestra hasta que cumplas tu meta\u201d, \u201csi quieres ser gorda toda tu vida y no tienes compromiso o no est\u00e1s dispuesta, no mandar ficha\u201d.<\/p>\n<p>Esta aclaraci\u00f3n de grupos t\u00f3xicos y no t\u00f3xicos se basa en que en sus interacciones, varias personas consideran que no tienen un problema y cuentan sus problemas en el grupo, buscando aprobaci\u00f3n. Incluso hay quienes dicen que pueden ser Ana o M\u00eda sin estar enfermas, pues no han llevado sus pr\u00e1cticas al l\u00edmite. Otras, movidas por su trastorno, no se frenan a pesar de sentirse cansadas y enfermas, por la falta de alimentaci\u00f3n adecuada.<\/p>\n<p>Morej\u00f3n considera que estos espacios no solo que no desaparecen sino que crecen y se replican en varias plataformas porque le dan la oportunidad a sus miembros de pasar de un \u2018story telling\u2019 a un \u2018story doing\u2019, en donde la historia ya no importa tanto como la experiencia.<\/p>\n<h4 style=\"text-align: center;\"><strong>Chats en grupos que recomiendan c\u00f3mo bajar de peso de forma extrema<\/strong><\/h4>\n<p><img loading=\"lazy\" class=\"aligncenter wp-image-832 size-full\" src=\"http:\/\/www.codigovidrio.com\/desinformacion\/wp-content\/uploads\/2022\/02\/ana-y-mia-02.jpg\" alt=\"\" width=\"789\" height=\"492\" srcset=\"https:\/\/www.codigovidrio.com\/desinformacion\/wp-content\/uploads\/2022\/02\/ana-y-mia-02.jpg 789w, https:\/\/www.codigovidrio.com\/desinformacion\/wp-content\/uploads\/2022\/02\/ana-y-mia-02-640x399.jpg 640w, https:\/\/www.codigovidrio.com\/desinformacion\/wp-content\/uploads\/2022\/02\/ana-y-mia-02-320x200.jpg 320w\" sizes=\"(max-width: 789px) 100vw, 789px\" \/><\/p>\n<p><img loading=\"lazy\" class=\"aligncenter wp-image-833 size-full\" src=\"http:\/\/www.codigovidrio.com\/desinformacion\/wp-content\/uploads\/2022\/02\/ana-y-mia-03.jpg\" alt=\"\" width=\"762\" height=\"492\" srcset=\"https:\/\/www.codigovidrio.com\/desinformacion\/wp-content\/uploads\/2022\/02\/ana-y-mia-03.jpg 762w, https:\/\/www.codigovidrio.com\/desinformacion\/wp-content\/uploads\/2022\/02\/ana-y-mia-03-640x413.jpg 640w, https:\/\/www.codigovidrio.com\/desinformacion\/wp-content\/uploads\/2022\/02\/ana-y-mia-03-320x207.jpg 320w\" sizes=\"(max-width: 762px) 100vw, 762px\" \/><\/p>\n<p>Las historias de Ana y M\u00eda son incluso materia de burlas en redes sociales. Sin embargo, pocos miden el peligro de sus pr\u00e1cticas. Morillo apunta que generalmente participan adolescentes que est\u00e1n en una etapa en la que es m\u00e1s f\u00e1cil dejarse influir por otros y seguir consejos que ni siquiera les van a funcionar y que, adem\u00e1s, pueden poner en riesgo su vida.<\/p>\n<p>En la mayor\u00eda de casos, los chicos y chicas participan de estos grupos aceptando que tienen un desorden alimenticio pero no lo consideran un problema y ven en Internet una salida f\u00e1cil para lograr su aspiraci\u00f3n. \u201cSon chicos que no buscan ayuda profesional de nutricionistas, psic\u00f3logos ni de su familia, act\u00faan por su cuenta y como tienen una imagen distorsionada de s\u00ed mismos, su autoestima est\u00e1 baja y ven cuerpos perfectos con la talla que quieren sin darse cuenta de que en el camino a ese objetivo se est\u00e1n autodestruyendo\u201d.<\/p>\n<p>En los \u00faltimos meses, Morillo ha tenido dos pacientes que le han hablado de comunidades de Ana y M\u00eda. Una de ellas le cont\u00f3 que le aconsejaron tomar agua con vinagre para calmar el hambre, pero el haberlo hecho le cost\u00f3 una visita a una casa de salud y un lavado g\u00e1strico de emergencia. Las chicas le contaban que consum\u00edan chicle por grandes cantidades, para evitar comer y terminaron debilitadas y con aneM\u00eda. \u201cSon pacientes que ya han tenido el valor de reconocer que necesitan ayuda y que tienen un problema. Ese es el primer elemento: me quiero, estoy mal, no puedo con todo\u201d. Hoy, ambas est\u00e1n mejor pero deben continuar su trabajo de nutrici\u00f3n y terapia.<\/p>\n<p>\u00bfHay una forma de regular o frenar este tipo de espacios? Para Morej\u00f3n es algo delicado porque \u201clos usuarios estamos en el derecho de tener informaci\u00f3n veraz, oportuna, de calidad, que no atente contra otras personas, privacidad de nuestras conversaciones pero tambi\u00e9n hay que regular algunos contenidos que no resultan constructivos que pueden ser discriminatorios, violentos, inadecuados para ni\u00f1os y j\u00f3venes y eso hay que revisar\u201d.<\/p>\n<p>Aparte de la regulaci\u00f3n hay un tema que es sumamente importante tambi\u00e9n: \u201c\u00bfqu\u00e9 estamos haciendo nosotros con el Internet? Como usuarios debemos asumir un proceso m\u00e1s responsable al momento de informarnos y el Estado debe garantizar que la informaci\u00f3n que existe ah\u00ed nos sirva\u201d.<\/p>\n<p>Aunque hay esfuerzos por proteger a los m\u00e1s vulnerables con unidades de polic\u00eda cibern\u00e9tica, por ejemplo, es casi imposible frenar pr\u00e1cticas de este tipo. \u201cEs muy complicado rastrear en ese mundo infinito como el internet, y sobre todo hay quienes conocen los caminos para poder evadir regulaciones y vigilancia. \u201cPor eso yo apuntar\u00eda m\u00e1s a fomentar esta regulaci\u00f3n particular de los sujetos a una cuesti\u00f3n externa, porque si hay restricci\u00f3n en los tel\u00e9fonos, por ejemplo, lo van a dar la vuelta. Lo de fondo no se est\u00e1 tomado en cuenta. Una restricci\u00f3n social puede estar ah\u00ed, pero no hay una reflexi\u00f3n al respecto, los cambios no vienen de imposiciones externas, sino de elecciones subjetivas\u201d.<\/p>\n","protected":false},"excerpt":{"rendered":"<p>Est\u00e1n a pocos minutos de paciente b\u00fasqueda por Google o YouTube y son la puerta hacia un mundo peligroso, disfrazado de comunidad, de un grupo de amigos. Solo basta tener una cuenta de WhatsApp, Telegram o Amino. Inmediatamente cualquier persona puede ingresar a grupos con nombres como Ana y M\u00eda, Princesas Ana y M\u00eda, Proyecto [&hellip;]<\/p>\n","protected":false},"author":1,"featured_media":830,"comment_status":"open","ping_status":"open","sticky":false,"template":"","format":"standard","meta":[],"categories":[4],"tags":[],"yoast_head":"<!-- This site is optimized with the Yoast SEO plugin v20.6 - https:\/\/yoast.com\/wordpress\/plugins\/seo\/ -->\n<title>Ana y M\u00eda atrapan m\u00e1s v\u00edctimas con trastornos alimenticios en redes - Desinformacion<\/title>\n<meta name=\"robots\" content=\"index, follow, max-snippet:-1, max-image-preview:large, max-video-preview:-1\" \/>\n<link rel=\"canonical\" href=\"https:\/\/www.codigovidrio.com\/desinformacion\/ana-y-mia-atrapan-mas-victimas-con-trastornos-alimenticios-en-redes\/\" \/>\n<meta property=\"og:locale\" content=\"es_ES\" \/>\n<meta property=\"og:type\" content=\"article\" \/>\n<meta property=\"og:title\" content=\"Ana y M\u00eda atrapan m\u00e1s v\u00edctimas con trastornos alimenticios en redes - Desinformacion\" \/>\n<meta property=\"og:description\" content=\"Est\u00e1n a pocos minutos de paciente b\u00fasqueda por Google o YouTube y son la puerta hacia un mundo peligroso, disfrazado de comunidad, de un grupo de amigos. Solo basta tener una cuenta de WhatsApp, Telegram o Amino. Inmediatamente cualquier persona puede ingresar a grupos con nombres como Ana y M\u00eda, Princesas Ana y M\u00eda, Proyecto [&hellip;]\" \/>\n<meta property=\"og:url\" content=\"https:\/\/www.codigovidrio.com\/desinformacion\/ana-y-mia-atrapan-mas-victimas-con-trastornos-alimenticios-en-redes\/\" \/>\n<meta property=\"og:site_name\" content=\"Desinformacion\" \/>\n<meta property=\"article:published_time\" content=\"2022-02-20T14:37:41+00:00\" \/>\n<meta property=\"article:modified_time\" content=\"2022-02-20T17:22:21+00:00\" \/>\n<meta property=\"og:image\" content=\"https:\/\/www.codigovidrio.com\/desinformacion\/wp-content\/uploads\/2022\/02\/IMG-20220219-WA0033.jpg\" \/>\n\t<meta property=\"og:image:width\" content=\"1024\" \/>\n\t<meta property=\"og:image:height\" content=\"449\" \/>\n\t<meta property=\"og:image:type\" content=\"image\/jpeg\" \/>\n<meta name=\"author\" content=\"desin-admin\" \/>\n<meta name=\"twitter:card\" content=\"summary_large_image\" \/>\n<meta name=\"twitter:label1\" content=\"Escrito por\" \/>\n\t<meta name=\"twitter:data1\" content=\"desin-admin\" \/>\n\t<meta name=\"twitter:label2\" content=\"Tiempo estimado de lectura\" \/>\n\t<meta name=\"twitter:data2\" content=\"10 minutos\" \/>\n<script type=\"application\/ld+json\" class=\"yoast-schema-graph\">{\"@context\":\"https:\/\/schema.org\",\"@graph\":[{\"@type\":\"WebPage\",\"@id\":\"https:\/\/www.codigovidrio.com\/desinformacion\/ana-y-mia-atrapan-mas-victimas-con-trastornos-alimenticios-en-redes\/\",\"url\":\"https:\/\/www.codigovidrio.com\/desinformacion\/ana-y-mia-atrapan-mas-victimas-con-trastornos-alimenticios-en-redes\/\",\"name\":\"Ana y M\u00eda atrapan m\u00e1s v\u00edctimas con trastornos alimenticios en redes - Desinformacion\",\"isPartOf\":{\"@id\":\"https:\/\/www.codigovidrio.com\/desinformacion\/#website\"},\"datePublished\":\"2022-02-20T14:37:41+00:00\",\"dateModified\":\"2022-02-20T17:22:21+00:00\",\"author\":{\"@id\":\"https:\/\/www.codigovidrio.com\/desinformacion\/#\/schema\/person\/78ed96f4cc0764a2db9b2320d0c606db\"},\"breadcrumb\":{\"@id\":\"https:\/\/www.codigovidrio.com\/desinformacion\/ana-y-mia-atrapan-mas-victimas-con-trastornos-alimenticios-en-redes\/#breadcrumb\"},\"inLanguage\":\"es-CO\",\"potentialAction\":[{\"@type\":\"ReadAction\",\"target\":[\"https:\/\/www.codigovidrio.com\/desinformacion\/ana-y-mia-atrapan-mas-victimas-con-trastornos-alimenticios-en-redes\/\"]}]},{\"@type\":\"BreadcrumbList\",\"@id\":\"https:\/\/www.codigovidrio.com\/desinformacion\/ana-y-mia-atrapan-mas-victimas-con-trastornos-alimenticios-en-redes\/#breadcrumb\",\"itemListElement\":[{\"@type\":\"ListItem\",\"position\":1,\"name\":\"Home\",\"item\":\"http:\/\/www.codigovidrio.com\/desinformacion\/\"},{\"@type\":\"ListItem\",\"position\":2,\"name\":\"Ana y M\u00eda atrapan m\u00e1s v\u00edctimas con trastornos alimenticios en redes\"}]},{\"@type\":\"WebSite\",\"@id\":\"https:\/\/www.codigovidrio.com\/desinformacion\/#website\",\"url\":\"https:\/\/www.codigovidrio.com\/desinformacion\/\",\"name\":\"Desinformacion\",\"description\":\"Un proyecto de Codigo Vidrio\",\"potentialAction\":[{\"@type\":\"SearchAction\",\"target\":{\"@type\":\"EntryPoint\",\"urlTemplate\":\"https:\/\/www.codigovidrio.com\/desinformacion\/?s={search_term_string}\"},\"query-input\":\"required name=search_term_string\"}],\"inLanguage\":\"es-CO\"},{\"@type\":\"Person\",\"@id\":\"https:\/\/www.codigovidrio.com\/desinformacion\/#\/schema\/person\/78ed96f4cc0764a2db9b2320d0c606db\",\"name\":\"desin-admin\",\"image\":{\"@type\":\"ImageObject\",\"inLanguage\":\"es-CO\",\"@id\":\"https:\/\/www.codigovidrio.com\/desinformacion\/#\/schema\/person\/image\/\",\"url\":\"https:\/\/secure.gravatar.com\/avatar\/2204a4d2f1882f585466f89b9dc440a8?s=96&d=mm&r=g\",\"contentUrl\":\"https:\/\/secure.gravatar.com\/avatar\/2204a4d2f1882f585466f89b9dc440a8?s=96&d=mm&r=g\",\"caption\":\"desin-admin\"},\"sameAs\":[\"http:\/\/www.codigovidrio.com\/desinformacion\"],\"url\":\"https:\/\/www.codigovidrio.com\/desinformacion\/author\/desin-admin\/\"}]}<\/script>\n<!-- \/ Yoast SEO plugin. -->","yoast_head_json":{"title":"Ana y M\u00eda atrapan m\u00e1s v\u00edctimas con trastornos alimenticios en redes - Desinformacion","robots":{"index":"index","follow":"follow","max-snippet":"max-snippet:-1","max-image-preview":"max-image-preview:large","max-video-preview":"max-video-preview:-1"},"canonical":"https:\/\/www.codigovidrio.com\/desinformacion\/ana-y-mia-atrapan-mas-victimas-con-trastornos-alimenticios-en-redes\/","og_locale":"es_ES","og_type":"article","og_title":"Ana y M\u00eda atrapan m\u00e1s v\u00edctimas con trastornos alimenticios en redes - Desinformacion","og_description":"Est\u00e1n a pocos minutos de paciente b\u00fasqueda por Google o YouTube y son la puerta hacia un mundo peligroso, disfrazado de comunidad, de un grupo de amigos. Solo basta tener una cuenta de WhatsApp, Telegram o Amino. Inmediatamente cualquier persona puede ingresar a grupos con nombres como Ana y M\u00eda, Princesas Ana y M\u00eda, Proyecto [&hellip;]","og_url":"https:\/\/www.codigovidrio.com\/desinformacion\/ana-y-mia-atrapan-mas-victimas-con-trastornos-alimenticios-en-redes\/","og_site_name":"Desinformacion","article_published_time":"2022-02-20T14:37:41+00:00","article_modified_time":"2022-02-20T17:22:21+00:00","og_image":[{"width":1024,"height":449,"url":"https:\/\/www.codigovidrio.com\/desinformacion\/wp-content\/uploads\/2022\/02\/IMG-20220219-WA0033.jpg","type":"image\/jpeg"}],"author":"desin-admin","twitter_card":"summary_large_image","twitter_misc":{"Escrito por":"desin-admin","Tiempo estimado de lectura":"10 minutos"},"schema":{"@context":"https:\/\/schema.org","@graph":[{"@type":"WebPage","@id":"https:\/\/www.codigovidrio.com\/desinformacion\/ana-y-mia-atrapan-mas-victimas-con-trastornos-alimenticios-en-redes\/","url":"https:\/\/www.codigovidrio.com\/desinformacion\/ana-y-mia-atrapan-mas-victimas-con-trastornos-alimenticios-en-redes\/","name":"Ana y M\u00eda atrapan m\u00e1s v\u00edctimas con trastornos alimenticios en redes - Desinformacion","isPartOf":{"@id":"https:\/\/www.codigovidrio.com\/desinformacion\/#website"},"datePublished":"2022-02-20T14:37:41+00:00","dateModified":"2022-02-20T17:22:21+00:00","author":{"@id":"https:\/\/www.codigovidrio.com\/desinformacion\/#\/schema\/person\/78ed96f4cc0764a2db9b2320d0c606db"},"breadcrumb":{"@id":"https:\/\/www.codigovidrio.com\/desinformacion\/ana-y-mia-atrapan-mas-victimas-con-trastornos-alimenticios-en-redes\/#breadcrumb"},"inLanguage":"es-CO","potentialAction":[{"@type":"ReadAction","target":["https:\/\/www.codigovidrio.com\/desinformacion\/ana-y-mia-atrapan-mas-victimas-con-trastornos-alimenticios-en-redes\/"]}]},{"@type":"BreadcrumbList","@id":"https:\/\/www.codigovidrio.com\/desinformacion\/ana-y-mia-atrapan-mas-victimas-con-trastornos-alimenticios-en-redes\/#breadcrumb","itemListElement":[{"@type":"ListItem","position":1,"name":"Home","item":"http:\/\/www.codigovidrio.com\/desinformacion\/"},{"@type":"ListItem","position":2,"name":"Ana y M\u00eda atrapan m\u00e1s v\u00edctimas con trastornos alimenticios en redes"}]},{"@type":"WebSite","@id":"https:\/\/www.codigovidrio.com\/desinformacion\/#website","url":"https:\/\/www.codigovidrio.com\/desinformacion\/","name":"Desinformacion","description":"Un proyecto de Codigo Vidrio","potentialAction":[{"@type":"SearchAction","target":{"@type":"EntryPoint","urlTemplate":"https:\/\/www.codigovidrio.com\/desinformacion\/?s={search_term_string}"},"query-input":"required name=search_term_string"}],"inLanguage":"es-CO"},{"@type":"Person","@id":"https:\/\/www.codigovidrio.com\/desinformacion\/#\/schema\/person\/78ed96f4cc0764a2db9b2320d0c606db","name":"desin-admin","image":{"@type":"ImageObject","inLanguage":"es-CO","@id":"https:\/\/www.codigovidrio.com\/desinformacion\/#\/schema\/person\/image\/","url":"https:\/\/secure.gravatar.com\/avatar\/2204a4d2f1882f585466f89b9dc440a8?s=96&d=mm&r=g","contentUrl":"https:\/\/secure.gravatar.com\/avatar\/2204a4d2f1882f585466f89b9dc440a8?s=96&d=mm&r=g","caption":"desin-admin"},"sameAs":["http:\/\/www.codigovidrio.com\/desinformacion"],"url":"https:\/\/www.codigovidrio.com\/desinformacion\/author\/desin-admin\/"}]}},"_links":{"self":[{"href":"https:\/\/www.codigovidrio.com\/desinformacion\/wp-json\/wp\/v2\/posts\/834"}],"collection":[{"href":"https:\/\/www.codigovidrio.com\/desinformacion\/wp-json\/wp\/v2\/posts"}],"about":[{"href":"https:\/\/www.codigovidrio.com\/desinformacion\/wp-json\/wp\/v2\/types\/post"}],"author":[{"embeddable":true,"href":"https:\/\/www.codigovidrio.com\/desinformacion\/wp-json\/wp\/v2\/users\/1"}],"replies":[{"embeddable":true,"href":"https:\/\/www.codigovidrio.com\/desinformacion\/wp-json\/wp\/v2\/comments?post=834"}],"version-history":[{"count":5,"href":"https:\/\/www.codigovidrio.com\/desinformacion\/wp-json\/wp\/v2\/posts\/834\/revisions"}],"predecessor-version":[{"id":840,"href":"https:\/\/www.codigovidrio.com\/desinformacion\/wp-json\/wp\/v2\/posts\/834\/revisions\/840"}],"wp:featuredmedia":[{"embeddable":true,"href":"https:\/\/www.codigovidrio.com\/desinformacion\/wp-json\/wp\/v2\/media\/830"}],"wp:attachment":[{"href":"https:\/\/www.codigovidrio.com\/desinformacion\/wp-json\/wp\/v2\/media?parent=834"}],"wp:term":[{"taxonomy":"category","embeddable":true,"href":"https:\/\/www.codigovidrio.com\/desinformacion\/wp-json\/wp\/v2\/categories?post=834"},{"taxonomy":"post_tag","embeddable":true,"href":"https:\/\/www.codigovidrio.com\/desinformacion\/wp-json\/wp\/v2\/tags?post=834"}],"curies":[{"name":"wp","href":"https:\/\/api.w.org\/{rel}","templated":true}]}}