{"id":617,"date":"2020-11-22T01:35:03","date_gmt":"2020-11-22T06:35:03","guid":{"rendered":"http:\/\/www.codigovidrio.com\/desinformacion\/?p=617"},"modified":"2020-11-22T11:00:29","modified_gmt":"2020-11-22T16:00:29","slug":"fake-news-en-picos-de-muertes-por-covid-19","status":"publish","type":"post","link":"https:\/\/www.codigovidrio.com\/desinformacion\/fake-news-en-picos-de-muertes-por-covid-19\/","title":{"rendered":"Fake news en picos de muertes por Covid-19"},"content":{"rendered":"<blockquote><p><i>En el gr\u00e1fico principal, que encabeza esta nota, se pinta una l\u00ednea de tiempo compleja que muestra la curva de fake news verificadas, relacionada con la\u00a0escalada de casos positivos y fallecimientos diarios, ocurridos el 23 de marzo pasado, durante la etapa m\u00e1s tr\u00e1gica de la pandemia en Guayaquil.<\/i><\/p><\/blockquote>\n<p><em><strong>Por Krushenka Bayas (Perdebate), especial para C\u00f3digo Vidrio<\/strong><\/em><\/p>\n<p>La COVID-19 no solo caus\u00f3 la crisis sanitaria-econ\u00f3mica mundial m\u00e1s grande de nuestro tiempo, tambi\u00e9n desat\u00f3 una \u201cinfodemia masiva\u201d sin precedentes. Y Ecuador no estuvo ajeno a este fen\u00f3meno.<\/p>\n<p>Para medir las oleadas de desinformaci\u00f3n, hicimos un an\u00e1lisis basado en las verificaciones de noticias de Ecuador Chequea y \u00a0tambi\u00e9n aplicamos criterios cualitativos, como tipo de fuente o las emociones que produjeron las noticias falsas. Estos datos sirvieron para proyectar visualizaciones que permiten entender los v\u00ednculos entre las desinformaciones en un contexto espec\u00edico, en el pico de contagios y fallecimientos, especialmente en Guayaquil.<\/p>\n<p><iframe loading=\"lazy\" src=\"https:\/\/www.youtube.com\/embed\/33yFIF8OEb8\" width=\"560\" height=\"315\" frameborder=\"0\" allowfullscreen=\"allowfullscreen\"><\/iframe><\/p>\n<p>En el gr\u00e1fico principal, que encabeza esta nota, se pinta una l\u00ednea de tiempo compleja que muestra la curva de <em>fake news <\/em>verificadas, relacionada con la curva de casos positivos y fallecimientos diarios. Adem\u00e1s, para ayudar con el contexto, tambi\u00e9n se muestran los principales acontecimientos que marcaron el primer semestre de 2020.<\/p>\n<p>Esta visualizaci\u00f3n evidencia c\u00f3mo, el 23 de marzo \u2014l\u00ednea roja vertical\u2014 se produjo un pico de verificaciones. Ese d\u00eda se analizaron 15 noticias falsas y esto coincide con el inicio de la ola de contagios en el pa\u00eds que, para ese momento, se concentraba en Guayas y que dio como resultado un pico de muertes en los primeros d\u00edas de abril. Pocos d\u00edas antes de esta escalada ya se declar\u00f3 a Guayas como el epicentro de la pandemia y como zona especial de seguridad. En ese d\u00eda, la mayor cantidad de noticias falsas tuvo una fuente an\u00f3nima: 11 de ellas son consideradas enga\u00f1os; el contenido de 15 de ellas es sobre el virus, aunque 11 abordan la pandemia desde el \u00e1ngulo pol\u00edtico.<\/p>\n<p>&nbsp;<\/p>\n<h5 style=\"text-align: center;\"><strong>Mayor\u00eda de\u00a0Fake News provino de fuentes an\u00f3nimas<\/strong><\/h5>\n<p>&nbsp;<\/p>\n<p><strong><img loading=\"lazy\" class=\"size-medium wp-image-615 aligncenter\" src=\"http:\/\/www.codigovidrio.com\/desinformacion\/wp-content\/uploads\/2020\/11\/desinformacion-pico-covid-02-640x451.jpg\" alt=\"\" width=\"640\" height=\"451\" srcset=\"https:\/\/www.codigovidrio.com\/desinformacion\/wp-content\/uploads\/2020\/11\/desinformacion-pico-covid-02-640x451.jpg 640w, https:\/\/www.codigovidrio.com\/desinformacion\/wp-content\/uploads\/2020\/11\/desinformacion-pico-covid-02-1024x721.jpg 1024w, https:\/\/www.codigovidrio.com\/desinformacion\/wp-content\/uploads\/2020\/11\/desinformacion-pico-covid-02-320x225.jpg 320w, https:\/\/www.codigovidrio.com\/desinformacion\/wp-content\/uploads\/2020\/11\/desinformacion-pico-covid-02.jpg 1136w\" sizes=\"(max-width: 640px) 100vw, 640px\" \/><\/strong><\/p>\n<p><strong><img loading=\"lazy\" class=\"size-medium wp-image-613 aligncenter\" src=\"http:\/\/www.codigovidrio.com\/desinformacion\/wp-content\/uploads\/2020\/11\/desinformacion-pico-covid-05-640x610.jpg\" alt=\"\" width=\"640\" height=\"610\" srcset=\"https:\/\/www.codigovidrio.com\/desinformacion\/wp-content\/uploads\/2020\/11\/desinformacion-pico-covid-05-640x610.jpg 640w, https:\/\/www.codigovidrio.com\/desinformacion\/wp-content\/uploads\/2020\/11\/desinformacion-pico-covid-05-320x305.jpg 320w, https:\/\/www.codigovidrio.com\/desinformacion\/wp-content\/uploads\/2020\/11\/desinformacion-pico-covid-05.jpg 982w\" sizes=\"(max-width: 640px) 100vw, 640px\" \/><\/strong><\/p>\n<p>En este gr\u00e1fico se muestra el flujo de la desinformaci\u00f3n, la relaci\u00f3n entre emisores y afectados por F<em>ake News<\/em>. Los emisores se agruparon en cinco categor\u00edas y, de estas, la an\u00f3nima es la m\u00e1s numerosa.<\/p>\n<p>Sin embargo, hay que destacar que las noticias falsas se distribuyen casi proporcionalmente a todos los grupos que se ven afectados o protagonizan las noticias. El extremo derecho del diagrama solo muestra la lista de protagonistas desglosada para comprenderla de mejor manera. Esta visualizaci\u00f3n evidencia una vez m\u00e1s que las fuentes an\u00f3nimas son las m\u00e1s comunes y, dado el contenido pol\u00edtico de muchas desinformaciones, el m\u00e1s afectado es el Gobierno.<\/p>\n<p>La pol\u00edtica y la enfermedad son los temas que se presentan con m\u00e1s frecuencia en las noticias falsas analizadas. Dentro de los temas de la enfermedad, los que se refieren a casos son las m\u00e1s comunes: suman 40 de las 84 que conforman este grupo.<\/p>\n<p>Los casos se refieren a enga\u00f1os sobre el n\u00famero de enfermos o la presencia de la enfermedad en lugares que, para ese momento, no presentaban el virus a\u00fan. La segunda categor\u00eda dentro de los temas de enfermedad es la de tratamientos, que incluye noticias sobre supuestas sustancias, como la hidroxicloroquina, o procedimientos, como g\u00e1rgaras de agua con sal, que supuestamente ayudar\u00edan a controlar la enfermedad.<\/p>\n<p>En el campo pol\u00edtico, son los actores pol\u00edticos los que se llevan el mayor porcentaje, seguidos por noticias sobre medidas que adoptar\u00eda el gobierno; por ejemplo, supuestos toques de queda de 24 horas o limitaci\u00f3n de servicios b\u00e1sicos.<\/p>\n<p><img loading=\"lazy\" class=\"aligncenter wp-image-614 size-medium\" src=\"http:\/\/www.codigovidrio.com\/desinformacion\/wp-content\/uploads\/2020\/11\/desinformacion-pico-covid-01-640x596.jpg\" alt=\"\" width=\"640\" height=\"596\" srcset=\"https:\/\/www.codigovidrio.com\/desinformacion\/wp-content\/uploads\/2020\/11\/desinformacion-pico-covid-01-640x596.jpg 640w, https:\/\/www.codigovidrio.com\/desinformacion\/wp-content\/uploads\/2020\/11\/desinformacion-pico-covid-01-1024x954.jpg 1024w, https:\/\/www.codigovidrio.com\/desinformacion\/wp-content\/uploads\/2020\/11\/desinformacion-pico-covid-01-320x298.jpg 320w, https:\/\/www.codigovidrio.com\/desinformacion\/wp-content\/uploads\/2020\/11\/desinformacion-pico-covid-01.jpg 1254w\" sizes=\"(max-width: 640px) 100vw, 640px\" \/><\/p>\n","protected":false},"excerpt":{"rendered":"<p>En el gr\u00e1fico principal, que encabeza esta nota, se pinta una l\u00ednea de tiempo compleja que muestra la curva de fake news verificadas, relacionada con la\u00a0escalada de casos positivos y fallecimientos diarios, ocurridos el 23 de marzo pasado, durante la etapa m\u00e1s tr\u00e1gica de la pandemia en Guayaquil. Por Krushenka Bayas (Perdebate), especial para C\u00f3digo [&hellip;]<\/p>\n","protected":false},"author":1,"featured_media":616,"comment_status":"open","ping_status":"open","sticky":false,"template":"","format":"standard","meta":[],"categories":[2],"tags":[],"yoast_head":"<!-- This site is optimized with the Yoast SEO plugin v20.6 - https:\/\/yoast.com\/wordpress\/plugins\/seo\/ -->\n<title>Fake news en picos de muertes por Covid-19 - Desinformacion<\/title>\n<meta name=\"robots\" content=\"index, follow, max-snippet:-1, max-image-preview:large, max-video-preview:-1\" \/>\n<link rel=\"canonical\" href=\"http:\/\/www.codigovidrio.com\/desinformacion\/fake-news-en-picos-de-muertes-por-covid-19\/\" \/>\n<meta property=\"og:locale\" content=\"es_ES\" \/>\n<meta property=\"og:type\" content=\"article\" \/>\n<meta property=\"og:title\" content=\"Fake news en picos de muertes por Covid-19 - Desinformacion\" \/>\n<meta property=\"og:description\" content=\"En el gr\u00e1fico principal, que encabeza esta nota, se pinta una l\u00ednea de tiempo compleja que muestra la curva de fake news verificadas, relacionada con la\u00a0escalada de casos positivos y fallecimientos diarios, ocurridos el 23 de marzo pasado, durante la etapa m\u00e1s tr\u00e1gica de la pandemia en Guayaquil. Por Krushenka Bayas (Perdebate), especial para C\u00f3digo [&hellip;]\" \/>\n<meta property=\"og:url\" content=\"http:\/\/www.codigovidrio.com\/desinformacion\/fake-news-en-picos-de-muertes-por-covid-19\/\" \/>\n<meta property=\"og:site_name\" content=\"Desinformacion\" \/>\n<meta property=\"article:published_time\" content=\"2020-11-22T06:35:03+00:00\" \/>\n<meta property=\"article:modified_time\" content=\"2020-11-22T16:00:29+00:00\" \/>\n<meta property=\"og:image\" content=\"http:\/\/www.codigovidrio.com\/desinformacion\/wp-content\/uploads\/2020\/11\/desinformacion-pico-covid-03.jpg\" \/>\n\t<meta property=\"og:image:width\" content=\"1280\" \/>\n\t<meta property=\"og:image:height\" content=\"562\" \/>\n\t<meta property=\"og:image:type\" content=\"image\/jpeg\" \/>\n<meta name=\"author\" content=\"desin-admin\" \/>\n<meta name=\"twitter:card\" content=\"summary_large_image\" \/>\n<meta name=\"twitter:label1\" content=\"Escrito por\" \/>\n\t<meta name=\"twitter:data1\" content=\"desin-admin\" \/>\n\t<meta name=\"twitter:label2\" content=\"Tiempo estimado de lectura\" \/>\n\t<meta name=\"twitter:data2\" content=\"3 minutos\" \/>\n<script type=\"application\/ld+json\" class=\"yoast-schema-graph\">{\"@context\":\"https:\/\/schema.org\",\"@graph\":[{\"@type\":\"WebPage\",\"@id\":\"http:\/\/www.codigovidrio.com\/desinformacion\/fake-news-en-picos-de-muertes-por-covid-19\/\",\"url\":\"http:\/\/www.codigovidrio.com\/desinformacion\/fake-news-en-picos-de-muertes-por-covid-19\/\",\"name\":\"Fake news en picos de muertes por Covid-19 - Desinformacion\",\"isPartOf\":{\"@id\":\"https:\/\/www.codigovidrio.com\/desinformacion\/#website\"},\"datePublished\":\"2020-11-22T06:35:03+00:00\",\"dateModified\":\"2020-11-22T16:00:29+00:00\",\"author\":{\"@id\":\"https:\/\/www.codigovidrio.com\/desinformacion\/#\/schema\/person\/78ed96f4cc0764a2db9b2320d0c606db\"},\"breadcrumb\":{\"@id\":\"http:\/\/www.codigovidrio.com\/desinformacion\/fake-news-en-picos-de-muertes-por-covid-19\/#breadcrumb\"},\"inLanguage\":\"es-CO\",\"potentialAction\":[{\"@type\":\"ReadAction\",\"target\":[\"http:\/\/www.codigovidrio.com\/desinformacion\/fake-news-en-picos-de-muertes-por-covid-19\/\"]}]},{\"@type\":\"BreadcrumbList\",\"@id\":\"http:\/\/www.codigovidrio.com\/desinformacion\/fake-news-en-picos-de-muertes-por-covid-19\/#breadcrumb\",\"itemListElement\":[{\"@type\":\"ListItem\",\"position\":1,\"name\":\"Home\",\"item\":\"http:\/\/www.codigovidrio.com\/desinformacion\/\"},{\"@type\":\"ListItem\",\"position\":2,\"name\":\"Fake news en picos de muertes por Covid-19\"}]},{\"@type\":\"WebSite\",\"@id\":\"https:\/\/www.codigovidrio.com\/desinformacion\/#website\",\"url\":\"https:\/\/www.codigovidrio.com\/desinformacion\/\",\"name\":\"Desinformacion\",\"description\":\"Un proyecto de Codigo Vidrio\",\"potentialAction\":[{\"@type\":\"SearchAction\",\"target\":{\"@type\":\"EntryPoint\",\"urlTemplate\":\"https:\/\/www.codigovidrio.com\/desinformacion\/?s={search_term_string}\"},\"query-input\":\"required name=search_term_string\"}],\"inLanguage\":\"es-CO\"},{\"@type\":\"Person\",\"@id\":\"https:\/\/www.codigovidrio.com\/desinformacion\/#\/schema\/person\/78ed96f4cc0764a2db9b2320d0c606db\",\"name\":\"desin-admin\",\"image\":{\"@type\":\"ImageObject\",\"inLanguage\":\"es-CO\",\"@id\":\"https:\/\/www.codigovidrio.com\/desinformacion\/#\/schema\/person\/image\/\",\"url\":\"https:\/\/secure.gravatar.com\/avatar\/2204a4d2f1882f585466f89b9dc440a8?s=96&d=mm&r=g\",\"contentUrl\":\"https:\/\/secure.gravatar.com\/avatar\/2204a4d2f1882f585466f89b9dc440a8?s=96&d=mm&r=g\",\"caption\":\"desin-admin\"},\"sameAs\":[\"http:\/\/www.codigovidrio.com\/desinformacion\"],\"url\":\"https:\/\/www.codigovidrio.com\/desinformacion\/author\/desin-admin\/\"}]}<\/script>\n<!-- \/ Yoast SEO plugin. -->","yoast_head_json":{"title":"Fake news en picos de muertes por Covid-19 - Desinformacion","robots":{"index":"index","follow":"follow","max-snippet":"max-snippet:-1","max-image-preview":"max-image-preview:large","max-video-preview":"max-video-preview:-1"},"canonical":"http:\/\/www.codigovidrio.com\/desinformacion\/fake-news-en-picos-de-muertes-por-covid-19\/","og_locale":"es_ES","og_type":"article","og_title":"Fake news en picos de muertes por Covid-19 - Desinformacion","og_description":"En el gr\u00e1fico principal, que encabeza esta nota, se pinta una l\u00ednea de tiempo compleja que muestra la curva de fake news verificadas, relacionada con la\u00a0escalada de casos positivos y fallecimientos diarios, ocurridos el 23 de marzo pasado, durante la etapa m\u00e1s tr\u00e1gica de la pandemia en Guayaquil. Por Krushenka Bayas (Perdebate), especial para C\u00f3digo [&hellip;]","og_url":"http:\/\/www.codigovidrio.com\/desinformacion\/fake-news-en-picos-de-muertes-por-covid-19\/","og_site_name":"Desinformacion","article_published_time":"2020-11-22T06:35:03+00:00","article_modified_time":"2020-11-22T16:00:29+00:00","og_image":[{"width":1280,"height":562,"url":"http:\/\/www.codigovidrio.com\/desinformacion\/wp-content\/uploads\/2020\/11\/desinformacion-pico-covid-03.jpg","type":"image\/jpeg"}],"author":"desin-admin","twitter_card":"summary_large_image","twitter_misc":{"Escrito por":"desin-admin","Tiempo estimado de lectura":"3 minutos"},"schema":{"@context":"https:\/\/schema.org","@graph":[{"@type":"WebPage","@id":"http:\/\/www.codigovidrio.com\/desinformacion\/fake-news-en-picos-de-muertes-por-covid-19\/","url":"http:\/\/www.codigovidrio.com\/desinformacion\/fake-news-en-picos-de-muertes-por-covid-19\/","name":"Fake news en picos de muertes por Covid-19 - Desinformacion","isPartOf":{"@id":"https:\/\/www.codigovidrio.com\/desinformacion\/#website"},"datePublished":"2020-11-22T06:35:03+00:00","dateModified":"2020-11-22T16:00:29+00:00","author":{"@id":"https:\/\/www.codigovidrio.com\/desinformacion\/#\/schema\/person\/78ed96f4cc0764a2db9b2320d0c606db"},"breadcrumb":{"@id":"http:\/\/www.codigovidrio.com\/desinformacion\/fake-news-en-picos-de-muertes-por-covid-19\/#breadcrumb"},"inLanguage":"es-CO","potentialAction":[{"@type":"ReadAction","target":["http:\/\/www.codigovidrio.com\/desinformacion\/fake-news-en-picos-de-muertes-por-covid-19\/"]}]},{"@type":"BreadcrumbList","@id":"http:\/\/www.codigovidrio.com\/desinformacion\/fake-news-en-picos-de-muertes-por-covid-19\/#breadcrumb","itemListElement":[{"@type":"ListItem","position":1,"name":"Home","item":"http:\/\/www.codigovidrio.com\/desinformacion\/"},{"@type":"ListItem","position":2,"name":"Fake news en picos de muertes por Covid-19"}]},{"@type":"WebSite","@id":"https:\/\/www.codigovidrio.com\/desinformacion\/#website","url":"https:\/\/www.codigovidrio.com\/desinformacion\/","name":"Desinformacion","description":"Un proyecto de Codigo Vidrio","potentialAction":[{"@type":"SearchAction","target":{"@type":"EntryPoint","urlTemplate":"https:\/\/www.codigovidrio.com\/desinformacion\/?s={search_term_string}"},"query-input":"required name=search_term_string"}],"inLanguage":"es-CO"},{"@type":"Person","@id":"https:\/\/www.codigovidrio.com\/desinformacion\/#\/schema\/person\/78ed96f4cc0764a2db9b2320d0c606db","name":"desin-admin","image":{"@type":"ImageObject","inLanguage":"es-CO","@id":"https:\/\/www.codigovidrio.com\/desinformacion\/#\/schema\/person\/image\/","url":"https:\/\/secure.gravatar.com\/avatar\/2204a4d2f1882f585466f89b9dc440a8?s=96&d=mm&r=g","contentUrl":"https:\/\/secure.gravatar.com\/avatar\/2204a4d2f1882f585466f89b9dc440a8?s=96&d=mm&r=g","caption":"desin-admin"},"sameAs":["http:\/\/www.codigovidrio.com\/desinformacion"],"url":"https:\/\/www.codigovidrio.com\/desinformacion\/author\/desin-admin\/"}]}},"_links":{"self":[{"href":"https:\/\/www.codigovidrio.com\/desinformacion\/wp-json\/wp\/v2\/posts\/617"}],"collection":[{"href":"https:\/\/www.codigovidrio.com\/desinformacion\/wp-json\/wp\/v2\/posts"}],"about":[{"href":"https:\/\/www.codigovidrio.com\/desinformacion\/wp-json\/wp\/v2\/types\/post"}],"author":[{"embeddable":true,"href":"https:\/\/www.codigovidrio.com\/desinformacion\/wp-json\/wp\/v2\/users\/1"}],"replies":[{"embeddable":true,"href":"https:\/\/www.codigovidrio.com\/desinformacion\/wp-json\/wp\/v2\/comments?post=617"}],"version-history":[{"count":5,"href":"https:\/\/www.codigovidrio.com\/desinformacion\/wp-json\/wp\/v2\/posts\/617\/revisions"}],"predecessor-version":[{"id":623,"href":"https:\/\/www.codigovidrio.com\/desinformacion\/wp-json\/wp\/v2\/posts\/617\/revisions\/623"}],"wp:featuredmedia":[{"embeddable":true,"href":"https:\/\/www.codigovidrio.com\/desinformacion\/wp-json\/wp\/v2\/media\/616"}],"wp:attachment":[{"href":"https:\/\/www.codigovidrio.com\/desinformacion\/wp-json\/wp\/v2\/media?parent=617"}],"wp:term":[{"taxonomy":"category","embeddable":true,"href":"https:\/\/www.codigovidrio.com\/desinformacion\/wp-json\/wp\/v2\/categories?post=617"},{"taxonomy":"post_tag","embeddable":true,"href":"https:\/\/www.codigovidrio.com\/desinformacion\/wp-json\/wp\/v2\/tags?post=617"}],"curies":[{"name":"wp","href":"https:\/\/api.w.org\/{rel}","templated":true}]}}