{"id":9635,"date":"2024-07-30T01:00:49","date_gmt":"2024-07-30T06:00:49","guid":{"rendered":"https:\/\/www.codigovidrio.com\/code\/?p=9635"},"modified":"2024-07-30T07:53:22","modified_gmt":"2024-07-30T12:53:22","slug":"narcofiesta-alfiles-de-los-choneros-y-aguilas-excarcelados-por-jueza-carvajal-tienen-un-amplio-historial-delictivo","status":"publish","type":"post","link":"https:\/\/www.codigovidrio.com\/code\/narcofiesta-alfiles-de-los-choneros-y-aguilas-excarcelados-por-jueza-carvajal-tienen-un-amplio-historial-delictivo\/","title":{"rendered":"Narcofiesta: Alfiles de Los Choneros y \u00c1guilas, excarcelados por jueza Carvajal, tienen un amplio historial delictivo"},"content":{"rendered":"<p><strong>El Consejo de la Judicatura solicit\u00f3 informaci\u00f3n para investigar este caso y el pol\u00e9mico fallo de la jueza Fabiola del Roc\u00edo Vega Carvajal. Dos presuntos l\u00edderes de \u201cLos Choneros\u201d y \u201cLos \u00c1guilas\u201d (primeros desde la izquierda en la foto), detenidos en mayo pasado, durante una narcofiesta-concierto, en la que tronaban los fusiles y las pistolas, fueron liberados por Vega.<\/strong><\/p>\n<p>Alianza Vistazo &#8211; C\u00f3digo Vidrio<\/p>\n<p>Estuvieron menos de diez semanas privados de la libertad. El 25 de julio, la jueza Fabiola Vega dispuso que dos altos cuadros de grupos narcoterroristas se acogieran a medidas alternativas a la prisi\u00f3n preventiva. En lugar de permanecer en la Penitenciar\u00eda, deber\u00e1n presentarse los d\u00edas lunes, mi\u00e9rcoles y viernes ante el fiscal.<\/p>\n<p>La decisi\u00f3n gener\u00f3 desconcierto y molestia entre las filas policiales: Celso Moreira y Federico G\u00f3mez ser\u00edan l\u00edderes de \u201cLos Choneros\u201d y \u201cLas \u00c0guilas\u201d, seg\u00fan informes de Inteligencia. Pero adem\u00e1s tienen un amplio historial delictivo, que aqu\u00ed revelamos.<\/p>\n<p>Celso Moreira (\u2018Patucho\u2019) ser\u00eda un cuadro de alta jerarqu\u00eda en \u201cLos Choneros\u201d. Ha enfrentado procesos penales por supuesto tr\u00e1fico de estupefacientes; y, tr\u00e1fico il\u00edcito de armas de fuego. Seg\u00fan los registros judiciales, fue detenido en octubre de 2008 por tenencia y posesi\u00f3n de sustancias; en 2014 y en 2018 por asociaci\u00f3n il\u00edcita.<\/p>\n<p>El 10 de mayo de este a\u00f1o, fue detenido en el curso de una megaoperaci\u00f3n policial, que involucr\u00f3 a varias agencias de \u00e9lite, mientras ofrec\u00eda una fiesta-concierto en la que celebraba su cumplea\u00f1os. El festejo se realizaba en una finca en el kil\u00f3metro 36,5 de la v\u00eda a la Costa. Moreira estaba en posesi\u00f3n de un arma de fuego cuando llegaron los uniformados, por lo que fue detenido por un posible delito de tr\u00e1fico de armas.<\/p>\n<p>En cambio, Federico G\u00f3mez (\u201cFeder\u201d), l\u00edder de \u201cLos \u00c1guilas\u201d, ha enfrentado causas penales por robo calificado, transporte ilegal de armas, asesinato, asociaci\u00f3n il\u00edcita, robo y tr\u00e1fico de armas de fuego.<\/p>\n<p>Ha estado detenido en siete ocasiones:<\/p>\n<p>-En 2009 por asesinato<\/p>\n<p>-En 2011 por tenencia de armas no autorizadas.<\/p>\n<p>-En 2013, en dos ocasiones, por robo calificado y asociaci\u00f3n il\u00edcita.<\/p>\n<p>-En 2015 por robo.<\/p>\n<p>-En 2022 por tenencia de armas.<\/p>\n<p>Seg\u00fan registros judiciales, \u201cFeder\u201d recibi\u00f3 cinco beneficios penitenciarios. En enero de 2020 se acogi\u00f3 al beneficio el r\u00e9gimen semiabierto. En 2021 recibi\u00f3 el primero de cuatro h\u00e1beas corpus sucesivos. Los jueces han cedido a todos sus pedidos.<\/p>\n<h3 style=\"text-align: center;\"><strong>As\u00ed se desat\u00f3 la narcofiesta<\/strong><\/h3>\n<p>La fiesta-concierto hab\u00eda reunido en una misma finca Celso Moreira, alto cuadro de \u201cLos Choneros\u201d y a Federico G\u00f3mez, l\u00edder de \u201cLos \u00c1guilas\u201d. Ocurri\u00f3 a inicios de mayo. Moreira celebraba su cumplea\u00f1os por todo lo alto: luces, pantallas gigantes y artistas reconocidos que interpretaron vallenatos, m\u00fasica regional, ritmos urbanos y salsa.<\/p>\n<figure id=\"attachment_9639\" aria-describedby=\"caption-attachment-9639\" style=\"width: 1149px\" class=\"wp-caption alignleft\"><img fetchpriority=\"high\" decoding=\"async\" class=\"wp-image-9639 size-full\" src=\"https:\/\/www.codigovidrio.com\/code\/wp-content\/uploads\/2024\/07\/a14289fa-6cfb-41bb-80cd-cf3df92937e4-2.jpg\" alt=\"\" width=\"1159\" height=\"527\" srcset=\"https:\/\/www.codigovidrio.com\/code\/wp-content\/uploads\/2024\/07\/a14289fa-6cfb-41bb-80cd-cf3df92937e4-2.jpg 1159w, https:\/\/www.codigovidrio.com\/code\/wp-content\/uploads\/2024\/07\/a14289fa-6cfb-41bb-80cd-cf3df92937e4-2-300x136.jpg 300w, https:\/\/www.codigovidrio.com\/code\/wp-content\/uploads\/2024\/07\/a14289fa-6cfb-41bb-80cd-cf3df92937e4-2-1024x466.jpg 1024w, https:\/\/www.codigovidrio.com\/code\/wp-content\/uploads\/2024\/07\/a14289fa-6cfb-41bb-80cd-cf3df92937e4-2-768x349.jpg 768w\" sizes=\"(max-width: 1159px) 100vw, 1159px\" \/><figcaption id=\"caption-attachment-9639\" class=\"wp-caption-text\"><strong>Arsenal incautado de armas, fusiles, municiones, alimentadoras y dinero en efectivo, en la narcofiesta. Foto de archivo<\/strong><\/figcaption><\/figure>\n<p>Era un invisible. Informes de inteligencia revelan que su habilidad fue mantener un perfil muy bajo para pasar por debajo del radar. Pero la magnitud de la celebraci\u00f3n, con casi 300 invitados, algunos de los cuales portaban desde fusiles hasta armas de grueso calibre, no pas\u00f3 inadvertida para los uniformados. Equipos \u00e9lite de la polic\u00eda llegaron cuando la rumba a\u00fan estaba en pleno apogeo. Muchos asistentes salieron despavoridos, otros lanzaron las armas al suelo. Un grupo de 33 personas con antecedentes penales fue retenido en primera instancia para las investigaciones iniciales. El delegado de Fiscal\u00eda dispuso que 14 fueran liberados, entre ellos, el dj, los proveedores de ceviches, bocaditos, el representante de los artistas-imitadores, un empresario de electrodom\u00e9sticos\u2026<\/p>\n<p>Entre los 14 que permanecieron bajo r\u00e9gimen de prisi\u00f3n preventiva se encontraban Moreira y G\u00f3mez. Ellos fueron trasladados a la Penitenciar\u00eda.<\/p>\n<p>Las diligencias judiciales que debieron realizarse se dilataron por amenazas de bomba. Investigadores advirtieron que todo era parte de una estrategia para burlar a la justicia.<\/p>\n<p>El \u00faltimo jueves de julio, los dos recibieron medidas alternativas, esto es, la obligaci\u00f3n de presentarse tres veces por semana ante la autoridad de fiscal\u00eda y la prohibici\u00f3n de salida del pa\u00eds.<\/p>\n<h3 style=\"text-align: center;\"><strong>El Consejo de la Judicatura reacciona<\/strong><\/h3>\n<p>Esta redacci\u00f3n consult\u00f3 con fuentes del Consejo de la Judicatura, ante la conmoci\u00f3n causada por la noticia de la excarcelaci\u00f3n.<\/p>\n<p>El caso tendr\u00eda dos escenarios posibles. \u201cSi se trata de asuntos jurisdiccionales se requiere que alguien denuncie y con la denuncia se corra traslado a una corte provincial para que tramite la declaratoria jurisdiccional previa. En este caso, solo deciden los jueces superiores\u201d.<\/p>\n<p>No obstante, estas fuentes revelaron que Judicatura ya pidi\u00f3 informaci\u00f3n sobre este expediente, para analizar si la jueza incurri\u00f3 en una falta en la que el Consejo puede actuar de oficio.<\/p>\n<p>Desde hace cuatro meses, el CJ intensific\u00f3 un proceso de depuraci\u00f3n en el sistema de administraci\u00f3n de justicia. En este contexto, 53 funcionarios judiciales fueron destituidos, con corte a junio de 2024. De este grupo, 25 son jueces. Ese cuerpo colegiado tiene sobre la mesa la propuesta de evaluar a casi 1.900 juzgadores, desde jueces de primer nivel hasta miembros de cortes provinciales, con el par\u00e1metro de probidad, a partir de pruebas de confianza.<\/p>\n","protected":false},"excerpt":{"rendered":"<p>El Consejo de la Judicatura solicit\u00f3 informaci\u00f3n para investigar este caso y el pol\u00e9mico fallo de la jueza Fabiola del Roc\u00edo Vega Carvajal. Dos presuntos l\u00edderes de \u201cLos Choneros\u201d y \u201cLos \u00c1guilas\u201d (primeros desde la izquierda en la foto), detenidos en mayo pasado, durante una narcofiesta-concierto, en la que tronaban los fusiles y las pistolas, &#8230; <a title=\"Narcofiesta: Alfiles de Los Choneros y \u00c1guilas, excarcelados por jueza Carvajal, tienen un amplio historial delictivo\" class=\"read-more\" href=\"https:\/\/www.codigovidrio.com\/code\/narcofiesta-alfiles-de-los-choneros-y-aguilas-excarcelados-por-jueza-carvajal-tienen-un-amplio-historial-delictivo\/\">leer m\u00e1s&#8230;<\/a><\/p>\n","protected":false},"author":2,"featured_media":9637,"comment_status":"open","ping_status":"closed","sticky":false,"template":"","format":"standard","meta":{"generate_page_header":"","footnotes":""},"categories":[211],"tags":[],"yoast_head":"<!-- This site is optimized with the Yoast SEO plugin v23.5 - https:\/\/yoast.com\/wordpress\/plugins\/seo\/ -->\n<title>Narcofiesta: Alfiles de Los Choneros y \u00c1guilas, excarcelados por jueza Carvajal, tienen un amplio historial delictivo - C\u00f3digo Vidrio<\/title>\n<meta name=\"robots\" content=\"index, follow, max-snippet:-1, max-image-preview:large, max-video-preview:-1\" \/>\n<link rel=\"canonical\" href=\"https:\/\/www.codigovidrio.com\/code\/narcofiesta-alfiles-de-los-choneros-y-aguilas-excarcelados-por-jueza-carvajal-tienen-un-amplio-historial-delictivo\/\" \/>\n<meta property=\"og:locale\" content=\"es_ES\" \/>\n<meta property=\"og:type\" content=\"article\" \/>\n<meta property=\"og:title\" content=\"Narcofiesta: Alfiles de Los Choneros y \u00c1guilas, excarcelados por jueza Carvajal, tienen un amplio historial delictivo - C\u00f3digo Vidrio\" \/>\n<meta property=\"og:description\" content=\"El Consejo de la Judicatura solicit\u00f3 informaci\u00f3n para investigar este caso y el pol\u00e9mico fallo de la jueza Fabiola del Roc\u00edo Vega Carvajal. Dos presuntos l\u00edderes de \u201cLos Choneros\u201d y \u201cLos \u00c1guilas\u201d (primeros desde la izquierda en la foto), detenidos en mayo pasado, durante una narcofiesta-concierto, en la que tronaban los fusiles y las pistolas, ... leer m\u00e1s...\" \/>\n<meta property=\"og:url\" content=\"https:\/\/www.codigovidrio.com\/code\/narcofiesta-alfiles-de-los-choneros-y-aguilas-excarcelados-por-jueza-carvajal-tienen-un-amplio-historial-delictivo\/\" \/>\n<meta property=\"og:site_name\" content=\"C\u00f3digo Vidrio\" \/>\n<meta property=\"article:published_time\" content=\"2024-07-30T06:00:49+00:00\" \/>\n<meta property=\"article:modified_time\" content=\"2024-07-30T12:53:22+00:00\" \/>\n<meta property=\"og:image\" content=\"https:\/\/www.codigovidrio.com\/code\/wp-content\/uploads\/2024\/07\/B4593876-97B4-4AE7-B4B8-7427C52B94C7-2.jpg\" \/>\n\t<meta property=\"og:image:width\" content=\"960\" \/>\n\t<meta property=\"og:image:height\" content=\"545\" \/>\n\t<meta property=\"og:image:type\" content=\"image\/jpeg\" \/>\n<meta name=\"author\" content=\"Codigo Vidrio Admin\" \/>\n<meta name=\"twitter:card\" content=\"summary_large_image\" \/>\n<meta name=\"twitter:label1\" content=\"Escrito por\" \/>\n\t<meta name=\"twitter:data1\" content=\"Codigo Vidrio Admin\" \/>\n\t<meta name=\"twitter:label2\" content=\"Tiempo de lectura\" \/>\n\t<meta name=\"twitter:data2\" content=\"4 minutos\" \/>\n<script type=\"application\/ld+json\" class=\"yoast-schema-graph\">{\"@context\":\"https:\/\/schema.org\",\"@graph\":[{\"@type\":\"Article\",\"@id\":\"https:\/\/www.codigovidrio.com\/code\/narcofiesta-alfiles-de-los-choneros-y-aguilas-excarcelados-por-jueza-carvajal-tienen-un-amplio-historial-delictivo\/#article\",\"isPartOf\":{\"@id\":\"https:\/\/www.codigovidrio.com\/code\/narcofiesta-alfiles-de-los-choneros-y-aguilas-excarcelados-por-jueza-carvajal-tienen-un-amplio-historial-delictivo\/\"},\"author\":{\"name\":\"Codigo Vidrio Admin\",\"@id\":\"https:\/\/www.codigovidrio.com\/code\/#\/schema\/person\/974bc7a5b889699d012b2343dc68fc6e\"},\"headline\":\"Narcofiesta: Alfiles de Los Choneros y \u00c1guilas, excarcelados por jueza Carvajal, tienen un amplio historial delictivo\",\"datePublished\":\"2024-07-30T06:00:49+00:00\",\"dateModified\":\"2024-07-30T12:53:22+00:00\",\"mainEntityOfPage\":{\"@id\":\"https:\/\/www.codigovidrio.com\/code\/narcofiesta-alfiles-de-los-choneros-y-aguilas-excarcelados-por-jueza-carvajal-tienen-un-amplio-historial-delictivo\/\"},\"wordCount\":902,\"commentCount\":0,\"publisher\":{\"@id\":\"https:\/\/www.codigovidrio.com\/code\/#organization\"},\"image\":{\"@id\":\"https:\/\/www.codigovidrio.com\/code\/narcofiesta-alfiles-de-los-choneros-y-aguilas-excarcelados-por-jueza-carvajal-tienen-un-amplio-historial-delictivo\/#primaryimage\"},\"thumbnailUrl\":\"https:\/\/www.codigovidrio.com\/code\/wp-content\/uploads\/2024\/07\/B4593876-97B4-4AE7-B4B8-7427C52B94C7-2.jpg\",\"articleSection\":[\"Especiales\"],\"inLanguage\":\"es\",\"potentialAction\":[{\"@type\":\"CommentAction\",\"name\":\"Comment\",\"target\":[\"https:\/\/www.codigovidrio.com\/code\/narcofiesta-alfiles-de-los-choneros-y-aguilas-excarcelados-por-jueza-carvajal-tienen-un-amplio-historial-delictivo\/#respond\"]}]},{\"@type\":\"WebPage\",\"@id\":\"https:\/\/www.codigovidrio.com\/code\/narcofiesta-alfiles-de-los-choneros-y-aguilas-excarcelados-por-jueza-carvajal-tienen-un-amplio-historial-delictivo\/\",\"url\":\"https:\/\/www.codigovidrio.com\/code\/narcofiesta-alfiles-de-los-choneros-y-aguilas-excarcelados-por-jueza-carvajal-tienen-un-amplio-historial-delictivo\/\",\"name\":\"Narcofiesta: Alfiles de Los Choneros y \u00c1guilas, excarcelados por jueza Carvajal, tienen un amplio historial delictivo - C\u00f3digo Vidrio\",\"isPartOf\":{\"@id\":\"https:\/\/www.codigovidrio.com\/code\/#website\"},\"primaryImageOfPage\":{\"@id\":\"https:\/\/www.codigovidrio.com\/code\/narcofiesta-alfiles-de-los-choneros-y-aguilas-excarcelados-por-jueza-carvajal-tienen-un-amplio-historial-delictivo\/#primaryimage\"},\"image\":{\"@id\":\"https:\/\/www.codigovidrio.com\/code\/narcofiesta-alfiles-de-los-choneros-y-aguilas-excarcelados-por-jueza-carvajal-tienen-un-amplio-historial-delictivo\/#primaryimage\"},\"thumbnailUrl\":\"https:\/\/www.codigovidrio.com\/code\/wp-content\/uploads\/2024\/07\/B4593876-97B4-4AE7-B4B8-7427C52B94C7-2.jpg\",\"datePublished\":\"2024-07-30T06:00:49+00:00\",\"dateModified\":\"2024-07-30T12:53:22+00:00\",\"breadcrumb\":{\"@id\":\"https:\/\/www.codigovidrio.com\/code\/narcofiesta-alfiles-de-los-choneros-y-aguilas-excarcelados-por-jueza-carvajal-tienen-un-amplio-historial-delictivo\/#breadcrumb\"},\"inLanguage\":\"es\",\"potentialAction\":[{\"@type\":\"ReadAction\",\"target\":[\"https:\/\/www.codigovidrio.com\/code\/narcofiesta-alfiles-de-los-choneros-y-aguilas-excarcelados-por-jueza-carvajal-tienen-un-amplio-historial-delictivo\/\"]}]},{\"@type\":\"ImageObject\",\"inLanguage\":\"es\",\"@id\":\"https:\/\/www.codigovidrio.com\/code\/narcofiesta-alfiles-de-los-choneros-y-aguilas-excarcelados-por-jueza-carvajal-tienen-un-amplio-historial-delictivo\/#primaryimage\",\"url\":\"https:\/\/www.codigovidrio.com\/code\/wp-content\/uploads\/2024\/07\/B4593876-97B4-4AE7-B4B8-7427C52B94C7-2.jpg\",\"contentUrl\":\"https:\/\/www.codigovidrio.com\/code\/wp-content\/uploads\/2024\/07\/B4593876-97B4-4AE7-B4B8-7427C52B94C7-2.jpg\",\"width\":960,\"height\":545},{\"@type\":\"BreadcrumbList\",\"@id\":\"https:\/\/www.codigovidrio.com\/code\/narcofiesta-alfiles-de-los-choneros-y-aguilas-excarcelados-por-jueza-carvajal-tienen-un-amplio-historial-delictivo\/#breadcrumb\",\"itemListElement\":[{\"@type\":\"ListItem\",\"position\":1,\"name\":\"Portada\",\"item\":\"https:\/\/www.codigovidrio.com\/code\/\"},{\"@type\":\"ListItem\",\"position\":2,\"name\":\"Narcofiesta: Alfiles de Los Choneros y \u00c1guilas, excarcelados por jueza Carvajal, tienen un amplio historial delictivo\"}]},{\"@type\":\"WebSite\",\"@id\":\"https:\/\/www.codigovidrio.com\/code\/#website\",\"url\":\"https:\/\/www.codigovidrio.com\/code\/\",\"name\":\"C\u00f3digo Vidrio\",\"description\":\"Transparentamos las historias ocultas\",\"publisher\":{\"@id\":\"https:\/\/www.codigovidrio.com\/code\/#organization\"},\"potentialAction\":[{\"@type\":\"SearchAction\",\"target\":{\"@type\":\"EntryPoint\",\"urlTemplate\":\"https:\/\/www.codigovidrio.com\/code\/?s={search_term_string}\"},\"query-input\":{\"@type\":\"PropertyValueSpecification\",\"valueRequired\":true,\"valueName\":\"search_term_string\"}}],\"inLanguage\":\"es\"},{\"@type\":\"Organization\",\"@id\":\"https:\/\/www.codigovidrio.com\/code\/#organization\",\"name\":\"C\u00f3digo Vidrio\",\"url\":\"https:\/\/www.codigovidrio.com\/code\/\",\"logo\":{\"@type\":\"ImageObject\",\"inLanguage\":\"es\",\"@id\":\"https:\/\/www.codigovidrio.com\/code\/#\/schema\/logo\/image\/\",\"url\":\"https:\/\/www.codigovidrio.com\/code\/wp-content\/uploads\/2022\/01\/logo-horiz-08.png\",\"contentUrl\":\"https:\/\/www.codigovidrio.com\/code\/wp-content\/uploads\/2022\/01\/logo-horiz-08.png\",\"width\":817,\"height\":294,\"caption\":\"C\u00f3digo Vidrio\"},\"image\":{\"@id\":\"https:\/\/www.codigovidrio.com\/code\/#\/schema\/logo\/image\/\"}},{\"@type\":\"Person\",\"@id\":\"https:\/\/www.codigovidrio.com\/code\/#\/schema\/person\/974bc7a5b889699d012b2343dc68fc6e\",\"name\":\"Codigo Vidrio Admin\",\"url\":\"https:\/\/www.codigovidrio.com\/code\/author\/vidrio-admin\/\"}]}<\/script>\n<!-- \/ Yoast SEO plugin. -->","yoast_head_json":{"title":"Narcofiesta: Alfiles de Los Choneros y \u00c1guilas, excarcelados por jueza Carvajal, tienen un amplio historial delictivo - C\u00f3digo Vidrio","robots":{"index":"index","follow":"follow","max-snippet":"max-snippet:-1","max-image-preview":"max-image-preview:large","max-video-preview":"max-video-preview:-1"},"canonical":"https:\/\/www.codigovidrio.com\/code\/narcofiesta-alfiles-de-los-choneros-y-aguilas-excarcelados-por-jueza-carvajal-tienen-un-amplio-historial-delictivo\/","og_locale":"es_ES","og_type":"article","og_title":"Narcofiesta: Alfiles de Los Choneros y \u00c1guilas, excarcelados por jueza Carvajal, tienen un amplio historial delictivo - C\u00f3digo Vidrio","og_description":"El Consejo de la Judicatura solicit\u00f3 informaci\u00f3n para investigar este caso y el pol\u00e9mico fallo de la jueza Fabiola del Roc\u00edo Vega Carvajal. Dos presuntos l\u00edderes de \u201cLos Choneros\u201d y \u201cLos \u00c1guilas\u201d (primeros desde la izquierda en la foto), detenidos en mayo pasado, durante una narcofiesta-concierto, en la que tronaban los fusiles y las pistolas, ... leer m\u00e1s...","og_url":"https:\/\/www.codigovidrio.com\/code\/narcofiesta-alfiles-de-los-choneros-y-aguilas-excarcelados-por-jueza-carvajal-tienen-un-amplio-historial-delictivo\/","og_site_name":"C\u00f3digo Vidrio","article_published_time":"2024-07-30T06:00:49+00:00","article_modified_time":"2024-07-30T12:53:22+00:00","og_image":[{"width":960,"height":545,"url":"https:\/\/www.codigovidrio.com\/code\/wp-content\/uploads\/2024\/07\/B4593876-97B4-4AE7-B4B8-7427C52B94C7-2.jpg","type":"image\/jpeg"}],"author":"Codigo Vidrio Admin","twitter_card":"summary_large_image","twitter_misc":{"Escrito por":"Codigo Vidrio Admin","Tiempo de lectura":"4 minutos"},"schema":{"@context":"https:\/\/schema.org","@graph":[{"@type":"Article","@id":"https:\/\/www.codigovidrio.com\/code\/narcofiesta-alfiles-de-los-choneros-y-aguilas-excarcelados-por-jueza-carvajal-tienen-un-amplio-historial-delictivo\/#article","isPartOf":{"@id":"https:\/\/www.codigovidrio.com\/code\/narcofiesta-alfiles-de-los-choneros-y-aguilas-excarcelados-por-jueza-carvajal-tienen-un-amplio-historial-delictivo\/"},"author":{"name":"Codigo Vidrio Admin","@id":"https:\/\/www.codigovidrio.com\/code\/#\/schema\/person\/974bc7a5b889699d012b2343dc68fc6e"},"headline":"Narcofiesta: Alfiles de Los Choneros y \u00c1guilas, excarcelados por jueza Carvajal, tienen un amplio historial delictivo","datePublished":"2024-07-30T06:00:49+00:00","dateModified":"2024-07-30T12:53:22+00:00","mainEntityOfPage":{"@id":"https:\/\/www.codigovidrio.com\/code\/narcofiesta-alfiles-de-los-choneros-y-aguilas-excarcelados-por-jueza-carvajal-tienen-un-amplio-historial-delictivo\/"},"wordCount":902,"commentCount":0,"publisher":{"@id":"https:\/\/www.codigovidrio.com\/code\/#organization"},"image":{"@id":"https:\/\/www.codigovidrio.com\/code\/narcofiesta-alfiles-de-los-choneros-y-aguilas-excarcelados-por-jueza-carvajal-tienen-un-amplio-historial-delictivo\/#primaryimage"},"thumbnailUrl":"https:\/\/www.codigovidrio.com\/code\/wp-content\/uploads\/2024\/07\/B4593876-97B4-4AE7-B4B8-7427C52B94C7-2.jpg","articleSection":["Especiales"],"inLanguage":"es","potentialAction":[{"@type":"CommentAction","name":"Comment","target":["https:\/\/www.codigovidrio.com\/code\/narcofiesta-alfiles-de-los-choneros-y-aguilas-excarcelados-por-jueza-carvajal-tienen-un-amplio-historial-delictivo\/#respond"]}]},{"@type":"WebPage","@id":"https:\/\/www.codigovidrio.com\/code\/narcofiesta-alfiles-de-los-choneros-y-aguilas-excarcelados-por-jueza-carvajal-tienen-un-amplio-historial-delictivo\/","url":"https:\/\/www.codigovidrio.com\/code\/narcofiesta-alfiles-de-los-choneros-y-aguilas-excarcelados-por-jueza-carvajal-tienen-un-amplio-historial-delictivo\/","name":"Narcofiesta: Alfiles de Los Choneros y \u00c1guilas, excarcelados por jueza Carvajal, tienen un amplio historial delictivo - C\u00f3digo Vidrio","isPartOf":{"@id":"https:\/\/www.codigovidrio.com\/code\/#website"},"primaryImageOfPage":{"@id":"https:\/\/www.codigovidrio.com\/code\/narcofiesta-alfiles-de-los-choneros-y-aguilas-excarcelados-por-jueza-carvajal-tienen-un-amplio-historial-delictivo\/#primaryimage"},"image":{"@id":"https:\/\/www.codigovidrio.com\/code\/narcofiesta-alfiles-de-los-choneros-y-aguilas-excarcelados-por-jueza-carvajal-tienen-un-amplio-historial-delictivo\/#primaryimage"},"thumbnailUrl":"https:\/\/www.codigovidrio.com\/code\/wp-content\/uploads\/2024\/07\/B4593876-97B4-4AE7-B4B8-7427C52B94C7-2.jpg","datePublished":"2024-07-30T06:00:49+00:00","dateModified":"2024-07-30T12:53:22+00:00","breadcrumb":{"@id":"https:\/\/www.codigovidrio.com\/code\/narcofiesta-alfiles-de-los-choneros-y-aguilas-excarcelados-por-jueza-carvajal-tienen-un-amplio-historial-delictivo\/#breadcrumb"},"inLanguage":"es","potentialAction":[{"@type":"ReadAction","target":["https:\/\/www.codigovidrio.com\/code\/narcofiesta-alfiles-de-los-choneros-y-aguilas-excarcelados-por-jueza-carvajal-tienen-un-amplio-historial-delictivo\/"]}]},{"@type":"ImageObject","inLanguage":"es","@id":"https:\/\/www.codigovidrio.com\/code\/narcofiesta-alfiles-de-los-choneros-y-aguilas-excarcelados-por-jueza-carvajal-tienen-un-amplio-historial-delictivo\/#primaryimage","url":"https:\/\/www.codigovidrio.com\/code\/wp-content\/uploads\/2024\/07\/B4593876-97B4-4AE7-B4B8-7427C52B94C7-2.jpg","contentUrl":"https:\/\/www.codigovidrio.com\/code\/wp-content\/uploads\/2024\/07\/B4593876-97B4-4AE7-B4B8-7427C52B94C7-2.jpg","width":960,"height":545},{"@type":"BreadcrumbList","@id":"https:\/\/www.codigovidrio.com\/code\/narcofiesta-alfiles-de-los-choneros-y-aguilas-excarcelados-por-jueza-carvajal-tienen-un-amplio-historial-delictivo\/#breadcrumb","itemListElement":[{"@type":"ListItem","position":1,"name":"Portada","item":"https:\/\/www.codigovidrio.com\/code\/"},{"@type":"ListItem","position":2,"name":"Narcofiesta: Alfiles de Los Choneros y \u00c1guilas, excarcelados por jueza Carvajal, tienen un amplio historial delictivo"}]},{"@type":"WebSite","@id":"https:\/\/www.codigovidrio.com\/code\/#website","url":"https:\/\/www.codigovidrio.com\/code\/","name":"C\u00f3digo Vidrio","description":"Transparentamos las historias ocultas","publisher":{"@id":"https:\/\/www.codigovidrio.com\/code\/#organization"},"potentialAction":[{"@type":"SearchAction","target":{"@type":"EntryPoint","urlTemplate":"https:\/\/www.codigovidrio.com\/code\/?s={search_term_string}"},"query-input":{"@type":"PropertyValueSpecification","valueRequired":true,"valueName":"search_term_string"}}],"inLanguage":"es"},{"@type":"Organization","@id":"https:\/\/www.codigovidrio.com\/code\/#organization","name":"C\u00f3digo Vidrio","url":"https:\/\/www.codigovidrio.com\/code\/","logo":{"@type":"ImageObject","inLanguage":"es","@id":"https:\/\/www.codigovidrio.com\/code\/#\/schema\/logo\/image\/","url":"https:\/\/www.codigovidrio.com\/code\/wp-content\/uploads\/2022\/01\/logo-horiz-08.png","contentUrl":"https:\/\/www.codigovidrio.com\/code\/wp-content\/uploads\/2022\/01\/logo-horiz-08.png","width":817,"height":294,"caption":"C\u00f3digo Vidrio"},"image":{"@id":"https:\/\/www.codigovidrio.com\/code\/#\/schema\/logo\/image\/"}},{"@type":"Person","@id":"https:\/\/www.codigovidrio.com\/code\/#\/schema\/person\/974bc7a5b889699d012b2343dc68fc6e","name":"Codigo Vidrio Admin","url":"https:\/\/www.codigovidrio.com\/code\/author\/vidrio-admin\/"}]}},"_links":{"self":[{"href":"https:\/\/www.codigovidrio.com\/code\/wp-json\/wp\/v2\/posts\/9635"}],"collection":[{"href":"https:\/\/www.codigovidrio.com\/code\/wp-json\/wp\/v2\/posts"}],"about":[{"href":"https:\/\/www.codigovidrio.com\/code\/wp-json\/wp\/v2\/types\/post"}],"author":[{"embeddable":true,"href":"https:\/\/www.codigovidrio.com\/code\/wp-json\/wp\/v2\/users\/2"}],"replies":[{"embeddable":true,"href":"https:\/\/www.codigovidrio.com\/code\/wp-json\/wp\/v2\/comments?post=9635"}],"version-history":[{"count":7,"href":"https:\/\/www.codigovidrio.com\/code\/wp-json\/wp\/v2\/posts\/9635\/revisions"}],"predecessor-version":[{"id":9644,"href":"https:\/\/www.codigovidrio.com\/code\/wp-json\/wp\/v2\/posts\/9635\/revisions\/9644"}],"wp:featuredmedia":[{"embeddable":true,"href":"https:\/\/www.codigovidrio.com\/code\/wp-json\/wp\/v2\/media\/9637"}],"wp:attachment":[{"href":"https:\/\/www.codigovidrio.com\/code\/wp-json\/wp\/v2\/media?parent=9635"}],"wp:term":[{"taxonomy":"category","embeddable":true,"href":"https:\/\/www.codigovidrio.com\/code\/wp-json\/wp\/v2\/categories?post=9635"},{"taxonomy":"post_tag","embeddable":true,"href":"https:\/\/www.codigovidrio.com\/code\/wp-json\/wp\/v2\/tags?post=9635"}],"curies":[{"name":"wp","href":"https:\/\/api.w.org\/{rel}","templated":true}]}}