{"id":9415,"date":"2024-06-21T07:37:48","date_gmt":"2024-06-21T12:37:48","guid":{"rendered":"https:\/\/www.codigovidrio.com\/code\/?p=9415"},"modified":"2024-06-21T09:48:31","modified_gmt":"2024-06-21T14:48:31","slug":"denuncia-sobre-mal-uso-de-helicoptero-ruso-accidentado-en-pastaza-en-la-lupa-de-la-contraloria","status":"publish","type":"post","link":"https:\/\/www.codigovidrio.com\/code\/denuncia-sobre-mal-uso-de-helicoptero-ruso-accidentado-en-pastaza-en-la-lupa-de-la-contraloria\/","title":{"rendered":"Denuncia sobre mal uso de helic\u00f3ptero ruso, accidentado en Pastaza, en la lupa de la Contralor\u00eda"},"content":{"rendered":"<p><strong>El presunto uso indebido de dos\u00a0aeronaves del Ej\u00e9rcito en enero pasado es analizado por la Contralor\u00eda, que\u00a0recibi\u00f3 una denuncia formal a inicios de este mes. Ese documento se\u00f1ala como supuesto responsable al comandante del Ej\u00e9rcito Fernando Adatty. En la Fuerza Terrestre no hubo un\u00a0pronunciamiento sobre este caso, que\u00a0tambi\u00e9n es conocido por el Comando Conjunto y la Presidencia. \u00a0 \u00a0<\/strong><\/p>\n<p><strong>Redacci\u00f3n C\u00f3digo Vidrio<\/strong><\/p>\n<p>La Contralor\u00eda analiza la denuncia de un presunto uso indebido de dos aeronaves del Ej\u00e9rcito. Una de ellas es el <strong>helic\u00f3ptero MI-171<\/strong>, que se accident\u00f3 en abril pasado en Pastaza, causando la muerte de sus ocho ocupantes.<\/p>\n<p>A inicios de este mes, la abogada Lorena Ter\u00e1n present\u00f3 la denuncia por supuesto peculado en la <strong>Contralor\u00eda<\/strong>, dirigida al titular de la instituci\u00f3n, <strong>Mauricio Torres.<\/strong><\/p>\n<p>Fuentes de ese organismo confirmaron que recibieron el documento, que est\u00e1 bajo revisi\u00f3n para valorar si amerita o no iniciar un examen especial.<\/p>\n<p>Entre 2017 y 2024, la entidad de control ha realizado cuatro auditor\u00edas a la contrataci\u00f3n, mantenimiento y adquisici\u00f3n de repuestos de los helic\u00f3pteros multiprop\u00f3sito MI. En todos los procesos contractuales, realizados por la Brigada de Aviaci\u00f3n del Ej\u00e9rcito Nro 15 Paquisha y por el Ministerio de Defensa (en una ocasi\u00f3n), la Contralor\u00eda detect\u00f3 irregularidades, incumplimientos contractuales, p\u00e9rdidas onerosas para el Estado, direccionamientos, entre otras anomal\u00edas.<\/p>\n<p>Seg\u00fan la denuncia m\u00e1s reciente, entre el 24 y el 26 de enero de este a\u00f1o, el <strong>comandante del Ej\u00e9rcito, Fernando Adatty<\/strong>, habr\u00eda hecho un uso discrecional del helic\u00f3ptero ruso MI-171 y del avi\u00f3n M28. Eso habr\u00eda violentado el <strong>Plan de Sostenimiento de Operaciones A\u00e9reas C\u00f3ndor XXIV,<\/strong> al transportar en esos aparatos a dos civiles: su hijo y uno de sus amigos.<\/p>\n<p>Durante esos tres d\u00edas, el general Adatty se desplaz\u00f3 en el avi\u00f3n PZL M28, matr\u00edcula AEE-208, y en el helic\u00f3ptero, matr\u00edcula AEE-485. Tres meses m\u00e1s tarde, el helic\u00f3ptero se precipit\u00f3 a tierra cuando era piloteado por el teniente Jaime Cordones Ortega.<\/p>\n<p>Esa nave siniestrada en Pastaza en abril era parte de la flota de siete helic\u00f3pteros rusos MI, adquiridos en 1998 por el Ej\u00e9rcito para transporte de tropas y equipos. Cinco de esos aparatos (480-481-482-484 y 486) no estaban operativos por falta de repuestos y mantenimiento. Por eso, el Gobierno quiso entregarlos a Estados Unidos, como chatarra, a cambio de 200 millones de d\u00f3lares, para triangularlos a Ucrania. Esa negociaci\u00f3n, sin embargo, fue torpedeada por Rusia que como retaliaci\u00f3n restringi\u00f3 las exportaciones de banano desde Ecuador, lo cual oblig\u00f3 a que el Gobierno suspendiera el acuerdo con Washington.<\/p>\n<p>El MI-171, que acompa\u00f1\u00f3 a la comitiva encabezada por el general Adatty, era parte de ese lote adquirido el 98. Sin embargo, no iba a ser entregado a EE.UU. porque era el \u00fanico que funcionaba: oper\u00f3 hasta el d\u00eda del accidente.<\/p>\n<p>Seg\u00fan la denuncia, el Comandante se traslad\u00f3 por v\u00eda a\u00e9rea a Morona Santiago acompa\u00f1ado por cuatro oficiales, as\u00ed como de su hijo Fernando Adatty y su amigo, Leonardo Vel\u00e1squez. \u201cNo existe ninguna justificaci\u00f3n para que el general Adatty haya llevado, como si se tratara de un paseo familiar, a su hijo y su mejor amigo en un recorrido oficial, eso implica un uso indebido de bienes del Estado con fines particulares\u201d, dijo Ter\u00e1n, al ser consultada por este medio.<\/p>\n<figure id=\"attachment_9417\" aria-describedby=\"caption-attachment-9417\" style=\"width: 507px\" class=\"wp-caption alignright\"><img fetchpriority=\"high\" decoding=\"async\" class=\"wp-image-9417\" src=\"https:\/\/www.codigovidrio.com\/code\/wp-content\/uploads\/2024\/06\/ff9a4870-6663-4651-8e50-f7a5e2854519.jpg\" alt=\"\" width=\"517\" height=\"465\" srcset=\"https:\/\/www.codigovidrio.com\/code\/wp-content\/uploads\/2024\/06\/ff9a4870-6663-4651-8e50-f7a5e2854519.jpg 542w, https:\/\/www.codigovidrio.com\/code\/wp-content\/uploads\/2024\/06\/ff9a4870-6663-4651-8e50-f7a5e2854519-300x270.jpg 300w\" sizes=\"(max-width: 517px) 100vw, 517px\" \/><figcaption id=\"caption-attachment-9417\" class=\"wp-caption-text\"><strong>En la ceremonia en Patuca, por la conmemoraci\u00f3n del triunfo de la guerra del Cenepa, el 26 de enero pasado, estuvieron presentes altos oficiales y\u00a0exmilitares que combatieron en el 95. Tambi\u00e9n asistieron el hijo del general Adatty y uno de sus amigos. Foto cortes\u00eda <\/strong><\/figcaption><\/figure>\n<p>En el Manifiesto de Pasajeros del vuelo revisado por C\u00f3digo Vidrio constan los nombres del alto oficial y cuatro militares m\u00e1s, as\u00ed como los de su hijo y el amigo de \u00e9ste. Ese reporte fue presentado junto a la denuncia como evidencia de que los dos civiles habr\u00edan sido transportados en naves militares, sin ninguna autorizaci\u00f3n expresa, al margen de los reglamentos vigentes. Tambi\u00e9n se adjunt\u00f3 un video en el cual se observa el momento de su llegada a la pista de la Brigada de Patuca.<\/p>\n<h3><strong>Regulaci\u00f3n para el transporte de civiles \u00a0\u00a0\u00a0<\/strong><\/h3>\n<p>Los vuelos de aeronaves militares del Ej\u00e9rcito est\u00e1n regulados en el Plan de Sostenimiento de las Operaciones A\u00e9reas C\u00f3ndor XXIV, vigente desde este a\u00f1o. En ese documento revisado por este medio se detallan las normas de seguridad para el cumplimiento de las Operaciones A\u00e9reas establecidas por el Comando de Operaciones Terrestres del Ej\u00e9rcito.<\/p>\n<p>Entre las disposiciones obligatorias que se deben cumplir se destaca el art\u00edculo 5, que indica: <strong><em>\u201cEs prohibido transportar pasajeros civiles cuando se efect\u00faen vuelos de instrucci\u00f3n, operaciones militares o especiales; \u00fanicamente se autoriza personal civil en los vuelos log\u00edsticos o cuando son parte de pedidos espec\u00edficos de entidades gubernamentales, tramitados y autorizados a nivel del Ministerio de Defensa y el Comando Conjunto de las FF.AA.\u201d.<\/em><\/strong><\/p>\n<p>En las tres \u00d3rdenes de Vuelo autorizadas por la Aviaci\u00f3n del Ej\u00e9rcito para los desplazamientos de las dos aeronaves, entre el 24 y el 26 de enero, se indica que el objetivo oficial de dos de los viajes era <strong>\u201cTransporte de Personal\u201d<\/strong> y, en otro de los vuelos, <strong>\u201cTransporte de Personal y Abastecimiento\u201d<\/strong>. Fuentes del Ej\u00e9rcito dijeron que el comandante viaj\u00f3 a la zona para asistir a los actos conmemorativos por el conflicto del Cenepa y que su hijo y amigo eran parte de sus invitados, para la ceremonia en Patuca.<\/p>\n<figure id=\"attachment_9418\" aria-describedby=\"caption-attachment-9418\" style=\"width: 468px\" class=\"wp-caption alignright\"><img decoding=\"async\" class=\"wp-image-9418\" src=\"https:\/\/www.codigovidrio.com\/code\/wp-content\/uploads\/2024\/06\/Instructivo-de-vuelo-2.jpg\" alt=\"\" width=\"478\" height=\"219\" srcset=\"https:\/\/www.codigovidrio.com\/code\/wp-content\/uploads\/2024\/06\/Instructivo-de-vuelo-2.jpg 1988w, https:\/\/www.codigovidrio.com\/code\/wp-content\/uploads\/2024\/06\/Instructivo-de-vuelo-2-300x138.jpg 300w, https:\/\/www.codigovidrio.com\/code\/wp-content\/uploads\/2024\/06\/Instructivo-de-vuelo-2-1024x470.jpg 1024w, https:\/\/www.codigovidrio.com\/code\/wp-content\/uploads\/2024\/06\/Instructivo-de-vuelo-2-768x352.jpg 768w, https:\/\/www.codigovidrio.com\/code\/wp-content\/uploads\/2024\/06\/Instructivo-de-vuelo-2-1536x705.jpg 1536w\" sizes=\"(max-width: 478px) 100vw, 478px\" \/><figcaption id=\"caption-attachment-9418\" class=\"wp-caption-text\"><strong>El Plan de Operaciones A\u00e9reas regula el empleo de aeronaves de la Fuerza Terrestre.<\/strong><\/figcaption><\/figure>\n<p>Ante el pedido de C\u00f3digo Vidrio, en la Direcci\u00f3n de Comunicaci\u00f3n del Ej\u00e9rcito respondieron que el general no se pronunciar\u00eda sobre la denuncia. Tampoco hubo una respuesta sobre un pronunciamiento oficial del Comando Conjunto de las FF.AA., que tambi\u00e9n recibi\u00f3 la denuncia, al igual que la Presidencia de la Rep\u00fablica.<\/p>\n<p>En los pr\u00f3ximos d\u00edas, Adatty ser\u00e1 calificado, junto con los generales de su promoci\u00f3n Pablo Velasco, Juan L\u00f3pez, Alexander Levoyer y Franklin Pico, para ascender al grado de general de Divisi\u00f3n.<\/p>\n<p>Este medio accedi\u00f3 a las tres \u00d3rdenes de Vuelo que dieron luz verde para los desplazamientos de las dos naves.<\/p>\n<p>-En el documento del 24 de enero se especifica la ruta Balbina (Sangolqu\u00ed)-territorio nacional-Balbina, entre las 07:30 y las 17:30. \u00a0Y la misi\u00f3n: Transporte de personal y abastecimiento.<\/p>\n<p>-En el del 25 de enero, la ruta Shell-Macas-Patuca-Shell, entre las 11-30 y 13-30. Misi\u00f3n: transporte de personal.<\/p>\n<p>-Y el 26 de enero, la ruta: Patuca-Gualaquiza, entre las 14:00 y 14:30. Misi\u00f3n: transporte de personal y abastecimiento.<\/p>\n<p>En ese periplo, ambas naves realizaron entre 10 y 12 horas de vuelo, cada una. El costo de operaci\u00f3n por cada hora de vuelo del helic\u00f3ptero es de 6.326 d\u00f3lares y del avi\u00f3n 3.656.<\/p>\n<figure id=\"attachment_9419\" aria-describedby=\"caption-attachment-9419\" style=\"width: 339px\" class=\"wp-caption alignleft\"><img decoding=\"async\" class=\"wp-image-9419\" src=\"https:\/\/www.codigovidrio.com\/code\/wp-content\/uploads\/2024\/06\/IMG_9289.jpg\" alt=\"\" width=\"349\" height=\"561\" srcset=\"https:\/\/www.codigovidrio.com\/code\/wp-content\/uploads\/2024\/06\/IMG_9289.jpg 843w, https:\/\/www.codigovidrio.com\/code\/wp-content\/uploads\/2024\/06\/IMG_9289-187x300.jpg 187w, https:\/\/www.codigovidrio.com\/code\/wp-content\/uploads\/2024\/06\/IMG_9289-637x1024.jpg 637w, https:\/\/www.codigovidrio.com\/code\/wp-content\/uploads\/2024\/06\/IMG_9289-768x1235.jpg 768w\" sizes=\"(max-width: 349px) 100vw, 349px\" \/><figcaption id=\"caption-attachment-9419\" class=\"wp-caption-text\"><strong>En el listado de pasajeros de la Brigada A\u00e9rea del Ej\u00e9rcito constan los nombres de cinco militares y dos civiles que volaban en el avi\u00f3n M28. <\/strong><\/figcaption><\/figure>\n<h3><strong>Piloto y copiloto sancionados <\/strong><\/h3>\n<p>Durante su periplo en Morona, la comitiva encabezada por el jefe del Ej\u00e9rcito viaj\u00f3 en el avi\u00f3n M28. Estaba acompa\u00f1ado por sus asistentes, el teniente coronel Augusto Torres, el mayor Gabriel Cevallos y dos clases. De acuerdo con los protocolos de viaje, en el desplazamiento tambi\u00e9n participaba el helic\u00f3ptero MI-171.<\/p>\n<p>El 25 de enero, el avi\u00f3n no pudo despegar desde Macas. El aeropuerto se hab\u00eda cerrado, debido a un percance de otra aeronave, que qued\u00f3 varada en medio de la pista.<\/p>\n<p>Cerca de las 16:30, Adatty decidi\u00f3 que la comitiva continuara con el viaje a Patuca, seg\u00fan lo previsto, en el helic\u00f3ptero ruso. Por su gran tama\u00f1o, esta nave usualmente era empleada para transporte de tropa, vituallas y equipos.<\/p>\n<p>Ese momento, el helic\u00f3ptero ya estaba encendido, con dos de sus motores funcionando y sus tripulantes en el interior, siguiendo los manuales de vuelo. Al mando de la nave estaba el mayor Juan Pablo Narv\u00e1ez y como su copiloto el teniente Jaime Cordones; \u00e9l falleci\u00f3 meses despu\u00e9s en el accidente en Pastaza.<\/p>\n<p>El helic\u00f3ptero despeg\u00f3 con rumbo hacia Patuca, donde aterriz\u00f3 cerca de las cinco de la tarde.<\/p>\n<p>Cuando la comitiva desembarcaba, el teniente coronel Marcelo Torres habr\u00eda pedido al coronel Narv\u00e1ez y al teniente Cordones, que le entregaran en un papel sus nombres y grados por escrito. Eso en vista de que el jefe del Ej\u00e9rcito hab\u00eda dispuesto que los sancionaran por no haberle saludado, ni rendido honores, antes de subir al aparato, en Macas.<\/p>\n<figure id=\"attachment_9422\" aria-describedby=\"caption-attachment-9422\" style=\"width: 1270px\" class=\"wp-caption alignleft\"><img loading=\"lazy\" decoding=\"async\" class=\"wp-image-9422 size-full\" src=\"https:\/\/www.codigovidrio.com\/code\/wp-content\/uploads\/2024\/06\/WhatsApp-Image-2024-06-20-at-10.06.35.jpeg\" alt=\"\" width=\"1280\" height=\"720\" srcset=\"https:\/\/www.codigovidrio.com\/code\/wp-content\/uploads\/2024\/06\/WhatsApp-Image-2024-06-20-at-10.06.35.jpeg 1280w, https:\/\/www.codigovidrio.com\/code\/wp-content\/uploads\/2024\/06\/WhatsApp-Image-2024-06-20-at-10.06.35-300x169.jpeg 300w, https:\/\/www.codigovidrio.com\/code\/wp-content\/uploads\/2024\/06\/WhatsApp-Image-2024-06-20-at-10.06.35-1024x576.jpeg 1024w, https:\/\/www.codigovidrio.com\/code\/wp-content\/uploads\/2024\/06\/WhatsApp-Image-2024-06-20-at-10.06.35-768x432.jpeg 768w\" sizes=\"(max-width: 1280px) 100vw, 1280px\" \/><figcaption id=\"caption-attachment-9422\" class=\"wp-caption-text\"><strong>El destino principal de la comitiva encabezada por el general Fernando Adatty fue Patuca, para la conmemoraci\u00f3n de la gesta del Cenepa. Foto cortes\u00eda <\/strong><\/figcaption><\/figure>\n<p>&nbsp;<\/p>\n<p>En contra de los dos oficiales se iniciaron procesos disciplinarios, en los cuales los defiende la abogada Ter\u00e1n. La defensa present\u00f3 descargos que evidenciaron que los tripulantes no pod\u00edan abandonar el helic\u00f3ptero, una vez que se hab\u00eda iniciado el proceso de encendido. El 1 de abril, el proceso fue archivado en contra del teniente Cordones, quien falleci\u00f3 d\u00edas despu\u00e9s. El mayor Narv\u00e1ez fue sancionado con un d\u00eda de arresto, lo cual fue impugnado. Las semanas siguientes se declar\u00f3 la nulidad parcial del proceso, que hoy es tramitado por el coronel Diego Catt\u00e1n Barreiro, comandante del Grupo A\u00e9reo 45, pese a que los plazos establecidos para resolver estos procedimientos administrativos ya terminaron.<\/p>\n<p>El accidente ocurrido en abril dej\u00f3 a la flota de helic\u00f3pteros de fabricaci\u00f3n rusa inoperativa. El helic\u00f3ptero 483 se accident\u00f3 hace m\u00e1s de una d\u00e9cada. En 2010, la Fuerza Terrestre compr\u00f3 dos helic\u00f3pteros MI (487 y 488), que no funcionan, por falta de mantenimiento (overhaul) y repuestos.<\/p>\n","protected":false},"excerpt":{"rendered":"<p>El presunto uso indebido de dos\u00a0aeronaves del Ej\u00e9rcito en enero pasado es analizado por la Contralor\u00eda, que\u00a0recibi\u00f3 una denuncia formal a inicios de este mes. Ese documento se\u00f1ala como supuesto responsable al comandante del Ej\u00e9rcito Fernando Adatty. En la Fuerza Terrestre no hubo un\u00a0pronunciamiento sobre este caso, que\u00a0tambi\u00e9n es conocido por el Comando Conjunto y &#8230; <a title=\"Denuncia sobre mal uso de helic\u00f3ptero ruso, accidentado en Pastaza, en la lupa de la Contralor\u00eda\" class=\"read-more\" href=\"https:\/\/www.codigovidrio.com\/code\/denuncia-sobre-mal-uso-de-helicoptero-ruso-accidentado-en-pastaza-en-la-lupa-de-la-contraloria\/\">leer m\u00e1s&#8230;<\/a><\/p>\n","protected":false},"author":2,"featured_media":9416,"comment_status":"open","ping_status":"closed","sticky":false,"template":"","format":"standard","meta":{"generate_page_header":"","footnotes":""},"categories":[211],"tags":[],"yoast_head":"<!-- This site is optimized with the Yoast SEO plugin v23.5 - https:\/\/yoast.com\/wordpress\/plugins\/seo\/ -->\n<title>Denuncia sobre mal uso de helic\u00f3ptero ruso, accidentado en Pastaza, en la lupa de la Contralor\u00eda - C\u00f3digo Vidrio<\/title>\n<meta name=\"robots\" content=\"index, follow, max-snippet:-1, max-image-preview:large, max-video-preview:-1\" \/>\n<link rel=\"canonical\" href=\"https:\/\/www.codigovidrio.com\/code\/denuncia-sobre-mal-uso-de-helicoptero-ruso-accidentado-en-pastaza-en-la-lupa-de-la-contraloria\/\" \/>\n<meta property=\"og:locale\" content=\"es_ES\" \/>\n<meta property=\"og:type\" content=\"article\" \/>\n<meta property=\"og:title\" content=\"Denuncia sobre mal uso de helic\u00f3ptero ruso, accidentado en Pastaza, en la lupa de la Contralor\u00eda - C\u00f3digo Vidrio\" \/>\n<meta property=\"og:description\" content=\"El presunto uso indebido de dos\u00a0aeronaves del Ej\u00e9rcito en enero pasado es analizado por la Contralor\u00eda, que\u00a0recibi\u00f3 una denuncia formal a inicios de este mes. Ese documento se\u00f1ala como supuesto responsable al comandante del Ej\u00e9rcito Fernando Adatty. En la Fuerza Terrestre no hubo un\u00a0pronunciamiento sobre este caso, que\u00a0tambi\u00e9n es conocido por el Comando Conjunto y ... leer m\u00e1s...\" \/>\n<meta property=\"og:url\" content=\"https:\/\/www.codigovidrio.com\/code\/denuncia-sobre-mal-uso-de-helicoptero-ruso-accidentado-en-pastaza-en-la-lupa-de-la-contraloria\/\" \/>\n<meta property=\"og:site_name\" content=\"C\u00f3digo Vidrio\" \/>\n<meta property=\"article:published_time\" content=\"2024-06-21T12:37:48+00:00\" \/>\n<meta property=\"article:modified_time\" content=\"2024-06-21T14:48:31+00:00\" \/>\n<meta property=\"og:image\" content=\"https:\/\/www.codigovidrio.com\/code\/wp-content\/uploads\/2024\/06\/IMG_9288.jpg\" \/>\n\t<meta property=\"og:image:width\" content=\"960\" \/>\n\t<meta property=\"og:image:height\" content=\"507\" \/>\n\t<meta property=\"og:image:type\" content=\"image\/jpeg\" \/>\n<meta name=\"author\" content=\"Codigo Vidrio Admin\" \/>\n<meta name=\"twitter:card\" content=\"summary_large_image\" \/>\n<meta name=\"twitter:label1\" content=\"Escrito por\" \/>\n\t<meta name=\"twitter:data1\" content=\"Codigo Vidrio Admin\" \/>\n\t<meta name=\"twitter:label2\" content=\"Tiempo de lectura\" \/>\n\t<meta name=\"twitter:data2\" content=\"9 minutos\" \/>\n<script type=\"application\/ld+json\" class=\"yoast-schema-graph\">{\"@context\":\"https:\/\/schema.org\",\"@graph\":[{\"@type\":\"Article\",\"@id\":\"https:\/\/www.codigovidrio.com\/code\/denuncia-sobre-mal-uso-de-helicoptero-ruso-accidentado-en-pastaza-en-la-lupa-de-la-contraloria\/#article\",\"isPartOf\":{\"@id\":\"https:\/\/www.codigovidrio.com\/code\/denuncia-sobre-mal-uso-de-helicoptero-ruso-accidentado-en-pastaza-en-la-lupa-de-la-contraloria\/\"},\"author\":{\"name\":\"Codigo Vidrio Admin\",\"@id\":\"https:\/\/www.codigovidrio.com\/code\/#\/schema\/person\/974bc7a5b889699d012b2343dc68fc6e\"},\"headline\":\"Denuncia sobre mal uso de helic\u00f3ptero ruso, accidentado en Pastaza, en la lupa de la Contralor\u00eda\",\"datePublished\":\"2024-06-21T12:37:48+00:00\",\"dateModified\":\"2024-06-21T14:48:31+00:00\",\"mainEntityOfPage\":{\"@id\":\"https:\/\/www.codigovidrio.com\/code\/denuncia-sobre-mal-uso-de-helicoptero-ruso-accidentado-en-pastaza-en-la-lupa-de-la-contraloria\/\"},\"wordCount\":1710,\"commentCount\":2,\"publisher\":{\"@id\":\"https:\/\/www.codigovidrio.com\/code\/#organization\"},\"image\":{\"@id\":\"https:\/\/www.codigovidrio.com\/code\/denuncia-sobre-mal-uso-de-helicoptero-ruso-accidentado-en-pastaza-en-la-lupa-de-la-contraloria\/#primaryimage\"},\"thumbnailUrl\":\"https:\/\/www.codigovidrio.com\/code\/wp-content\/uploads\/2024\/06\/IMG_9288.jpg\",\"articleSection\":[\"Especiales\"],\"inLanguage\":\"es\",\"potentialAction\":[{\"@type\":\"CommentAction\",\"name\":\"Comment\",\"target\":[\"https:\/\/www.codigovidrio.com\/code\/denuncia-sobre-mal-uso-de-helicoptero-ruso-accidentado-en-pastaza-en-la-lupa-de-la-contraloria\/#respond\"]}]},{\"@type\":\"WebPage\",\"@id\":\"https:\/\/www.codigovidrio.com\/code\/denuncia-sobre-mal-uso-de-helicoptero-ruso-accidentado-en-pastaza-en-la-lupa-de-la-contraloria\/\",\"url\":\"https:\/\/www.codigovidrio.com\/code\/denuncia-sobre-mal-uso-de-helicoptero-ruso-accidentado-en-pastaza-en-la-lupa-de-la-contraloria\/\",\"name\":\"Denuncia sobre mal uso de helic\u00f3ptero ruso, accidentado en Pastaza, en la lupa de la Contralor\u00eda - C\u00f3digo Vidrio\",\"isPartOf\":{\"@id\":\"https:\/\/www.codigovidrio.com\/code\/#website\"},\"primaryImageOfPage\":{\"@id\":\"https:\/\/www.codigovidrio.com\/code\/denuncia-sobre-mal-uso-de-helicoptero-ruso-accidentado-en-pastaza-en-la-lupa-de-la-contraloria\/#primaryimage\"},\"image\":{\"@id\":\"https:\/\/www.codigovidrio.com\/code\/denuncia-sobre-mal-uso-de-helicoptero-ruso-accidentado-en-pastaza-en-la-lupa-de-la-contraloria\/#primaryimage\"},\"thumbnailUrl\":\"https:\/\/www.codigovidrio.com\/code\/wp-content\/uploads\/2024\/06\/IMG_9288.jpg\",\"datePublished\":\"2024-06-21T12:37:48+00:00\",\"dateModified\":\"2024-06-21T14:48:31+00:00\",\"breadcrumb\":{\"@id\":\"https:\/\/www.codigovidrio.com\/code\/denuncia-sobre-mal-uso-de-helicoptero-ruso-accidentado-en-pastaza-en-la-lupa-de-la-contraloria\/#breadcrumb\"},\"inLanguage\":\"es\",\"potentialAction\":[{\"@type\":\"ReadAction\",\"target\":[\"https:\/\/www.codigovidrio.com\/code\/denuncia-sobre-mal-uso-de-helicoptero-ruso-accidentado-en-pastaza-en-la-lupa-de-la-contraloria\/\"]}]},{\"@type\":\"ImageObject\",\"inLanguage\":\"es\",\"@id\":\"https:\/\/www.codigovidrio.com\/code\/denuncia-sobre-mal-uso-de-helicoptero-ruso-accidentado-en-pastaza-en-la-lupa-de-la-contraloria\/#primaryimage\",\"url\":\"https:\/\/www.codigovidrio.com\/code\/wp-content\/uploads\/2024\/06\/IMG_9288.jpg\",\"contentUrl\":\"https:\/\/www.codigovidrio.com\/code\/wp-content\/uploads\/2024\/06\/IMG_9288.jpg\",\"width\":960,\"height\":507},{\"@type\":\"BreadcrumbList\",\"@id\":\"https:\/\/www.codigovidrio.com\/code\/denuncia-sobre-mal-uso-de-helicoptero-ruso-accidentado-en-pastaza-en-la-lupa-de-la-contraloria\/#breadcrumb\",\"itemListElement\":[{\"@type\":\"ListItem\",\"position\":1,\"name\":\"Portada\",\"item\":\"https:\/\/www.codigovidrio.com\/code\/\"},{\"@type\":\"ListItem\",\"position\":2,\"name\":\"Denuncia sobre mal uso de helic\u00f3ptero ruso, accidentado en Pastaza, en la lupa de la Contralor\u00eda\"}]},{\"@type\":\"WebSite\",\"@id\":\"https:\/\/www.codigovidrio.com\/code\/#website\",\"url\":\"https:\/\/www.codigovidrio.com\/code\/\",\"name\":\"C\u00f3digo Vidrio\",\"description\":\"Transparentamos las historias ocultas\",\"publisher\":{\"@id\":\"https:\/\/www.codigovidrio.com\/code\/#organization\"},\"potentialAction\":[{\"@type\":\"SearchAction\",\"target\":{\"@type\":\"EntryPoint\",\"urlTemplate\":\"https:\/\/www.codigovidrio.com\/code\/?s={search_term_string}\"},\"query-input\":{\"@type\":\"PropertyValueSpecification\",\"valueRequired\":true,\"valueName\":\"search_term_string\"}}],\"inLanguage\":\"es\"},{\"@type\":\"Organization\",\"@id\":\"https:\/\/www.codigovidrio.com\/code\/#organization\",\"name\":\"C\u00f3digo Vidrio\",\"url\":\"https:\/\/www.codigovidrio.com\/code\/\",\"logo\":{\"@type\":\"ImageObject\",\"inLanguage\":\"es\",\"@id\":\"https:\/\/www.codigovidrio.com\/code\/#\/schema\/logo\/image\/\",\"url\":\"https:\/\/www.codigovidrio.com\/code\/wp-content\/uploads\/2022\/01\/logo-horiz-08.png\",\"contentUrl\":\"https:\/\/www.codigovidrio.com\/code\/wp-content\/uploads\/2022\/01\/logo-horiz-08.png\",\"width\":817,\"height\":294,\"caption\":\"C\u00f3digo Vidrio\"},\"image\":{\"@id\":\"https:\/\/www.codigovidrio.com\/code\/#\/schema\/logo\/image\/\"}},{\"@type\":\"Person\",\"@id\":\"https:\/\/www.codigovidrio.com\/code\/#\/schema\/person\/974bc7a5b889699d012b2343dc68fc6e\",\"name\":\"Codigo Vidrio Admin\",\"url\":\"https:\/\/www.codigovidrio.com\/code\/author\/vidrio-admin\/\"}]}<\/script>\n<!-- \/ Yoast SEO plugin. -->","yoast_head_json":{"title":"Denuncia sobre mal uso de helic\u00f3ptero ruso, accidentado en Pastaza, en la lupa de la Contralor\u00eda - C\u00f3digo Vidrio","robots":{"index":"index","follow":"follow","max-snippet":"max-snippet:-1","max-image-preview":"max-image-preview:large","max-video-preview":"max-video-preview:-1"},"canonical":"https:\/\/www.codigovidrio.com\/code\/denuncia-sobre-mal-uso-de-helicoptero-ruso-accidentado-en-pastaza-en-la-lupa-de-la-contraloria\/","og_locale":"es_ES","og_type":"article","og_title":"Denuncia sobre mal uso de helic\u00f3ptero ruso, accidentado en Pastaza, en la lupa de la Contralor\u00eda - C\u00f3digo Vidrio","og_description":"El presunto uso indebido de dos\u00a0aeronaves del Ej\u00e9rcito en enero pasado es analizado por la Contralor\u00eda, que\u00a0recibi\u00f3 una denuncia formal a inicios de este mes. Ese documento se\u00f1ala como supuesto responsable al comandante del Ej\u00e9rcito Fernando Adatty. En la Fuerza Terrestre no hubo un\u00a0pronunciamiento sobre este caso, que\u00a0tambi\u00e9n es conocido por el Comando Conjunto y ... leer m\u00e1s...","og_url":"https:\/\/www.codigovidrio.com\/code\/denuncia-sobre-mal-uso-de-helicoptero-ruso-accidentado-en-pastaza-en-la-lupa-de-la-contraloria\/","og_site_name":"C\u00f3digo Vidrio","article_published_time":"2024-06-21T12:37:48+00:00","article_modified_time":"2024-06-21T14:48:31+00:00","og_image":[{"width":960,"height":507,"url":"https:\/\/www.codigovidrio.com\/code\/wp-content\/uploads\/2024\/06\/IMG_9288.jpg","type":"image\/jpeg"}],"author":"Codigo Vidrio Admin","twitter_card":"summary_large_image","twitter_misc":{"Escrito por":"Codigo Vidrio Admin","Tiempo de lectura":"9 minutos"},"schema":{"@context":"https:\/\/schema.org","@graph":[{"@type":"Article","@id":"https:\/\/www.codigovidrio.com\/code\/denuncia-sobre-mal-uso-de-helicoptero-ruso-accidentado-en-pastaza-en-la-lupa-de-la-contraloria\/#article","isPartOf":{"@id":"https:\/\/www.codigovidrio.com\/code\/denuncia-sobre-mal-uso-de-helicoptero-ruso-accidentado-en-pastaza-en-la-lupa-de-la-contraloria\/"},"author":{"name":"Codigo Vidrio Admin","@id":"https:\/\/www.codigovidrio.com\/code\/#\/schema\/person\/974bc7a5b889699d012b2343dc68fc6e"},"headline":"Denuncia sobre mal uso de helic\u00f3ptero ruso, accidentado en Pastaza, en la lupa de la Contralor\u00eda","datePublished":"2024-06-21T12:37:48+00:00","dateModified":"2024-06-21T14:48:31+00:00","mainEntityOfPage":{"@id":"https:\/\/www.codigovidrio.com\/code\/denuncia-sobre-mal-uso-de-helicoptero-ruso-accidentado-en-pastaza-en-la-lupa-de-la-contraloria\/"},"wordCount":1710,"commentCount":2,"publisher":{"@id":"https:\/\/www.codigovidrio.com\/code\/#organization"},"image":{"@id":"https:\/\/www.codigovidrio.com\/code\/denuncia-sobre-mal-uso-de-helicoptero-ruso-accidentado-en-pastaza-en-la-lupa-de-la-contraloria\/#primaryimage"},"thumbnailUrl":"https:\/\/www.codigovidrio.com\/code\/wp-content\/uploads\/2024\/06\/IMG_9288.jpg","articleSection":["Especiales"],"inLanguage":"es","potentialAction":[{"@type":"CommentAction","name":"Comment","target":["https:\/\/www.codigovidrio.com\/code\/denuncia-sobre-mal-uso-de-helicoptero-ruso-accidentado-en-pastaza-en-la-lupa-de-la-contraloria\/#respond"]}]},{"@type":"WebPage","@id":"https:\/\/www.codigovidrio.com\/code\/denuncia-sobre-mal-uso-de-helicoptero-ruso-accidentado-en-pastaza-en-la-lupa-de-la-contraloria\/","url":"https:\/\/www.codigovidrio.com\/code\/denuncia-sobre-mal-uso-de-helicoptero-ruso-accidentado-en-pastaza-en-la-lupa-de-la-contraloria\/","name":"Denuncia sobre mal uso de helic\u00f3ptero ruso, accidentado en Pastaza, en la lupa de la Contralor\u00eda - C\u00f3digo Vidrio","isPartOf":{"@id":"https:\/\/www.codigovidrio.com\/code\/#website"},"primaryImageOfPage":{"@id":"https:\/\/www.codigovidrio.com\/code\/denuncia-sobre-mal-uso-de-helicoptero-ruso-accidentado-en-pastaza-en-la-lupa-de-la-contraloria\/#primaryimage"},"image":{"@id":"https:\/\/www.codigovidrio.com\/code\/denuncia-sobre-mal-uso-de-helicoptero-ruso-accidentado-en-pastaza-en-la-lupa-de-la-contraloria\/#primaryimage"},"thumbnailUrl":"https:\/\/www.codigovidrio.com\/code\/wp-content\/uploads\/2024\/06\/IMG_9288.jpg","datePublished":"2024-06-21T12:37:48+00:00","dateModified":"2024-06-21T14:48:31+00:00","breadcrumb":{"@id":"https:\/\/www.codigovidrio.com\/code\/denuncia-sobre-mal-uso-de-helicoptero-ruso-accidentado-en-pastaza-en-la-lupa-de-la-contraloria\/#breadcrumb"},"inLanguage":"es","potentialAction":[{"@type":"ReadAction","target":["https:\/\/www.codigovidrio.com\/code\/denuncia-sobre-mal-uso-de-helicoptero-ruso-accidentado-en-pastaza-en-la-lupa-de-la-contraloria\/"]}]},{"@type":"ImageObject","inLanguage":"es","@id":"https:\/\/www.codigovidrio.com\/code\/denuncia-sobre-mal-uso-de-helicoptero-ruso-accidentado-en-pastaza-en-la-lupa-de-la-contraloria\/#primaryimage","url":"https:\/\/www.codigovidrio.com\/code\/wp-content\/uploads\/2024\/06\/IMG_9288.jpg","contentUrl":"https:\/\/www.codigovidrio.com\/code\/wp-content\/uploads\/2024\/06\/IMG_9288.jpg","width":960,"height":507},{"@type":"BreadcrumbList","@id":"https:\/\/www.codigovidrio.com\/code\/denuncia-sobre-mal-uso-de-helicoptero-ruso-accidentado-en-pastaza-en-la-lupa-de-la-contraloria\/#breadcrumb","itemListElement":[{"@type":"ListItem","position":1,"name":"Portada","item":"https:\/\/www.codigovidrio.com\/code\/"},{"@type":"ListItem","position":2,"name":"Denuncia sobre mal uso de helic\u00f3ptero ruso, accidentado en Pastaza, en la lupa de la Contralor\u00eda"}]},{"@type":"WebSite","@id":"https:\/\/www.codigovidrio.com\/code\/#website","url":"https:\/\/www.codigovidrio.com\/code\/","name":"C\u00f3digo Vidrio","description":"Transparentamos las historias ocultas","publisher":{"@id":"https:\/\/www.codigovidrio.com\/code\/#organization"},"potentialAction":[{"@type":"SearchAction","target":{"@type":"EntryPoint","urlTemplate":"https:\/\/www.codigovidrio.com\/code\/?s={search_term_string}"},"query-input":{"@type":"PropertyValueSpecification","valueRequired":true,"valueName":"search_term_string"}}],"inLanguage":"es"},{"@type":"Organization","@id":"https:\/\/www.codigovidrio.com\/code\/#organization","name":"C\u00f3digo Vidrio","url":"https:\/\/www.codigovidrio.com\/code\/","logo":{"@type":"ImageObject","inLanguage":"es","@id":"https:\/\/www.codigovidrio.com\/code\/#\/schema\/logo\/image\/","url":"https:\/\/www.codigovidrio.com\/code\/wp-content\/uploads\/2022\/01\/logo-horiz-08.png","contentUrl":"https:\/\/www.codigovidrio.com\/code\/wp-content\/uploads\/2022\/01\/logo-horiz-08.png","width":817,"height":294,"caption":"C\u00f3digo Vidrio"},"image":{"@id":"https:\/\/www.codigovidrio.com\/code\/#\/schema\/logo\/image\/"}},{"@type":"Person","@id":"https:\/\/www.codigovidrio.com\/code\/#\/schema\/person\/974bc7a5b889699d012b2343dc68fc6e","name":"Codigo Vidrio Admin","url":"https:\/\/www.codigovidrio.com\/code\/author\/vidrio-admin\/"}]}},"_links":{"self":[{"href":"https:\/\/www.codigovidrio.com\/code\/wp-json\/wp\/v2\/posts\/9415"}],"collection":[{"href":"https:\/\/www.codigovidrio.com\/code\/wp-json\/wp\/v2\/posts"}],"about":[{"href":"https:\/\/www.codigovidrio.com\/code\/wp-json\/wp\/v2\/types\/post"}],"author":[{"embeddable":true,"href":"https:\/\/www.codigovidrio.com\/code\/wp-json\/wp\/v2\/users\/2"}],"replies":[{"embeddable":true,"href":"https:\/\/www.codigovidrio.com\/code\/wp-json\/wp\/v2\/comments?post=9415"}],"version-history":[{"count":8,"href":"https:\/\/www.codigovidrio.com\/code\/wp-json\/wp\/v2\/posts\/9415\/revisions"}],"predecessor-version":[{"id":9428,"href":"https:\/\/www.codigovidrio.com\/code\/wp-json\/wp\/v2\/posts\/9415\/revisions\/9428"}],"wp:featuredmedia":[{"embeddable":true,"href":"https:\/\/www.codigovidrio.com\/code\/wp-json\/wp\/v2\/media\/9416"}],"wp:attachment":[{"href":"https:\/\/www.codigovidrio.com\/code\/wp-json\/wp\/v2\/media?parent=9415"}],"wp:term":[{"taxonomy":"category","embeddable":true,"href":"https:\/\/www.codigovidrio.com\/code\/wp-json\/wp\/v2\/categories?post=9415"},{"taxonomy":"post_tag","embeddable":true,"href":"https:\/\/www.codigovidrio.com\/code\/wp-json\/wp\/v2\/tags?post=9415"}],"curies":[{"name":"wp","href":"https:\/\/api.w.org\/{rel}","templated":true}]}}