{"id":9260,"date":"2024-05-26T00:10:05","date_gmt":"2024-05-26T05:10:05","guid":{"rendered":"https:\/\/www.codigovidrio.com\/code\/?p=9260"},"modified":"2024-05-26T13:27:39","modified_gmt":"2024-05-26T18:27:39","slug":"byron-guillen-encabeza-el-concurso-para-defensor-en-medio-de-indagaciones-y-cuestionamientos","status":"publish","type":"post","link":"https:\/\/www.codigovidrio.com\/code\/byron-guillen-encabeza-el-concurso-para-defensor-en-medio-de-indagaciones-y-cuestionamientos\/","title":{"rendered":"Byron Guill\u00e9n encabeza el concurso para Defensor, en medio de indagaciones y cuestionamientos"},"content":{"rendered":"<p><strong>El exjuez de la Corte Nacional de Justicia, Byron Guill\u00e9n, es uno de los m\u00e1s opcionados para ganar el concurso de Defensor P\u00fablico, aunque enfrenta una indagaci\u00f3n previa por supuesto cohecho y es investigado por su relaci\u00f3n con el caso Met\u00e1stasis. Adem\u00e1s fue cuestionado por su falta de imparcialidad en el caso por el homicido culposo de la joven Michel Cobo, ocurrido en 2017. \u00a0<\/strong><\/p>\n<p><strong>Redacci\u00f3n C\u00f3digo Vidrio<\/strong><\/p>\n<p>El exjuez de la Corte Nacional, <strong>Byron Guill\u00e9n<\/strong>, quien encabeza el concurso para Defensor P\u00fablico, no acudi\u00f3 el mi\u00e9rcoles pasado, 22 de mayo del 2024, a rendir su versi\u00f3n en la indagaci\u00f3n que enfrenta en la Fiscal\u00eda por un supuesto cohecho.<\/p>\n<p>Guill\u00e9n al ser consultado por C\u00f3digo Vidrio dijo que no acudi\u00f3 porque su abogado ten\u00eda que cumplir otras diligencias, pero que asistir\u00e1 a dar su versi\u00f3n cuando sea convocado nuevamente.<\/p>\n<p><span class=\"css-1jxf684 r-bcqeeo r-1ttztb7 r-qvutc0 r-poiln3\">En diciembre pasado, Guill\u00e9n particip\u00f3 <\/span><span class=\"css-1jxf684 r-bcqeeo r-1ttztb7 r-qvutc0 r-poiln3\">junto con una delegaci\u00f3n de Ecuador en la<\/span><span class=\"css-1jxf684 r-bcqeeo r-1ttztb7 r-qvutc0 r-poiln3\">\u00a0Conferencia Anticorrupci\u00f3n de los Estados Partes, realizada en Atlanta, Estados Unidos.<\/span><\/p>\n<p>Mientras estuvo en la Corte, Guill\u00e9n tuvo una actuaci\u00f3n pol\u00e9mica en el juicio en el que los m\u00e9dicos <strong>Patricio Toscano y Carlos Hurtado<\/strong> fueron sentenciados por el homicidio culposo de la joven Michelle Cobo, que este mi\u00e9rcoles entrar\u00e1 en la recta final de resoluci\u00f3n, cuando la Corte Nacional de Justicia conozca el recurso de casaci\u00f3n que plantearon los condenados, incluida la abogada Mar\u00eda Eugenia Mu\u00f1oz, gerente de la cl\u00ednica donde se practic\u00f3 la cirug\u00eda est\u00e9tica.<\/p>\n<p>Tras la sentencia, los abogados de los condenados han intentado sistem\u00e1ticamente que el proceso sea declarado prescrito, para as\u00ed dejar insubsistente el fallo. Precisamente, en octubre del a\u00f1o pasado la Sala de lo Penal de la Corte neg\u00f3 el pedido de prescripci\u00f3n de la pena presentado por los tres condenados.<\/p>\n<p>Para la magistrada Daniela Camacho y su colega Walter Mac\u00edas ese pedido no ten\u00eda sustento legal, por lo cual lo \u00fanico que cab\u00eda es que se conociera el recurso de casaci\u00f3n sin m\u00e1s dilaciones.<\/p>\n<p>Estuvo en desacuerdo y salv\u00f3 su voto Byron Guill\u00e9n, quien luego, el 13 de octubre del 2023, incluso divulg\u00f3 su criterio jur\u00eddico en redes sociales, en un hecho sin precedentes en la Corte. No es usual que los ministros mediaticen sus fallos, menos a\u00fan si son de minor\u00eda y no causan ning\u00fan efecto en el pronunciamiento de mayor\u00eda. Aunque Guill\u00e9n justific\u00f3 la divulgaci\u00f3n como un tema de debate.<\/p>\n<p><img fetchpriority=\"high\" decoding=\"async\" class=\"alignleft wp-image-9266\" src=\"https:\/\/www.codigovidrio.com\/code\/wp-content\/uploads\/2024\/05\/Captura-de-Pantalla-2024-05-26-a-las-12.35.17.png\" alt=\"\" width=\"384\" height=\"440\" srcset=\"https:\/\/www.codigovidrio.com\/code\/wp-content\/uploads\/2024\/05\/Captura-de-Pantalla-2024-05-26-a-las-12.35.17.png 1204w, https:\/\/www.codigovidrio.com\/code\/wp-content\/uploads\/2024\/05\/Captura-de-Pantalla-2024-05-26-a-las-12.35.17-262x300.png 262w, https:\/\/www.codigovidrio.com\/code\/wp-content\/uploads\/2024\/05\/Captura-de-Pantalla-2024-05-26-a-las-12.35.17-893x1024.png 893w, https:\/\/www.codigovidrio.com\/code\/wp-content\/uploads\/2024\/05\/Captura-de-Pantalla-2024-05-26-a-las-12.35.17-768x880.png 768w\" sizes=\"(max-width: 384px) 100vw, 384px\" \/>\u00a0El mismo 13 de octubre, los tres sentenciados interpusieron recursos de aclaraci\u00f3n y ampliaci\u00f3n, que fueron negados en diciembre. El 8 de mayo pasado, la defensa de Gabriel Cobo, padre de la joven fallecida en 2017, pidi\u00f3 que se fijar\u00e1 la fecha para la audiencia de casaci\u00f3n, que fue atendida al d\u00eda siguiente. Esta diligencia se realizar\u00e1 este pr\u00f3ximo mi\u00e9rcoles.<\/p>\n<h3><strong>\u00bfGuill\u00e9n nexo de Correa?<\/strong><\/h3>\n<p>Guill\u00e9n es indagado por un supuesto cohecho junto al exjuez \u00a0Luis Rivera, quien tampoco acudi\u00f3 a dar su declaraci\u00f3n, la semana anterior, aduciendo que estaba en Estados Unidos donde se le habr\u00eda caducado su visa. En la indagaci\u00f3n 74-2024 ambos fueron convocados a rendir sus versiones en la Fiscal\u00eda, el pasado mi\u00e9rcoles 22 de mayo, a las 11:00.<\/p>\n<p>Tanto Guill\u00e9n como Rivera tambi\u00e9n son investigados por su supuesta participaci\u00f3n en los casos Independencia Judicial y Met\u00e1stasis.<\/p>\n<p>Ambos eran miembros de la sala penal de la Corte Nacional y han sido cuestionados por su falta de imparcialidad en varios procesos a su cargo.<\/p>\n<p>En el caso Independencia Judicial, Guill\u00e9n fue se\u00f1alado por el exvocal del Consejo de la Judicatura, Xavier Mu\u00f1oz, quien est\u00e1 detenido, pero est\u00e1 cooperando, y rindi\u00f3 un testimonio anticipado.<\/p>\n<p>Mu\u00f1oz revel\u00f3 que para protegerse de la persecuci\u00f3n del gobierno de Guillermo Lasso busc\u00f3 apoyo pol\u00edtico. As\u00ed, conoci\u00f3 al expresidente Rafael Correa por intermedio de los jueces Luis Rivera y Byron Guill\u00e9n. Por eso, se reuni\u00f3 con el expresidente en el hotel Tivoli Mofarrej de Sao Paulo, Brasil, en marzo de 2023. En el encuentro, Correa le pidi\u00f3 que apoye a Ter\u00e1n, entonces presidente de la Judicatura, a cambio de respaldarlo ante un eventual juicio pol\u00edtico en la Asamblea, asegur\u00f3 Mu\u00f1oz.<\/p>\n<p>Asimismo, dijo que el exmandatario ten\u00eda un plan de regreso al Ecuador si se daba paso a un recurso de revisi\u00f3n planteado por Ramiro Galarza, uno de los sentenciados en el Caso Sobornos. \u00abSi le aceptaban, el caso se ca\u00eda\u00bb porque se anulaba la sentencia. Quienes se encargar\u00edan de admitir el recurso eran Guill\u00e9n y Rivera, con lo cual Correa podr\u00eda regresar al pa\u00eds. Correa admiti\u00f3 haberse reunido con Mu\u00f1oz en Brasil, pero neg\u00f3 que hubieran llegado a un acuerdo para anular su juicio.<\/p>\n<p>Fuentes cercanas a Guill\u00e9n indicaron que la versi\u00f3n de Mu\u00f1oz no tiene ning\u00fan sustento, que es totalmente falsa. \u00a0Guill\u00e9n prefiri\u00f3 no pronunciarse al respecto para no entorpecer la indagaci\u00f3n de Fiscal\u00eda que es reservada.<\/p>\n<p>El a\u00f1o pasado,\u00a0<strong>Guill\u00e9n<\/strong>\u00a0rindi\u00f3 su versi\u00f3n libre y voluntaria en la Fiscal\u00eda por el caso Met\u00e1stasis y neg\u00f3\u00a0tener alguna participaci\u00f3n en actos de corrupci\u00f3n.<\/p>\n<p>Fue\u00a0<strong>mencionado<\/strong>\u00a0en los\u00a0<strong>chats<\/strong>\u00a0de\u00a0<strong>Leandro Norero\u00a0<\/strong>que se conocieron en el caso de presunta\u00a0<strong>delincuencia organizada<\/strong>, donde est\u00e1n involucrados\u00a0<strong>jueces<\/strong>, fiscales,\u00a0<strong>polic\u00edas<\/strong>\u00a0en servicio activo, entre otros \u00a0funcionarios p\u00fablicos.<\/p>\n<p>Seg\u00fan Guill\u00e9n,\u00a0<strong>\u00abse tomaron su nombre\u00bb<\/strong>\u00a0y asegur\u00f3 no conocer a\u00a0<strong>H\u00e9liver Angulo<\/strong>, alias\u00a0<strong>\u2018Estimado\u2019<\/strong>, uno de los abogados del narcotraficante Leandro Norero.\u00a0<strong>\u00abNo es mi amigo, no me preocupa en lo absoluto<\/strong>\u00ab, dijo Guill\u00e9n a los medios de comunicaci\u00f3n antes de ingresar a la Fiscal\u00eda.<\/p>\n<p>El nombre de Guill\u00e9n aparece en los chats entre alias \u2018Estimado\u2019 y Leandro Norero. El primero le dice al narcotraficante: \u201cEl habeas corpus en la Corte Nacional est\u00e1 asegurado con jueces como<strong>\u00a0Byron Guill\u00e9n<\/strong>\u00a0y\u00a0<strong>Walter Mac\u00edas<\/strong>, que son personas f\u00e1ciles de llegar a trav\u00e9s de mujeres de buena presencia\u00bb.<\/p>\n","protected":false},"excerpt":{"rendered":"<p>El exjuez de la Corte Nacional de Justicia, Byron Guill\u00e9n, es uno de los m\u00e1s opcionados para ganar el concurso de Defensor P\u00fablico, aunque enfrenta una indagaci\u00f3n previa por supuesto cohecho y es investigado por su relaci\u00f3n con el caso Met\u00e1stasis. Adem\u00e1s fue cuestionado por su falta de imparcialidad en el caso por el homicido &#8230; <a title=\"Byron Guill\u00e9n encabeza el concurso para Defensor, en medio de indagaciones y cuestionamientos\" class=\"read-more\" href=\"https:\/\/www.codigovidrio.com\/code\/byron-guillen-encabeza-el-concurso-para-defensor-en-medio-de-indagaciones-y-cuestionamientos\/\">leer m\u00e1s&#8230;<\/a><\/p>\n","protected":false},"author":2,"featured_media":9263,"comment_status":"open","ping_status":"closed","sticky":false,"template":"","format":"standard","meta":{"generate_page_header":"","footnotes":""},"categories":[211],"tags":[],"yoast_head":"<!-- This site is optimized with the Yoast SEO plugin v23.5 - https:\/\/yoast.com\/wordpress\/plugins\/seo\/ -->\n<title>Byron Guill\u00e9n encabeza el concurso para Defensor, en medio de indagaciones y cuestionamientos - C\u00f3digo Vidrio<\/title>\n<meta name=\"robots\" content=\"index, follow, max-snippet:-1, max-image-preview:large, max-video-preview:-1\" \/>\n<link rel=\"canonical\" href=\"https:\/\/www.codigovidrio.com\/code\/byron-guillen-encabeza-el-concurso-para-defensor-en-medio-de-indagaciones-y-cuestionamientos\/\" \/>\n<meta property=\"og:locale\" content=\"es_ES\" \/>\n<meta property=\"og:type\" content=\"article\" \/>\n<meta property=\"og:title\" content=\"Byron Guill\u00e9n encabeza el concurso para Defensor, en medio de indagaciones y cuestionamientos - C\u00f3digo Vidrio\" \/>\n<meta property=\"og:description\" content=\"El exjuez de la Corte Nacional de Justicia, Byron Guill\u00e9n, es uno de los m\u00e1s opcionados para ganar el concurso de Defensor P\u00fablico, aunque enfrenta una indagaci\u00f3n previa por supuesto cohecho y es investigado por su relaci\u00f3n con el caso Met\u00e1stasis. Adem\u00e1s fue cuestionado por su falta de imparcialidad en el caso por el homicido ... leer m\u00e1s...\" \/>\n<meta property=\"og:url\" content=\"https:\/\/www.codigovidrio.com\/code\/byron-guillen-encabeza-el-concurso-para-defensor-en-medio-de-indagaciones-y-cuestionamientos\/\" \/>\n<meta property=\"og:site_name\" content=\"C\u00f3digo Vidrio\" \/>\n<meta property=\"article:published_time\" content=\"2024-05-26T05:10:05+00:00\" \/>\n<meta property=\"article:modified_time\" content=\"2024-05-26T18:27:39+00:00\" \/>\n<meta property=\"og:image\" content=\"https:\/\/www.codigovidrio.com\/code\/wp-content\/uploads\/2024\/05\/A0F00BAC-586B-4098-A3A9-D9DD4E238668.jpeg\" \/>\n\t<meta property=\"og:image:width\" content=\"1792\" \/>\n\t<meta property=\"og:image:height\" content=\"856\" \/>\n\t<meta property=\"og:image:type\" content=\"image\/jpeg\" \/>\n<meta name=\"author\" content=\"Codigo Vidrio Admin\" \/>\n<meta name=\"twitter:card\" content=\"summary_large_image\" \/>\n<meta name=\"twitter:label1\" content=\"Escrito por\" \/>\n\t<meta name=\"twitter:data1\" content=\"Codigo Vidrio Admin\" \/>\n\t<meta name=\"twitter:label2\" content=\"Tiempo de lectura\" \/>\n\t<meta name=\"twitter:data2\" content=\"5 minutos\" \/>\n<script type=\"application\/ld+json\" class=\"yoast-schema-graph\">{\"@context\":\"https:\/\/schema.org\",\"@graph\":[{\"@type\":\"Article\",\"@id\":\"https:\/\/www.codigovidrio.com\/code\/byron-guillen-encabeza-el-concurso-para-defensor-en-medio-de-indagaciones-y-cuestionamientos\/#article\",\"isPartOf\":{\"@id\":\"https:\/\/www.codigovidrio.com\/code\/byron-guillen-encabeza-el-concurso-para-defensor-en-medio-de-indagaciones-y-cuestionamientos\/\"},\"author\":{\"name\":\"Codigo Vidrio Admin\",\"@id\":\"https:\/\/www.codigovidrio.com\/code\/#\/schema\/person\/974bc7a5b889699d012b2343dc68fc6e\"},\"headline\":\"Byron Guill\u00e9n encabeza el concurso para Defensor, en medio de indagaciones y cuestionamientos\",\"datePublished\":\"2024-05-26T05:10:05+00:00\",\"dateModified\":\"2024-05-26T18:27:39+00:00\",\"mainEntityOfPage\":{\"@id\":\"https:\/\/www.codigovidrio.com\/code\/byron-guillen-encabeza-el-concurso-para-defensor-en-medio-de-indagaciones-y-cuestionamientos\/\"},\"wordCount\":1052,\"commentCount\":0,\"publisher\":{\"@id\":\"https:\/\/www.codigovidrio.com\/code\/#organization\"},\"image\":{\"@id\":\"https:\/\/www.codigovidrio.com\/code\/byron-guillen-encabeza-el-concurso-para-defensor-en-medio-de-indagaciones-y-cuestionamientos\/#primaryimage\"},\"thumbnailUrl\":\"https:\/\/www.codigovidrio.com\/code\/wp-content\/uploads\/2024\/05\/A0F00BAC-586B-4098-A3A9-D9DD4E238668.jpeg\",\"articleSection\":[\"Especiales\"],\"inLanguage\":\"es\",\"potentialAction\":[{\"@type\":\"CommentAction\",\"name\":\"Comment\",\"target\":[\"https:\/\/www.codigovidrio.com\/code\/byron-guillen-encabeza-el-concurso-para-defensor-en-medio-de-indagaciones-y-cuestionamientos\/#respond\"]}]},{\"@type\":\"WebPage\",\"@id\":\"https:\/\/www.codigovidrio.com\/code\/byron-guillen-encabeza-el-concurso-para-defensor-en-medio-de-indagaciones-y-cuestionamientos\/\",\"url\":\"https:\/\/www.codigovidrio.com\/code\/byron-guillen-encabeza-el-concurso-para-defensor-en-medio-de-indagaciones-y-cuestionamientos\/\",\"name\":\"Byron Guill\u00e9n encabeza el concurso para Defensor, en medio de indagaciones y cuestionamientos - C\u00f3digo Vidrio\",\"isPartOf\":{\"@id\":\"https:\/\/www.codigovidrio.com\/code\/#website\"},\"primaryImageOfPage\":{\"@id\":\"https:\/\/www.codigovidrio.com\/code\/byron-guillen-encabeza-el-concurso-para-defensor-en-medio-de-indagaciones-y-cuestionamientos\/#primaryimage\"},\"image\":{\"@id\":\"https:\/\/www.codigovidrio.com\/code\/byron-guillen-encabeza-el-concurso-para-defensor-en-medio-de-indagaciones-y-cuestionamientos\/#primaryimage\"},\"thumbnailUrl\":\"https:\/\/www.codigovidrio.com\/code\/wp-content\/uploads\/2024\/05\/A0F00BAC-586B-4098-A3A9-D9DD4E238668.jpeg\",\"datePublished\":\"2024-05-26T05:10:05+00:00\",\"dateModified\":\"2024-05-26T18:27:39+00:00\",\"breadcrumb\":{\"@id\":\"https:\/\/www.codigovidrio.com\/code\/byron-guillen-encabeza-el-concurso-para-defensor-en-medio-de-indagaciones-y-cuestionamientos\/#breadcrumb\"},\"inLanguage\":\"es\",\"potentialAction\":[{\"@type\":\"ReadAction\",\"target\":[\"https:\/\/www.codigovidrio.com\/code\/byron-guillen-encabeza-el-concurso-para-defensor-en-medio-de-indagaciones-y-cuestionamientos\/\"]}]},{\"@type\":\"ImageObject\",\"inLanguage\":\"es\",\"@id\":\"https:\/\/www.codigovidrio.com\/code\/byron-guillen-encabeza-el-concurso-para-defensor-en-medio-de-indagaciones-y-cuestionamientos\/#primaryimage\",\"url\":\"https:\/\/www.codigovidrio.com\/code\/wp-content\/uploads\/2024\/05\/A0F00BAC-586B-4098-A3A9-D9DD4E238668.jpeg\",\"contentUrl\":\"https:\/\/www.codigovidrio.com\/code\/wp-content\/uploads\/2024\/05\/A0F00BAC-586B-4098-A3A9-D9DD4E238668.jpeg\",\"width\":1792,\"height\":856},{\"@type\":\"BreadcrumbList\",\"@id\":\"https:\/\/www.codigovidrio.com\/code\/byron-guillen-encabeza-el-concurso-para-defensor-en-medio-de-indagaciones-y-cuestionamientos\/#breadcrumb\",\"itemListElement\":[{\"@type\":\"ListItem\",\"position\":1,\"name\":\"Portada\",\"item\":\"https:\/\/www.codigovidrio.com\/code\/\"},{\"@type\":\"ListItem\",\"position\":2,\"name\":\"Byron Guill\u00e9n encabeza el concurso para Defensor, en medio de indagaciones y cuestionamientos\"}]},{\"@type\":\"WebSite\",\"@id\":\"https:\/\/www.codigovidrio.com\/code\/#website\",\"url\":\"https:\/\/www.codigovidrio.com\/code\/\",\"name\":\"C\u00f3digo Vidrio\",\"description\":\"Transparentamos las historias ocultas\",\"publisher\":{\"@id\":\"https:\/\/www.codigovidrio.com\/code\/#organization\"},\"potentialAction\":[{\"@type\":\"SearchAction\",\"target\":{\"@type\":\"EntryPoint\",\"urlTemplate\":\"https:\/\/www.codigovidrio.com\/code\/?s={search_term_string}\"},\"query-input\":{\"@type\":\"PropertyValueSpecification\",\"valueRequired\":true,\"valueName\":\"search_term_string\"}}],\"inLanguage\":\"es\"},{\"@type\":\"Organization\",\"@id\":\"https:\/\/www.codigovidrio.com\/code\/#organization\",\"name\":\"C\u00f3digo Vidrio\",\"url\":\"https:\/\/www.codigovidrio.com\/code\/\",\"logo\":{\"@type\":\"ImageObject\",\"inLanguage\":\"es\",\"@id\":\"https:\/\/www.codigovidrio.com\/code\/#\/schema\/logo\/image\/\",\"url\":\"https:\/\/www.codigovidrio.com\/code\/wp-content\/uploads\/2022\/01\/logo-horiz-08.png\",\"contentUrl\":\"https:\/\/www.codigovidrio.com\/code\/wp-content\/uploads\/2022\/01\/logo-horiz-08.png\",\"width\":817,\"height\":294,\"caption\":\"C\u00f3digo Vidrio\"},\"image\":{\"@id\":\"https:\/\/www.codigovidrio.com\/code\/#\/schema\/logo\/image\/\"}},{\"@type\":\"Person\",\"@id\":\"https:\/\/www.codigovidrio.com\/code\/#\/schema\/person\/974bc7a5b889699d012b2343dc68fc6e\",\"name\":\"Codigo Vidrio Admin\",\"url\":\"https:\/\/www.codigovidrio.com\/code\/author\/vidrio-admin\/\"}]}<\/script>\n<!-- \/ Yoast SEO plugin. -->","yoast_head_json":{"title":"Byron Guill\u00e9n encabeza el concurso para Defensor, en medio de indagaciones y cuestionamientos - C\u00f3digo Vidrio","robots":{"index":"index","follow":"follow","max-snippet":"max-snippet:-1","max-image-preview":"max-image-preview:large","max-video-preview":"max-video-preview:-1"},"canonical":"https:\/\/www.codigovidrio.com\/code\/byron-guillen-encabeza-el-concurso-para-defensor-en-medio-de-indagaciones-y-cuestionamientos\/","og_locale":"es_ES","og_type":"article","og_title":"Byron Guill\u00e9n encabeza el concurso para Defensor, en medio de indagaciones y cuestionamientos - C\u00f3digo Vidrio","og_description":"El exjuez de la Corte Nacional de Justicia, Byron Guill\u00e9n, es uno de los m\u00e1s opcionados para ganar el concurso de Defensor P\u00fablico, aunque enfrenta una indagaci\u00f3n previa por supuesto cohecho y es investigado por su relaci\u00f3n con el caso Met\u00e1stasis. Adem\u00e1s fue cuestionado por su falta de imparcialidad en el caso por el homicido ... leer m\u00e1s...","og_url":"https:\/\/www.codigovidrio.com\/code\/byron-guillen-encabeza-el-concurso-para-defensor-en-medio-de-indagaciones-y-cuestionamientos\/","og_site_name":"C\u00f3digo Vidrio","article_published_time":"2024-05-26T05:10:05+00:00","article_modified_time":"2024-05-26T18:27:39+00:00","og_image":[{"width":1792,"height":856,"url":"https:\/\/www.codigovidrio.com\/code\/wp-content\/uploads\/2024\/05\/A0F00BAC-586B-4098-A3A9-D9DD4E238668.jpeg","type":"image\/jpeg"}],"author":"Codigo Vidrio Admin","twitter_card":"summary_large_image","twitter_misc":{"Escrito por":"Codigo Vidrio Admin","Tiempo de lectura":"5 minutos"},"schema":{"@context":"https:\/\/schema.org","@graph":[{"@type":"Article","@id":"https:\/\/www.codigovidrio.com\/code\/byron-guillen-encabeza-el-concurso-para-defensor-en-medio-de-indagaciones-y-cuestionamientos\/#article","isPartOf":{"@id":"https:\/\/www.codigovidrio.com\/code\/byron-guillen-encabeza-el-concurso-para-defensor-en-medio-de-indagaciones-y-cuestionamientos\/"},"author":{"name":"Codigo Vidrio Admin","@id":"https:\/\/www.codigovidrio.com\/code\/#\/schema\/person\/974bc7a5b889699d012b2343dc68fc6e"},"headline":"Byron Guill\u00e9n encabeza el concurso para Defensor, en medio de indagaciones y cuestionamientos","datePublished":"2024-05-26T05:10:05+00:00","dateModified":"2024-05-26T18:27:39+00:00","mainEntityOfPage":{"@id":"https:\/\/www.codigovidrio.com\/code\/byron-guillen-encabeza-el-concurso-para-defensor-en-medio-de-indagaciones-y-cuestionamientos\/"},"wordCount":1052,"commentCount":0,"publisher":{"@id":"https:\/\/www.codigovidrio.com\/code\/#organization"},"image":{"@id":"https:\/\/www.codigovidrio.com\/code\/byron-guillen-encabeza-el-concurso-para-defensor-en-medio-de-indagaciones-y-cuestionamientos\/#primaryimage"},"thumbnailUrl":"https:\/\/www.codigovidrio.com\/code\/wp-content\/uploads\/2024\/05\/A0F00BAC-586B-4098-A3A9-D9DD4E238668.jpeg","articleSection":["Especiales"],"inLanguage":"es","potentialAction":[{"@type":"CommentAction","name":"Comment","target":["https:\/\/www.codigovidrio.com\/code\/byron-guillen-encabeza-el-concurso-para-defensor-en-medio-de-indagaciones-y-cuestionamientos\/#respond"]}]},{"@type":"WebPage","@id":"https:\/\/www.codigovidrio.com\/code\/byron-guillen-encabeza-el-concurso-para-defensor-en-medio-de-indagaciones-y-cuestionamientos\/","url":"https:\/\/www.codigovidrio.com\/code\/byron-guillen-encabeza-el-concurso-para-defensor-en-medio-de-indagaciones-y-cuestionamientos\/","name":"Byron Guill\u00e9n encabeza el concurso para Defensor, en medio de indagaciones y cuestionamientos - C\u00f3digo Vidrio","isPartOf":{"@id":"https:\/\/www.codigovidrio.com\/code\/#website"},"primaryImageOfPage":{"@id":"https:\/\/www.codigovidrio.com\/code\/byron-guillen-encabeza-el-concurso-para-defensor-en-medio-de-indagaciones-y-cuestionamientos\/#primaryimage"},"image":{"@id":"https:\/\/www.codigovidrio.com\/code\/byron-guillen-encabeza-el-concurso-para-defensor-en-medio-de-indagaciones-y-cuestionamientos\/#primaryimage"},"thumbnailUrl":"https:\/\/www.codigovidrio.com\/code\/wp-content\/uploads\/2024\/05\/A0F00BAC-586B-4098-A3A9-D9DD4E238668.jpeg","datePublished":"2024-05-26T05:10:05+00:00","dateModified":"2024-05-26T18:27:39+00:00","breadcrumb":{"@id":"https:\/\/www.codigovidrio.com\/code\/byron-guillen-encabeza-el-concurso-para-defensor-en-medio-de-indagaciones-y-cuestionamientos\/#breadcrumb"},"inLanguage":"es","potentialAction":[{"@type":"ReadAction","target":["https:\/\/www.codigovidrio.com\/code\/byron-guillen-encabeza-el-concurso-para-defensor-en-medio-de-indagaciones-y-cuestionamientos\/"]}]},{"@type":"ImageObject","inLanguage":"es","@id":"https:\/\/www.codigovidrio.com\/code\/byron-guillen-encabeza-el-concurso-para-defensor-en-medio-de-indagaciones-y-cuestionamientos\/#primaryimage","url":"https:\/\/www.codigovidrio.com\/code\/wp-content\/uploads\/2024\/05\/A0F00BAC-586B-4098-A3A9-D9DD4E238668.jpeg","contentUrl":"https:\/\/www.codigovidrio.com\/code\/wp-content\/uploads\/2024\/05\/A0F00BAC-586B-4098-A3A9-D9DD4E238668.jpeg","width":1792,"height":856},{"@type":"BreadcrumbList","@id":"https:\/\/www.codigovidrio.com\/code\/byron-guillen-encabeza-el-concurso-para-defensor-en-medio-de-indagaciones-y-cuestionamientos\/#breadcrumb","itemListElement":[{"@type":"ListItem","position":1,"name":"Portada","item":"https:\/\/www.codigovidrio.com\/code\/"},{"@type":"ListItem","position":2,"name":"Byron Guill\u00e9n encabeza el concurso para Defensor, en medio de indagaciones y cuestionamientos"}]},{"@type":"WebSite","@id":"https:\/\/www.codigovidrio.com\/code\/#website","url":"https:\/\/www.codigovidrio.com\/code\/","name":"C\u00f3digo Vidrio","description":"Transparentamos las historias ocultas","publisher":{"@id":"https:\/\/www.codigovidrio.com\/code\/#organization"},"potentialAction":[{"@type":"SearchAction","target":{"@type":"EntryPoint","urlTemplate":"https:\/\/www.codigovidrio.com\/code\/?s={search_term_string}"},"query-input":{"@type":"PropertyValueSpecification","valueRequired":true,"valueName":"search_term_string"}}],"inLanguage":"es"},{"@type":"Organization","@id":"https:\/\/www.codigovidrio.com\/code\/#organization","name":"C\u00f3digo Vidrio","url":"https:\/\/www.codigovidrio.com\/code\/","logo":{"@type":"ImageObject","inLanguage":"es","@id":"https:\/\/www.codigovidrio.com\/code\/#\/schema\/logo\/image\/","url":"https:\/\/www.codigovidrio.com\/code\/wp-content\/uploads\/2022\/01\/logo-horiz-08.png","contentUrl":"https:\/\/www.codigovidrio.com\/code\/wp-content\/uploads\/2022\/01\/logo-horiz-08.png","width":817,"height":294,"caption":"C\u00f3digo Vidrio"},"image":{"@id":"https:\/\/www.codigovidrio.com\/code\/#\/schema\/logo\/image\/"}},{"@type":"Person","@id":"https:\/\/www.codigovidrio.com\/code\/#\/schema\/person\/974bc7a5b889699d012b2343dc68fc6e","name":"Codigo Vidrio Admin","url":"https:\/\/www.codigovidrio.com\/code\/author\/vidrio-admin\/"}]}},"_links":{"self":[{"href":"https:\/\/www.codigovidrio.com\/code\/wp-json\/wp\/v2\/posts\/9260"}],"collection":[{"href":"https:\/\/www.codigovidrio.com\/code\/wp-json\/wp\/v2\/posts"}],"about":[{"href":"https:\/\/www.codigovidrio.com\/code\/wp-json\/wp\/v2\/types\/post"}],"author":[{"embeddable":true,"href":"https:\/\/www.codigovidrio.com\/code\/wp-json\/wp\/v2\/users\/2"}],"replies":[{"embeddable":true,"href":"https:\/\/www.codigovidrio.com\/code\/wp-json\/wp\/v2\/comments?post=9260"}],"version-history":[{"count":5,"href":"https:\/\/www.codigovidrio.com\/code\/wp-json\/wp\/v2\/posts\/9260\/revisions"}],"predecessor-version":[{"id":9268,"href":"https:\/\/www.codigovidrio.com\/code\/wp-json\/wp\/v2\/posts\/9260\/revisions\/9268"}],"wp:featuredmedia":[{"embeddable":true,"href":"https:\/\/www.codigovidrio.com\/code\/wp-json\/wp\/v2\/media\/9263"}],"wp:attachment":[{"href":"https:\/\/www.codigovidrio.com\/code\/wp-json\/wp\/v2\/media?parent=9260"}],"wp:term":[{"taxonomy":"category","embeddable":true,"href":"https:\/\/www.codigovidrio.com\/code\/wp-json\/wp\/v2\/categories?post=9260"},{"taxonomy":"post_tag","embeddable":true,"href":"https:\/\/www.codigovidrio.com\/code\/wp-json\/wp\/v2\/tags?post=9260"}],"curies":[{"name":"wp","href":"https:\/\/api.w.org\/{rel}","templated":true}]}}