{"id":9108,"date":"2024-05-01T16:40:18","date_gmt":"2024-05-01T21:40:18","guid":{"rendered":"https:\/\/www.codigovidrio.com\/code\/?p=9108"},"modified":"2024-05-01T21:28:13","modified_gmt":"2024-05-02T02:28:13","slug":"el-dia-del-trabajo-desperto-sentimientos-agridulces-en-redes","status":"publish","type":"post","link":"https:\/\/www.codigovidrio.com\/code\/el-dia-del-trabajo-desperto-sentimientos-agridulces-en-redes\/","title":{"rendered":"El D\u00eda del Trabajo despert\u00f3 sentimientos agridulces en redes"},"content":{"rendered":"<p><strong><span style=\"color: #ff6600;\">LupaDigital<\/span>.<\/strong> <strong>En la esfera digital los usuarios pasaron del optimismo a la cr\u00edtica y el pesimismo sobre la situaci\u00f3n laboral del pa\u00eds. Las redes fueron un term\u00f3metro de la incertidumbre que viven los ecuatorianos por la falta de un empleo. Con eufemismos se trat\u00f3 de maquillar el abuso laboral. Hubo 640 publicaciones optimistas versus 451 negativos en un pa\u00eds que clama por oportunidades en el D\u00eda del Trabajador.<\/strong><\/p>\n<p>Por Andr\u00e9s Jaramillo<\/p>\n<p>\u00a1Feliz D\u00eda Internacional del Trabajador! Esta expresi\u00f3n, con sus variaciones, inund\u00f3 las redes sociales cuando amaneci\u00f3 este mi\u00e9rcoles 1 de mayo de 2024. Hizo que el sentimiento positivo crezca en la conversaci\u00f3n digital de Ecuador, como si fuera el D\u00eda de la Madre o San Valent\u00edn. Hubo 640 publicaciones optimistas hasta las 10:00, versus 451 \u2018posteos\u2019 negativos.<\/p>\n<p>Luego, la brecha comenz\u00f3 a cerrarse conforme los usuarios cuestionaron el sobre entusiasmo de un pa\u00eds en el que, de los m\u00e1s de 13.1 millones de personas en edad trabajar, apenas poco m\u00e1s de 2.9 millones tienen un empleo adecuado. Es decir, un empleo donde se gana igual o m\u00e1s del salario m\u00ednimo, se labora igual o m\u00e1s de 40 horas a la semana y se tiene prestaciones, de acuerdo con el Instituto Nacional de Estad\u00edsticas y Censos (INEC).<\/p>\n<p>Los \u2018posteos\u2019 negativos recordaron la falta de oportunidades para las personas que, incluso con t\u00edtulo de cuarto nivel, no pueden conseguir trabajo. A las familias que han perdido a sus padres, madres o hijos tratando de emigrar a Estados Unidos en busca de oportunidades. A quienes tienen que pelear duro por un puesto al que postulan cientos de personas, en momentos en que se deber\u00eda celebrar el avance y no el retroceso de los derechos laborales.<\/p>\n<p>El D\u00eda Internacional de los Trabajadores, precisamente, se instaur\u00f3 hace 135 a\u00f1os para conmemorar las luchas del movimiento obrero mundial que permitieron reivindicaciones laborales como la reducci\u00f3n de las jornadas laborales a ocho horas y el derecho al descanso.<\/p>\n<p><img fetchpriority=\"high\" decoding=\"async\" class=\"alignleft size-full wp-image-9110\" src=\"https:\/\/www.codigovidrio.com\/code\/wp-content\/uploads\/2024\/05\/Grafico-trabajo.png\" alt=\"\" width=\"1798\" height=\"600\" srcset=\"https:\/\/www.codigovidrio.com\/code\/wp-content\/uploads\/2024\/05\/Grafico-trabajo.png 1798w, https:\/\/www.codigovidrio.com\/code\/wp-content\/uploads\/2024\/05\/Grafico-trabajo-300x100.png 300w, https:\/\/www.codigovidrio.com\/code\/wp-content\/uploads\/2024\/05\/Grafico-trabajo-1024x342.png 1024w, https:\/\/www.codigovidrio.com\/code\/wp-content\/uploads\/2024\/05\/Grafico-trabajo-768x256.png 768w, https:\/\/www.codigovidrio.com\/code\/wp-content\/uploads\/2024\/05\/Grafico-trabajo-1536x513.png 1536w\" sizes=\"(max-width: 1798px) 100vw, 1798px\" \/><\/p>\n<p>Sin embargo, y sobre todo luego de la pandemia por la COVID19, que provoc\u00f3 una crisis econ\u00f3mica mundial, se crearon las condiciones para que la precarizaci\u00f3n laboral se normalice. Incluso, acudiendo a eufemismos.<\/p>\n<p>As\u00ed, en la actualidad, lo que se llama \u2018colaborador\u2019 de una empresa, en realidad es un desempleado\/a que cumple una labor sin recibir una remuneraci\u00f3n, con la esperanza de que en alg\u00fan momento se le reconozca econ\u00f3micamente ese esfuerzo.<\/p>\n<p>No es que las nuevas generaciones prefieran la flexibilizaci\u00f3n laboral. En realidad, no tienen otra opci\u00f3n que aceptar trabajos ocasionales para ganar experiencia, sacrificando prestaciones e ingresos.<\/p>\n<p>El que consigue dos o tres trabajos para subsistir no es h\u00e9roe ni ejemplo para seguir. Si sacrifica su tiempo libre, esparcimiento y la familia es porque no se puede dar el lujo de renunciar. Las urgencias econ\u00f3micas lo consumen.<\/p>\n<p>Entonces, \u00bfcu\u00e1l feliz d\u00eda? \u00bfcu\u00e1l trabajo?\u00a0 El D\u00eda Internacional del Trabajador, lejos del romanticismo que lo envuelve, deber\u00eda ser un llamado a la acci\u00f3n. Una oportunidad para recuperar la organizaci\u00f3n, y la movilizaci\u00f3n social, que hace m\u00e1s de 135 a\u00f1os nos ense\u00f1aron que son instrumentos indispensables para luchar por un empleo digno.<\/p>\n","protected":false},"excerpt":{"rendered":"<p>LupaDigital. En la esfera digital los usuarios pasaron del optimismo a la cr\u00edtica y el pesimismo sobre la situaci\u00f3n laboral del pa\u00eds. Las redes fueron un term\u00f3metro de la incertidumbre que viven los ecuatorianos por la falta de un empleo. Con eufemismos se trat\u00f3 de maquillar el abuso laboral. Hubo 640 publicaciones optimistas versus 451 &#8230; <a title=\"El D\u00eda del Trabajo despert\u00f3 sentimientos agridulces en redes\" class=\"read-more\" href=\"https:\/\/www.codigovidrio.com\/code\/el-dia-del-trabajo-desperto-sentimientos-agridulces-en-redes\/\">leer m\u00e1s&#8230;<\/a><\/p>\n","protected":false},"author":2,"featured_media":9115,"comment_status":"open","ping_status":"closed","sticky":false,"template":"","format":"standard","meta":{"generate_page_header":"","footnotes":""},"categories":[211],"tags":[],"yoast_head":"<!-- This site is optimized with the Yoast SEO plugin v23.5 - https:\/\/yoast.com\/wordpress\/plugins\/seo\/ -->\n<title>El D\u00eda del Trabajo despert\u00f3 sentimientos agridulces en redes - C\u00f3digo Vidrio<\/title>\n<meta name=\"robots\" content=\"index, follow, max-snippet:-1, max-image-preview:large, max-video-preview:-1\" \/>\n<link rel=\"canonical\" href=\"https:\/\/www.codigovidrio.com\/code\/el-dia-del-trabajo-desperto-sentimientos-agridulces-en-redes\/\" \/>\n<meta property=\"og:locale\" content=\"es_ES\" \/>\n<meta property=\"og:type\" content=\"article\" \/>\n<meta property=\"og:title\" content=\"El D\u00eda del Trabajo despert\u00f3 sentimientos agridulces en redes - C\u00f3digo Vidrio\" \/>\n<meta property=\"og:description\" content=\"LupaDigital. En la esfera digital los usuarios pasaron del optimismo a la cr\u00edtica y el pesimismo sobre la situaci\u00f3n laboral del pa\u00eds. Las redes fueron un term\u00f3metro de la incertidumbre que viven los ecuatorianos por la falta de un empleo. Con eufemismos se trat\u00f3 de maquillar el abuso laboral. Hubo 640 publicaciones optimistas versus 451 ... leer m\u00e1s...\" \/>\n<meta property=\"og:url\" content=\"https:\/\/www.codigovidrio.com\/code\/el-dia-del-trabajo-desperto-sentimientos-agridulces-en-redes\/\" \/>\n<meta property=\"og:site_name\" content=\"C\u00f3digo Vidrio\" \/>\n<meta property=\"article:published_time\" content=\"2024-05-01T21:40:18+00:00\" \/>\n<meta property=\"article:modified_time\" content=\"2024-05-02T02:28:13+00:00\" \/>\n<meta property=\"og:image\" content=\"https:\/\/www.codigovidrio.com\/code\/wp-content\/uploads\/2024\/05\/F5A17568-A73A-47E3-BCD3-AD7C6960DCE5.jpeg\" \/>\n\t<meta property=\"og:image:width\" content=\"2362\" \/>\n\t<meta property=\"og:image:height\" content=\"1132\" \/>\n\t<meta property=\"og:image:type\" content=\"image\/jpeg\" \/>\n<meta name=\"author\" content=\"Codigo Vidrio Admin\" \/>\n<meta name=\"twitter:card\" content=\"summary_large_image\" \/>\n<meta name=\"twitter:label1\" content=\"Escrito por\" \/>\n\t<meta name=\"twitter:data1\" content=\"Codigo Vidrio Admin\" \/>\n\t<meta name=\"twitter:label2\" content=\"Tiempo de lectura\" \/>\n\t<meta name=\"twitter:data2\" content=\"3 minutos\" \/>\n<script type=\"application\/ld+json\" class=\"yoast-schema-graph\">{\"@context\":\"https:\/\/schema.org\",\"@graph\":[{\"@type\":\"Article\",\"@id\":\"https:\/\/www.codigovidrio.com\/code\/el-dia-del-trabajo-desperto-sentimientos-agridulces-en-redes\/#article\",\"isPartOf\":{\"@id\":\"https:\/\/www.codigovidrio.com\/code\/el-dia-del-trabajo-desperto-sentimientos-agridulces-en-redes\/\"},\"author\":{\"name\":\"Codigo Vidrio Admin\",\"@id\":\"https:\/\/www.codigovidrio.com\/code\/#\/schema\/person\/974bc7a5b889699d012b2343dc68fc6e\"},\"headline\":\"El D\u00eda del Trabajo despert\u00f3 sentimientos agridulces en redes\",\"datePublished\":\"2024-05-01T21:40:18+00:00\",\"dateModified\":\"2024-05-02T02:28:13+00:00\",\"mainEntityOfPage\":{\"@id\":\"https:\/\/www.codigovidrio.com\/code\/el-dia-del-trabajo-desperto-sentimientos-agridulces-en-redes\/\"},\"wordCount\":557,\"commentCount\":0,\"publisher\":{\"@id\":\"https:\/\/www.codigovidrio.com\/code\/#organization\"},\"image\":{\"@id\":\"https:\/\/www.codigovidrio.com\/code\/el-dia-del-trabajo-desperto-sentimientos-agridulces-en-redes\/#primaryimage\"},\"thumbnailUrl\":\"https:\/\/www.codigovidrio.com\/code\/wp-content\/uploads\/2024\/05\/F5A17568-A73A-47E3-BCD3-AD7C6960DCE5.jpeg\",\"articleSection\":[\"Especiales\"],\"inLanguage\":\"es\",\"potentialAction\":[{\"@type\":\"CommentAction\",\"name\":\"Comment\",\"target\":[\"https:\/\/www.codigovidrio.com\/code\/el-dia-del-trabajo-desperto-sentimientos-agridulces-en-redes\/#respond\"]}]},{\"@type\":\"WebPage\",\"@id\":\"https:\/\/www.codigovidrio.com\/code\/el-dia-del-trabajo-desperto-sentimientos-agridulces-en-redes\/\",\"url\":\"https:\/\/www.codigovidrio.com\/code\/el-dia-del-trabajo-desperto-sentimientos-agridulces-en-redes\/\",\"name\":\"El D\u00eda del Trabajo despert\u00f3 sentimientos agridulces en redes - C\u00f3digo Vidrio\",\"isPartOf\":{\"@id\":\"https:\/\/www.codigovidrio.com\/code\/#website\"},\"primaryImageOfPage\":{\"@id\":\"https:\/\/www.codigovidrio.com\/code\/el-dia-del-trabajo-desperto-sentimientos-agridulces-en-redes\/#primaryimage\"},\"image\":{\"@id\":\"https:\/\/www.codigovidrio.com\/code\/el-dia-del-trabajo-desperto-sentimientos-agridulces-en-redes\/#primaryimage\"},\"thumbnailUrl\":\"https:\/\/www.codigovidrio.com\/code\/wp-content\/uploads\/2024\/05\/F5A17568-A73A-47E3-BCD3-AD7C6960DCE5.jpeg\",\"datePublished\":\"2024-05-01T21:40:18+00:00\",\"dateModified\":\"2024-05-02T02:28:13+00:00\",\"breadcrumb\":{\"@id\":\"https:\/\/www.codigovidrio.com\/code\/el-dia-del-trabajo-desperto-sentimientos-agridulces-en-redes\/#breadcrumb\"},\"inLanguage\":\"es\",\"potentialAction\":[{\"@type\":\"ReadAction\",\"target\":[\"https:\/\/www.codigovidrio.com\/code\/el-dia-del-trabajo-desperto-sentimientos-agridulces-en-redes\/\"]}]},{\"@type\":\"ImageObject\",\"inLanguage\":\"es\",\"@id\":\"https:\/\/www.codigovidrio.com\/code\/el-dia-del-trabajo-desperto-sentimientos-agridulces-en-redes\/#primaryimage\",\"url\":\"https:\/\/www.codigovidrio.com\/code\/wp-content\/uploads\/2024\/05\/F5A17568-A73A-47E3-BCD3-AD7C6960DCE5.jpeg\",\"contentUrl\":\"https:\/\/www.codigovidrio.com\/code\/wp-content\/uploads\/2024\/05\/F5A17568-A73A-47E3-BCD3-AD7C6960DCE5.jpeg\",\"width\":2362,\"height\":1132},{\"@type\":\"BreadcrumbList\",\"@id\":\"https:\/\/www.codigovidrio.com\/code\/el-dia-del-trabajo-desperto-sentimientos-agridulces-en-redes\/#breadcrumb\",\"itemListElement\":[{\"@type\":\"ListItem\",\"position\":1,\"name\":\"Portada\",\"item\":\"https:\/\/www.codigovidrio.com\/code\/\"},{\"@type\":\"ListItem\",\"position\":2,\"name\":\"El D\u00eda del Trabajo despert\u00f3 sentimientos agridulces en redes\"}]},{\"@type\":\"WebSite\",\"@id\":\"https:\/\/www.codigovidrio.com\/code\/#website\",\"url\":\"https:\/\/www.codigovidrio.com\/code\/\",\"name\":\"C\u00f3digo Vidrio\",\"description\":\"Transparentamos las historias ocultas\",\"publisher\":{\"@id\":\"https:\/\/www.codigovidrio.com\/code\/#organization\"},\"potentialAction\":[{\"@type\":\"SearchAction\",\"target\":{\"@type\":\"EntryPoint\",\"urlTemplate\":\"https:\/\/www.codigovidrio.com\/code\/?s={search_term_string}\"},\"query-input\":{\"@type\":\"PropertyValueSpecification\",\"valueRequired\":true,\"valueName\":\"search_term_string\"}}],\"inLanguage\":\"es\"},{\"@type\":\"Organization\",\"@id\":\"https:\/\/www.codigovidrio.com\/code\/#organization\",\"name\":\"C\u00f3digo Vidrio\",\"url\":\"https:\/\/www.codigovidrio.com\/code\/\",\"logo\":{\"@type\":\"ImageObject\",\"inLanguage\":\"es\",\"@id\":\"https:\/\/www.codigovidrio.com\/code\/#\/schema\/logo\/image\/\",\"url\":\"https:\/\/www.codigovidrio.com\/code\/wp-content\/uploads\/2022\/01\/logo-horiz-08.png\",\"contentUrl\":\"https:\/\/www.codigovidrio.com\/code\/wp-content\/uploads\/2022\/01\/logo-horiz-08.png\",\"width\":817,\"height\":294,\"caption\":\"C\u00f3digo Vidrio\"},\"image\":{\"@id\":\"https:\/\/www.codigovidrio.com\/code\/#\/schema\/logo\/image\/\"}},{\"@type\":\"Person\",\"@id\":\"https:\/\/www.codigovidrio.com\/code\/#\/schema\/person\/974bc7a5b889699d012b2343dc68fc6e\",\"name\":\"Codigo Vidrio Admin\",\"url\":\"https:\/\/www.codigovidrio.com\/code\/author\/vidrio-admin\/\"}]}<\/script>\n<!-- \/ Yoast SEO plugin. -->","yoast_head_json":{"title":"El D\u00eda del Trabajo despert\u00f3 sentimientos agridulces en redes - C\u00f3digo Vidrio","robots":{"index":"index","follow":"follow","max-snippet":"max-snippet:-1","max-image-preview":"max-image-preview:large","max-video-preview":"max-video-preview:-1"},"canonical":"https:\/\/www.codigovidrio.com\/code\/el-dia-del-trabajo-desperto-sentimientos-agridulces-en-redes\/","og_locale":"es_ES","og_type":"article","og_title":"El D\u00eda del Trabajo despert\u00f3 sentimientos agridulces en redes - C\u00f3digo Vidrio","og_description":"LupaDigital. En la esfera digital los usuarios pasaron del optimismo a la cr\u00edtica y el pesimismo sobre la situaci\u00f3n laboral del pa\u00eds. Las redes fueron un term\u00f3metro de la incertidumbre que viven los ecuatorianos por la falta de un empleo. Con eufemismos se trat\u00f3 de maquillar el abuso laboral. Hubo 640 publicaciones optimistas versus 451 ... leer m\u00e1s...","og_url":"https:\/\/www.codigovidrio.com\/code\/el-dia-del-trabajo-desperto-sentimientos-agridulces-en-redes\/","og_site_name":"C\u00f3digo Vidrio","article_published_time":"2024-05-01T21:40:18+00:00","article_modified_time":"2024-05-02T02:28:13+00:00","og_image":[{"width":2362,"height":1132,"url":"https:\/\/www.codigovidrio.com\/code\/wp-content\/uploads\/2024\/05\/F5A17568-A73A-47E3-BCD3-AD7C6960DCE5.jpeg","type":"image\/jpeg"}],"author":"Codigo Vidrio Admin","twitter_card":"summary_large_image","twitter_misc":{"Escrito por":"Codigo Vidrio Admin","Tiempo de lectura":"3 minutos"},"schema":{"@context":"https:\/\/schema.org","@graph":[{"@type":"Article","@id":"https:\/\/www.codigovidrio.com\/code\/el-dia-del-trabajo-desperto-sentimientos-agridulces-en-redes\/#article","isPartOf":{"@id":"https:\/\/www.codigovidrio.com\/code\/el-dia-del-trabajo-desperto-sentimientos-agridulces-en-redes\/"},"author":{"name":"Codigo Vidrio Admin","@id":"https:\/\/www.codigovidrio.com\/code\/#\/schema\/person\/974bc7a5b889699d012b2343dc68fc6e"},"headline":"El D\u00eda del Trabajo despert\u00f3 sentimientos agridulces en redes","datePublished":"2024-05-01T21:40:18+00:00","dateModified":"2024-05-02T02:28:13+00:00","mainEntityOfPage":{"@id":"https:\/\/www.codigovidrio.com\/code\/el-dia-del-trabajo-desperto-sentimientos-agridulces-en-redes\/"},"wordCount":557,"commentCount":0,"publisher":{"@id":"https:\/\/www.codigovidrio.com\/code\/#organization"},"image":{"@id":"https:\/\/www.codigovidrio.com\/code\/el-dia-del-trabajo-desperto-sentimientos-agridulces-en-redes\/#primaryimage"},"thumbnailUrl":"https:\/\/www.codigovidrio.com\/code\/wp-content\/uploads\/2024\/05\/F5A17568-A73A-47E3-BCD3-AD7C6960DCE5.jpeg","articleSection":["Especiales"],"inLanguage":"es","potentialAction":[{"@type":"CommentAction","name":"Comment","target":["https:\/\/www.codigovidrio.com\/code\/el-dia-del-trabajo-desperto-sentimientos-agridulces-en-redes\/#respond"]}]},{"@type":"WebPage","@id":"https:\/\/www.codigovidrio.com\/code\/el-dia-del-trabajo-desperto-sentimientos-agridulces-en-redes\/","url":"https:\/\/www.codigovidrio.com\/code\/el-dia-del-trabajo-desperto-sentimientos-agridulces-en-redes\/","name":"El D\u00eda del Trabajo despert\u00f3 sentimientos agridulces en redes - C\u00f3digo Vidrio","isPartOf":{"@id":"https:\/\/www.codigovidrio.com\/code\/#website"},"primaryImageOfPage":{"@id":"https:\/\/www.codigovidrio.com\/code\/el-dia-del-trabajo-desperto-sentimientos-agridulces-en-redes\/#primaryimage"},"image":{"@id":"https:\/\/www.codigovidrio.com\/code\/el-dia-del-trabajo-desperto-sentimientos-agridulces-en-redes\/#primaryimage"},"thumbnailUrl":"https:\/\/www.codigovidrio.com\/code\/wp-content\/uploads\/2024\/05\/F5A17568-A73A-47E3-BCD3-AD7C6960DCE5.jpeg","datePublished":"2024-05-01T21:40:18+00:00","dateModified":"2024-05-02T02:28:13+00:00","breadcrumb":{"@id":"https:\/\/www.codigovidrio.com\/code\/el-dia-del-trabajo-desperto-sentimientos-agridulces-en-redes\/#breadcrumb"},"inLanguage":"es","potentialAction":[{"@type":"ReadAction","target":["https:\/\/www.codigovidrio.com\/code\/el-dia-del-trabajo-desperto-sentimientos-agridulces-en-redes\/"]}]},{"@type":"ImageObject","inLanguage":"es","@id":"https:\/\/www.codigovidrio.com\/code\/el-dia-del-trabajo-desperto-sentimientos-agridulces-en-redes\/#primaryimage","url":"https:\/\/www.codigovidrio.com\/code\/wp-content\/uploads\/2024\/05\/F5A17568-A73A-47E3-BCD3-AD7C6960DCE5.jpeg","contentUrl":"https:\/\/www.codigovidrio.com\/code\/wp-content\/uploads\/2024\/05\/F5A17568-A73A-47E3-BCD3-AD7C6960DCE5.jpeg","width":2362,"height":1132},{"@type":"BreadcrumbList","@id":"https:\/\/www.codigovidrio.com\/code\/el-dia-del-trabajo-desperto-sentimientos-agridulces-en-redes\/#breadcrumb","itemListElement":[{"@type":"ListItem","position":1,"name":"Portada","item":"https:\/\/www.codigovidrio.com\/code\/"},{"@type":"ListItem","position":2,"name":"El D\u00eda del Trabajo despert\u00f3 sentimientos agridulces en redes"}]},{"@type":"WebSite","@id":"https:\/\/www.codigovidrio.com\/code\/#website","url":"https:\/\/www.codigovidrio.com\/code\/","name":"C\u00f3digo Vidrio","description":"Transparentamos las historias ocultas","publisher":{"@id":"https:\/\/www.codigovidrio.com\/code\/#organization"},"potentialAction":[{"@type":"SearchAction","target":{"@type":"EntryPoint","urlTemplate":"https:\/\/www.codigovidrio.com\/code\/?s={search_term_string}"},"query-input":{"@type":"PropertyValueSpecification","valueRequired":true,"valueName":"search_term_string"}}],"inLanguage":"es"},{"@type":"Organization","@id":"https:\/\/www.codigovidrio.com\/code\/#organization","name":"C\u00f3digo Vidrio","url":"https:\/\/www.codigovidrio.com\/code\/","logo":{"@type":"ImageObject","inLanguage":"es","@id":"https:\/\/www.codigovidrio.com\/code\/#\/schema\/logo\/image\/","url":"https:\/\/www.codigovidrio.com\/code\/wp-content\/uploads\/2022\/01\/logo-horiz-08.png","contentUrl":"https:\/\/www.codigovidrio.com\/code\/wp-content\/uploads\/2022\/01\/logo-horiz-08.png","width":817,"height":294,"caption":"C\u00f3digo Vidrio"},"image":{"@id":"https:\/\/www.codigovidrio.com\/code\/#\/schema\/logo\/image\/"}},{"@type":"Person","@id":"https:\/\/www.codigovidrio.com\/code\/#\/schema\/person\/974bc7a5b889699d012b2343dc68fc6e","name":"Codigo Vidrio Admin","url":"https:\/\/www.codigovidrio.com\/code\/author\/vidrio-admin\/"}]}},"_links":{"self":[{"href":"https:\/\/www.codigovidrio.com\/code\/wp-json\/wp\/v2\/posts\/9108"}],"collection":[{"href":"https:\/\/www.codigovidrio.com\/code\/wp-json\/wp\/v2\/posts"}],"about":[{"href":"https:\/\/www.codigovidrio.com\/code\/wp-json\/wp\/v2\/types\/post"}],"author":[{"embeddable":true,"href":"https:\/\/www.codigovidrio.com\/code\/wp-json\/wp\/v2\/users\/2"}],"replies":[{"embeddable":true,"href":"https:\/\/www.codigovidrio.com\/code\/wp-json\/wp\/v2\/comments?post=9108"}],"version-history":[{"count":6,"href":"https:\/\/www.codigovidrio.com\/code\/wp-json\/wp\/v2\/posts\/9108\/revisions"}],"predecessor-version":[{"id":9117,"href":"https:\/\/www.codigovidrio.com\/code\/wp-json\/wp\/v2\/posts\/9108\/revisions\/9117"}],"wp:featuredmedia":[{"embeddable":true,"href":"https:\/\/www.codigovidrio.com\/code\/wp-json\/wp\/v2\/media\/9115"}],"wp:attachment":[{"href":"https:\/\/www.codigovidrio.com\/code\/wp-json\/wp\/v2\/media?parent=9108"}],"wp:term":[{"taxonomy":"category","embeddable":true,"href":"https:\/\/www.codigovidrio.com\/code\/wp-json\/wp\/v2\/categories?post=9108"},{"taxonomy":"post_tag","embeddable":true,"href":"https:\/\/www.codigovidrio.com\/code\/wp-json\/wp\/v2\/tags?post=9108"}],"curies":[{"name":"wp","href":"https:\/\/api.w.org\/{rel}","templated":true}]}}