{"id":8925,"date":"2024-12-19T14:24:28","date_gmt":"2024-12-19T19:24:28","guid":{"rendered":"https:\/\/www.codigovidrio.com\/code\/?p=8925"},"modified":"2024-12-19T15:11:16","modified_gmt":"2024-12-19T20:11:16","slug":"capturado-el-comandante-vicente-cerebro-de-la-mineria-ilegal-de-los-lobos","status":"publish","type":"post","link":"https:\/\/www.codigovidrio.com\/code\/capturado-el-comandante-vicente-cerebro-de-la-mineria-ilegal-de-los-lobos\/","title":{"rendered":"El \u00abComandante Vicente\u00bb es el cerebro de la miner\u00eda ilegal de Los Lobos"},"content":{"rendered":"<p><strong>Pese a su alta peligrosidad y rol fundamental en la estructura criminal de Los Lobos, un juez de Guayaquil lo liber\u00f3 la semana pasada. Vicente Angulo Sosa estuvo detenido nueve meses, luego de ser capturado en el cant\u00f3n Camilo Ponce Enr\u00edquez, Azuay. Es considerado el cerebro de las operaciones de miner\u00eda ilegal, cobro de vacunas y tr\u00e1fico de armas y explosivos desde 2022. Nota actualizada este 19 de diciembre.<\/strong><\/p>\n<p><strong>Redacci\u00f3n C\u00f3digo Vidrio<\/strong><\/p>\n<p>Vicente Angulo Sosa, Alias <strong><em>Comandante Vicente,<\/em><\/strong> ha dirigido desde el 2022 las operaciones de miner\u00eda ilegal y cobro de vacunas en Camilo Ponce Enr\u00edquez, en Azuay, y parte de Zamora Chinchipe. Aqu\u00ed, Los Lobos han controlado unas 20 minas y extorsionan a empresas que tienen concesiones en 30 minas m\u00e1s, seg\u00fan informes de Inteligencia.<\/p>\n<p>La semana pasada, Vicente Angulo, alias Comandante Vicente, y se\u00f1alado como uno de los cabecillas del<b><a href=\"https:\/\/www.ecuavisa.com\/noticias\/seguridad\/lenin-vimos-sentenciado-lavado-activos-XN8492213\" target=\"_blank\" rel=\"noopener noreferrer\"> grupo terrorista Los Lobos<\/a><\/b>, fue liberado de la c\u00e1rcel por orden de un juez de Guayaquil. Fue detenido el 30 de marzo pasado, en un operativo combinado entre las Fuerzas Armadas y la Polic\u00eda, tras un seguimiento de varios meses de las unidades de inteligencia.<\/p>\n<p>Su excarcelaci\u00f3n fue duramente cuestionada este jueves 19 de diciembre de 2024, tanto por las autoridades de las Fuerzas Armadas como de la Polic\u00eda por cuanto Vicente fue capturado con abundante evidencia y es considerado un blanco de alto valor por su peligrosidad.<\/p>\n<p>Fue liberado luego de una audiencia de revisi\u00f3n de medidas cautelares, que solicitaron sus abogados en un proceso de delincuencia organizada que data de 2018. En esa diligencia judicial, su abogada indic\u00f3 que Angulo ten\u00eda diabetes, hipertensi\u00f3n y tuberculosis. Su valoraci\u00f3n m\u00e9dica fue entregada a la Fiscal\u00eda, ya que en la c\u00e1rcel donde estaba detenido\u00a0no exist{ia la infraestructura para atender el cuadro m\u00e9dico de Angulo.<\/p>\n<p>Ante estos argumentos, un juez de Guayaquil acept\u00f3 el pedido de sustituir la orden de prisi\u00f3n preventiva de Comandante Vicente. D<b>ispuso que se presente peri\u00f3dicamente ante la justicia, <\/b>\u00a0y que lleve un grillete electr\u00f3nico mientras espera su juicio. Entre tanto, r<b>ecibir\u00e1 atenci\u00f3n m\u00e9dica en su casa en una urbanizaci\u00f3n de Daule<\/b> y trabajar\u00eda como t\u00e9cnico en un taller industrial en el suburbio de Guayaquil.<\/p>\n<p><strong>El Comandante coordinaba env\u00edo de explosivos y armas<\/strong><\/p>\n<p>Angulo estaba pr\u00f3fugo desde septiembre del 2023. En ese mes el juez Edwin Logro\u00f1o, del Tribunal Penal de Guayas, orden\u00f3 su captura por el delito de delincuencia organizada, en el que tambi\u00e9n est\u00e1n enjuiciados cinco integrantes m\u00e1s de Los Lobos. El <strong><em>Comandante Vicente<\/em><\/strong> ten\u00eda un rol clave dentro del grupo criminal que disputa el control de territorios y hegemon\u00eda con Los Choneros. Adem\u00e1s de la miner\u00eda ilegal, se encargaba de coordinar el env\u00edo de explosivos y armas desde el sur a otras provincias del pa\u00eds donde el grupo criminal ha incrementado su presencia.<\/p>\n<p><strong>\u00a0<\/strong>En Azuay y Zamora, Los Lobos controlan a 40 grupos de mineros ilegales. Seg\u00fan estimaciones de Inteligencia, estas actividades criminales de miner\u00eda ilegal les dejan a ese grupo criminal ganancias estimadas\u00a0en 3,6 millones de d\u00f3lares por mes.<\/p>\n<p>Los \u00faltimos a\u00f1os, <a href=\"https:\/\/www.vistazo.com\/cronologia\/-\/meta\/los-lobos\">Los Lobos<\/a>, vinculado al C\u00e1rtel Jalisco Nueva Generaci\u00f3n (CJNG) de M\u00e9xico y que se atribuy\u00f3 el asesinato del excandidato presidencial Fernando Villavicencio, ha extendido sus actividades de tr\u00e1fico de drogas, sicariato y extorsi\u00f3n a la extracci\u00f3n de oro ilegal, sobre todo al sur del pa\u00eds.<\/p>\n<p><img fetchpriority=\"high\" decoding=\"async\" class=\"wp-image-8928 alignleft\" src=\"https:\/\/www.codigovidrio.com\/code\/wp-content\/uploads\/2024\/03\/Captura-de-Pantalla-2024-03-30-a-las-12.10.04.png\" alt=\"\" width=\"738\" height=\"378\" srcset=\"https:\/\/www.codigovidrio.com\/code\/wp-content\/uploads\/2024\/03\/Captura-de-Pantalla-2024-03-30-a-las-12.10.04.png 1920w, https:\/\/www.codigovidrio.com\/code\/wp-content\/uploads\/2024\/03\/Captura-de-Pantalla-2024-03-30-a-las-12.10.04-300x154.png 300w, https:\/\/www.codigovidrio.com\/code\/wp-content\/uploads\/2024\/03\/Captura-de-Pantalla-2024-03-30-a-las-12.10.04-1024x525.png 1024w, https:\/\/www.codigovidrio.com\/code\/wp-content\/uploads\/2024\/03\/Captura-de-Pantalla-2024-03-30-a-las-12.10.04-768x394.png 768w, https:\/\/www.codigovidrio.com\/code\/wp-content\/uploads\/2024\/03\/Captura-de-Pantalla-2024-03-30-a-las-12.10.04-1536x787.png 1536w\" sizes=\"(max-width: 738px) 100vw, 738px\" \/><\/p>\n<p>Seg\u00fan informes clasificados del sistema de inteligencia, en Camilo Ponce Enr\u00edquez, Los Lobos controlan una maquinaria criminal que genera decenas de millones de d\u00f3lares cada mes, y explica en parte el crecimiento sostenido de integrantes de ese grupo delictivo, los \u00faltimos a\u00f1os.<\/p>\n<p>El 70% de los habitantes del cant\u00f3n Camilo Ponce Enr\u00edquez vive en situaci\u00f3n de pobreza y la fuente tradicional de ingresos ha sido la miner\u00eda artesanal de oro. Sin embargo, esta actividad que antes era de subsistencia, en los \u00faltimos a\u00f1os ha sido desplazada por la violencia de grupos armados que responden a la l\u00ednea jer\u00e1rquica de una organizaci\u00f3n criminal como Los Lobos.<\/p>\n<p>La estructura delictiva ha establecido nexos con decenas de polic\u00edas, militares, agentes estatales y operadores de justicia para garantizar su protecci\u00f3n e impunidad en Azuay, seg\u00fan reportes oficiales.<\/p>\n<p>Uno de los l\u00edderes de esa banda, que est\u00e1 siendo investigado, es un pol\u00edtico que fue asesor en el despacho de un legislador, entre los a\u00f1os 2021 y 2023. El exfuncionario registra antecedentes por actividades il\u00edcitas. Seg\u00fan los expedientes, este personaje es asociado como colaborador del C\u00e1rtel Jalisco Nueva Generaci\u00f3n.<\/p>\n<p><img decoding=\"async\" class=\"wp-image-8932 alignright\" src=\"https:\/\/www.codigovidrio.com\/code\/wp-content\/uploads\/2024\/03\/Captura-de-Pantalla-2024-03-30-a-las-12.10.22.png\" alt=\"\" width=\"490\" height=\"582\" srcset=\"https:\/\/www.codigovidrio.com\/code\/wp-content\/uploads\/2024\/03\/Captura-de-Pantalla-2024-03-30-a-las-12.10.22.png 1198w, https:\/\/www.codigovidrio.com\/code\/wp-content\/uploads\/2024\/03\/Captura-de-Pantalla-2024-03-30-a-las-12.10.22-252x300.png 252w, https:\/\/www.codigovidrio.com\/code\/wp-content\/uploads\/2024\/03\/Captura-de-Pantalla-2024-03-30-a-las-12.10.22-861x1024.png 861w, https:\/\/www.codigovidrio.com\/code\/wp-content\/uploads\/2024\/03\/Captura-de-Pantalla-2024-03-30-a-las-12.10.22-768x913.png 768w\" sizes=\"(max-width: 490px) 100vw, 490px\" \/><\/p>\n<p>La incursi\u00f3n de Los Lobos en la miner\u00eda ilegal de Ponce Enr\u00edquez se acentu\u00f3 a fines de 2022, detallan los documentos de Inteligencia. Sus acciones criminales comenzaron con la \u201cintimidaci\u00f3n, secuestro, sicariato, extorsi\u00f3n y cobro de vacunas\u201d.<\/p>\n<p>En una siguiente etapa, tomaron el control de operaciones mineras que comprenden incluso concesiones legales dedicadas a la explotaci\u00f3n de oro. Para ello incursionaron en minas y se instalaron en varias de ellas, sin dejar opci\u00f3n a los concesionarios legales, algunos de los cuales optaron por marcharse por temor a ser asesinados.<\/p>\n<p>Con su llegada, estos actores instalaron la violencia y el miedo entre la poblaci\u00f3n. El cant\u00f3n Ponce Enr\u00edquez registr\u00f3 oficialmente 26 cr\u00edmenes entre 2022 y 2023, seg\u00fan registros policiales. De entre las v\u00edctimas, sobresalen titulares de concesiones legales de miner\u00eda de oro.<\/p>\n<p>Los documentos del caso Met\u00e1stasis, alrededor del narcotraficante Leandro Norero, que fingi\u00f3 su muerte por Covid-19 en Per\u00fa, tambi\u00e9n alertan las conexiones pol\u00edticas, los m\u00e9todos del lavado y el financiamiento de estas bandas en la miner\u00eda. Norero era financista de Los Lobos. En su domicilio ten\u00eda 43 lingotes de oro que hab\u00edan sido procesados en Portovelo, El Oro.<\/p>\n","protected":false},"excerpt":{"rendered":"<p>Pese a su alta peligrosidad y rol fundamental en la estructura criminal de Los Lobos, un juez de Guayaquil lo liber\u00f3 la semana pasada. Vicente Angulo Sosa estuvo detenido nueve meses, luego de ser capturado en el cant\u00f3n Camilo Ponce Enr\u00edquez, Azuay. Es considerado el cerebro de las operaciones de miner\u00eda ilegal, cobro de vacunas &#8230; <a title=\"El \u00abComandante Vicente\u00bb es el cerebro de la miner\u00eda ilegal de Los Lobos\" class=\"read-more\" href=\"https:\/\/www.codigovidrio.com\/code\/capturado-el-comandante-vicente-cerebro-de-la-mineria-ilegal-de-los-lobos\/\">leer m\u00e1s&#8230;<\/a><\/p>\n","protected":false},"author":2,"featured_media":8926,"comment_status":"open","ping_status":"closed","sticky":false,"template":"","format":"standard","meta":{"generate_page_header":"","footnotes":""},"categories":[211],"tags":[],"yoast_head":"<!-- This site is optimized with the Yoast SEO plugin v23.5 - https:\/\/yoast.com\/wordpress\/plugins\/seo\/ -->\n<title>El &quot;Comandante Vicente&quot; es el cerebro de la miner\u00eda ilegal de Los Lobos - C\u00f3digo Vidrio<\/title>\n<meta name=\"robots\" content=\"index, follow, max-snippet:-1, max-image-preview:large, max-video-preview:-1\" \/>\n<link rel=\"canonical\" href=\"https:\/\/www.codigovidrio.com\/code\/capturado-el-comandante-vicente-cerebro-de-la-mineria-ilegal-de-los-lobos\/\" \/>\n<meta property=\"og:locale\" content=\"es_ES\" \/>\n<meta property=\"og:type\" content=\"article\" \/>\n<meta property=\"og:title\" content=\"El &quot;Comandante Vicente&quot; es el cerebro de la miner\u00eda ilegal de Los Lobos - C\u00f3digo Vidrio\" \/>\n<meta property=\"og:description\" content=\"Pese a su alta peligrosidad y rol fundamental en la estructura criminal de Los Lobos, un juez de Guayaquil lo liber\u00f3 la semana pasada. Vicente Angulo Sosa estuvo detenido nueve meses, luego de ser capturado en el cant\u00f3n Camilo Ponce Enr\u00edquez, Azuay. Es considerado el cerebro de las operaciones de miner\u00eda ilegal, cobro de vacunas ... leer m\u00e1s...\" \/>\n<meta property=\"og:url\" content=\"https:\/\/www.codigovidrio.com\/code\/capturado-el-comandante-vicente-cerebro-de-la-mineria-ilegal-de-los-lobos\/\" \/>\n<meta property=\"og:site_name\" content=\"C\u00f3digo Vidrio\" \/>\n<meta property=\"article:published_time\" content=\"2024-12-19T19:24:28+00:00\" \/>\n<meta property=\"article:modified_time\" content=\"2024-12-19T20:11:16+00:00\" \/>\n<meta property=\"og:image\" content=\"https:\/\/www.codigovidrio.com\/code\/wp-content\/uploads\/2024\/03\/Captura-de-Pantalla-2024-03-30-a-las-12.09.06-1024x472.png\" \/>\n\t<meta property=\"og:image:width\" content=\"1024\" \/>\n\t<meta property=\"og:image:height\" content=\"472\" \/>\n\t<meta property=\"og:image:type\" content=\"image\/png\" \/>\n<meta name=\"author\" content=\"Codigo Vidrio Admin\" \/>\n<meta name=\"twitter:card\" content=\"summary_large_image\" \/>\n<meta name=\"twitter:label1\" content=\"Escrito por\" \/>\n\t<meta name=\"twitter:data1\" content=\"Codigo Vidrio Admin\" \/>\n\t<meta name=\"twitter:label2\" content=\"Tiempo de lectura\" \/>\n\t<meta name=\"twitter:data2\" content=\"5 minutos\" \/>\n<script type=\"application\/ld+json\" class=\"yoast-schema-graph\">{\"@context\":\"https:\/\/schema.org\",\"@graph\":[{\"@type\":\"Article\",\"@id\":\"https:\/\/www.codigovidrio.com\/code\/capturado-el-comandante-vicente-cerebro-de-la-mineria-ilegal-de-los-lobos\/#article\",\"isPartOf\":{\"@id\":\"https:\/\/www.codigovidrio.com\/code\/capturado-el-comandante-vicente-cerebro-de-la-mineria-ilegal-de-los-lobos\/\"},\"author\":{\"name\":\"Codigo Vidrio Admin\",\"@id\":\"https:\/\/www.codigovidrio.com\/code\/#\/schema\/person\/974bc7a5b889699d012b2343dc68fc6e\"},\"headline\":\"El \u00abComandante Vicente\u00bb es el cerebro de la miner\u00eda ilegal de Los Lobos\",\"datePublished\":\"2024-12-19T19:24:28+00:00\",\"dateModified\":\"2024-12-19T20:11:16+00:00\",\"mainEntityOfPage\":{\"@id\":\"https:\/\/www.codigovidrio.com\/code\/capturado-el-comandante-vicente-cerebro-de-la-mineria-ilegal-de-los-lobos\/\"},\"wordCount\":1011,\"commentCount\":1,\"publisher\":{\"@id\":\"https:\/\/www.codigovidrio.com\/code\/#organization\"},\"image\":{\"@id\":\"https:\/\/www.codigovidrio.com\/code\/capturado-el-comandante-vicente-cerebro-de-la-mineria-ilegal-de-los-lobos\/#primaryimage\"},\"thumbnailUrl\":\"https:\/\/www.codigovidrio.com\/code\/wp-content\/uploads\/2024\/03\/Captura-de-Pantalla-2024-03-30-a-las-12.09.06.png\",\"articleSection\":[\"Especiales\"],\"inLanguage\":\"es\",\"potentialAction\":[{\"@type\":\"CommentAction\",\"name\":\"Comment\",\"target\":[\"https:\/\/www.codigovidrio.com\/code\/capturado-el-comandante-vicente-cerebro-de-la-mineria-ilegal-de-los-lobos\/#respond\"]}]},{\"@type\":\"WebPage\",\"@id\":\"https:\/\/www.codigovidrio.com\/code\/capturado-el-comandante-vicente-cerebro-de-la-mineria-ilegal-de-los-lobos\/\",\"url\":\"https:\/\/www.codigovidrio.com\/code\/capturado-el-comandante-vicente-cerebro-de-la-mineria-ilegal-de-los-lobos\/\",\"name\":\"El \\\"Comandante Vicente\\\" es el cerebro de la miner\u00eda ilegal de Los Lobos - C\u00f3digo Vidrio\",\"isPartOf\":{\"@id\":\"https:\/\/www.codigovidrio.com\/code\/#website\"},\"primaryImageOfPage\":{\"@id\":\"https:\/\/www.codigovidrio.com\/code\/capturado-el-comandante-vicente-cerebro-de-la-mineria-ilegal-de-los-lobos\/#primaryimage\"},\"image\":{\"@id\":\"https:\/\/www.codigovidrio.com\/code\/capturado-el-comandante-vicente-cerebro-de-la-mineria-ilegal-de-los-lobos\/#primaryimage\"},\"thumbnailUrl\":\"https:\/\/www.codigovidrio.com\/code\/wp-content\/uploads\/2024\/03\/Captura-de-Pantalla-2024-03-30-a-las-12.09.06.png\",\"datePublished\":\"2024-12-19T19:24:28+00:00\",\"dateModified\":\"2024-12-19T20:11:16+00:00\",\"breadcrumb\":{\"@id\":\"https:\/\/www.codigovidrio.com\/code\/capturado-el-comandante-vicente-cerebro-de-la-mineria-ilegal-de-los-lobos\/#breadcrumb\"},\"inLanguage\":\"es\",\"potentialAction\":[{\"@type\":\"ReadAction\",\"target\":[\"https:\/\/www.codigovidrio.com\/code\/capturado-el-comandante-vicente-cerebro-de-la-mineria-ilegal-de-los-lobos\/\"]}]},{\"@type\":\"ImageObject\",\"inLanguage\":\"es\",\"@id\":\"https:\/\/www.codigovidrio.com\/code\/capturado-el-comandante-vicente-cerebro-de-la-mineria-ilegal-de-los-lobos\/#primaryimage\",\"url\":\"https:\/\/www.codigovidrio.com\/code\/wp-content\/uploads\/2024\/03\/Captura-de-Pantalla-2024-03-30-a-las-12.09.06.png\",\"contentUrl\":\"https:\/\/www.codigovidrio.com\/code\/wp-content\/uploads\/2024\/03\/Captura-de-Pantalla-2024-03-30-a-las-12.09.06.png\",\"width\":2148,\"height\":990},{\"@type\":\"BreadcrumbList\",\"@id\":\"https:\/\/www.codigovidrio.com\/code\/capturado-el-comandante-vicente-cerebro-de-la-mineria-ilegal-de-los-lobos\/#breadcrumb\",\"itemListElement\":[{\"@type\":\"ListItem\",\"position\":1,\"name\":\"Portada\",\"item\":\"https:\/\/www.codigovidrio.com\/code\/\"},{\"@type\":\"ListItem\",\"position\":2,\"name\":\"El \u00abComandante Vicente\u00bb es el cerebro de la miner\u00eda ilegal de Los Lobos\"}]},{\"@type\":\"WebSite\",\"@id\":\"https:\/\/www.codigovidrio.com\/code\/#website\",\"url\":\"https:\/\/www.codigovidrio.com\/code\/\",\"name\":\"C\u00f3digo Vidrio\",\"description\":\"Transparentamos las historias ocultas\",\"publisher\":{\"@id\":\"https:\/\/www.codigovidrio.com\/code\/#organization\"},\"potentialAction\":[{\"@type\":\"SearchAction\",\"target\":{\"@type\":\"EntryPoint\",\"urlTemplate\":\"https:\/\/www.codigovidrio.com\/code\/?s={search_term_string}\"},\"query-input\":{\"@type\":\"PropertyValueSpecification\",\"valueRequired\":true,\"valueName\":\"search_term_string\"}}],\"inLanguage\":\"es\"},{\"@type\":\"Organization\",\"@id\":\"https:\/\/www.codigovidrio.com\/code\/#organization\",\"name\":\"C\u00f3digo Vidrio\",\"url\":\"https:\/\/www.codigovidrio.com\/code\/\",\"logo\":{\"@type\":\"ImageObject\",\"inLanguage\":\"es\",\"@id\":\"https:\/\/www.codigovidrio.com\/code\/#\/schema\/logo\/image\/\",\"url\":\"https:\/\/www.codigovidrio.com\/code\/wp-content\/uploads\/2022\/01\/logo-horiz-08.png\",\"contentUrl\":\"https:\/\/www.codigovidrio.com\/code\/wp-content\/uploads\/2022\/01\/logo-horiz-08.png\",\"width\":817,\"height\":294,\"caption\":\"C\u00f3digo Vidrio\"},\"image\":{\"@id\":\"https:\/\/www.codigovidrio.com\/code\/#\/schema\/logo\/image\/\"}},{\"@type\":\"Person\",\"@id\":\"https:\/\/www.codigovidrio.com\/code\/#\/schema\/person\/974bc7a5b889699d012b2343dc68fc6e\",\"name\":\"Codigo Vidrio Admin\",\"url\":\"https:\/\/www.codigovidrio.com\/code\/author\/vidrio-admin\/\"}]}<\/script>\n<!-- \/ Yoast SEO plugin. -->","yoast_head_json":{"title":"El \"Comandante Vicente\" es el cerebro de la miner\u00eda ilegal de Los Lobos - C\u00f3digo Vidrio","robots":{"index":"index","follow":"follow","max-snippet":"max-snippet:-1","max-image-preview":"max-image-preview:large","max-video-preview":"max-video-preview:-1"},"canonical":"https:\/\/www.codigovidrio.com\/code\/capturado-el-comandante-vicente-cerebro-de-la-mineria-ilegal-de-los-lobos\/","og_locale":"es_ES","og_type":"article","og_title":"El \"Comandante Vicente\" es el cerebro de la miner\u00eda ilegal de Los Lobos - C\u00f3digo Vidrio","og_description":"Pese a su alta peligrosidad y rol fundamental en la estructura criminal de Los Lobos, un juez de Guayaquil lo liber\u00f3 la semana pasada. Vicente Angulo Sosa estuvo detenido nueve meses, luego de ser capturado en el cant\u00f3n Camilo Ponce Enr\u00edquez, Azuay. Es considerado el cerebro de las operaciones de miner\u00eda ilegal, cobro de vacunas ... leer m\u00e1s...","og_url":"https:\/\/www.codigovidrio.com\/code\/capturado-el-comandante-vicente-cerebro-de-la-mineria-ilegal-de-los-lobos\/","og_site_name":"C\u00f3digo Vidrio","article_published_time":"2024-12-19T19:24:28+00:00","article_modified_time":"2024-12-19T20:11:16+00:00","og_image":[{"width":1024,"height":472,"url":"https:\/\/www.codigovidrio.com\/code\/wp-content\/uploads\/2024\/03\/Captura-de-Pantalla-2024-03-30-a-las-12.09.06-1024x472.png","type":"image\/png"}],"author":"Codigo Vidrio Admin","twitter_card":"summary_large_image","twitter_misc":{"Escrito por":"Codigo Vidrio Admin","Tiempo de lectura":"5 minutos"},"schema":{"@context":"https:\/\/schema.org","@graph":[{"@type":"Article","@id":"https:\/\/www.codigovidrio.com\/code\/capturado-el-comandante-vicente-cerebro-de-la-mineria-ilegal-de-los-lobos\/#article","isPartOf":{"@id":"https:\/\/www.codigovidrio.com\/code\/capturado-el-comandante-vicente-cerebro-de-la-mineria-ilegal-de-los-lobos\/"},"author":{"name":"Codigo Vidrio Admin","@id":"https:\/\/www.codigovidrio.com\/code\/#\/schema\/person\/974bc7a5b889699d012b2343dc68fc6e"},"headline":"El \u00abComandante Vicente\u00bb es el cerebro de la miner\u00eda ilegal de Los Lobos","datePublished":"2024-12-19T19:24:28+00:00","dateModified":"2024-12-19T20:11:16+00:00","mainEntityOfPage":{"@id":"https:\/\/www.codigovidrio.com\/code\/capturado-el-comandante-vicente-cerebro-de-la-mineria-ilegal-de-los-lobos\/"},"wordCount":1011,"commentCount":1,"publisher":{"@id":"https:\/\/www.codigovidrio.com\/code\/#organization"},"image":{"@id":"https:\/\/www.codigovidrio.com\/code\/capturado-el-comandante-vicente-cerebro-de-la-mineria-ilegal-de-los-lobos\/#primaryimage"},"thumbnailUrl":"https:\/\/www.codigovidrio.com\/code\/wp-content\/uploads\/2024\/03\/Captura-de-Pantalla-2024-03-30-a-las-12.09.06.png","articleSection":["Especiales"],"inLanguage":"es","potentialAction":[{"@type":"CommentAction","name":"Comment","target":["https:\/\/www.codigovidrio.com\/code\/capturado-el-comandante-vicente-cerebro-de-la-mineria-ilegal-de-los-lobos\/#respond"]}]},{"@type":"WebPage","@id":"https:\/\/www.codigovidrio.com\/code\/capturado-el-comandante-vicente-cerebro-de-la-mineria-ilegal-de-los-lobos\/","url":"https:\/\/www.codigovidrio.com\/code\/capturado-el-comandante-vicente-cerebro-de-la-mineria-ilegal-de-los-lobos\/","name":"El \"Comandante Vicente\" es el cerebro de la miner\u00eda ilegal de Los Lobos - C\u00f3digo Vidrio","isPartOf":{"@id":"https:\/\/www.codigovidrio.com\/code\/#website"},"primaryImageOfPage":{"@id":"https:\/\/www.codigovidrio.com\/code\/capturado-el-comandante-vicente-cerebro-de-la-mineria-ilegal-de-los-lobos\/#primaryimage"},"image":{"@id":"https:\/\/www.codigovidrio.com\/code\/capturado-el-comandante-vicente-cerebro-de-la-mineria-ilegal-de-los-lobos\/#primaryimage"},"thumbnailUrl":"https:\/\/www.codigovidrio.com\/code\/wp-content\/uploads\/2024\/03\/Captura-de-Pantalla-2024-03-30-a-las-12.09.06.png","datePublished":"2024-12-19T19:24:28+00:00","dateModified":"2024-12-19T20:11:16+00:00","breadcrumb":{"@id":"https:\/\/www.codigovidrio.com\/code\/capturado-el-comandante-vicente-cerebro-de-la-mineria-ilegal-de-los-lobos\/#breadcrumb"},"inLanguage":"es","potentialAction":[{"@type":"ReadAction","target":["https:\/\/www.codigovidrio.com\/code\/capturado-el-comandante-vicente-cerebro-de-la-mineria-ilegal-de-los-lobos\/"]}]},{"@type":"ImageObject","inLanguage":"es","@id":"https:\/\/www.codigovidrio.com\/code\/capturado-el-comandante-vicente-cerebro-de-la-mineria-ilegal-de-los-lobos\/#primaryimage","url":"https:\/\/www.codigovidrio.com\/code\/wp-content\/uploads\/2024\/03\/Captura-de-Pantalla-2024-03-30-a-las-12.09.06.png","contentUrl":"https:\/\/www.codigovidrio.com\/code\/wp-content\/uploads\/2024\/03\/Captura-de-Pantalla-2024-03-30-a-las-12.09.06.png","width":2148,"height":990},{"@type":"BreadcrumbList","@id":"https:\/\/www.codigovidrio.com\/code\/capturado-el-comandante-vicente-cerebro-de-la-mineria-ilegal-de-los-lobos\/#breadcrumb","itemListElement":[{"@type":"ListItem","position":1,"name":"Portada","item":"https:\/\/www.codigovidrio.com\/code\/"},{"@type":"ListItem","position":2,"name":"El \u00abComandante Vicente\u00bb es el cerebro de la miner\u00eda ilegal de Los Lobos"}]},{"@type":"WebSite","@id":"https:\/\/www.codigovidrio.com\/code\/#website","url":"https:\/\/www.codigovidrio.com\/code\/","name":"C\u00f3digo Vidrio","description":"Transparentamos las historias ocultas","publisher":{"@id":"https:\/\/www.codigovidrio.com\/code\/#organization"},"potentialAction":[{"@type":"SearchAction","target":{"@type":"EntryPoint","urlTemplate":"https:\/\/www.codigovidrio.com\/code\/?s={search_term_string}"},"query-input":{"@type":"PropertyValueSpecification","valueRequired":true,"valueName":"search_term_string"}}],"inLanguage":"es"},{"@type":"Organization","@id":"https:\/\/www.codigovidrio.com\/code\/#organization","name":"C\u00f3digo Vidrio","url":"https:\/\/www.codigovidrio.com\/code\/","logo":{"@type":"ImageObject","inLanguage":"es","@id":"https:\/\/www.codigovidrio.com\/code\/#\/schema\/logo\/image\/","url":"https:\/\/www.codigovidrio.com\/code\/wp-content\/uploads\/2022\/01\/logo-horiz-08.png","contentUrl":"https:\/\/www.codigovidrio.com\/code\/wp-content\/uploads\/2022\/01\/logo-horiz-08.png","width":817,"height":294,"caption":"C\u00f3digo Vidrio"},"image":{"@id":"https:\/\/www.codigovidrio.com\/code\/#\/schema\/logo\/image\/"}},{"@type":"Person","@id":"https:\/\/www.codigovidrio.com\/code\/#\/schema\/person\/974bc7a5b889699d012b2343dc68fc6e","name":"Codigo Vidrio Admin","url":"https:\/\/www.codigovidrio.com\/code\/author\/vidrio-admin\/"}]}},"_links":{"self":[{"href":"https:\/\/www.codigovidrio.com\/code\/wp-json\/wp\/v2\/posts\/8925"}],"collection":[{"href":"https:\/\/www.codigovidrio.com\/code\/wp-json\/wp\/v2\/posts"}],"about":[{"href":"https:\/\/www.codigovidrio.com\/code\/wp-json\/wp\/v2\/types\/post"}],"author":[{"embeddable":true,"href":"https:\/\/www.codigovidrio.com\/code\/wp-json\/wp\/v2\/users\/2"}],"replies":[{"embeddable":true,"href":"https:\/\/www.codigovidrio.com\/code\/wp-json\/wp\/v2\/comments?post=8925"}],"version-history":[{"count":6,"href":"https:\/\/www.codigovidrio.com\/code\/wp-json\/wp\/v2\/posts\/8925\/revisions"}],"predecessor-version":[{"id":10260,"href":"https:\/\/www.codigovidrio.com\/code\/wp-json\/wp\/v2\/posts\/8925\/revisions\/10260"}],"wp:featuredmedia":[{"embeddable":true,"href":"https:\/\/www.codigovidrio.com\/code\/wp-json\/wp\/v2\/media\/8926"}],"wp:attachment":[{"href":"https:\/\/www.codigovidrio.com\/code\/wp-json\/wp\/v2\/media?parent=8925"}],"wp:term":[{"taxonomy":"category","embeddable":true,"href":"https:\/\/www.codigovidrio.com\/code\/wp-json\/wp\/v2\/categories?post=8925"},{"taxonomy":"post_tag","embeddable":true,"href":"https:\/\/www.codigovidrio.com\/code\/wp-json\/wp\/v2\/tags?post=8925"}],"curies":[{"name":"wp","href":"https:\/\/api.w.org\/{rel}","templated":true}]}}