{"id":8669,"date":"2023-08-17T01:08:25","date_gmt":"2023-08-17T06:08:25","guid":{"rendered":"https:\/\/www.codigovidrio.com\/code\/?p=8669"},"modified":"2024-02-28T22:14:22","modified_gmt":"2024-02-29T03:14:22","slug":"el-problema-de-los-pueblos-aislados-tiene-una-dimension-binacional","status":"publish","type":"post","link":"https:\/\/www.codigovidrio.com\/code\/el-problema-de-los-pueblos-aislados-tiene-una-dimension-binacional\/","title":{"rendered":"El problema de los pueblos aislados tiene una dimensi\u00f3n binacional"},"content":{"rendered":"<div class=\"lead destacado\"><strong>Viven en un \u00e1rea superior al tama\u00f1o de Puerto Rico. Son cinco pueblos aislados que habitan en la regi\u00f3n amaz\u00f3nica norte de Per\u00fa, fronteriza con Ecuador. La superficie cubre unos 14 mil Km2. Su existencia fue reconocida por el Estado peruano en septiembre de 2022, v\u00eda decreto supremo. Son los Aewa, Zaparo, Taushiro, Tagaeri y Taromenane. Estos dos \u00faltimos son pueblos aislados transfronterizos, ya que sus patrones de movilidad los conducen hasta la Amazon\u00eda de Ecuador, coinciden fuentes consultadas por esta alianza period\u00edstica.<\/strong><\/div>\n<div><\/div>\n<div class=\"lead destacado\"><strong>Mar\u00eda Bel\u00e9n Arroyo<\/strong><\/div>\n<div><strong>Jueves, 17 Agosto 2023<\/strong><\/div>\n<div>\n<p><strong>Alianza Ojo P\u00fablico \u2013 C\u00f3digo Vidrio \u2013 Vistazo<\/strong><\/p>\n<\/div>\n<div class=\"paragraph texto\">\n<p class=\"p_0\">A pesar de ser un problema com\u00fan para ambos Estados, la mirada es distinta. <b>Ecuador fue acusado ante la Corte Interamericana de Derechos Humanos<\/b>, bajo cargos de no haber protegido eficazmente a los pueblos Tagaeri y Taromenane, seg\u00fan el texto de la demanda. Este Estado se ha defendido, aunque acept\u00f3 responsabilidad parcial en evitar las masacres desatadas a partir de 2003, a pesar de que en 2006 la Comisi\u00f3n Interamericana de Derechos Humanos (CIDH) dict\u00f3 medidas cautelares.<\/p>\n<p class=\"p_1\">La sentencia del alto tribunal internacional est\u00e1 pendiente, pero sentar\u00e1 precedente. Todav\u00eda debe cumplirse el ofrecimiento de la Corte Interamericana, de enviar una delegaci\u00f3n para visitar a una de las partes peticionarias. Se trata de una <b>joven ind\u00edgena en aislamiento que sobrevivi\u00f3 a una matanza<\/b>con armas de fuego en 2013 con su hermana menor. Ambas fueron separadas y forzadas al contacto con el mundo exterior. Hoy, tiene el estatus de protecci\u00f3n bajo el programa de la Fiscal\u00eda, pero reclama el derecho a decidir sobre su vida y su futuro. Adem\u00e1s, pide que se otorguen derechos colectivos y territoriales al pueblo waorani que la acogi\u00f3, ubicado en la Zona Intangible Tagaeri Taromenane, ZITT.<\/p>\n<p><img fetchpriority=\"high\" decoding=\"async\" class=\"size-full wp-image-8670 aligncenter\" src=\"https:\/\/www.codigovidrio.com\/code\/wp-content\/uploads\/2024\/02\/captura-de-pantalla-2023-08-16-a-la-s_1095227_20230816140638.png\" alt=\"\" width=\"768\" height=\"508\" srcset=\"https:\/\/www.codigovidrio.com\/code\/wp-content\/uploads\/2024\/02\/captura-de-pantalla-2023-08-16-a-la-s_1095227_20230816140638.png 768w, https:\/\/www.codigovidrio.com\/code\/wp-content\/uploads\/2024\/02\/captura-de-pantalla-2023-08-16-a-la-s_1095227_20230816140638-300x198.png 300w\" sizes=\"(max-width: 768px) 100vw, 768px\" \/><\/p>\n<p style=\"text-align: center;\"><span class=\"cutline-text\">Paisaje en el Yasun\u00ed<\/span> <span class=\"byline-image\">(Foto: Segundo Esp\u00edn)<\/span><\/p>\n<p class=\"p_2\">En el extremo noreste de esta zona intangible se encuentra el bloque petrolero 43, tambi\u00e9n conocido como<b> Ishpingo, Tambococha, Tiputini,<\/b> operado por la petrolera estatal ecuatoriana, que contrat\u00f3 a empresas de capital chino para la perforaci\u00f3n, y que defiende la limpieza de la actividad extractiva. \u00c9ste es un rinc\u00f3n de la Amazon\u00eda que pr\u00e1cticamente colinda con la frontera peruana. El domingo 20 de agosto, los ecuatorianos deber\u00e1n pronunciarse en las urnas sobre la posibilidad de dejar bajo el subsuelo selv\u00e1tico el petr\u00f3leo que se viene extrayendo de esta zona de alt\u00edsima biodiversidad, desde 2016. Es la primera vez que los ciudadanos ecuatorianos son consultados sobre una pol\u00edtica nacional de esta dimensi\u00f3n.<\/p>\n<p class=\"p_3\">Los defensores de los pueblos en aislamiento advierten que la protecci\u00f3n del bloque 43 es apenas un primer paso para preservar el Yasun\u00ed. \u00c9ste es el vasto territorio amaz\u00f3nico de dos millones de hect\u00e1reas que habr\u00eda sido un refugio del <b>Pleistoceno<\/b>, seg\u00fan un documento oficial del Ministerio de Ambiente del Ecuador. En otras palabras, las <b>especies se habr\u00edan conservado en este espacio desde hace m\u00e1s de 12 mil a\u00f1os<\/b> y eso explica su megadiversidad.<\/p>\n<p class=\"p_4\">Per\u00fa, por su parte, lleva a\u00f1os en el proyecto de la creaci\u00f3n de la <b>reserva Napo Tigre<\/b>, para proteger el territorio ancestral de estos grupos aislados. En septiembre pasado, un avance fundamental fue la decisi\u00f3n gubernamental de proteger los derechos de los pueblos \u201cque viven o transitan entre las cuencas de los r\u00edos Napo y sus afluentes, Arabela y Curaray\u201d. El paso se dio luego de la aprobaci\u00f3n del Estudio Previo de Reconocimiento (EPR), el cual recogi\u00f3 las evidencias de la presencia de los pueblos no contactados, a los cuales en Per\u00fa se los conoce como PIA. El tr\u00e1mite formal se basa en lo establecido por la Ley 28736, \u201cLey para la Protecci\u00f3n de Pueblos Ind\u00edgenas u Originarios en Aislamiento y en contacto Inicial y su Reglamento\u201d. Esta normativa genera el marco para el reconocimiento de los pueblos y la categorizaci\u00f3n de las reservas.<\/p>\n<p class=\"p_5\">El paso es previo a la realizaci\u00f3n de un estudio para la delimitaci\u00f3n territorial de la reserva Napo Tigre.<\/p>\n<p><img decoding=\"async\" class=\"size-full wp-image-8671 aligncenter\" src=\"https:\/\/www.codigovidrio.com\/code\/wp-content\/uploads\/2024\/02\/captura-de-pantalla-2023-08-16-a-la-s_1095230_20230816140639.png\" alt=\"\" width=\"768\" height=\"532\" srcset=\"https:\/\/www.codigovidrio.com\/code\/wp-content\/uploads\/2024\/02\/captura-de-pantalla-2023-08-16-a-la-s_1095230_20230816140639.png 768w, https:\/\/www.codigovidrio.com\/code\/wp-content\/uploads\/2024\/02\/captura-de-pantalla-2023-08-16-a-la-s_1095230_20230816140639-300x208.png 300w\" sizes=\"(max-width: 768px) 100vw, 768px\" \/><\/p>\n<p class=\"p_5\" style=\"text-align: center;\"><span class=\"cutline-text\">Casas de ind\u00edgenas aislados en Napo-Tigre. Cr\u00e9dito: ORPIO<\/span> <span class=\"byline-image\">(Cr\u00e9dito: ORPIO)<\/span><\/p>\n<div class=\"html_text\">\n<h2>LAS VOCES<\/h2>\n<\/div>\n<div class=\"paragraph texto\">\n<p class=\"p_6\">\u201cLos pueblos ind\u00edgenas no tenemos fronteras, lo que nos separan son las pol\u00edticas; los que mantenemos esas regiones somos los pueblos ind\u00edgenas, sin presencia del Estado\u201d, explicaba en entrevista el l\u00edder peruano <b>Jamner Manihuari<\/b>, vicecoordinador general de la Coordinadora de las Organizaciones Ind\u00edgenas de la Cuenca Amaz\u00f3nica, COICA. Manihuari es dirigente (Apu) del pueblo Kukama Kukamiria. Fue entrevistado antes de viajar a la Cumbre Amaz\u00f3nica de Brasil.<\/p>\n<div class=\"paragraph texto\">\n<p><img decoding=\"async\" class=\"size-full wp-image-8672 aligncenter\" src=\"https:\/\/www.codigovidrio.com\/code\/wp-content\/uploads\/2024\/02\/captura-de-pantalla-2023-08-16-a-la-s_1095233_20230816140641.png\" alt=\"\" width=\"768\" height=\"512\" srcset=\"https:\/\/www.codigovidrio.com\/code\/wp-content\/uploads\/2024\/02\/captura-de-pantalla-2023-08-16-a-la-s_1095233_20230816140641.png 768w, https:\/\/www.codigovidrio.com\/code\/wp-content\/uploads\/2024\/02\/captura-de-pantalla-2023-08-16-a-la-s_1095233_20230816140641-300x200.png 300w\" sizes=\"(max-width: 768px) 100vw, 768px\" \/><\/p>\n<p class=\"p_7\" style=\"text-align: center;\">J<span class=\"cutline-text\">amner Manihuari, vicecoordinador general de la Coordinadora de las Organizaciones Ind\u00edgenas de la Cuenca Amaz\u00f3nica, COICA<\/span> <span class=\"byline-image\">(Foto: cortes\u00eda )<\/span><\/p>\n<p class=\"p_7\">Manihuari expresaba sus dudas y preocupaciones sobre las distintas categorizaciones que ha hecho el Estado peruano, sin consulta a los pueblos ancestrales. Desde su perspectiva, el tema fundamental pasa por una consulta a nivel de nacionalidades, tanto para la constituci\u00f3n, como para la forma de administraci\u00f3n de la reserva, anunciada por las autoridades.<\/p>\n<p class=\"p_8\">Sin embargo, la creaci\u00f3n de la reserva es vista como una oportunidad, si cumple condiciones claras. \u201cLa reserva Napo Tigre es un gran avance para la poblaci\u00f3n aislada. <b>La creaci\u00f3n de esta reserva puede devenir en un corredor de vida para los aislados a nivel binacional<\/b>, pero esto depende de que existan pol\u00edticas claras de integraci\u00f3n\u201d, advierte el antrop\u00f3logo <b>Jos\u00e9 Proa\u00f1o<\/b>, director para Latinoam\u00e9rica de la organizaci\u00f3n Land is Life. Esta entidad act\u00faa como Secretar\u00eda del Grupo de Trabajo Internacional para los Pueblos Ind\u00edgenas en Aislamiento y en Contacto Inicial.<\/p>\n<p class=\"p_9\">La reserva Napo Tigre genera curiosidad en organizaciones ind\u00edgenas del lado ecuatoriano. Proa\u00f1o explica que a inicios de a\u00f1o particip\u00f3 en un encuentro que reun\u00eda grupos de ambas naciones. Este fue uno de los temas de conversaci\u00f3n, pero tambi\u00e9n \u201cCompartieron preocupaciones comunes, entre ellas, la ausencia de autoridades en las dos fronteras\u201d.<\/p>\n<p class=\"p_10\">Pero hay una inquietud mayor, que se\u00f1ala este experto. La amenaza creciente de actividades ilegales: narcotr\u00e1fico, extracci\u00f3n de madera, miner\u00eda ilegal. \u201cA las comunidades sobre el r\u00edo Curaray, kichwa y waorani, en lado ecuatoriano, en el l\u00edmite sur del Parque Yasun\u00ed, han llegado dragas artesanales desde el Brasil. Se puso la denuncia ante el Ministerio, no hay autoridad judicial con capacidad para ir a constatar\u201d. Los grupos, se\u00f1ala, est\u00e1n imbricados. <b>\u201cSe lava a trav\u00e9s del oro, el capital narco que compra las excavadoras, as\u00ed se legaliza\u201d<\/b>.<\/p>\n<p class=\"p_11\">Las econom\u00edas ilegales como amenaza multicausal, que afectan a reservas en Per\u00fa, tambi\u00e9n inquietan al dirigente de Coica, quien afirma, tajante: \u201cEl narcotr\u00e1fico a veces est\u00e1 enquistado con las empresas madereras, el Estado tiene la fuerza y tiene suficientes herramientas para mitigar el da\u00f1o social, pero no lo hace, quienes entran por la fuerza son narcoterroristas\u201d.<\/p>\n<\/div>\n<div class=\"html_text\">\n<h2>LOS MISMOS PUEBLOS<\/h2>\n<\/div>\n<div class=\"paragraph texto\">\n<p class=\"p_12\">Quienes transitan por ambos lados de la frontera amaz\u00f3nica, son los mismos pueblos (Tagaeri \u2013 Taromenane). Es m\u00e1s, hay indicios de la existencia de otros pueblos a\u00fan por comprobar, al sur del r\u00edo Curaray, como hubo indicios de grupos en la zona del ITT (bloque 43, que ser\u00e1 motivo de la consulta popular del 20 de agosto), apunta de su lado el experto Eduardo Pichilingue. Actualmente coordina desde Per\u00fa la iniciativa Cuencas Sagradas, de car\u00e1cter binacional. En su perspectiva, <b>los aislados Zaparo de Per\u00fa podr\u00edan estar emparentados con el pueblo de similar nombre que, en Ecuador, se desplaz\u00f3 hacia el sur<\/b>, luego de librar guerras territoriales con los waoranis, en el contexto del boom cauchero.<\/p>\n<p class=\"p_13\">Pichilingue cree que el manejo integrado de la cuenca sagrada, un territorio de 35 millones de hect\u00e1reas que incluye la regi\u00f3n amaz\u00f3nica ecuatoriana y la Amazon\u00eda norte del Per\u00fa, o una parte de todo este territorio, podr\u00eda convocar al apoyo internacional, por tratarse de una zona de alta biodiversidad. Esto ser\u00eda una alternativa frente al cambio clim\u00e1tico.<\/p>\n<p class=\"p_14\">En este sentido, la consulta popular para dejar de explotar el crudo bajo el bloque 43, <b>es solo un primer paso<\/b>, coinciden los entrevistados.<\/p>\n<p class=\"p_15\">\u201cEcuador dio finalmente un primer paso al decir c\u00f3mo cambiamos, c\u00f3mo dejamos atr\u00e1s el modelo nefasto que privilegi\u00f3 el saqueo y la extracci\u00f3n. El avance enorme es la participaci\u00f3n de los ciudadanos en la consulta, pero hay que tomar en cuenta que si pierde la tesis de dejar el crudo bajo el subsuelo del bloque 43, esto no puede afectar los derechos de los pueblos aislados, porque esos derechos no son sujetos a consulta\u201d, remarca Jos\u00e9 Proa\u00f1o.<\/p>\n<\/div>\n<div class=\"html_text\">\n<h2>PER\u00da, ENTRE LA INVISIBILIDAD Y LA CRIMINALIZACI\u00d3N<\/h2>\n<\/div>\n<div class=\"paragraph texto\">\n<p class=\"p_16\">En Per\u00fa, hist\u00f3ricamente, las organizaciones ind\u00edgenas se abanderaron de la defensa de los pueblos aislados. Per\u00fa es, despu\u00e9s de Brasil, el pa\u00eds amaz\u00f3nico con mayor n\u00famero de pueblos no contactados y en situaci\u00f3n de contacto inicial, explica el antrop\u00f3logo de origen espa\u00f1ol, <b>Daniel Rodr\u00edguez<\/b>, quien ha trabajado durante 20 a\u00f1os en la regi\u00f3n Madre de Dios, en la cual habr\u00eda entre 750 y mil ind\u00edgenas en aislamiento, seg\u00fan cifras oficiales. \u00c9l pone en duda estos datos. La explicaci\u00f3n: el caso de los Mascho Piros, que se hizo p\u00fablico a partir de 2011 cuando aparecieron en zonas de playa en el r\u00edo, en el parque nacional Man\u00fa. \u201cEse pueblo estar\u00eda en tres regiones de Per\u00fa. Si no se identifican casas comunales, si no se identifica qu\u00e9 pasa bajo la cubierta del bosque, si se triangula el grupo del alto Madre de Dios con lo que pasa en otras zonas alejadas del parque nacional, si no hay una articulaci\u00f3n para monitorear en Brasil, <b>no se puede saber si es el mismo grupo, o si son varios<\/b>\u201d.<\/p>\n<p><img loading=\"lazy\" decoding=\"async\" class=\"size-full wp-image-8673 aligncenter\" src=\"https:\/\/www.codigovidrio.com\/code\/wp-content\/uploads\/2024\/02\/captura-de-pantalla-2023-08-16-a-la-s_1095236_20230816140641-2.png\" alt=\"\" width=\"768\" height=\"512\" srcset=\"https:\/\/www.codigovidrio.com\/code\/wp-content\/uploads\/2024\/02\/captura-de-pantalla-2023-08-16-a-la-s_1095236_20230816140641-2.png 768w, https:\/\/www.codigovidrio.com\/code\/wp-content\/uploads\/2024\/02\/captura-de-pantalla-2023-08-16-a-la-s_1095236_20230816140641-2-300x200.png 300w\" sizes=\"(max-width: 768px) 100vw, 768px\" \/><\/p>\n<p style=\"text-align: center;\"><span class=\"cutline-text\">R\u00edo de la Amazon\u00eda.<\/span> <span class=\"byline-image\">(Foto: cortes\u00eda )<\/span><\/p>\n<p class=\"p_17\">Con su experiencia en el tema, Rodr\u00edguez explica que este pueblo apareci\u00f3 en medio de dos \u00e1reas protegidas. <b>\u201cCuando el pueblo sale, hay que entender qu\u00e9 est\u00e1 pasando. Ha habido interacciones con gente local, intercambio de fruta\u201d<\/b>. Desde esta perspectiva, si este pueblo entiende que est\u00e1 saliendo al contacto para recolectar alimentos, ya hay un cambio en su estilo de vida, est\u00e1n saliendo por recolecci\u00f3n\u201d.<\/p>\n<p class=\"p_18\">Al experto le preocupan las vulnerabilidades de los pueblos en aislamiento, empezando por las sanitarias. <b>\u201cNo est\u00e1 escrito en ning\u00fan lado c\u00f3mo proteger a los pueblos en aislamiento\u201d<\/b>. Deber\u00eda prevalecer el principio de no contacto, sin embargo, hay matices. \u201cAplican una serie de presiones que hacen que su posici\u00f3n sea mas dif\u00edcil de defender, son pueblos que habitan en zonas de gran inter\u00e9s econ\u00f3mico por los recursos, y eso puede llevar a la criminalizaci\u00f3n de dirigentes ind\u00edgenas\u201d.<\/p>\n<p class=\"p_19\">Cita con preocupaci\u00f3n el caso de <b>Julio Cusuriche<\/b>, quien como dirigente de la Federaci\u00f3n Nativa Madre de Dios (Fenamad), fue procesado por denunciar que una zona de explotaci\u00f3n maderera estaba ubicada en territorios donde transitan ind\u00edgenas en aislamiento. <b>\u201cHay violencia hacia los defensores\u201d<\/b>.<\/p>\n<p class=\"p_20\">Esta alianza entrevist\u00f3 al l\u00edder Julio Cusuriche. <b>\u201cMi vida est\u00e1 en peligro\u201d<\/b>, revel\u00f3 en entrevista. Cusuriche, quien fue presidente de Fenamad y de AIDESEP. Explic\u00f3 que la organizaci\u00f3n ind\u00edgena est\u00e1 a cargo de la protecci\u00f3n de zonas donde habitan pueblos en aislamiento. El esquema funciona a trav\u00e9s de un sistema de control y vigilancia, con cuatro puestos de monitoreo y once agentes de protecci\u00f3n que son ind\u00edgenas. El mecanismo busca evitar el ingreso de madereros, misioneros y cualquier persona extra\u00f1a a las zonas habitadas por pobladores ind\u00edgenas no contactados. Hace un a\u00f1o, exactamente, en agosto, <b>un trabajador maderero falleci\u00f3 tras un encuentro con aislados <\/b>y su cuerpo fue encontrado d\u00edas despu\u00e9s, en un r\u00edo. El cuerpo presentaba se\u00f1ales de haber recibido flechazos. Desafortunadamente, no es el \u00fanico incidente en que el encuentro entre aislados y extra\u00f1os termina en muertes violentas.<\/p>\n<\/div>\n<\/div>\n<\/div>\n","protected":false},"excerpt":{"rendered":"<p>Viven en un \u00e1rea superior al tama\u00f1o de Puerto Rico. Son cinco pueblos aislados que habitan en la regi\u00f3n amaz\u00f3nica norte de Per\u00fa, fronteriza con Ecuador. La superficie cubre unos 14 mil Km2. Su existencia fue reconocida por el Estado peruano en septiembre de 2022, v\u00eda decreto supremo. Son los Aewa, Zaparo, Taushiro, Tagaeri y &#8230; <a title=\"El problema de los pueblos aislados tiene una dimensi\u00f3n binacional\" class=\"read-more\" href=\"https:\/\/www.codigovidrio.com\/code\/el-problema-de-los-pueblos-aislados-tiene-una-dimension-binacional\/\">leer m\u00e1s&#8230;<\/a><\/p>\n","protected":false},"author":2,"featured_media":8692,"comment_status":"open","ping_status":"closed","sticky":false,"template":"","format":"standard","meta":{"generate_page_header":"","footnotes":""},"categories":[227],"tags":[],"yoast_head":"<!-- This site is optimized with the Yoast SEO plugin v23.5 - https:\/\/yoast.com\/wordpress\/plugins\/seo\/ -->\n<title>El problema de los pueblos aislados tiene una dimensi\u00f3n binacional - C\u00f3digo Vidrio<\/title>\n<meta name=\"robots\" content=\"index, follow, max-snippet:-1, max-image-preview:large, max-video-preview:-1\" \/>\n<link rel=\"canonical\" href=\"https:\/\/www.codigovidrio.com\/code\/el-problema-de-los-pueblos-aislados-tiene-una-dimension-binacional\/\" \/>\n<meta property=\"og:locale\" content=\"es_ES\" \/>\n<meta property=\"og:type\" content=\"article\" \/>\n<meta property=\"og:title\" content=\"El problema de los pueblos aislados tiene una dimensi\u00f3n binacional - C\u00f3digo Vidrio\" \/>\n<meta property=\"og:description\" content=\"Viven en un \u00e1rea superior al tama\u00f1o de Puerto Rico. Son cinco pueblos aislados que habitan en la regi\u00f3n amaz\u00f3nica norte de Per\u00fa, fronteriza con Ecuador. La superficie cubre unos 14 mil Km2. Su existencia fue reconocida por el Estado peruano en septiembre de 2022, v\u00eda decreto supremo. Son los Aewa, Zaparo, Taushiro, Tagaeri y ... leer m\u00e1s...\" \/>\n<meta property=\"og:url\" content=\"https:\/\/www.codigovidrio.com\/code\/el-problema-de-los-pueblos-aislados-tiene-una-dimension-binacional\/\" \/>\n<meta property=\"og:site_name\" content=\"C\u00f3digo Vidrio\" \/>\n<meta property=\"article:published_time\" content=\"2023-08-17T06:08:25+00:00\" \/>\n<meta property=\"article:modified_time\" content=\"2024-02-29T03:14:22+00:00\" \/>\n<meta property=\"og:image\" content=\"https:\/\/www.codigovidrio.com\/code\/wp-content\/uploads\/2024\/02\/Untitled3.png\" \/>\n\t<meta property=\"og:image:width\" content=\"1600\" \/>\n\t<meta property=\"og:image:height\" content=\"650\" \/>\n\t<meta property=\"og:image:type\" content=\"image\/png\" \/>\n<meta name=\"author\" content=\"Codigo Vidrio Admin\" \/>\n<meta name=\"twitter:card\" content=\"summary_large_image\" \/>\n<meta name=\"twitter:label1\" content=\"Escrito por\" \/>\n\t<meta name=\"twitter:data1\" content=\"Codigo Vidrio Admin\" \/>\n\t<meta name=\"twitter:label2\" content=\"Tiempo de lectura\" \/>\n\t<meta name=\"twitter:data2\" content=\"10 minutos\" \/>\n<script type=\"application\/ld+json\" class=\"yoast-schema-graph\">{\"@context\":\"https:\/\/schema.org\",\"@graph\":[{\"@type\":\"Article\",\"@id\":\"https:\/\/www.codigovidrio.com\/code\/el-problema-de-los-pueblos-aislados-tiene-una-dimension-binacional\/#article\",\"isPartOf\":{\"@id\":\"https:\/\/www.codigovidrio.com\/code\/el-problema-de-los-pueblos-aislados-tiene-una-dimension-binacional\/\"},\"author\":{\"name\":\"Codigo Vidrio Admin\",\"@id\":\"https:\/\/www.codigovidrio.com\/code\/#\/schema\/person\/974bc7a5b889699d012b2343dc68fc6e\"},\"headline\":\"El problema de los pueblos aislados tiene una dimensi\u00f3n binacional\",\"datePublished\":\"2023-08-17T06:08:25+00:00\",\"dateModified\":\"2024-02-29T03:14:22+00:00\",\"mainEntityOfPage\":{\"@id\":\"https:\/\/www.codigovidrio.com\/code\/el-problema-de-los-pueblos-aislados-tiene-una-dimension-binacional\/\"},\"wordCount\":2021,\"commentCount\":0,\"publisher\":{\"@id\":\"https:\/\/www.codigovidrio.com\/code\/#organization\"},\"image\":{\"@id\":\"https:\/\/www.codigovidrio.com\/code\/el-problema-de-los-pueblos-aislados-tiene-una-dimension-binacional\/#primaryimage\"},\"thumbnailUrl\":\"https:\/\/www.codigovidrio.com\/code\/wp-content\/uploads\/2024\/02\/Untitled3.png\",\"articleSection\":[\"Pueblos Aislados\"],\"inLanguage\":\"es\",\"potentialAction\":[{\"@type\":\"CommentAction\",\"name\":\"Comment\",\"target\":[\"https:\/\/www.codigovidrio.com\/code\/el-problema-de-los-pueblos-aislados-tiene-una-dimension-binacional\/#respond\"]}]},{\"@type\":\"WebPage\",\"@id\":\"https:\/\/www.codigovidrio.com\/code\/el-problema-de-los-pueblos-aislados-tiene-una-dimension-binacional\/\",\"url\":\"https:\/\/www.codigovidrio.com\/code\/el-problema-de-los-pueblos-aislados-tiene-una-dimension-binacional\/\",\"name\":\"El problema de los pueblos aislados tiene una dimensi\u00f3n binacional - C\u00f3digo Vidrio\",\"isPartOf\":{\"@id\":\"https:\/\/www.codigovidrio.com\/code\/#website\"},\"primaryImageOfPage\":{\"@id\":\"https:\/\/www.codigovidrio.com\/code\/el-problema-de-los-pueblos-aislados-tiene-una-dimension-binacional\/#primaryimage\"},\"image\":{\"@id\":\"https:\/\/www.codigovidrio.com\/code\/el-problema-de-los-pueblos-aislados-tiene-una-dimension-binacional\/#primaryimage\"},\"thumbnailUrl\":\"https:\/\/www.codigovidrio.com\/code\/wp-content\/uploads\/2024\/02\/Untitled3.png\",\"datePublished\":\"2023-08-17T06:08:25+00:00\",\"dateModified\":\"2024-02-29T03:14:22+00:00\",\"breadcrumb\":{\"@id\":\"https:\/\/www.codigovidrio.com\/code\/el-problema-de-los-pueblos-aislados-tiene-una-dimension-binacional\/#breadcrumb\"},\"inLanguage\":\"es\",\"potentialAction\":[{\"@type\":\"ReadAction\",\"target\":[\"https:\/\/www.codigovidrio.com\/code\/el-problema-de-los-pueblos-aislados-tiene-una-dimension-binacional\/\"]}]},{\"@type\":\"ImageObject\",\"inLanguage\":\"es\",\"@id\":\"https:\/\/www.codigovidrio.com\/code\/el-problema-de-los-pueblos-aislados-tiene-una-dimension-binacional\/#primaryimage\",\"url\":\"https:\/\/www.codigovidrio.com\/code\/wp-content\/uploads\/2024\/02\/Untitled3.png\",\"contentUrl\":\"https:\/\/www.codigovidrio.com\/code\/wp-content\/uploads\/2024\/02\/Untitled3.png\",\"width\":1600,\"height\":650},{\"@type\":\"BreadcrumbList\",\"@id\":\"https:\/\/www.codigovidrio.com\/code\/el-problema-de-los-pueblos-aislados-tiene-una-dimension-binacional\/#breadcrumb\",\"itemListElement\":[{\"@type\":\"ListItem\",\"position\":1,\"name\":\"Portada\",\"item\":\"https:\/\/www.codigovidrio.com\/code\/\"},{\"@type\":\"ListItem\",\"position\":2,\"name\":\"El problema de los pueblos aislados tiene una dimensi\u00f3n binacional\"}]},{\"@type\":\"WebSite\",\"@id\":\"https:\/\/www.codigovidrio.com\/code\/#website\",\"url\":\"https:\/\/www.codigovidrio.com\/code\/\",\"name\":\"C\u00f3digo Vidrio\",\"description\":\"Transparentamos las historias ocultas\",\"publisher\":{\"@id\":\"https:\/\/www.codigovidrio.com\/code\/#organization\"},\"potentialAction\":[{\"@type\":\"SearchAction\",\"target\":{\"@type\":\"EntryPoint\",\"urlTemplate\":\"https:\/\/www.codigovidrio.com\/code\/?s={search_term_string}\"},\"query-input\":{\"@type\":\"PropertyValueSpecification\",\"valueRequired\":true,\"valueName\":\"search_term_string\"}}],\"inLanguage\":\"es\"},{\"@type\":\"Organization\",\"@id\":\"https:\/\/www.codigovidrio.com\/code\/#organization\",\"name\":\"C\u00f3digo Vidrio\",\"url\":\"https:\/\/www.codigovidrio.com\/code\/\",\"logo\":{\"@type\":\"ImageObject\",\"inLanguage\":\"es\",\"@id\":\"https:\/\/www.codigovidrio.com\/code\/#\/schema\/logo\/image\/\",\"url\":\"https:\/\/www.codigovidrio.com\/code\/wp-content\/uploads\/2022\/01\/logo-horiz-08.png\",\"contentUrl\":\"https:\/\/www.codigovidrio.com\/code\/wp-content\/uploads\/2022\/01\/logo-horiz-08.png\",\"width\":817,\"height\":294,\"caption\":\"C\u00f3digo Vidrio\"},\"image\":{\"@id\":\"https:\/\/www.codigovidrio.com\/code\/#\/schema\/logo\/image\/\"}},{\"@type\":\"Person\",\"@id\":\"https:\/\/www.codigovidrio.com\/code\/#\/schema\/person\/974bc7a5b889699d012b2343dc68fc6e\",\"name\":\"Codigo Vidrio Admin\",\"url\":\"https:\/\/www.codigovidrio.com\/code\/author\/vidrio-admin\/\"}]}<\/script>\n<!-- \/ Yoast SEO plugin. -->","yoast_head_json":{"title":"El problema de los pueblos aislados tiene una dimensi\u00f3n binacional - C\u00f3digo Vidrio","robots":{"index":"index","follow":"follow","max-snippet":"max-snippet:-1","max-image-preview":"max-image-preview:large","max-video-preview":"max-video-preview:-1"},"canonical":"https:\/\/www.codigovidrio.com\/code\/el-problema-de-los-pueblos-aislados-tiene-una-dimension-binacional\/","og_locale":"es_ES","og_type":"article","og_title":"El problema de los pueblos aislados tiene una dimensi\u00f3n binacional - C\u00f3digo Vidrio","og_description":"Viven en un \u00e1rea superior al tama\u00f1o de Puerto Rico. Son cinco pueblos aislados que habitan en la regi\u00f3n amaz\u00f3nica norte de Per\u00fa, fronteriza con Ecuador. La superficie cubre unos 14 mil Km2. Su existencia fue reconocida por el Estado peruano en septiembre de 2022, v\u00eda decreto supremo. Son los Aewa, Zaparo, Taushiro, Tagaeri y ... leer m\u00e1s...","og_url":"https:\/\/www.codigovidrio.com\/code\/el-problema-de-los-pueblos-aislados-tiene-una-dimension-binacional\/","og_site_name":"C\u00f3digo Vidrio","article_published_time":"2023-08-17T06:08:25+00:00","article_modified_time":"2024-02-29T03:14:22+00:00","og_image":[{"width":1600,"height":650,"url":"https:\/\/www.codigovidrio.com\/code\/wp-content\/uploads\/2024\/02\/Untitled3.png","type":"image\/png"}],"author":"Codigo Vidrio Admin","twitter_card":"summary_large_image","twitter_misc":{"Escrito por":"Codigo Vidrio Admin","Tiempo de lectura":"10 minutos"},"schema":{"@context":"https:\/\/schema.org","@graph":[{"@type":"Article","@id":"https:\/\/www.codigovidrio.com\/code\/el-problema-de-los-pueblos-aislados-tiene-una-dimension-binacional\/#article","isPartOf":{"@id":"https:\/\/www.codigovidrio.com\/code\/el-problema-de-los-pueblos-aislados-tiene-una-dimension-binacional\/"},"author":{"name":"Codigo Vidrio Admin","@id":"https:\/\/www.codigovidrio.com\/code\/#\/schema\/person\/974bc7a5b889699d012b2343dc68fc6e"},"headline":"El problema de los pueblos aislados tiene una dimensi\u00f3n binacional","datePublished":"2023-08-17T06:08:25+00:00","dateModified":"2024-02-29T03:14:22+00:00","mainEntityOfPage":{"@id":"https:\/\/www.codigovidrio.com\/code\/el-problema-de-los-pueblos-aislados-tiene-una-dimension-binacional\/"},"wordCount":2021,"commentCount":0,"publisher":{"@id":"https:\/\/www.codigovidrio.com\/code\/#organization"},"image":{"@id":"https:\/\/www.codigovidrio.com\/code\/el-problema-de-los-pueblos-aislados-tiene-una-dimension-binacional\/#primaryimage"},"thumbnailUrl":"https:\/\/www.codigovidrio.com\/code\/wp-content\/uploads\/2024\/02\/Untitled3.png","articleSection":["Pueblos Aislados"],"inLanguage":"es","potentialAction":[{"@type":"CommentAction","name":"Comment","target":["https:\/\/www.codigovidrio.com\/code\/el-problema-de-los-pueblos-aislados-tiene-una-dimension-binacional\/#respond"]}]},{"@type":"WebPage","@id":"https:\/\/www.codigovidrio.com\/code\/el-problema-de-los-pueblos-aislados-tiene-una-dimension-binacional\/","url":"https:\/\/www.codigovidrio.com\/code\/el-problema-de-los-pueblos-aislados-tiene-una-dimension-binacional\/","name":"El problema de los pueblos aislados tiene una dimensi\u00f3n binacional - C\u00f3digo Vidrio","isPartOf":{"@id":"https:\/\/www.codigovidrio.com\/code\/#website"},"primaryImageOfPage":{"@id":"https:\/\/www.codigovidrio.com\/code\/el-problema-de-los-pueblos-aislados-tiene-una-dimension-binacional\/#primaryimage"},"image":{"@id":"https:\/\/www.codigovidrio.com\/code\/el-problema-de-los-pueblos-aislados-tiene-una-dimension-binacional\/#primaryimage"},"thumbnailUrl":"https:\/\/www.codigovidrio.com\/code\/wp-content\/uploads\/2024\/02\/Untitled3.png","datePublished":"2023-08-17T06:08:25+00:00","dateModified":"2024-02-29T03:14:22+00:00","breadcrumb":{"@id":"https:\/\/www.codigovidrio.com\/code\/el-problema-de-los-pueblos-aislados-tiene-una-dimension-binacional\/#breadcrumb"},"inLanguage":"es","potentialAction":[{"@type":"ReadAction","target":["https:\/\/www.codigovidrio.com\/code\/el-problema-de-los-pueblos-aislados-tiene-una-dimension-binacional\/"]}]},{"@type":"ImageObject","inLanguage":"es","@id":"https:\/\/www.codigovidrio.com\/code\/el-problema-de-los-pueblos-aislados-tiene-una-dimension-binacional\/#primaryimage","url":"https:\/\/www.codigovidrio.com\/code\/wp-content\/uploads\/2024\/02\/Untitled3.png","contentUrl":"https:\/\/www.codigovidrio.com\/code\/wp-content\/uploads\/2024\/02\/Untitled3.png","width":1600,"height":650},{"@type":"BreadcrumbList","@id":"https:\/\/www.codigovidrio.com\/code\/el-problema-de-los-pueblos-aislados-tiene-una-dimension-binacional\/#breadcrumb","itemListElement":[{"@type":"ListItem","position":1,"name":"Portada","item":"https:\/\/www.codigovidrio.com\/code\/"},{"@type":"ListItem","position":2,"name":"El problema de los pueblos aislados tiene una dimensi\u00f3n binacional"}]},{"@type":"WebSite","@id":"https:\/\/www.codigovidrio.com\/code\/#website","url":"https:\/\/www.codigovidrio.com\/code\/","name":"C\u00f3digo Vidrio","description":"Transparentamos las historias ocultas","publisher":{"@id":"https:\/\/www.codigovidrio.com\/code\/#organization"},"potentialAction":[{"@type":"SearchAction","target":{"@type":"EntryPoint","urlTemplate":"https:\/\/www.codigovidrio.com\/code\/?s={search_term_string}"},"query-input":{"@type":"PropertyValueSpecification","valueRequired":true,"valueName":"search_term_string"}}],"inLanguage":"es"},{"@type":"Organization","@id":"https:\/\/www.codigovidrio.com\/code\/#organization","name":"C\u00f3digo Vidrio","url":"https:\/\/www.codigovidrio.com\/code\/","logo":{"@type":"ImageObject","inLanguage":"es","@id":"https:\/\/www.codigovidrio.com\/code\/#\/schema\/logo\/image\/","url":"https:\/\/www.codigovidrio.com\/code\/wp-content\/uploads\/2022\/01\/logo-horiz-08.png","contentUrl":"https:\/\/www.codigovidrio.com\/code\/wp-content\/uploads\/2022\/01\/logo-horiz-08.png","width":817,"height":294,"caption":"C\u00f3digo Vidrio"},"image":{"@id":"https:\/\/www.codigovidrio.com\/code\/#\/schema\/logo\/image\/"}},{"@type":"Person","@id":"https:\/\/www.codigovidrio.com\/code\/#\/schema\/person\/974bc7a5b889699d012b2343dc68fc6e","name":"Codigo Vidrio Admin","url":"https:\/\/www.codigovidrio.com\/code\/author\/vidrio-admin\/"}]}},"_links":{"self":[{"href":"https:\/\/www.codigovidrio.com\/code\/wp-json\/wp\/v2\/posts\/8669"}],"collection":[{"href":"https:\/\/www.codigovidrio.com\/code\/wp-json\/wp\/v2\/posts"}],"about":[{"href":"https:\/\/www.codigovidrio.com\/code\/wp-json\/wp\/v2\/types\/post"}],"author":[{"embeddable":true,"href":"https:\/\/www.codigovidrio.com\/code\/wp-json\/wp\/v2\/users\/2"}],"replies":[{"embeddable":true,"href":"https:\/\/www.codigovidrio.com\/code\/wp-json\/wp\/v2\/comments?post=8669"}],"version-history":[{"count":5,"href":"https:\/\/www.codigovidrio.com\/code\/wp-json\/wp\/v2\/posts\/8669\/revisions"}],"predecessor-version":[{"id":8695,"href":"https:\/\/www.codigovidrio.com\/code\/wp-json\/wp\/v2\/posts\/8669\/revisions\/8695"}],"wp:featuredmedia":[{"embeddable":true,"href":"https:\/\/www.codigovidrio.com\/code\/wp-json\/wp\/v2\/media\/8692"}],"wp:attachment":[{"href":"https:\/\/www.codigovidrio.com\/code\/wp-json\/wp\/v2\/media?parent=8669"}],"wp:term":[{"taxonomy":"category","embeddable":true,"href":"https:\/\/www.codigovidrio.com\/code\/wp-json\/wp\/v2\/categories?post=8669"},{"taxonomy":"post_tag","embeddable":true,"href":"https:\/\/www.codigovidrio.com\/code\/wp-json\/wp\/v2\/tags?post=8669"}],"curies":[{"name":"wp","href":"https:\/\/api.w.org\/{rel}","templated":true}]}}