{"id":4950,"date":"2020-11-20T15:11:08","date_gmt":"2020-11-20T20:11:08","guid":{"rendered":"http:\/\/www.codigovidrio.com\/code\/?p=4950"},"modified":"2020-11-21T21:33:35","modified_gmt":"2020-11-22T02:33:35","slug":"diaz-procurador-de-capana-de-arauz-volo-a-mexico","status":"publish","type":"post","link":"https:\/\/www.codigovidrio.com\/code\/diaz-procurador-de-capana-de-arauz-volo-a-mexico\/","title":{"rendered":"D\u00edaz, procurador de campa\u00f1a de Arauz, vol\u00f3 a M\u00e9xico"},"content":{"rendered":"<blockquote><p>Este jueves 19 de noviembre viaj\u00f3 a M\u00e9xico Santiago D\u00edaz, procurador de la campa\u00f1a del binomio presidencial integrado por Andr\u00e9s Arauz y Carlos Rabascall. Esta semana se denunci\u00f3 la participaci\u00f3n de D\u00edaz en supuestas operaciones de espionaje pol\u00edtico desde una Senain paralela, lo cual fue desmentido por los candidatos del corre\u00edsmo. Pedimos la\u00a0versi\u00f3n \u00a0sobre el motivo del viaje a ese movimiento, pero a\u00fan no nos han respondido.<\/p><\/blockquote>\n<p><em><strong>Redacci\u00f3n C\u00f3digo Vidrio<\/strong><\/em><\/p>\n<p>Santiago D\u00edaz, el procurador de la campa\u00f1a presidencial del candidato del corre\u00edsmo, Andr\u00e9s Arauz, sali\u00f3 del pa\u00eds hacia M\u00e9xico. Seg\u00fan registros migratorios a los que accedimos, la tarde ayer, 19 de noviembre, tom\u00f3 el vuelo 695, de Aerom\u00e9xico, desde Quito, con destino a esa naci\u00f3n.<\/p>\n<p>D\u00edaz fue mencionado esta semana en una nota publicada por el portal Periodismo de Investigaci\u00f3n, como parte de una supuesta operaci\u00f3n de espionaje pol\u00edtico a funcionarios del actual gobierno y periodistas. En esa \u201cSenain paralela\u201d tambi\u00e9n estar\u00edan participando el ex jefe de la Senain, Rommy Vallejo, y el exjefe de Direcci\u00f3n de Inteligencia de la Polic\u00eda, Santiago Mena, entre otros.<\/p>\n<figure id=\"attachment_4953\" aria-describedby=\"caption-attachment-4953\" style=\"width: 355px\" class=\"wp-caption alignright\"><img fetchpriority=\"high\" decoding=\"async\" class=\"wp-image-4953\" src=\"https:\/\/www.codigovidrio.com\/code\/wp-content\/uploads\/2020\/11\/picc-249x300.jpg\" alt=\"\" width=\"365\" height=\"440\" srcset=\"https:\/\/www.codigovidrio.com\/code\/wp-content\/uploads\/2020\/11\/picc-249x300.jpg 249w, https:\/\/www.codigovidrio.com\/code\/wp-content\/uploads\/2020\/11\/picc-768x924.jpg 768w, https:\/\/www.codigovidrio.com\/code\/wp-content\/uploads\/2020\/11\/picc.jpg 800w\" sizes=\"(max-width: 365px) 100vw, 365px\" \/><figcaption id=\"caption-attachment-4953\" class=\"wp-caption-text\"><strong>\u00daltimos movimientos migratorios de Santiago D\u00edaz.<\/strong><\/figcaption><\/figure>\n<p>Desde el a\u00f1o pasado, M\u00e9xico se volvi\u00f3 el refugio de dirigentes del corre\u00edsmo. En ese pa\u00eds residen Gabriela Rivadeneira, Ricardo Pati\u00f1o, Soledad Buend\u00eda, Carlos Biteri, entre otros, que permanecen asilados, luego de abandonar el pa\u00eds, tras el paro de octubre de 2019. En esa paralizaci\u00f3n, varias cabezas pol\u00edticas del corre\u00edsmo ped\u00edan la salida del presidente Moreno y protagonizaron supuestas acciones de desestabilizaci\u00f3n, seg\u00fan indagaciones de la Fiscal\u00eda.<\/p>\n<p>En M\u00e9xico se han reunido con el expresidente Rafael Correa, y han participado en citas del Grupo de Puebla.<\/p>\n<p>El mi\u00e9rcoles 18 de noviembre pasado, Arauz rechaz\u00f3 la vinculaci\u00f3n de su procurador de campa\u00f1a y asegur\u00f3 que era parte de una persecuci\u00f3n del r\u00e9gimen de Len\u00edn Moreno. \u201cCon un nuevo y burdo montaje, el gobierno saliente preparar\u00eda allanamientos o arrestos en contra de Santiago D\u00edaz, procurador de nuestra campa\u00f1a y otros dirigentes\u201d, escribi\u00f3 en su cuenta de Twitter.<\/p>\n<p>Arauz, y Carlos Rabascall, precandidato a la vicepresidencia por la alianza Uni\u00f3n por la Esperanza, anunciaron en una rueda de prensa que \u201cson sujetos de ataques y de persecuci\u00f3n\u201d y que en el pa\u00eds se contin\u00faa con \u201cuna pol\u00edtica de odio\u201d. Seg\u00fan Rabascall,\u00a0 ciertos medios est\u00e1n construyendo imaginarios para manipular la percepci\u00f3n en la opini\u00f3n p\u00fablica\u201d.<\/p>\n<h3><strong>Un viejo militante del corre\u00edsmo<\/strong><\/h3>\n<p>Santiago D\u00edaz ha estado junto al corre\u00edsmo desde el 2007. Fue el responsable de la log\u00edstica y seguridad de las visitas a las provincias de Rafael Correa, durante las campa\u00f1as electorales, desde el 2007 hasta el 2013. Tambi\u00e9n fue asesor de la Presidencia de la Rep\u00fablica durante los primeros a\u00f1os del mandato de Correa y coordinaba operaciones con la Senain, seg\u00fan denuncias period\u00edsticas.<\/p>\n<figure id=\"attachment_4954\" aria-describedby=\"caption-attachment-4954\" style=\"width: 545px\" class=\"wp-caption alignleft\"><img decoding=\"async\" class=\"wp-image-4954\" src=\"https:\/\/www.codigovidrio.com\/code\/wp-content\/uploads\/2020\/11\/piccc-300x231.jpg\" alt=\"\" width=\"555\" height=\"427\" srcset=\"https:\/\/www.codigovidrio.com\/code\/wp-content\/uploads\/2020\/11\/piccc-300x231.jpg 300w, https:\/\/www.codigovidrio.com\/code\/wp-content\/uploads\/2020\/11\/piccc-768x591.jpg 768w, https:\/\/www.codigovidrio.com\/code\/wp-content\/uploads\/2020\/11\/piccc.jpg 800w\" sizes=\"(max-width: 555px) 100vw, 555px\" \/><figcaption id=\"caption-attachment-4954\" class=\"wp-caption-text\"><strong>El candidato Andr\u00e9s Arauz denunci\u00f3 el jueves que la acusaci\u00f3n contra D\u00edaz, de integrar un supuesto aparato paralelo de espionaje, es parte de un ataque de desprestigio desde el Gobierno. Foto archivo <\/strong><\/figcaption><\/figure>\n<p>Por \u00a0esas tareas, en varias denuncias de la prensa se asegur\u00f3 que era el jefe de los llamados \u201cPopeyes\u201d, contratados para brindar la seguridad a los candidatos de Alianza Pa\u00eds en las elecciones y hostigar a opositores y periodistas.<\/p>\n<p>Los pagos a ese grupo fueron expuestos en el juicio que emprendi\u00f3 la Fiscal\u00eda por la red de sobornos que sentenci\u00f3 a ocho a\u00f1os de prisi\u00f3n a Correa; al ex vicepresidente Jorge Glas; a los ex ministros Alexis Mera, Vinicio Alvarado, Mar\u00eda Duarte, entre otros. Sin embargo, no se incluy\u00f3 a D\u00edaz en esta lista.<\/p>\n<p>D\u00edaz es investigado por la Fiscal\u00eda, acusado de ser el autor intelectual del presunto delito de tortura al periodista Alfonso P\u00e9rez Medina.\u00a0 La denuncia se formaliz\u00f3 el 12 de abril de 2018. El portal Ecuador en Vivo denunci\u00f3 que P\u00e9rez\u00a0fue golpeado la noche del 11 de diciembre de 2016 por personas que interceptaron su veh\u00edculo, cuando iba camino al aeropuerto de Quito. Seg\u00fan P\u00e9rez, la golpiza se debi\u00f3 a las \u201cpermanentes cr\u00edticas contra el gobierno de Correa y porque unos d\u00edas antes hab\u00eda convocado a una protesta contra el r\u00e9gimen\u201d. D\u00edaz habr\u00eda ordenado el ataque, como parte de operaciones delictivas dispuestas desde la entonces Secretar\u00eda de Inteligencia.<\/p>\n<h3><strong>Vallejo\u00a0niega participaci\u00f3n en espionaje<\/strong><\/h3>\n<p>Precisamente, Rommy Vallejo, exjefe de la Senain, emiti\u00f3 las \u00faltimas horas un comunicado para desmentir su participaci\u00f3n en la nueva oleada de espionaje pol\u00edtico. Dijo que el reportaje era una \u201cfabricaci\u00f3n, infundada y sin sustento, que atenta contra la libertad y los derechos de ex funcionarios del sistema de Inteligencia\u201d.<\/p>\n<p>\u201cDesde que asum\u00ed la Secretar\u00eda de Inteligencia en 2014 y hasta el a\u00f1o 2018, que estuve en funciones, en el gobierno de Lenin Moreno, las prioridades de trabajo del Sistema Nacional de Inteligencia estuvieron siempre articuladas por el Plan Nacional de Inteligencia, y sustentadas en lo dispuesto por la Constituci\u00f3n y la Ley de Seguridad P\u00fablica y del Estado\u201d.<\/p>\n<p>Seg\u00fan Vallejo, desde cuando \u00a0entreg\u00f3 la Senain a \u00a0su sucesor se ha dedicado a cuestiones familiares y personales, \u201csiempre alejado de toda actividad de Inteligencia, que como establece la Ley, depende \u00fanica y exclusivamente de las autoridades que dirigen los organismos del Estado del sector de la seguridad y la defensa\u201d.<\/p>\n<figure id=\"attachment_4952\" aria-describedby=\"caption-attachment-4952\" style=\"width: 586px\" class=\"wp-caption alignright\"><img decoding=\"async\" class=\"wp-image-4952\" src=\"https:\/\/www.codigovidrio.com\/code\/wp-content\/uploads\/2020\/11\/pic-300x205.jpg\" alt=\"\" width=\"596\" height=\"407\" srcset=\"https:\/\/www.codigovidrio.com\/code\/wp-content\/uploads\/2020\/11\/pic-300x205.jpg 300w, https:\/\/www.codigovidrio.com\/code\/wp-content\/uploads\/2020\/11\/pic-768x525.jpg 768w, https:\/\/www.codigovidrio.com\/code\/wp-content\/uploads\/2020\/11\/pic.jpg 800w\" sizes=\"(max-width: 596px) 100vw, 596px\" \/><figcaption id=\"caption-attachment-4952\" class=\"wp-caption-text\"><strong>D\u00edaz (Izq.) es un hombre de confianza del expresidente Rafael Correa. Fue el responsable de la log\u00edstica y seguridad de las visitas a las provincias del exmandatario durante las campa\u00f1as electorales, desde el 2007 hasta el 2013. Foto tomada del portal Ecuador en Vivo.<\/strong><\/figcaption><\/figure>\n<p>Ahora, a\u00f1os despu\u00e9s, agrega Vallejo, \u201cse fabrican supuestos art\u00edculos de opini\u00f3n sin sustento ni contexto, basado en supuestos, que pretenden usar como \u201cprueba\u201d para atentar contra la libertad y los derechos de varios ex funcionarios del sistema de Inteligencia. Rechazo categ\u00f3ricamente la veracidad de estas insinuaciones difundidas por ciertos medios de comunicaci\u00f3n\u201d.<span class=\"Apple-converted-space\">\u00a0<\/span><\/p>\n<p>El exjefe de Inteligencia indica que est\u00e1 dispuesto a colaborar con la Fiscal\u00eda \u00a0y \u201cdemostrar el claro objetivo pol\u00edtico que persiguen (&#8230;)\u201d.<\/p>\n<p>Hasta el momento no se conoce cu\u00e1l fue el motivo del viaje de D\u00edaz a M\u00e9xico, o si pedir\u00e1 asilo en ese pa\u00eds, como lo hicieron sus compa\u00f1eros y ex asamble\u00edstas, Gabriela Rivadeneira, Carlos Viteri y Soledad Buend\u00eda.<\/p>\n<p>Pedimos la versi\u00f3n del movimiento Alianza Uni\u00f3n por la Esperanza sobre las razones del desplazamiento, pero a\u00fan no recibimos una respuesta.<\/p>\n","protected":false},"excerpt":{"rendered":"<p>Este jueves 19 de noviembre viaj\u00f3 a M\u00e9xico Santiago D\u00edaz, procurador de la campa\u00f1a del binomio presidencial integrado por Andr\u00e9s Arauz y Carlos Rabascall. Esta semana se denunci\u00f3 la participaci\u00f3n de D\u00edaz en supuestas operaciones de espionaje pol\u00edtico desde una Senain paralela, lo cual fue desmentido por los candidatos del corre\u00edsmo. Pedimos la\u00a0versi\u00f3n \u00a0sobre el &#8230; <a title=\"D\u00edaz, procurador de campa\u00f1a de Arauz, vol\u00f3 a M\u00e9xico\" class=\"read-more\" href=\"https:\/\/www.codigovidrio.com\/code\/diaz-procurador-de-capana-de-arauz-volo-a-mexico\/\">leer m\u00e1s&#8230;<\/a><\/p>\n","protected":false},"author":2,"featured_media":4951,"comment_status":"open","ping_status":"closed","sticky":false,"template":"","format":"standard","meta":{"generate_page_header":"","footnotes":""},"categories":[211],"tags":[],"yoast_head":"<!-- This site is optimized with the Yoast SEO plugin v23.5 - https:\/\/yoast.com\/wordpress\/plugins\/seo\/ -->\n<title>D\u00edaz, procurador de campa\u00f1a de Arauz, vol\u00f3 a M\u00e9xico - C\u00f3digo Vidrio<\/title>\n<meta name=\"robots\" content=\"index, follow, max-snippet:-1, max-image-preview:large, max-video-preview:-1\" \/>\n<link rel=\"canonical\" href=\"https:\/\/www.codigovidrio.com\/code\/diaz-procurador-de-capana-de-arauz-volo-a-mexico\/\" \/>\n<meta property=\"og:locale\" content=\"es_ES\" \/>\n<meta property=\"og:type\" content=\"article\" \/>\n<meta property=\"og:title\" content=\"D\u00edaz, procurador de campa\u00f1a de Arauz, vol\u00f3 a M\u00e9xico - C\u00f3digo Vidrio\" \/>\n<meta property=\"og:description\" content=\"Este jueves 19 de noviembre viaj\u00f3 a M\u00e9xico Santiago D\u00edaz, procurador de la campa\u00f1a del binomio presidencial integrado por Andr\u00e9s Arauz y Carlos Rabascall. Esta semana se denunci\u00f3 la participaci\u00f3n de D\u00edaz en supuestas operaciones de espionaje pol\u00edtico desde una Senain paralela, lo cual fue desmentido por los candidatos del corre\u00edsmo. Pedimos la\u00a0versi\u00f3n \u00a0sobre el ... leer m\u00e1s...\" \/>\n<meta property=\"og:url\" content=\"https:\/\/www.codigovidrio.com\/code\/diaz-procurador-de-capana-de-arauz-volo-a-mexico\/\" \/>\n<meta property=\"og:site_name\" content=\"C\u00f3digo Vidrio\" \/>\n<meta property=\"article:published_time\" content=\"2020-11-20T20:11:08+00:00\" \/>\n<meta property=\"article:modified_time\" content=\"2020-11-22T02:33:35+00:00\" \/>\n<meta property=\"og:image\" content=\"https:\/\/www.codigovidrio.com\/code\/wp-content\/uploads\/2020\/11\/header.jpg\" \/>\n\t<meta property=\"og:image:width\" content=\"1200\" \/>\n\t<meta property=\"og:image:height\" content=\"800\" \/>\n\t<meta property=\"og:image:type\" content=\"image\/jpeg\" \/>\n<meta name=\"author\" content=\"Codigo Vidrio Admin\" \/>\n<meta name=\"twitter:card\" content=\"summary_large_image\" \/>\n<meta name=\"twitter:label1\" content=\"Escrito por\" \/>\n\t<meta name=\"twitter:data1\" content=\"Codigo Vidrio Admin\" \/>\n\t<meta name=\"twitter:label2\" content=\"Tiempo de lectura\" \/>\n\t<meta name=\"twitter:data2\" content=\"6 minutos\" \/>\n<script type=\"application\/ld+json\" class=\"yoast-schema-graph\">{\"@context\":\"https:\/\/schema.org\",\"@graph\":[{\"@type\":\"Article\",\"@id\":\"https:\/\/www.codigovidrio.com\/code\/diaz-procurador-de-capana-de-arauz-volo-a-mexico\/#article\",\"isPartOf\":{\"@id\":\"https:\/\/www.codigovidrio.com\/code\/diaz-procurador-de-capana-de-arauz-volo-a-mexico\/\"},\"author\":{\"name\":\"Codigo Vidrio Admin\",\"@id\":\"https:\/\/www.codigovidrio.com\/code\/#\/schema\/person\/974bc7a5b889699d012b2343dc68fc6e\"},\"headline\":\"D\u00edaz, procurador de campa\u00f1a de Arauz, vol\u00f3 a M\u00e9xico\",\"datePublished\":\"2020-11-20T20:11:08+00:00\",\"dateModified\":\"2020-11-22T02:33:35+00:00\",\"mainEntityOfPage\":{\"@id\":\"https:\/\/www.codigovidrio.com\/code\/diaz-procurador-de-capana-de-arauz-volo-a-mexico\/\"},\"wordCount\":1170,\"commentCount\":2,\"publisher\":{\"@id\":\"https:\/\/www.codigovidrio.com\/code\/#organization\"},\"image\":{\"@id\":\"https:\/\/www.codigovidrio.com\/code\/diaz-procurador-de-capana-de-arauz-volo-a-mexico\/#primaryimage\"},\"thumbnailUrl\":\"https:\/\/www.codigovidrio.com\/code\/wp-content\/uploads\/2020\/11\/header.jpg\",\"articleSection\":[\"Especiales\"],\"inLanguage\":\"es\",\"potentialAction\":[{\"@type\":\"CommentAction\",\"name\":\"Comment\",\"target\":[\"https:\/\/www.codigovidrio.com\/code\/diaz-procurador-de-capana-de-arauz-volo-a-mexico\/#respond\"]}]},{\"@type\":\"WebPage\",\"@id\":\"https:\/\/www.codigovidrio.com\/code\/diaz-procurador-de-capana-de-arauz-volo-a-mexico\/\",\"url\":\"https:\/\/www.codigovidrio.com\/code\/diaz-procurador-de-capana-de-arauz-volo-a-mexico\/\",\"name\":\"D\u00edaz, procurador de campa\u00f1a de Arauz, vol\u00f3 a M\u00e9xico - C\u00f3digo Vidrio\",\"isPartOf\":{\"@id\":\"https:\/\/www.codigovidrio.com\/code\/#website\"},\"primaryImageOfPage\":{\"@id\":\"https:\/\/www.codigovidrio.com\/code\/diaz-procurador-de-capana-de-arauz-volo-a-mexico\/#primaryimage\"},\"image\":{\"@id\":\"https:\/\/www.codigovidrio.com\/code\/diaz-procurador-de-capana-de-arauz-volo-a-mexico\/#primaryimage\"},\"thumbnailUrl\":\"https:\/\/www.codigovidrio.com\/code\/wp-content\/uploads\/2020\/11\/header.jpg\",\"datePublished\":\"2020-11-20T20:11:08+00:00\",\"dateModified\":\"2020-11-22T02:33:35+00:00\",\"breadcrumb\":{\"@id\":\"https:\/\/www.codigovidrio.com\/code\/diaz-procurador-de-capana-de-arauz-volo-a-mexico\/#breadcrumb\"},\"inLanguage\":\"es\",\"potentialAction\":[{\"@type\":\"ReadAction\",\"target\":[\"https:\/\/www.codigovidrio.com\/code\/diaz-procurador-de-capana-de-arauz-volo-a-mexico\/\"]}]},{\"@type\":\"ImageObject\",\"inLanguage\":\"es\",\"@id\":\"https:\/\/www.codigovidrio.com\/code\/diaz-procurador-de-capana-de-arauz-volo-a-mexico\/#primaryimage\",\"url\":\"https:\/\/www.codigovidrio.com\/code\/wp-content\/uploads\/2020\/11\/header.jpg\",\"contentUrl\":\"https:\/\/www.codigovidrio.com\/code\/wp-content\/uploads\/2020\/11\/header.jpg\",\"width\":1200,\"height\":800},{\"@type\":\"BreadcrumbList\",\"@id\":\"https:\/\/www.codigovidrio.com\/code\/diaz-procurador-de-capana-de-arauz-volo-a-mexico\/#breadcrumb\",\"itemListElement\":[{\"@type\":\"ListItem\",\"position\":1,\"name\":\"Portada\",\"item\":\"https:\/\/www.codigovidrio.com\/code\/\"},{\"@type\":\"ListItem\",\"position\":2,\"name\":\"D\u00edaz, procurador de campa\u00f1a de Arauz, vol\u00f3 a M\u00e9xico\"}]},{\"@type\":\"WebSite\",\"@id\":\"https:\/\/www.codigovidrio.com\/code\/#website\",\"url\":\"https:\/\/www.codigovidrio.com\/code\/\",\"name\":\"C\u00f3digo Vidrio\",\"description\":\"Transparentamos las historias ocultas\",\"publisher\":{\"@id\":\"https:\/\/www.codigovidrio.com\/code\/#organization\"},\"potentialAction\":[{\"@type\":\"SearchAction\",\"target\":{\"@type\":\"EntryPoint\",\"urlTemplate\":\"https:\/\/www.codigovidrio.com\/code\/?s={search_term_string}\"},\"query-input\":{\"@type\":\"PropertyValueSpecification\",\"valueRequired\":true,\"valueName\":\"search_term_string\"}}],\"inLanguage\":\"es\"},{\"@type\":\"Organization\",\"@id\":\"https:\/\/www.codigovidrio.com\/code\/#organization\",\"name\":\"C\u00f3digo Vidrio\",\"url\":\"https:\/\/www.codigovidrio.com\/code\/\",\"logo\":{\"@type\":\"ImageObject\",\"inLanguage\":\"es\",\"@id\":\"https:\/\/www.codigovidrio.com\/code\/#\/schema\/logo\/image\/\",\"url\":\"https:\/\/www.codigovidrio.com\/code\/wp-content\/uploads\/2022\/01\/logo-horiz-08.png\",\"contentUrl\":\"https:\/\/www.codigovidrio.com\/code\/wp-content\/uploads\/2022\/01\/logo-horiz-08.png\",\"width\":817,\"height\":294,\"caption\":\"C\u00f3digo Vidrio\"},\"image\":{\"@id\":\"https:\/\/www.codigovidrio.com\/code\/#\/schema\/logo\/image\/\"}},{\"@type\":\"Person\",\"@id\":\"https:\/\/www.codigovidrio.com\/code\/#\/schema\/person\/974bc7a5b889699d012b2343dc68fc6e\",\"name\":\"Codigo Vidrio Admin\",\"url\":\"https:\/\/www.codigovidrio.com\/code\/author\/vidrio-admin\/\"}]}<\/script>\n<!-- \/ Yoast SEO plugin. -->","yoast_head_json":{"title":"D\u00edaz, procurador de campa\u00f1a de Arauz, vol\u00f3 a M\u00e9xico - C\u00f3digo Vidrio","robots":{"index":"index","follow":"follow","max-snippet":"max-snippet:-1","max-image-preview":"max-image-preview:large","max-video-preview":"max-video-preview:-1"},"canonical":"https:\/\/www.codigovidrio.com\/code\/diaz-procurador-de-capana-de-arauz-volo-a-mexico\/","og_locale":"es_ES","og_type":"article","og_title":"D\u00edaz, procurador de campa\u00f1a de Arauz, vol\u00f3 a M\u00e9xico - C\u00f3digo Vidrio","og_description":"Este jueves 19 de noviembre viaj\u00f3 a M\u00e9xico Santiago D\u00edaz, procurador de la campa\u00f1a del binomio presidencial integrado por Andr\u00e9s Arauz y Carlos Rabascall. Esta semana se denunci\u00f3 la participaci\u00f3n de D\u00edaz en supuestas operaciones de espionaje pol\u00edtico desde una Senain paralela, lo cual fue desmentido por los candidatos del corre\u00edsmo. Pedimos la\u00a0versi\u00f3n \u00a0sobre el ... leer m\u00e1s...","og_url":"https:\/\/www.codigovidrio.com\/code\/diaz-procurador-de-capana-de-arauz-volo-a-mexico\/","og_site_name":"C\u00f3digo Vidrio","article_published_time":"2020-11-20T20:11:08+00:00","article_modified_time":"2020-11-22T02:33:35+00:00","og_image":[{"width":1200,"height":800,"url":"https:\/\/www.codigovidrio.com\/code\/wp-content\/uploads\/2020\/11\/header.jpg","type":"image\/jpeg"}],"author":"Codigo Vidrio Admin","twitter_card":"summary_large_image","twitter_misc":{"Escrito por":"Codigo Vidrio Admin","Tiempo de lectura":"6 minutos"},"schema":{"@context":"https:\/\/schema.org","@graph":[{"@type":"Article","@id":"https:\/\/www.codigovidrio.com\/code\/diaz-procurador-de-capana-de-arauz-volo-a-mexico\/#article","isPartOf":{"@id":"https:\/\/www.codigovidrio.com\/code\/diaz-procurador-de-capana-de-arauz-volo-a-mexico\/"},"author":{"name":"Codigo Vidrio Admin","@id":"https:\/\/www.codigovidrio.com\/code\/#\/schema\/person\/974bc7a5b889699d012b2343dc68fc6e"},"headline":"D\u00edaz, procurador de campa\u00f1a de Arauz, vol\u00f3 a M\u00e9xico","datePublished":"2020-11-20T20:11:08+00:00","dateModified":"2020-11-22T02:33:35+00:00","mainEntityOfPage":{"@id":"https:\/\/www.codigovidrio.com\/code\/diaz-procurador-de-capana-de-arauz-volo-a-mexico\/"},"wordCount":1170,"commentCount":2,"publisher":{"@id":"https:\/\/www.codigovidrio.com\/code\/#organization"},"image":{"@id":"https:\/\/www.codigovidrio.com\/code\/diaz-procurador-de-capana-de-arauz-volo-a-mexico\/#primaryimage"},"thumbnailUrl":"https:\/\/www.codigovidrio.com\/code\/wp-content\/uploads\/2020\/11\/header.jpg","articleSection":["Especiales"],"inLanguage":"es","potentialAction":[{"@type":"CommentAction","name":"Comment","target":["https:\/\/www.codigovidrio.com\/code\/diaz-procurador-de-capana-de-arauz-volo-a-mexico\/#respond"]}]},{"@type":"WebPage","@id":"https:\/\/www.codigovidrio.com\/code\/diaz-procurador-de-capana-de-arauz-volo-a-mexico\/","url":"https:\/\/www.codigovidrio.com\/code\/diaz-procurador-de-capana-de-arauz-volo-a-mexico\/","name":"D\u00edaz, procurador de campa\u00f1a de Arauz, vol\u00f3 a M\u00e9xico - C\u00f3digo Vidrio","isPartOf":{"@id":"https:\/\/www.codigovidrio.com\/code\/#website"},"primaryImageOfPage":{"@id":"https:\/\/www.codigovidrio.com\/code\/diaz-procurador-de-capana-de-arauz-volo-a-mexico\/#primaryimage"},"image":{"@id":"https:\/\/www.codigovidrio.com\/code\/diaz-procurador-de-capana-de-arauz-volo-a-mexico\/#primaryimage"},"thumbnailUrl":"https:\/\/www.codigovidrio.com\/code\/wp-content\/uploads\/2020\/11\/header.jpg","datePublished":"2020-11-20T20:11:08+00:00","dateModified":"2020-11-22T02:33:35+00:00","breadcrumb":{"@id":"https:\/\/www.codigovidrio.com\/code\/diaz-procurador-de-capana-de-arauz-volo-a-mexico\/#breadcrumb"},"inLanguage":"es","potentialAction":[{"@type":"ReadAction","target":["https:\/\/www.codigovidrio.com\/code\/diaz-procurador-de-capana-de-arauz-volo-a-mexico\/"]}]},{"@type":"ImageObject","inLanguage":"es","@id":"https:\/\/www.codigovidrio.com\/code\/diaz-procurador-de-capana-de-arauz-volo-a-mexico\/#primaryimage","url":"https:\/\/www.codigovidrio.com\/code\/wp-content\/uploads\/2020\/11\/header.jpg","contentUrl":"https:\/\/www.codigovidrio.com\/code\/wp-content\/uploads\/2020\/11\/header.jpg","width":1200,"height":800},{"@type":"BreadcrumbList","@id":"https:\/\/www.codigovidrio.com\/code\/diaz-procurador-de-capana-de-arauz-volo-a-mexico\/#breadcrumb","itemListElement":[{"@type":"ListItem","position":1,"name":"Portada","item":"https:\/\/www.codigovidrio.com\/code\/"},{"@type":"ListItem","position":2,"name":"D\u00edaz, procurador de campa\u00f1a de Arauz, vol\u00f3 a M\u00e9xico"}]},{"@type":"WebSite","@id":"https:\/\/www.codigovidrio.com\/code\/#website","url":"https:\/\/www.codigovidrio.com\/code\/","name":"C\u00f3digo Vidrio","description":"Transparentamos las historias ocultas","publisher":{"@id":"https:\/\/www.codigovidrio.com\/code\/#organization"},"potentialAction":[{"@type":"SearchAction","target":{"@type":"EntryPoint","urlTemplate":"https:\/\/www.codigovidrio.com\/code\/?s={search_term_string}"},"query-input":{"@type":"PropertyValueSpecification","valueRequired":true,"valueName":"search_term_string"}}],"inLanguage":"es"},{"@type":"Organization","@id":"https:\/\/www.codigovidrio.com\/code\/#organization","name":"C\u00f3digo Vidrio","url":"https:\/\/www.codigovidrio.com\/code\/","logo":{"@type":"ImageObject","inLanguage":"es","@id":"https:\/\/www.codigovidrio.com\/code\/#\/schema\/logo\/image\/","url":"https:\/\/www.codigovidrio.com\/code\/wp-content\/uploads\/2022\/01\/logo-horiz-08.png","contentUrl":"https:\/\/www.codigovidrio.com\/code\/wp-content\/uploads\/2022\/01\/logo-horiz-08.png","width":817,"height":294,"caption":"C\u00f3digo Vidrio"},"image":{"@id":"https:\/\/www.codigovidrio.com\/code\/#\/schema\/logo\/image\/"}},{"@type":"Person","@id":"https:\/\/www.codigovidrio.com\/code\/#\/schema\/person\/974bc7a5b889699d012b2343dc68fc6e","name":"Codigo Vidrio Admin","url":"https:\/\/www.codigovidrio.com\/code\/author\/vidrio-admin\/"}]}},"_links":{"self":[{"href":"https:\/\/www.codigovidrio.com\/code\/wp-json\/wp\/v2\/posts\/4950"}],"collection":[{"href":"https:\/\/www.codigovidrio.com\/code\/wp-json\/wp\/v2\/posts"}],"about":[{"href":"https:\/\/www.codigovidrio.com\/code\/wp-json\/wp\/v2\/types\/post"}],"author":[{"embeddable":true,"href":"https:\/\/www.codigovidrio.com\/code\/wp-json\/wp\/v2\/users\/2"}],"replies":[{"embeddable":true,"href":"https:\/\/www.codigovidrio.com\/code\/wp-json\/wp\/v2\/comments?post=4950"}],"version-history":[{"count":10,"href":"https:\/\/www.codigovidrio.com\/code\/wp-json\/wp\/v2\/posts\/4950\/revisions"}],"predecessor-version":[{"id":4966,"href":"https:\/\/www.codigovidrio.com\/code\/wp-json\/wp\/v2\/posts\/4950\/revisions\/4966"}],"wp:featuredmedia":[{"embeddable":true,"href":"https:\/\/www.codigovidrio.com\/code\/wp-json\/wp\/v2\/media\/4951"}],"wp:attachment":[{"href":"https:\/\/www.codigovidrio.com\/code\/wp-json\/wp\/v2\/media?parent=4950"}],"wp:term":[{"taxonomy":"category","embeddable":true,"href":"https:\/\/www.codigovidrio.com\/code\/wp-json\/wp\/v2\/categories?post=4950"},{"taxonomy":"post_tag","embeddable":true,"href":"https:\/\/www.codigovidrio.com\/code\/wp-json\/wp\/v2\/tags?post=4950"}],"curies":[{"name":"wp","href":"https:\/\/api.w.org\/{rel}","templated":true}]}}