{"id":4503,"date":"2020-09-23T21:55:23","date_gmt":"2020-09-24T02:55:23","guid":{"rendered":"http:\/\/www.codigovidrio.com\/code\/?p=4503"},"modified":"2020-09-24T17:32:27","modified_gmt":"2020-09-24T22:32:27","slug":"caso-assange-multa-de-273-mil-para-alban","status":"publish","type":"post","link":"https:\/\/www.codigovidrio.com\/code\/caso-assange-multa-de-273-mil-para-alban\/","title":{"rendered":"Asilo de Assange: Multa de $273 mil para Alb\u00e1n"},"content":{"rendered":"<blockquote><p>La Contralor\u00eda estableci\u00f3 sanciones administrativas por 273.000 d\u00f3lares para la exembajadora de Ecuador en Londres, Ana Alb\u00e1n, por los pagos, sin sustentos, de contratos de abogados, comunicaci\u00f3n y festejos por el asilo concedido a Julian Assange. Tambi\u00e9n determin\u00f3 multas por 30 mil d\u00f3lares para el excanciller Ricardo Pati\u00f1o, Alb\u00e1n, y dos funcionarios m\u00e1s del Ministerio de Relaciones Exteriores. El australiano\u00a0enfrenta un juicio de extradici\u00f3n a Estados Unidos en un tribunal de Londres.<\/p><\/blockquote>\n<p><em><strong>Redacci\u00f3n C\u00f3digo Vidrio<\/strong><\/em><\/p>\n<p>Los gastos ilegales por el mantenimiento y la permanencia de Julian Assange en la embajada de Ecuador en Londres (2012-2019) deber\u00e1n ser asumidos por varios funcionarios diplom\u00e1ticos, especialmente por Ana Alb\u00e1n como exembajadora.<\/p>\n<p>La Contralor\u00eda estableci\u00f3 sanciones administrativas por 273.000 d\u00f3lares para Alb\u00e1n, por todos los contratos y gestiones institucionales para asilar al fundador de Wikileaks, que enfrenta en un tribunal de Londres un juicio de extradici\u00f3n a Estados Unidos. Tambi\u00e9n determin\u00f3 multas por 30 mil d\u00f3lares para el excanciller Ricardo Pati\u00f1o, Alb\u00e1n, y dos funcionarios m\u00e1s del Ministerio de Relaciones Exteriores.<\/p>\n<p>Las sanciones se desprenden de dos ex\u00e1menes especiales: el primero (Informe DNA1-0037-2019) sobre la gesti\u00f3n administrativa y financiera, relacionada con los costos desembolsados por el Estado ecuatoriano para la estad\u00eda de Assange, y el segundo por el otorgamiento de asilo diplom\u00e1tico y naturalizaci\u00f3n de Juli\u00e1n Assange.<\/p>\n<p>En el primer informe sobre la gesti\u00f3n administrativa y financiera, entre el 2012 y el 2017, se auditaron procesos y se estableci\u00f3 que 562.000 fueron desembolsados sin el sustento legal suficiente, seg\u00fan la Contralor\u00eda.<\/p>\n<p>En el segundo examen sobre la entrega de la nacionalidad ecuatoriana al australiano fueron multados el excanciller Pati\u00f1o, Alb\u00e1n y otros funcionarios de Relaciones Exteriores.<\/p>\n<hr \/>\n<h3 style=\"text-align: center;\"><strong>Los embajadores de Ecuador en Londres<\/strong><\/h3>\n<figure id=\"attachment_4501\" aria-describedby=\"caption-attachment-4501\" style=\"width: 990px\" class=\"wp-caption aligncenter\"><img fetchpriority=\"high\" decoding=\"async\" class=\"wp-image-4501\" src=\"https:\/\/www.codigovidrio.com\/code\/wp-content\/uploads\/2020\/09\/cuentas-de-assange-05-300x74.jpeg\" alt=\"\" width=\"1000\" height=\"247\" srcset=\"https:\/\/www.codigovidrio.com\/code\/wp-content\/uploads\/2020\/09\/cuentas-de-assange-05-300x74.jpeg 300w, https:\/\/www.codigovidrio.com\/code\/wp-content\/uploads\/2020\/09\/cuentas-de-assange-05-1024x253.jpeg 1024w, https:\/\/www.codigovidrio.com\/code\/wp-content\/uploads\/2020\/09\/cuentas-de-assange-05-768x189.jpeg 768w, https:\/\/www.codigovidrio.com\/code\/wp-content\/uploads\/2020\/09\/cuentas-de-assange-05.jpeg 1192w\" sizes=\"(max-width: 1000px) 100vw, 1000px\" \/><figcaption id=\"caption-attachment-4501\" class=\"wp-caption-text\"><b>Ana Alb\u00e1n fue embajadora hasta el 2013; Juan Falconi estuvo entre el 2013 y 2015; Carlos Abad (ya fallecido) fue embajador entre el 2015 y 2018; y, Jaime March\u00e1n es embajador desde el 2018.<\/b><\/figcaption><\/figure>\n<hr \/>\n<p>Los resultados de esa auditor\u00eda complican, sobre todo, a Alb\u00e1n. Ella es se\u00f1alada como responsable de los pagos excesivos por las consultor\u00edas legales y comunicacionales para defender el asilo del australiano, as\u00ed como por los festejos organizados y otros gastos.<\/p>\n<p>Alb\u00e1n, quien es la directora del Fondo de Inversi\u00f3n Ambiental Sostenible, un organismo del Gobierno, ha rechazado el resultado de esas auditor\u00edas. Este portal la contact\u00f3 para buscar su versi\u00f3n pero prefiri\u00f3 no pronunciarse.<\/p>\n<hr \/>\n<h3 style=\"text-align: center;\"><strong>Ecuador destin\u00f3, en total, 6,5 millones de d\u00f3lares para la manutenci\u00f3n y el cuidado de Assange. $5,8 millones fueron solo para pagar la seguridad del australiano y provinieron de gastos especiales de la Senain. Y casi 400.000 d\u00f3lares m\u00e1s por gastos m\u00e9dicos, alimentaci\u00f3n y lavado de ropa.<\/strong><\/h3>\n<hr \/>\n<p>La cuenta m\u00e1s observada fue precisamente para justificar el asilo diplom\u00e1tico que se otorg\u00f3 a Assange. Como revel\u00f3 este portal, su llegada a la embajada, el 19 de junio de 2012, no fue una decisi\u00f3n espont\u00e1nea, sino planificada meses antes con el gobierno de Rafael Correa. Varias fuentes confirmaron que las adecuaciones y compras de equipos se concretaron antes de su arribo.<\/p>\n<figure id=\"attachment_4497\" aria-describedby=\"caption-attachment-4497\" style=\"width: 590px\" class=\"wp-caption alignleft\"><img decoding=\"async\" class=\"wp-image-4497\" src=\"https:\/\/www.codigovidrio.com\/code\/wp-content\/uploads\/2020\/09\/cuentas-de-assange-01-300x177.jpeg\" alt=\"\" width=\"600\" height=\"354\" srcset=\"https:\/\/www.codigovidrio.com\/code\/wp-content\/uploads\/2020\/09\/cuentas-de-assange-01-300x177.jpeg 300w, https:\/\/www.codigovidrio.com\/code\/wp-content\/uploads\/2020\/09\/cuentas-de-assange-01-1024x604.jpeg 1024w, https:\/\/www.codigovidrio.com\/code\/wp-content\/uploads\/2020\/09\/cuentas-de-assange-01-768x453.jpeg 768w, https:\/\/www.codigovidrio.com\/code\/wp-content\/uploads\/2020\/09\/cuentas-de-assange-01.jpeg 1194w\" sizes=\"(max-width: 600px) 100vw, 600px\" \/><figcaption id=\"caption-attachment-4497\" class=\"wp-caption-text\"><strong>En 2012, la entonces embajadora Ana Alb\u00e1n recibi\u00f3 a Julian Assange y debi\u00f3 lidiar con todos los problemas generados con. Inglaterra por asilarlo. Foto archivo <\/strong><\/figcaption><\/figure>\n<p>La llegada de Assange fue parte de una bien pensada estrategia que buscaba posicionar a Assange como perseguido de Estados Unidos y al gobierno ecuatoriano como su defensor. As\u00ed, Correa quer\u00eda apuntalar su imagen internacional como contradictor de esa potencia. De hecho hab\u00eda expulsado, un a\u00f1os antes, a la embajadora norteamericana Heather Hodges, precisamente por la publicaci\u00f3n de un cable diplom\u00e1tico filtrado por Wikileaks. Tanto Assange como Correa estrecharon su cercan\u00eda con los intereses rusos, como parte de la consolidaci\u00f3n de un nuevo eje geopol\u00edtico mundial de contrapeso a la naci\u00f3n estadounidense.<\/p>\n<p>Para aplacar las cr\u00edticas por la decisi\u00f3n del asilo y fortalecer la imagen del gobierno ecuatoriano, como embajadora Alb\u00e1n contrat\u00f3 consultor\u00edas de asesor\u00eda legal y comunicaci\u00f3n. Seg\u00fan los auditores de Contralor\u00eda, esos trabajos no contaron con evidencias documentales suficientes que evidencien el servicio prestado, en funci\u00f3n de las condiciones contratadas.<\/p>\n<p>Los contratos observados se concretaron con las firmas de abogados Bindmans LLP y Norton Rose, que sumaron 418 mil d\u00f3lares. Los comprobantes de egreso de los pagos de la Embajada no coinciden con los servicios facturados por los abogados. Por lo cual, los auditores establecieron que se violaron los procedimientos y la ley de Contrataci\u00f3n.<\/p>\n<p>Tambi\u00e9n se determinaron irregularidades y perjuicios en la asesor\u00eda de comunicaci\u00f3n por 144 mil d\u00f3lares, realizada entre julio del 2012 y agosto del 2013, con las empresas McSquared, Lee Brown y Nill Sookoo.<\/p>\n<figure id=\"attachment_4500\" aria-describedby=\"caption-attachment-4500\" style=\"width: 590px\" class=\"wp-caption alignright\"><img decoding=\"async\" class=\"wp-image-4500\" src=\"https:\/\/www.codigovidrio.com\/code\/wp-content\/uploads\/2020\/09\/cuentas-de-assange-04-300x182.jpeg\" alt=\"\" width=\"600\" height=\"364\" srcset=\"https:\/\/www.codigovidrio.com\/code\/wp-content\/uploads\/2020\/09\/cuentas-de-assange-04-300x182.jpeg 300w, https:\/\/www.codigovidrio.com\/code\/wp-content\/uploads\/2020\/09\/cuentas-de-assange-04-1024x621.jpeg 1024w, https:\/\/www.codigovidrio.com\/code\/wp-content\/uploads\/2020\/09\/cuentas-de-assange-04-768x466.jpeg 768w, https:\/\/www.codigovidrio.com\/code\/wp-content\/uploads\/2020\/09\/cuentas-de-assange-04.jpeg 1280w\" sizes=\"(max-width: 600px) 100vw, 600px\" \/><figcaption id=\"caption-attachment-4500\" class=\"wp-caption-text\"><strong>Esta era la oficina que Assange ten\u00eda en la sede, junto al despacho del embajador. Contaba con dos cuartos m\u00e1s, uno era su dormitorio. Foto archivo.<\/strong><\/figcaption><\/figure>\n<p>En \u00a0su informe, la Contralor\u00eda se\u00f1al\u00f3 que la exembajadora Alb\u00e1n no \u201cadjunt\u00f3 informes o productos que evidencien qu\u00e9 actividad o consultas se realizaron en beneficio del Estado ecuatoriano, previo a realizar los pagos de los comprobantes de gastos\u201d<\/p>\n<p>El Reglamento de Asignaci\u00f3n y Gastos en el Exterior indica que los jefes de las oficinas en el exterior son los responsables de los gastos ejecutados.<\/p>\n<h3><strong>La respuesta de Alb\u00e1n<\/strong><\/h3>\n<p>En su respuesta a la auditor\u00eda, Alb\u00e1n contest\u00f3: \u201cDebido a la presencia de un asilado en la sede de la Embajada, se oblig\u00f3 a buscar la asesor\u00eda especializada de expertos en derecho internacional, a fin de definir c\u00f3mo proceder dentro del marco del derecho aplicable para la situaci\u00f3n excepcional, como se viv\u00eda con Assange\u201d.<\/p>\n<p>Explic\u00f3 que no era necesario iniciar un proceso de contrataci\u00f3n bajo la Ley de Contrataci\u00f3n P\u00fablica, sino que se \u201cten\u00eda que aplicar la normativa o las pr\u00e1cticas comerciales del pa\u00eds donde se suscribieron los contratos, para establecer la forma de contrataci\u00f3n y materializaci\u00f3n. Estas se basan en el principio de buena fe, sin la necesidad de contratos\u201d.<\/p>\n<p>\u201cNo se puede calificar de insuficientes los documentos que prueban que los servicios de asesor\u00eda legal y de comunicaci\u00f3n se llevaron a cabo, ya que cada factura tiene un reporte de horas que demuestra las horas efectivamente trabajadas por los asesores jur\u00eddicos contratados\u201d, recalc\u00f3.<\/p>\n<p>No obstante, esa respuesta no desestim\u00f3 los se\u00f1alamientos de Contralor\u00eda, que ratific\u00f3 su informe final y procedi\u00f3 con el establecimiento de sanciones econ\u00f3micas. Lo mismo ocurri\u00f3 con la contrataci\u00f3n para la conmemoraci\u00f3n del primer a\u00f1o del asilo de Assange, que, a criterio de los auditores, se hizo sin sustento legal.<\/p>\n<p>La exembajadora autoriz\u00f3, mediante comprobantes de gasto 172 y 192, el pago por el evento de \u201cConmemoraci\u00f3n de Asilo Pol\u00edtico (2013)\u201d, por $5.395, el mismo que fue liquidado con el Fondo de Relaciones P\u00fablicas.<\/p>\n<figure id=\"attachment_4499\" aria-describedby=\"caption-attachment-4499\" style=\"width: 590px\" class=\"wp-caption alignleft\"><img loading=\"lazy\" decoding=\"async\" class=\"wp-image-4499\" src=\"https:\/\/www.codigovidrio.com\/code\/wp-content\/uploads\/2020\/09\/cuentas-de-assange-03-300x182.jpeg\" alt=\"\" width=\"600\" height=\"363\" srcset=\"https:\/\/www.codigovidrio.com\/code\/wp-content\/uploads\/2020\/09\/cuentas-de-assange-03-300x182.jpeg 300w, https:\/\/www.codigovidrio.com\/code\/wp-content\/uploads\/2020\/09\/cuentas-de-assange-03-1024x620.jpeg 1024w, https:\/\/www.codigovidrio.com\/code\/wp-content\/uploads\/2020\/09\/cuentas-de-assange-03-768x465.jpeg 768w, https:\/\/www.codigovidrio.com\/code\/wp-content\/uploads\/2020\/09\/cuentas-de-assange-03.jpeg 1280w\" sizes=\"(max-width: 600px) 100vw, 600px\" \/><figcaption id=\"caption-attachment-4499\" class=\"wp-caption-text\"><strong>El 2014 se realizaron eventos para celebrar el segundo a\u00f1o del asilo de Assange. En la embajada hubo una farra con la participaci\u00f3n del entonces canciller Ricardo Pati\u00f1o. Esos actos est\u00e1n prohibidos por la ley, seg\u00fan la Contralor\u00eda. Toma de video.<\/strong><\/figcaption><\/figure>\n<p>Para Contralor\u00eda, ese gasto viola el art\u00edculo 2 del Decreto Ejecutivo 287, sobre las normas de Austeridad y Control del Gasto P\u00fablico, de mayo de 2007, que orden\u00f3 \u201cla prohibici\u00f3n de festejos, agasajos o recepciones, a excepci\u00f3n de aquellos actos conmemorativos o protocolarios. La fecha de asilo diplom\u00e1tico no constituye un acto conmemorativo, lo que ocasion\u00f3 un pago sin sustento legal\u201d.<\/p>\n<p>Alb\u00e1n contest\u00f3 a los auditores que no fue una fiesta ni una conmemoraci\u00f3n del asilo pol\u00edtico, sino un evento informativo para buscar un arreglo y terminar con el impasse que ten\u00eda Ecuador con Inglaterra por conceder el asilo a Assange. Adem\u00e1s, cuestion\u00f3 que los auditores califiquen qu\u00e9 es un evento informativo y uno festivo.<\/p>\n<p>Las celebraciones por el asilo se repitieron el 2014. En la conmemoraci\u00f3n por el aniversario, que incluy\u00f3 una fiesta en la embajada <a href=\"https:\/\/www.codigovidrio.com\/code\/patino-y-assange-festejaron-a-lo-grande-aniversario-del-asilo\/\">https:\/\/www.codigovidrio.com\/code\/patino-y-assange-festejaron-a-lo-grande-aniversario-del-asilo\/<\/a>, se habr\u00edan gastado 6.557 d\u00f3lares, descritos en el rubro \u201cEventos p\u00fablicos\u201d del 2014, asignados en el fondo para la permanencia y mantenimiento de Assange.<\/p>\n<p>El video de ese festejo fue publicado por este portal. Participaron el entonces canciller Ricardo Pati\u00f1o, Assange, Jos\u00e9 Mar\u00eda Guijarro, Fidel Narv\u00e1ez, Baltasar Garz\u00f3n, abogado del fundador de WikiLeaks, y la periodista pro bolivariana Eva Golinger, entre otros asistentes. El exc\u00f3nsul Narv\u00e1ez, ac\u00e9rrimo defensor de Assange, dijo en redes sociales que en esa fiesta no se gastaron fondos p\u00fablicos.<\/p>\n<p>Las sanciones administrativas fueron notificadas hace varias semanas a los exfuncionarios responsables, para que respondan, en un plazo de 60 d\u00edas. Luego de ese plazo quedar\u00e1n en firme para los cobros correspondientes.<\/p>\n<p>Una vez que todo este proceso concluya en la Contralor\u00eda, las determinaciones de responsabilidades pueden ser impugnadas ante la justicia ordinaria, en el Tribunal de los Contencioso Administrativo.<\/p>\n<hr \/>\n<h2>Assange tiene s\u00edndrome de Asperger<\/h2>\n<p><img loading=\"lazy\" decoding=\"async\" class=\"aligncenter wp-image-4498\" src=\"https:\/\/www.codigovidrio.com\/code\/wp-content\/uploads\/2020\/09\/cuentas-de-assange-02-300x144.jpeg\" alt=\"\" width=\"1000\" height=\"481\" srcset=\"https:\/\/www.codigovidrio.com\/code\/wp-content\/uploads\/2020\/09\/cuentas-de-assange-02-300x144.jpeg 300w, https:\/\/www.codigovidrio.com\/code\/wp-content\/uploads\/2020\/09\/cuentas-de-assange-02-1024x493.jpeg 1024w, https:\/\/www.codigovidrio.com\/code\/wp-content\/uploads\/2020\/09\/cuentas-de-assange-02-768x370.jpeg 768w, https:\/\/www.codigovidrio.com\/code\/wp-content\/uploads\/2020\/09\/cuentas-de-assange-02.jpeg 1280w\" sizes=\"(max-width: 1000px) 100vw, 1000px\" \/><\/p>\n<p>&nbsp;<\/p>\n<p>Un psiquiatra que testific\u00f3 ayer 23 de septiembre en el juicio de extradici\u00f3n de Julian Assange asegur\u00f3 que el fundador de WikiLeaks padece del s\u00edndrome de Asperger, lo que incrementa el riesgo de suicidio si es extraditado a Estados Unidos.<\/p>\n<p>Quinton Deeley, especialista en psiquiatr\u00eda del Servicio de Salud brit\u00e1nico, dijo que la &#8216;rumiaci\u00f3n obsesiva&#8217; y &#8216;la rigidez de pensamiento&#8217; que presenta Assange son s\u00edntomas de un desorden del espectro autista.<\/p>\n<p>El proceso de extradici\u00f3n de Assange, que est\u00e1 confinado en una prisi\u00f3n brit\u00e1nica de m\u00e1xima seguridad desde su arresto en la embajada de Ecuador, en abril de 2019, se reanud\u00f3 el 7 de septiembre pasado.<\/p>\n<p>El Departamento de Justicia norteamericano pretende enjuiciarlo por publicar en el portal WikiLeaks miles de archivos secretos de la diplomacia y el Ej\u00e9rcito estadounidenses, entre ellos varios documentos y videos que confirman cr\u00edmenes de guerra cometidos en Iraq y Afganist\u00e1n.<\/p>\n<p>La posibilidad de que el periodista australiano se suicide si es extraditado a Estados Unidos, donde podr\u00eda ser condenado a 175 a\u00f1os de c\u00e1rcel a partir de los 17 cargos de espionaje y otro de pirater\u00eda inform\u00e1tica que se le imputan, fue presentada la v\u00edspera por el doctor Michael Koleman.<\/p>\n<p>El experto, que inici\u00f3 los testimonios de especialistas sobre el estado mental de Assange, dijo que tiene una predisposici\u00f3n gen\u00e9tica a la depresi\u00f3n cl\u00ednica, pues varios miembros de su familia se han suicidado.<\/p>\n<p>El representante de la fiscal\u00eda estadounidense, quien ayer insinu\u00f3 que Assange podr\u00eda estar fingiendo los s\u00edntomas de su enfermedad mental, contrapuso el padecimiento de Asperger al hecho de que el fundador de WikiLeaks ha escrito libros, dictado conferencias y se comunica f\u00e1cilmente con el p\u00fablico.<\/p>\n<p>El abogado reprodujo extractos de un video de 2010 donde se ve al australiano conversando animadamente con el p\u00fablico en un evento organizado por el Frontline Club.<\/p>\n<p>Deeley sostuvo que ese comportamiento no contradice el diagn\u00f3stico psiqui\u00e1trico, pues los personas con s\u00edndrome de Asperger, dijo, se desenvuelven muy bien en sus zonas de confort. En este caso, Assange es un experto en la materia.<\/p>\n<p>La ley de extradici\u00f3n de Gran Breta\u00f1a estipula que una persona con problemas mentales o f\u00edsicos no puede ser extraditada a otro pa\u00eds. <em><strong>Ag<\/strong><strong>encias<\/strong><\/em><\/p>\n","protected":false},"excerpt":{"rendered":"<p>La Contralor\u00eda estableci\u00f3 sanciones administrativas por 273.000 d\u00f3lares para la exembajadora de Ecuador en Londres, Ana Alb\u00e1n, por los pagos, sin sustentos, de contratos de abogados, comunicaci\u00f3n y festejos por el asilo concedido a Julian Assange. Tambi\u00e9n determin\u00f3 multas por 30 mil d\u00f3lares para el excanciller Ricardo Pati\u00f1o, Alb\u00e1n, y dos funcionarios m\u00e1s del Ministerio &#8230; <a title=\"Asilo de Assange: Multa de $273 mil para Alb\u00e1n\" class=\"read-more\" href=\"https:\/\/www.codigovidrio.com\/code\/caso-assange-multa-de-273-mil-para-alban\/\">leer m\u00e1s&#8230;<\/a><\/p>\n","protected":false},"author":2,"featured_media":4502,"comment_status":"open","ping_status":"open","sticky":false,"template":"","format":"standard","meta":{"generate_page_header":"","footnotes":""},"categories":[211],"tags":[],"yoast_head":"<!-- This site is optimized with the Yoast SEO plugin v23.5 - https:\/\/yoast.com\/wordpress\/plugins\/seo\/ -->\n<title>Asilo de Assange: Multa de $273 mil para Alb\u00e1n - C\u00f3digo Vidrio<\/title>\n<meta name=\"robots\" content=\"index, follow, max-snippet:-1, max-image-preview:large, max-video-preview:-1\" \/>\n<link rel=\"canonical\" href=\"https:\/\/www.codigovidrio.com\/code\/caso-assange-multa-de-273-mil-para-alban\/\" \/>\n<meta property=\"og:locale\" content=\"es_ES\" \/>\n<meta property=\"og:type\" content=\"article\" \/>\n<meta property=\"og:title\" content=\"Asilo de Assange: Multa de $273 mil para Alb\u00e1n - C\u00f3digo Vidrio\" \/>\n<meta property=\"og:description\" content=\"La Contralor\u00eda estableci\u00f3 sanciones administrativas por 273.000 d\u00f3lares para la exembajadora de Ecuador en Londres, Ana Alb\u00e1n, por los pagos, sin sustentos, de contratos de abogados, comunicaci\u00f3n y festejos por el asilo concedido a Julian Assange. Tambi\u00e9n determin\u00f3 multas por 30 mil d\u00f3lares para el excanciller Ricardo Pati\u00f1o, Alb\u00e1n, y dos funcionarios m\u00e1s del Ministerio ... leer m\u00e1s...\" \/>\n<meta property=\"og:url\" content=\"https:\/\/www.codigovidrio.com\/code\/caso-assange-multa-de-273-mil-para-alban\/\" \/>\n<meta property=\"og:site_name\" content=\"C\u00f3digo Vidrio\" \/>\n<meta property=\"article:published_time\" content=\"2020-09-24T02:55:23+00:00\" \/>\n<meta property=\"article:modified_time\" content=\"2020-09-24T22:32:27+00:00\" \/>\n<meta property=\"og:image\" content=\"https:\/\/www.codigovidrio.com\/code\/wp-content\/uploads\/2020\/09\/cuentas-de-assange-head.jpg\" \/>\n\t<meta property=\"og:image:width\" content=\"1600\" \/>\n\t<meta property=\"og:image:height\" content=\"650\" \/>\n\t<meta property=\"og:image:type\" content=\"image\/jpeg\" \/>\n<meta name=\"author\" content=\"Codigo Vidrio Admin\" \/>\n<meta name=\"twitter:card\" content=\"summary_large_image\" \/>\n<meta name=\"twitter:label1\" content=\"Escrito por\" \/>\n\t<meta name=\"twitter:data1\" content=\"Codigo Vidrio Admin\" \/>\n\t<meta name=\"twitter:label2\" content=\"Tiempo de lectura\" \/>\n\t<meta name=\"twitter:data2\" content=\"10 minutos\" \/>\n<script type=\"application\/ld+json\" class=\"yoast-schema-graph\">{\"@context\":\"https:\/\/schema.org\",\"@graph\":[{\"@type\":\"Article\",\"@id\":\"https:\/\/www.codigovidrio.com\/code\/caso-assange-multa-de-273-mil-para-alban\/#article\",\"isPartOf\":{\"@id\":\"https:\/\/www.codigovidrio.com\/code\/caso-assange-multa-de-273-mil-para-alban\/\"},\"author\":{\"name\":\"Codigo Vidrio Admin\",\"@id\":\"https:\/\/www.codigovidrio.com\/code\/#\/schema\/person\/974bc7a5b889699d012b2343dc68fc6e\"},\"headline\":\"Asilo de Assange: Multa de $273 mil para Alb\u00e1n\",\"datePublished\":\"2020-09-24T02:55:23+00:00\",\"dateModified\":\"2020-09-24T22:32:27+00:00\",\"mainEntityOfPage\":{\"@id\":\"https:\/\/www.codigovidrio.com\/code\/caso-assange-multa-de-273-mil-para-alban\/\"},\"wordCount\":1960,\"commentCount\":0,\"publisher\":{\"@id\":\"https:\/\/www.codigovidrio.com\/code\/#organization\"},\"image\":{\"@id\":\"https:\/\/www.codigovidrio.com\/code\/caso-assange-multa-de-273-mil-para-alban\/#primaryimage\"},\"thumbnailUrl\":\"https:\/\/www.codigovidrio.com\/code\/wp-content\/uploads\/2020\/09\/cuentas-de-assange-head.jpg\",\"articleSection\":[\"Especiales\"],\"inLanguage\":\"es\",\"potentialAction\":[{\"@type\":\"CommentAction\",\"name\":\"Comment\",\"target\":[\"https:\/\/www.codigovidrio.com\/code\/caso-assange-multa-de-273-mil-para-alban\/#respond\"]}]},{\"@type\":\"WebPage\",\"@id\":\"https:\/\/www.codigovidrio.com\/code\/caso-assange-multa-de-273-mil-para-alban\/\",\"url\":\"https:\/\/www.codigovidrio.com\/code\/caso-assange-multa-de-273-mil-para-alban\/\",\"name\":\"Asilo de Assange: Multa de $273 mil para Alb\u00e1n - C\u00f3digo Vidrio\",\"isPartOf\":{\"@id\":\"https:\/\/www.codigovidrio.com\/code\/#website\"},\"primaryImageOfPage\":{\"@id\":\"https:\/\/www.codigovidrio.com\/code\/caso-assange-multa-de-273-mil-para-alban\/#primaryimage\"},\"image\":{\"@id\":\"https:\/\/www.codigovidrio.com\/code\/caso-assange-multa-de-273-mil-para-alban\/#primaryimage\"},\"thumbnailUrl\":\"https:\/\/www.codigovidrio.com\/code\/wp-content\/uploads\/2020\/09\/cuentas-de-assange-head.jpg\",\"datePublished\":\"2020-09-24T02:55:23+00:00\",\"dateModified\":\"2020-09-24T22:32:27+00:00\",\"breadcrumb\":{\"@id\":\"https:\/\/www.codigovidrio.com\/code\/caso-assange-multa-de-273-mil-para-alban\/#breadcrumb\"},\"inLanguage\":\"es\",\"potentialAction\":[{\"@type\":\"ReadAction\",\"target\":[\"https:\/\/www.codigovidrio.com\/code\/caso-assange-multa-de-273-mil-para-alban\/\"]}]},{\"@type\":\"ImageObject\",\"inLanguage\":\"es\",\"@id\":\"https:\/\/www.codigovidrio.com\/code\/caso-assange-multa-de-273-mil-para-alban\/#primaryimage\",\"url\":\"https:\/\/www.codigovidrio.com\/code\/wp-content\/uploads\/2020\/09\/cuentas-de-assange-head.jpg\",\"contentUrl\":\"https:\/\/www.codigovidrio.com\/code\/wp-content\/uploads\/2020\/09\/cuentas-de-assange-head.jpg\",\"width\":1600,\"height\":650},{\"@type\":\"BreadcrumbList\",\"@id\":\"https:\/\/www.codigovidrio.com\/code\/caso-assange-multa-de-273-mil-para-alban\/#breadcrumb\",\"itemListElement\":[{\"@type\":\"ListItem\",\"position\":1,\"name\":\"Portada\",\"item\":\"https:\/\/www.codigovidrio.com\/code\/\"},{\"@type\":\"ListItem\",\"position\":2,\"name\":\"Asilo de Assange: Multa de $273 mil para Alb\u00e1n\"}]},{\"@type\":\"WebSite\",\"@id\":\"https:\/\/www.codigovidrio.com\/code\/#website\",\"url\":\"https:\/\/www.codigovidrio.com\/code\/\",\"name\":\"C\u00f3digo Vidrio\",\"description\":\"Transparentamos las historias ocultas\",\"publisher\":{\"@id\":\"https:\/\/www.codigovidrio.com\/code\/#organization\"},\"potentialAction\":[{\"@type\":\"SearchAction\",\"target\":{\"@type\":\"EntryPoint\",\"urlTemplate\":\"https:\/\/www.codigovidrio.com\/code\/?s={search_term_string}\"},\"query-input\":{\"@type\":\"PropertyValueSpecification\",\"valueRequired\":true,\"valueName\":\"search_term_string\"}}],\"inLanguage\":\"es\"},{\"@type\":\"Organization\",\"@id\":\"https:\/\/www.codigovidrio.com\/code\/#organization\",\"name\":\"C\u00f3digo Vidrio\",\"url\":\"https:\/\/www.codigovidrio.com\/code\/\",\"logo\":{\"@type\":\"ImageObject\",\"inLanguage\":\"es\",\"@id\":\"https:\/\/www.codigovidrio.com\/code\/#\/schema\/logo\/image\/\",\"url\":\"https:\/\/www.codigovidrio.com\/code\/wp-content\/uploads\/2022\/01\/logo-horiz-08.png\",\"contentUrl\":\"https:\/\/www.codigovidrio.com\/code\/wp-content\/uploads\/2022\/01\/logo-horiz-08.png\",\"width\":817,\"height\":294,\"caption\":\"C\u00f3digo Vidrio\"},\"image\":{\"@id\":\"https:\/\/www.codigovidrio.com\/code\/#\/schema\/logo\/image\/\"}},{\"@type\":\"Person\",\"@id\":\"https:\/\/www.codigovidrio.com\/code\/#\/schema\/person\/974bc7a5b889699d012b2343dc68fc6e\",\"name\":\"Codigo Vidrio Admin\",\"url\":\"https:\/\/www.codigovidrio.com\/code\/author\/vidrio-admin\/\"}]}<\/script>\n<!-- \/ Yoast SEO plugin. -->","yoast_head_json":{"title":"Asilo de Assange: Multa de $273 mil para Alb\u00e1n - C\u00f3digo Vidrio","robots":{"index":"index","follow":"follow","max-snippet":"max-snippet:-1","max-image-preview":"max-image-preview:large","max-video-preview":"max-video-preview:-1"},"canonical":"https:\/\/www.codigovidrio.com\/code\/caso-assange-multa-de-273-mil-para-alban\/","og_locale":"es_ES","og_type":"article","og_title":"Asilo de Assange: Multa de $273 mil para Alb\u00e1n - C\u00f3digo Vidrio","og_description":"La Contralor\u00eda estableci\u00f3 sanciones administrativas por 273.000 d\u00f3lares para la exembajadora de Ecuador en Londres, Ana Alb\u00e1n, por los pagos, sin sustentos, de contratos de abogados, comunicaci\u00f3n y festejos por el asilo concedido a Julian Assange. Tambi\u00e9n determin\u00f3 multas por 30 mil d\u00f3lares para el excanciller Ricardo Pati\u00f1o, Alb\u00e1n, y dos funcionarios m\u00e1s del Ministerio ... leer m\u00e1s...","og_url":"https:\/\/www.codigovidrio.com\/code\/caso-assange-multa-de-273-mil-para-alban\/","og_site_name":"C\u00f3digo Vidrio","article_published_time":"2020-09-24T02:55:23+00:00","article_modified_time":"2020-09-24T22:32:27+00:00","og_image":[{"width":1600,"height":650,"url":"https:\/\/www.codigovidrio.com\/code\/wp-content\/uploads\/2020\/09\/cuentas-de-assange-head.jpg","type":"image\/jpeg"}],"author":"Codigo Vidrio Admin","twitter_card":"summary_large_image","twitter_misc":{"Escrito por":"Codigo Vidrio Admin","Tiempo de lectura":"10 minutos"},"schema":{"@context":"https:\/\/schema.org","@graph":[{"@type":"Article","@id":"https:\/\/www.codigovidrio.com\/code\/caso-assange-multa-de-273-mil-para-alban\/#article","isPartOf":{"@id":"https:\/\/www.codigovidrio.com\/code\/caso-assange-multa-de-273-mil-para-alban\/"},"author":{"name":"Codigo Vidrio Admin","@id":"https:\/\/www.codigovidrio.com\/code\/#\/schema\/person\/974bc7a5b889699d012b2343dc68fc6e"},"headline":"Asilo de Assange: Multa de $273 mil para Alb\u00e1n","datePublished":"2020-09-24T02:55:23+00:00","dateModified":"2020-09-24T22:32:27+00:00","mainEntityOfPage":{"@id":"https:\/\/www.codigovidrio.com\/code\/caso-assange-multa-de-273-mil-para-alban\/"},"wordCount":1960,"commentCount":0,"publisher":{"@id":"https:\/\/www.codigovidrio.com\/code\/#organization"},"image":{"@id":"https:\/\/www.codigovidrio.com\/code\/caso-assange-multa-de-273-mil-para-alban\/#primaryimage"},"thumbnailUrl":"https:\/\/www.codigovidrio.com\/code\/wp-content\/uploads\/2020\/09\/cuentas-de-assange-head.jpg","articleSection":["Especiales"],"inLanguage":"es","potentialAction":[{"@type":"CommentAction","name":"Comment","target":["https:\/\/www.codigovidrio.com\/code\/caso-assange-multa-de-273-mil-para-alban\/#respond"]}]},{"@type":"WebPage","@id":"https:\/\/www.codigovidrio.com\/code\/caso-assange-multa-de-273-mil-para-alban\/","url":"https:\/\/www.codigovidrio.com\/code\/caso-assange-multa-de-273-mil-para-alban\/","name":"Asilo de Assange: Multa de $273 mil para Alb\u00e1n - C\u00f3digo Vidrio","isPartOf":{"@id":"https:\/\/www.codigovidrio.com\/code\/#website"},"primaryImageOfPage":{"@id":"https:\/\/www.codigovidrio.com\/code\/caso-assange-multa-de-273-mil-para-alban\/#primaryimage"},"image":{"@id":"https:\/\/www.codigovidrio.com\/code\/caso-assange-multa-de-273-mil-para-alban\/#primaryimage"},"thumbnailUrl":"https:\/\/www.codigovidrio.com\/code\/wp-content\/uploads\/2020\/09\/cuentas-de-assange-head.jpg","datePublished":"2020-09-24T02:55:23+00:00","dateModified":"2020-09-24T22:32:27+00:00","breadcrumb":{"@id":"https:\/\/www.codigovidrio.com\/code\/caso-assange-multa-de-273-mil-para-alban\/#breadcrumb"},"inLanguage":"es","potentialAction":[{"@type":"ReadAction","target":["https:\/\/www.codigovidrio.com\/code\/caso-assange-multa-de-273-mil-para-alban\/"]}]},{"@type":"ImageObject","inLanguage":"es","@id":"https:\/\/www.codigovidrio.com\/code\/caso-assange-multa-de-273-mil-para-alban\/#primaryimage","url":"https:\/\/www.codigovidrio.com\/code\/wp-content\/uploads\/2020\/09\/cuentas-de-assange-head.jpg","contentUrl":"https:\/\/www.codigovidrio.com\/code\/wp-content\/uploads\/2020\/09\/cuentas-de-assange-head.jpg","width":1600,"height":650},{"@type":"BreadcrumbList","@id":"https:\/\/www.codigovidrio.com\/code\/caso-assange-multa-de-273-mil-para-alban\/#breadcrumb","itemListElement":[{"@type":"ListItem","position":1,"name":"Portada","item":"https:\/\/www.codigovidrio.com\/code\/"},{"@type":"ListItem","position":2,"name":"Asilo de Assange: Multa de $273 mil para Alb\u00e1n"}]},{"@type":"WebSite","@id":"https:\/\/www.codigovidrio.com\/code\/#website","url":"https:\/\/www.codigovidrio.com\/code\/","name":"C\u00f3digo Vidrio","description":"Transparentamos las historias ocultas","publisher":{"@id":"https:\/\/www.codigovidrio.com\/code\/#organization"},"potentialAction":[{"@type":"SearchAction","target":{"@type":"EntryPoint","urlTemplate":"https:\/\/www.codigovidrio.com\/code\/?s={search_term_string}"},"query-input":{"@type":"PropertyValueSpecification","valueRequired":true,"valueName":"search_term_string"}}],"inLanguage":"es"},{"@type":"Organization","@id":"https:\/\/www.codigovidrio.com\/code\/#organization","name":"C\u00f3digo Vidrio","url":"https:\/\/www.codigovidrio.com\/code\/","logo":{"@type":"ImageObject","inLanguage":"es","@id":"https:\/\/www.codigovidrio.com\/code\/#\/schema\/logo\/image\/","url":"https:\/\/www.codigovidrio.com\/code\/wp-content\/uploads\/2022\/01\/logo-horiz-08.png","contentUrl":"https:\/\/www.codigovidrio.com\/code\/wp-content\/uploads\/2022\/01\/logo-horiz-08.png","width":817,"height":294,"caption":"C\u00f3digo Vidrio"},"image":{"@id":"https:\/\/www.codigovidrio.com\/code\/#\/schema\/logo\/image\/"}},{"@type":"Person","@id":"https:\/\/www.codigovidrio.com\/code\/#\/schema\/person\/974bc7a5b889699d012b2343dc68fc6e","name":"Codigo Vidrio Admin","url":"https:\/\/www.codigovidrio.com\/code\/author\/vidrio-admin\/"}]}},"_links":{"self":[{"href":"https:\/\/www.codigovidrio.com\/code\/wp-json\/wp\/v2\/posts\/4503"}],"collection":[{"href":"https:\/\/www.codigovidrio.com\/code\/wp-json\/wp\/v2\/posts"}],"about":[{"href":"https:\/\/www.codigovidrio.com\/code\/wp-json\/wp\/v2\/types\/post"}],"author":[{"embeddable":true,"href":"https:\/\/www.codigovidrio.com\/code\/wp-json\/wp\/v2\/users\/2"}],"replies":[{"embeddable":true,"href":"https:\/\/www.codigovidrio.com\/code\/wp-json\/wp\/v2\/comments?post=4503"}],"version-history":[{"count":24,"href":"https:\/\/www.codigovidrio.com\/code\/wp-json\/wp\/v2\/posts\/4503\/revisions"}],"predecessor-version":[{"id":4528,"href":"https:\/\/www.codigovidrio.com\/code\/wp-json\/wp\/v2\/posts\/4503\/revisions\/4528"}],"wp:featuredmedia":[{"embeddable":true,"href":"https:\/\/www.codigovidrio.com\/code\/wp-json\/wp\/v2\/media\/4502"}],"wp:attachment":[{"href":"https:\/\/www.codigovidrio.com\/code\/wp-json\/wp\/v2\/media?parent=4503"}],"wp:term":[{"taxonomy":"category","embeddable":true,"href":"https:\/\/www.codigovidrio.com\/code\/wp-json\/wp\/v2\/categories?post=4503"},{"taxonomy":"post_tag","embeddable":true,"href":"https:\/\/www.codigovidrio.com\/code\/wp-json\/wp\/v2\/tags?post=4503"}],"curies":[{"name":"wp","href":"https:\/\/api.w.org\/{rel}","templated":true}]}}