{"id":3214,"date":"2020-04-24T18:48:19","date_gmt":"2020-04-24T23:48:19","guid":{"rendered":"http:\/\/www.codigovidrio.com\/code\/?p=3214"},"modified":"2020-04-27T09:14:19","modified_gmt":"2020-04-27T14:14:19","slug":"pabon-duplico-equipo-de-colaboradores-en-su-despacho","status":"publish","type":"post","link":"https:\/\/www.codigovidrio.com\/code\/pabon-duplico-equipo-de-colaboradores-en-su-despacho\/","title":{"rendered":"Pab\u00f3n duplic\u00f3 equipo de colaboradores en su despacho"},"content":{"rendered":"<blockquote><p>El anterior prefecto, Gustavo Baroja, manten\u00eda un equipo de 20 asesores, directores y asistentes cercanos. Esto cambi\u00f3 apenas la prefecta Paola Pab\u00f3n asumi\u00f3 el cargo. En junio del 2018, contrat\u00f3 ocho personas m\u00e1s para que le acompa\u00f1aran en su gesti\u00f3n. Y para marzo desde este a\u00f1o se enrolaron 18 personas m\u00e1s, llegando a\u00a038 funcionarios en su despacho.<\/p><\/blockquote>\n<p><em>Redacci\u00f3n C\u00f3digo Vidrio<\/em><\/p>\n<p>La crisis econ\u00f3mica que vive el pa\u00eds y el mundo por el Covid-19, al parecer, no hace mella en el despacho de la prefecta de Pichincha, Paola Pab\u00f3n. Su corte de asesores y funcionarios cercanos crece como la espuma.<\/p>\n<p>Su antecesor, Gustavo Baroja, manten\u00eda un equipo de 20 asesores, directores y asistentes en su despacho. Esto cambi\u00f3 apenas Pab\u00f3n asumi\u00f3 el cargo. En junio del 2018, contrat\u00f3 8 personas m\u00e1s para que le acompa\u00f1aran en su gesti\u00f3n, sumando 28 colaboradores. Y para marzo de este a\u00f1o 10 personas m\u00e1s se sumaron al equipo de subalternos. Suman 38 empleados p\u00fablicos en su despacho, incluidos 11 asesores, seg\u00fan los registros que revisamos de Talento Humano del organismo.<\/p>\n<p>Pab\u00f3n se posesion\u00f3 en mayo del a\u00f1o pasado, en medio de una celebraci\u00f3n a lo grande en la Ciudad Mitad del Mundo, que cost\u00f3 m\u00e1s de 90 mil d\u00f3lares, y fue cuestionada por los gastos excesivos, en un contexto de crisis econ\u00f3mica.<\/p>\n<p>En esa ocasi\u00f3n, el evento, que congreg\u00f3 a cientos de funcionarios y militantes corre\u00edstas, se adjudic\u00f3 como r\u00e9gimen especial (a dedo) a V\u00edctor Guarderas, un ingeniero mec\u00e1nico que aparece en varios procesos de contrataci\u00f3n, ofertando servicios de capacitaci\u00f3n en programaci\u00f3n neuroling\u00fc\u00edstica, o en motivaci\u00f3n y desarrollo personal, seg\u00fan un informe del Observatorio de Gasto P\u00fablico. La fiesta\u00a0se realiz\u00f3 24 horas despu\u00e9s de firmar el contrato, que sin embargo\u00a0no detalla lo que se gast\u00f3 en el servicio de catering, ni el licor servido durante la celebraci\u00f3n.<\/p>\n<p><strong>Equipo de 11 asesores<\/strong><\/p>\n<p>Entre el personal de despacho contratado este a\u00f1o destacan los asesores. La Prefecta cuenta con 11 de estos funcionarios, la mayor\u00eda cercana al corre\u00edsmo.\u00a0Destacan dos personajes conocidos en la esfera p\u00fablica por sus duras cr\u00edticas al Gobierno y su activa participaci\u00f3n en redes sociales: el periodista Alexis Moncayo y el soci\u00f3logo espa\u00f1ol Jacobo Garc\u00eda.<\/p>\n<figure id=\"attachment_3227\" aria-describedby=\"caption-attachment-3227\" style=\"width: 590px\" class=\"wp-caption alignleft\"><img fetchpriority=\"high\" decoding=\"async\" class=\"wp-image-3227\" src=\"https:\/\/www.codigovidrio.com\/code\/wp-content\/uploads\/2020\/04\/Pabon-y-Baroja-300x179.jpg\" alt=\"\" width=\"600\" height=\"358\" srcset=\"https:\/\/www.codigovidrio.com\/code\/wp-content\/uploads\/2020\/04\/Pabon-y-Baroja-300x179.jpg 300w, https:\/\/www.codigovidrio.com\/code\/wp-content\/uploads\/2020\/04\/Pabon-y-Baroja-768x458.jpg 768w, https:\/\/www.codigovidrio.com\/code\/wp-content\/uploads\/2020\/04\/Pabon-y-Baroja.jpg 821w\" sizes=\"(max-width: 600px) 100vw, 600px\" \/><figcaption id=\"caption-attachment-3227\" class=\"wp-caption-text\"><strong>Pab\u00f3n sucedi\u00f3 a su entonces coideario Gustavo Baroja, en la Prefectura.<\/strong><\/figcaption><\/figure>\n<p>Desde octubre pasado, Pab\u00f3n\u00a0est\u00e1 bajo investigaci\u00f3n fiscal por su presunta participaci\u00f3n en las protestas contra el presidente Lenin Moreno. La Fiscal\u00eda asegura que desde la Prefectura enfilaron bater\u00edas para avivar las manifestaciones, para lo cual usaron su contingente comunicacional desde la Radio Pichincha Universal y otras figuras del r\u00e9gimen pasado.<\/p>\n<p>Moncayo y Garc\u00eda, seg\u00fan fuentes del Gobierno, son actores claves en la estrategia para fortalecer la defensa de la Prefecta y endurecer los ataques contra el morenismo en redes sociales.<\/p>\n<p>Tienen cargos de asesores legislativos, una partida creada por Pab\u00f3n, seg\u00fan el distributivo de personal de marzo \u00a0pasado.<\/p>\n<p>Moncayo gana $ 2.553 mensuales. \u00c9l es un periodista con m\u00e1s de 20 a\u00f1os de experiencia, sus \u00faltimos trabajos fueron en Ecuadortv y en Radio Majestad. Su salida de ambas instituciones se desencaden\u00f3 por roces con funcionarios del gobierno como el secretario de Gabinete, Juan Sebasti\u00e1n Rold\u00e1n.<\/p>\n<p>Moncayo asegur\u00f3 que su cargo es asesor ejecutivo y trabaja directamente con Pab\u00f3n. Lleg\u00f3 a su despacho en febrero y el 3 de marzo se enrol\u00f3 oficialmente. Por eso, aclar\u00f3 que fue contratado antes de la emergencia por el coronavirus.<\/p>\n<p><a href=\"https:\/\/www.codigovidrio.com\/code\/wp-content\/uploads\/2020\/04\/pabon_distributivo_de_personal_marzo_2020.pdf\"><img decoding=\"async\" class=\"size-full wp-image-2460 alignleft\" src=\"https:\/\/www.codigovidrio.com\/code\/wp-content\/uploads\/2020\/03\/pfd-ico.jpg\" alt=\"\" width=\"35\" height=\"37\" \/><br \/>\nCUADRO DE EXCEL DE PERSONAL<\/a><\/p>\n<p>Su funci\u00f3n principal es la rama comunicacional. \u201cNuestro principio es difundir la gesti\u00f3n de la Prefecta. No entramos a peleas pol\u00edticas, ni troll center, ni elaboraci\u00f3n de fake news. Eso qued\u00f3 claramente establecido desde el primer d\u00eda que entr\u00e9 a la Prefectura\u201d.<\/p>\n<p>Todos los equipos inform\u00e1ticos del Departamento de Comunicaci\u00f3n de la Prefectura, explic\u00f3, a\u00fan est\u00e1n incautados por la Fiscal\u00eda en el proceso contra Pab\u00f3n. \u00abPor eso, todos trabajamos con nuestras computadores personales\u00bb. \u00a0Adicionalmente, el presupuesto de publicidad fue redirigido hacia la emergencia sanitaria.<\/p>\n<p>Moncayo cuestion\u00f3 la difusi\u00f3n de supuestos informes de Inteligencia en Twitter que lo involucran como uno de los \u00a0actores del corre\u00edsmo para enfilar los ataques en redes contra el Gobierno desde la Prefectura. Recalc\u00f3 que esos ataques son dirigidos por autoridades del r\u00e9gimen como la ministra de gobierno Mar\u00eda Paula Romo y el secretario de la Presidencia, Juan Sebasti\u00e1n Rold\u00e1n.<\/p>\n<p>En\u00a0\u00a0cambio, Garc\u00eda apareci\u00f3 en la Revoluci\u00f3n Ciudadana como uno de los integrantes de la Escuela de Formaci\u00f3n Continua Sobre el Buen Vivir, creada por el excanciller Ricardo Pati\u00f1o para reclutar a extranjeros, junto a Jos\u00e9 Mar\u00eda Chema Guijarro, hoy diputado de Podemos.<\/p>\n<p>Luego integr\u00f3 el Instituto de Pensamiento Pol\u00edtico de Alianza PAIS, que se transform\u00f3 en el Instituto de Pensamiento Eloy Alfaro, presidido por el expresidente Rafael Correa, pr\u00f3fugo en B\u00e9lgica.\u00a0El espa\u00f1ol tambi\u00e9n fue contratado por Pab\u00f3n como asesor legislativo con un sueldo de $ 1.641.<\/p>\n<p>En entrevista con este portal, Garc\u00eda coincidi\u00f3 en las cr\u00edticas a los seguimientos de Inteligencia. Recalc\u00f3 que antes se cuestionaba esas acciones durante el gobierno de Rafael Correa, pero hoy se usan las mismas estrategias.<\/p>\n<figure id=\"attachment_3228\" aria-describedby=\"caption-attachment-3228\" style=\"width: 590px\" class=\"wp-caption alignright\"><img decoding=\"async\" class=\"wp-image-3228\" src=\"https:\/\/www.codigovidrio.com\/code\/wp-content\/uploads\/2020\/04\/Foto-de-allanamiento-en-Prefectura-300x169.jpg\" alt=\"\" width=\"600\" height=\"338\" srcset=\"https:\/\/www.codigovidrio.com\/code\/wp-content\/uploads\/2020\/04\/Foto-de-allanamiento-en-Prefectura-300x169.jpg 300w, https:\/\/www.codigovidrio.com\/code\/wp-content\/uploads\/2020\/04\/Foto-de-allanamiento-en-Prefectura.jpg 600w\" sizes=\"(max-width: 600px) 100vw, 600px\" \/><figcaption id=\"caption-attachment-3228\" class=\"wp-caption-text\"><strong>La Prefectura de Pichincha fue allanada en octubre pasado, por la Fiscal\u00eda General, dentro de instrucci\u00f3n fiscal contra Pab\u00f3n.<\/strong><\/figcaption><\/figure>\n<p>Dijo que ingres\u00f3 a la Prefectura en febrero, pero que su contrato se oficializ\u00f3 en los primeros d\u00edas de marzo. Como asesor ejecutivo apoya en la consejer\u00eda pol\u00edtica a la Prefecta.<\/p>\n<p>Aclar\u00f3 que durante su vida profesional no solo ha trabajado en proyectos con el corre\u00edsmo, sino que tambi\u00e9n ha brindado asesor\u00eda al Partido Social Cristiano o al Partido Acci\u00f3n Nacional de M\u00e9xico.<\/p>\n<p>Este portal pidi\u00f3 el martes pasado una entrevista con Pab\u00f3n para conocer las razones del incremento del personal de su despacho y las contrataciones durante la crisis, pero no tuvo una respuesta.<\/p>\n<p>Actualmente, la Prefectura tiene 2.308 funcionarios.\u00a0Con los nuevos enrolamientos el presupuesto tambi\u00e9n se increment\u00f3. Mientras en mayo de 2019 era de 230 millones, para este a\u00f1o lleg\u00f3 a 238 millones, incluidos \u00a0gastos administrativos y de contratos.<\/p>\n<p><strong>Suspenden compra de pasajes al exterior<br \/>\n<\/strong><\/p>\n<p>Hace dos semanas, el Gobierno provincial tuvo que suspender un contrato por\u00a043.353 d\u00f3lares, para adquirir pasajes al exterior para la prefecta Pab\u00f3n y sus colaboradores cercanos.<\/p>\n<p>El 11 de marzo pasado, la Unidad de Gesti\u00f3n Financiera inici\u00f3 el proceso para negociar con la agencia de viajes. En esa fecha se pidi\u00f3 que se certifique la partida presupuestaria para esos servicios y la disponibilidad de recursos.<\/p>\n<figure id=\"attachment_3230\" aria-describedby=\"caption-attachment-3230\" style=\"width: 590px\" class=\"wp-caption alignleft\"><img loading=\"lazy\" decoding=\"async\" class=\"wp-image-3230\" src=\"https:\/\/www.codigovidrio.com\/code\/wp-content\/uploads\/2020\/04\/Pabon-liberada-300x167.jpg\" alt=\"\" width=\"600\" height=\"333\" srcset=\"https:\/\/www.codigovidrio.com\/code\/wp-content\/uploads\/2020\/04\/Pabon-liberada-300x167.jpg 300w, https:\/\/www.codigovidrio.com\/code\/wp-content\/uploads\/2020\/04\/Pabon-liberada-768x426.jpg 768w, https:\/\/www.codigovidrio.com\/code\/wp-content\/uploads\/2020\/04\/Pabon-liberada.jpg 800w\" sizes=\"(max-width: 600px) 100vw, 600px\" \/><figcaption id=\"caption-attachment-3230\" class=\"wp-caption-text\"><strong>Pab\u00f3n estuvo presa dos meses. Fue liberada en diciembre pasado.<\/strong><\/figcaption><\/figure>\n<p>Desde esa fecha, y a pesar de que se suspendieron las actividades laborales en el pa\u00eds, no hubo contratiempos para concretar ese contrato. La Unidad de Compras P\u00fablicas sigui\u00f3 con sus \u00a0tr\u00e1mites por disposici\u00f3n de la Prefecta, quien sostuvo que no se deb\u00edan frenar ese servicio y otros que brinda la instituci\u00f3n.<\/p>\n<p>Por eso, el \u00faltimo 4 de abril la Prefectura subi\u00f3 los archivos al sistema de contrataci\u00f3n p\u00fablica. Este paso es la antesala de la adjudicaci\u00f3n, que disputaban 20 agencias de viajes. Sin embargo, ese proceso fue denunciado por el excandidato vicepresidencial Andr\u00e9s P\u00e1ez. Horas despu\u00e9s la Prefectura suspendi\u00f3 el tr\u00e1mite.<\/p>\n<p>Seg\u00fan Pa\u00e9z, Pab\u00f3n no solo quer\u00eda usar recursos p\u00fablicos para viajes en medio de la emergencia, pues tiene la prohibici\u00f3n de abandonar el pa\u00eds, en lugar de emplearlos para ayudar a los afectados por el Covid-19.<\/p>\n<p>Pab\u00f3n se ha enfocado las \u00faltimas semanas en liderar el comit\u00e9 de emergencia provincial y se concentr\u00f3 en la entrega de v\u00edveres a las familias para soportar la cuarentena. Adem\u00e1s, dispuso que los centros m\u00e9dicos regidos por el Consejo Provincial sean un soporte del sistema de salud y lo mismo ocurri\u00f3 con el equipo caminero y de rescate. Gestion\u00f3 la donaci\u00f3n china de 10.000 mascarillas y 340 trajes de protecci\u00f3n para los equipos m\u00e9dicos.<\/p>\n<p>Durante los primeros 10 d\u00edas de la crisis sanitaria, Pab\u00f3n mantuvo fricciones con el gobierno porque el Comit\u00e9 de Emergencia no pod\u00eda reunirse, por la ausencia del delegado del Ejecutivo.<\/p>\n<p>Finalmente, esa delegaci\u00f3n recay\u00f3 en el secretario de Educaci\u00f3n Superior, Agust\u00edn Alb\u00e1n.\u00a0Desde entonces ha seguido con su trabajo sin contratiempos.<\/p>\n","protected":false},"excerpt":{"rendered":"<p>El anterior prefecto, Gustavo Baroja, manten\u00eda un equipo de 20 asesores, directores y asistentes cercanos. Esto cambi\u00f3 apenas la prefecta Paola Pab\u00f3n asumi\u00f3 el cargo. En junio del 2018, contrat\u00f3 ocho personas m\u00e1s para que le acompa\u00f1aran en su gesti\u00f3n. Y para marzo desde este a\u00f1o se enrolaron 18 personas m\u00e1s, llegando a\u00a038 funcionarios en &#8230; <a title=\"Pab\u00f3n duplic\u00f3 equipo de colaboradores en su despacho\" class=\"read-more\" href=\"https:\/\/www.codigovidrio.com\/code\/pabon-duplico-equipo-de-colaboradores-en-su-despacho\/\">leer m\u00e1s&#8230;<\/a><\/p>\n","protected":false},"author":2,"featured_media":3229,"comment_status":"open","ping_status":"open","sticky":false,"template":"","format":"standard","meta":{"generate_page_header":"","footnotes":""},"categories":[211],"tags":[],"yoast_head":"<!-- This site is optimized with the Yoast SEO plugin v23.5 - https:\/\/yoast.com\/wordpress\/plugins\/seo\/ -->\n<title>Pab\u00f3n duplic\u00f3 equipo de colaboradores en su despacho - C\u00f3digo Vidrio<\/title>\n<meta name=\"robots\" content=\"index, follow, max-snippet:-1, max-image-preview:large, max-video-preview:-1\" \/>\n<link rel=\"canonical\" href=\"https:\/\/www.codigovidrio.com\/code\/pabon-duplico-equipo-de-colaboradores-en-su-despacho\/\" \/>\n<meta property=\"og:locale\" content=\"es_ES\" \/>\n<meta property=\"og:type\" content=\"article\" \/>\n<meta property=\"og:title\" content=\"Pab\u00f3n duplic\u00f3 equipo de colaboradores en su despacho - C\u00f3digo Vidrio\" \/>\n<meta property=\"og:description\" content=\"El anterior prefecto, Gustavo Baroja, manten\u00eda un equipo de 20 asesores, directores y asistentes cercanos. Esto cambi\u00f3 apenas la prefecta Paola Pab\u00f3n asumi\u00f3 el cargo. En junio del 2018, contrat\u00f3 ocho personas m\u00e1s para que le acompa\u00f1aran en su gesti\u00f3n. Y para marzo desde este a\u00f1o se enrolaron 18 personas m\u00e1s, llegando a\u00a038 funcionarios en ... leer m\u00e1s...\" \/>\n<meta property=\"og:url\" content=\"https:\/\/www.codigovidrio.com\/code\/pabon-duplico-equipo-de-colaboradores-en-su-despacho\/\" \/>\n<meta property=\"og:site_name\" content=\"C\u00f3digo Vidrio\" \/>\n<meta property=\"article:published_time\" content=\"2020-04-24T23:48:19+00:00\" \/>\n<meta property=\"article:modified_time\" content=\"2020-04-27T14:14:19+00:00\" \/>\n<meta property=\"og:image\" content=\"https:\/\/www.codigovidrio.com\/code\/wp-content\/uploads\/2020\/04\/pabon-head1.jpg\" \/>\n\t<meta property=\"og:image:width\" content=\"1600\" \/>\n\t<meta property=\"og:image:height\" content=\"650\" \/>\n\t<meta property=\"og:image:type\" content=\"image\/jpeg\" \/>\n<meta name=\"author\" content=\"Codigo Vidrio Admin\" \/>\n<meta name=\"twitter:card\" content=\"summary_large_image\" \/>\n<meta name=\"twitter:label1\" content=\"Escrito por\" \/>\n\t<meta name=\"twitter:data1\" content=\"Codigo Vidrio Admin\" \/>\n\t<meta name=\"twitter:label2\" content=\"Tiempo de lectura\" \/>\n\t<meta name=\"twitter:data2\" content=\"7 minutos\" \/>\n<script type=\"application\/ld+json\" class=\"yoast-schema-graph\">{\"@context\":\"https:\/\/schema.org\",\"@graph\":[{\"@type\":\"Article\",\"@id\":\"https:\/\/www.codigovidrio.com\/code\/pabon-duplico-equipo-de-colaboradores-en-su-despacho\/#article\",\"isPartOf\":{\"@id\":\"https:\/\/www.codigovidrio.com\/code\/pabon-duplico-equipo-de-colaboradores-en-su-despacho\/\"},\"author\":{\"name\":\"Codigo Vidrio Admin\",\"@id\":\"https:\/\/www.codigovidrio.com\/code\/#\/schema\/person\/974bc7a5b889699d012b2343dc68fc6e\"},\"headline\":\"Pab\u00f3n duplic\u00f3 equipo de colaboradores en su despacho\",\"datePublished\":\"2020-04-24T23:48:19+00:00\",\"dateModified\":\"2020-04-27T14:14:19+00:00\",\"mainEntityOfPage\":{\"@id\":\"https:\/\/www.codigovidrio.com\/code\/pabon-duplico-equipo-de-colaboradores-en-su-despacho\/\"},\"wordCount\":1475,\"commentCount\":2,\"publisher\":{\"@id\":\"https:\/\/www.codigovidrio.com\/code\/#organization\"},\"image\":{\"@id\":\"https:\/\/www.codigovidrio.com\/code\/pabon-duplico-equipo-de-colaboradores-en-su-despacho\/#primaryimage\"},\"thumbnailUrl\":\"https:\/\/www.codigovidrio.com\/code\/wp-content\/uploads\/2020\/04\/pabon-head1.jpg\",\"articleSection\":[\"Especiales\"],\"inLanguage\":\"es\",\"potentialAction\":[{\"@type\":\"CommentAction\",\"name\":\"Comment\",\"target\":[\"https:\/\/www.codigovidrio.com\/code\/pabon-duplico-equipo-de-colaboradores-en-su-despacho\/#respond\"]}]},{\"@type\":\"WebPage\",\"@id\":\"https:\/\/www.codigovidrio.com\/code\/pabon-duplico-equipo-de-colaboradores-en-su-despacho\/\",\"url\":\"https:\/\/www.codigovidrio.com\/code\/pabon-duplico-equipo-de-colaboradores-en-su-despacho\/\",\"name\":\"Pab\u00f3n duplic\u00f3 equipo de colaboradores en su despacho - C\u00f3digo Vidrio\",\"isPartOf\":{\"@id\":\"https:\/\/www.codigovidrio.com\/code\/#website\"},\"primaryImageOfPage\":{\"@id\":\"https:\/\/www.codigovidrio.com\/code\/pabon-duplico-equipo-de-colaboradores-en-su-despacho\/#primaryimage\"},\"image\":{\"@id\":\"https:\/\/www.codigovidrio.com\/code\/pabon-duplico-equipo-de-colaboradores-en-su-despacho\/#primaryimage\"},\"thumbnailUrl\":\"https:\/\/www.codigovidrio.com\/code\/wp-content\/uploads\/2020\/04\/pabon-head1.jpg\",\"datePublished\":\"2020-04-24T23:48:19+00:00\",\"dateModified\":\"2020-04-27T14:14:19+00:00\",\"breadcrumb\":{\"@id\":\"https:\/\/www.codigovidrio.com\/code\/pabon-duplico-equipo-de-colaboradores-en-su-despacho\/#breadcrumb\"},\"inLanguage\":\"es\",\"potentialAction\":[{\"@type\":\"ReadAction\",\"target\":[\"https:\/\/www.codigovidrio.com\/code\/pabon-duplico-equipo-de-colaboradores-en-su-despacho\/\"]}]},{\"@type\":\"ImageObject\",\"inLanguage\":\"es\",\"@id\":\"https:\/\/www.codigovidrio.com\/code\/pabon-duplico-equipo-de-colaboradores-en-su-despacho\/#primaryimage\",\"url\":\"https:\/\/www.codigovidrio.com\/code\/wp-content\/uploads\/2020\/04\/pabon-head1.jpg\",\"contentUrl\":\"https:\/\/www.codigovidrio.com\/code\/wp-content\/uploads\/2020\/04\/pabon-head1.jpg\",\"width\":1600,\"height\":650},{\"@type\":\"BreadcrumbList\",\"@id\":\"https:\/\/www.codigovidrio.com\/code\/pabon-duplico-equipo-de-colaboradores-en-su-despacho\/#breadcrumb\",\"itemListElement\":[{\"@type\":\"ListItem\",\"position\":1,\"name\":\"Portada\",\"item\":\"https:\/\/www.codigovidrio.com\/code\/\"},{\"@type\":\"ListItem\",\"position\":2,\"name\":\"Pab\u00f3n duplic\u00f3 equipo de colaboradores en su despacho\"}]},{\"@type\":\"WebSite\",\"@id\":\"https:\/\/www.codigovidrio.com\/code\/#website\",\"url\":\"https:\/\/www.codigovidrio.com\/code\/\",\"name\":\"C\u00f3digo Vidrio\",\"description\":\"Transparentamos las historias ocultas\",\"publisher\":{\"@id\":\"https:\/\/www.codigovidrio.com\/code\/#organization\"},\"potentialAction\":[{\"@type\":\"SearchAction\",\"target\":{\"@type\":\"EntryPoint\",\"urlTemplate\":\"https:\/\/www.codigovidrio.com\/code\/?s={search_term_string}\"},\"query-input\":{\"@type\":\"PropertyValueSpecification\",\"valueRequired\":true,\"valueName\":\"search_term_string\"}}],\"inLanguage\":\"es\"},{\"@type\":\"Organization\",\"@id\":\"https:\/\/www.codigovidrio.com\/code\/#organization\",\"name\":\"C\u00f3digo Vidrio\",\"url\":\"https:\/\/www.codigovidrio.com\/code\/\",\"logo\":{\"@type\":\"ImageObject\",\"inLanguage\":\"es\",\"@id\":\"https:\/\/www.codigovidrio.com\/code\/#\/schema\/logo\/image\/\",\"url\":\"https:\/\/www.codigovidrio.com\/code\/wp-content\/uploads\/2022\/01\/logo-horiz-08.png\",\"contentUrl\":\"https:\/\/www.codigovidrio.com\/code\/wp-content\/uploads\/2022\/01\/logo-horiz-08.png\",\"width\":817,\"height\":294,\"caption\":\"C\u00f3digo Vidrio\"},\"image\":{\"@id\":\"https:\/\/www.codigovidrio.com\/code\/#\/schema\/logo\/image\/\"}},{\"@type\":\"Person\",\"@id\":\"https:\/\/www.codigovidrio.com\/code\/#\/schema\/person\/974bc7a5b889699d012b2343dc68fc6e\",\"name\":\"Codigo Vidrio Admin\",\"url\":\"https:\/\/www.codigovidrio.com\/code\/author\/vidrio-admin\/\"}]}<\/script>\n<!-- \/ Yoast SEO plugin. -->","yoast_head_json":{"title":"Pab\u00f3n duplic\u00f3 equipo de colaboradores en su despacho - C\u00f3digo Vidrio","robots":{"index":"index","follow":"follow","max-snippet":"max-snippet:-1","max-image-preview":"max-image-preview:large","max-video-preview":"max-video-preview:-1"},"canonical":"https:\/\/www.codigovidrio.com\/code\/pabon-duplico-equipo-de-colaboradores-en-su-despacho\/","og_locale":"es_ES","og_type":"article","og_title":"Pab\u00f3n duplic\u00f3 equipo de colaboradores en su despacho - C\u00f3digo Vidrio","og_description":"El anterior prefecto, Gustavo Baroja, manten\u00eda un equipo de 20 asesores, directores y asistentes cercanos. Esto cambi\u00f3 apenas la prefecta Paola Pab\u00f3n asumi\u00f3 el cargo. En junio del 2018, contrat\u00f3 ocho personas m\u00e1s para que le acompa\u00f1aran en su gesti\u00f3n. Y para marzo desde este a\u00f1o se enrolaron 18 personas m\u00e1s, llegando a\u00a038 funcionarios en ... leer m\u00e1s...","og_url":"https:\/\/www.codigovidrio.com\/code\/pabon-duplico-equipo-de-colaboradores-en-su-despacho\/","og_site_name":"C\u00f3digo Vidrio","article_published_time":"2020-04-24T23:48:19+00:00","article_modified_time":"2020-04-27T14:14:19+00:00","og_image":[{"width":1600,"height":650,"url":"https:\/\/www.codigovidrio.com\/code\/wp-content\/uploads\/2020\/04\/pabon-head1.jpg","type":"image\/jpeg"}],"author":"Codigo Vidrio Admin","twitter_card":"summary_large_image","twitter_misc":{"Escrito por":"Codigo Vidrio Admin","Tiempo de lectura":"7 minutos"},"schema":{"@context":"https:\/\/schema.org","@graph":[{"@type":"Article","@id":"https:\/\/www.codigovidrio.com\/code\/pabon-duplico-equipo-de-colaboradores-en-su-despacho\/#article","isPartOf":{"@id":"https:\/\/www.codigovidrio.com\/code\/pabon-duplico-equipo-de-colaboradores-en-su-despacho\/"},"author":{"name":"Codigo Vidrio Admin","@id":"https:\/\/www.codigovidrio.com\/code\/#\/schema\/person\/974bc7a5b889699d012b2343dc68fc6e"},"headline":"Pab\u00f3n duplic\u00f3 equipo de colaboradores en su despacho","datePublished":"2020-04-24T23:48:19+00:00","dateModified":"2020-04-27T14:14:19+00:00","mainEntityOfPage":{"@id":"https:\/\/www.codigovidrio.com\/code\/pabon-duplico-equipo-de-colaboradores-en-su-despacho\/"},"wordCount":1475,"commentCount":2,"publisher":{"@id":"https:\/\/www.codigovidrio.com\/code\/#organization"},"image":{"@id":"https:\/\/www.codigovidrio.com\/code\/pabon-duplico-equipo-de-colaboradores-en-su-despacho\/#primaryimage"},"thumbnailUrl":"https:\/\/www.codigovidrio.com\/code\/wp-content\/uploads\/2020\/04\/pabon-head1.jpg","articleSection":["Especiales"],"inLanguage":"es","potentialAction":[{"@type":"CommentAction","name":"Comment","target":["https:\/\/www.codigovidrio.com\/code\/pabon-duplico-equipo-de-colaboradores-en-su-despacho\/#respond"]}]},{"@type":"WebPage","@id":"https:\/\/www.codigovidrio.com\/code\/pabon-duplico-equipo-de-colaboradores-en-su-despacho\/","url":"https:\/\/www.codigovidrio.com\/code\/pabon-duplico-equipo-de-colaboradores-en-su-despacho\/","name":"Pab\u00f3n duplic\u00f3 equipo de colaboradores en su despacho - C\u00f3digo Vidrio","isPartOf":{"@id":"https:\/\/www.codigovidrio.com\/code\/#website"},"primaryImageOfPage":{"@id":"https:\/\/www.codigovidrio.com\/code\/pabon-duplico-equipo-de-colaboradores-en-su-despacho\/#primaryimage"},"image":{"@id":"https:\/\/www.codigovidrio.com\/code\/pabon-duplico-equipo-de-colaboradores-en-su-despacho\/#primaryimage"},"thumbnailUrl":"https:\/\/www.codigovidrio.com\/code\/wp-content\/uploads\/2020\/04\/pabon-head1.jpg","datePublished":"2020-04-24T23:48:19+00:00","dateModified":"2020-04-27T14:14:19+00:00","breadcrumb":{"@id":"https:\/\/www.codigovidrio.com\/code\/pabon-duplico-equipo-de-colaboradores-en-su-despacho\/#breadcrumb"},"inLanguage":"es","potentialAction":[{"@type":"ReadAction","target":["https:\/\/www.codigovidrio.com\/code\/pabon-duplico-equipo-de-colaboradores-en-su-despacho\/"]}]},{"@type":"ImageObject","inLanguage":"es","@id":"https:\/\/www.codigovidrio.com\/code\/pabon-duplico-equipo-de-colaboradores-en-su-despacho\/#primaryimage","url":"https:\/\/www.codigovidrio.com\/code\/wp-content\/uploads\/2020\/04\/pabon-head1.jpg","contentUrl":"https:\/\/www.codigovidrio.com\/code\/wp-content\/uploads\/2020\/04\/pabon-head1.jpg","width":1600,"height":650},{"@type":"BreadcrumbList","@id":"https:\/\/www.codigovidrio.com\/code\/pabon-duplico-equipo-de-colaboradores-en-su-despacho\/#breadcrumb","itemListElement":[{"@type":"ListItem","position":1,"name":"Portada","item":"https:\/\/www.codigovidrio.com\/code\/"},{"@type":"ListItem","position":2,"name":"Pab\u00f3n duplic\u00f3 equipo de colaboradores en su despacho"}]},{"@type":"WebSite","@id":"https:\/\/www.codigovidrio.com\/code\/#website","url":"https:\/\/www.codigovidrio.com\/code\/","name":"C\u00f3digo Vidrio","description":"Transparentamos las historias ocultas","publisher":{"@id":"https:\/\/www.codigovidrio.com\/code\/#organization"},"potentialAction":[{"@type":"SearchAction","target":{"@type":"EntryPoint","urlTemplate":"https:\/\/www.codigovidrio.com\/code\/?s={search_term_string}"},"query-input":{"@type":"PropertyValueSpecification","valueRequired":true,"valueName":"search_term_string"}}],"inLanguage":"es"},{"@type":"Organization","@id":"https:\/\/www.codigovidrio.com\/code\/#organization","name":"C\u00f3digo Vidrio","url":"https:\/\/www.codigovidrio.com\/code\/","logo":{"@type":"ImageObject","inLanguage":"es","@id":"https:\/\/www.codigovidrio.com\/code\/#\/schema\/logo\/image\/","url":"https:\/\/www.codigovidrio.com\/code\/wp-content\/uploads\/2022\/01\/logo-horiz-08.png","contentUrl":"https:\/\/www.codigovidrio.com\/code\/wp-content\/uploads\/2022\/01\/logo-horiz-08.png","width":817,"height":294,"caption":"C\u00f3digo Vidrio"},"image":{"@id":"https:\/\/www.codigovidrio.com\/code\/#\/schema\/logo\/image\/"}},{"@type":"Person","@id":"https:\/\/www.codigovidrio.com\/code\/#\/schema\/person\/974bc7a5b889699d012b2343dc68fc6e","name":"Codigo Vidrio Admin","url":"https:\/\/www.codigovidrio.com\/code\/author\/vidrio-admin\/"}]}},"_links":{"self":[{"href":"https:\/\/www.codigovidrio.com\/code\/wp-json\/wp\/v2\/posts\/3214"}],"collection":[{"href":"https:\/\/www.codigovidrio.com\/code\/wp-json\/wp\/v2\/posts"}],"about":[{"href":"https:\/\/www.codigovidrio.com\/code\/wp-json\/wp\/v2\/types\/post"}],"author":[{"embeddable":true,"href":"https:\/\/www.codigovidrio.com\/code\/wp-json\/wp\/v2\/users\/2"}],"replies":[{"embeddable":true,"href":"https:\/\/www.codigovidrio.com\/code\/wp-json\/wp\/v2\/comments?post=3214"}],"version-history":[{"count":39,"href":"https:\/\/www.codigovidrio.com\/code\/wp-json\/wp\/v2\/posts\/3214\/revisions"}],"predecessor-version":[{"id":3272,"href":"https:\/\/www.codigovidrio.com\/code\/wp-json\/wp\/v2\/posts\/3214\/revisions\/3272"}],"wp:featuredmedia":[{"embeddable":true,"href":"https:\/\/www.codigovidrio.com\/code\/wp-json\/wp\/v2\/media\/3229"}],"wp:attachment":[{"href":"https:\/\/www.codigovidrio.com\/code\/wp-json\/wp\/v2\/media?parent=3214"}],"wp:term":[{"taxonomy":"category","embeddable":true,"href":"https:\/\/www.codigovidrio.com\/code\/wp-json\/wp\/v2\/categories?post=3214"},{"taxonomy":"post_tag","embeddable":true,"href":"https:\/\/www.codigovidrio.com\/code\/wp-json\/wp\/v2\/tags?post=3214"}],"curies":[{"name":"wp","href":"https:\/\/api.w.org\/{rel}","templated":true}]}}