{"id":3049,"date":"2020-04-12T00:32:40","date_gmt":"2020-04-12T05:32:40","guid":{"rendered":"http:\/\/www.codigovidrio.com\/code\/?p=3049"},"modified":"2020-05-07T11:44:06","modified_gmt":"2020-05-07T16:44:06","slug":"ecuador-en-el-radar-de-desinformacion-mundial","status":"publish","type":"post","link":"https:\/\/www.codigovidrio.com\/code\/ecuador-en-el-radar-de-desinformacion-mundial\/","title":{"rendered":"Ecuador, en el radar de desinformaci\u00f3n mundial"},"content":{"rendered":"<blockquote><p><strong>Las tropas cibern\u00e9ticas operan en m\u00e1s de 70 pa\u00edses, para diseminar campa\u00f1as de desinformaci\u00f3n en redes sociales. Dos informes de la Universidad de Oxford (2017-2019) confirman que Ecuador es una de las naciones donde se aplican esas operaciones. En el reporte de 2017 se menciona a Somos<em>+<\/em>, de los Guerreros Digitales, como uno de los principales actores. Este batall\u00f3n participa activamente en la viralizaci\u00f3n de tuits, videos, fotos que apuntan contra<\/strong> <strong>el gobierno de Lenin Moreno y respaldan a Rafael Correa.<\/strong><\/p><\/blockquote>\n<p><em>Redacci\u00f3n C\u00f3digo Vidrio<\/em><\/p>\n<p>Incontenibles, las tropas cibern\u00e9ticas se riegan como una pandemia por las redes sociales del planeta. Han diseminado sus operaciones de propaganda y desinformaci\u00f3n los \u00faltimos a\u00f1os en 70 pa\u00edses, incluido Ecuador. Aqu\u00ed el batall\u00f3n m\u00e1s visible de esa estrategia tiene nombre y apellido: son los Guerreros Digitales, reclutados en el gobierno de Rafael Correa.<\/p>\n<p>Los primeros en identificar c\u00f3mo opera este colectivo, en el contexto de una investigaci\u00f3n global sobre el uso de redes para manipular de la opini\u00f3n p\u00fablica, fueron los acad\u00e9micos Samantha Bradshaw y Philip N. Howard, de la Universidad de Oxford, Inglaterra.<\/p>\n<p>Entre 2017 y 2019 ellos divulgaron dos investigaciones sobre el fen\u00f3meno de la manipulaci\u00f3n en el ciberespacio. Su trabajo se plasm\u00f3 en sendos estudios acad\u00e9micos rigurosos. El primero se titula <strong>\u00abTropas, trolls y armadores de problemas: un inventario global de la manipulaci\u00f3n organizada en redes sociales\u00bb\u00a0<\/strong>y el segundo <strong>\u00abEl Orden Global de la Desinformaci\u00f3n, inventario global de la manipulaci\u00f3n organizada en redes sociales\u00bb<\/strong>.<\/p>\n<p><iframe src=\"https:\/\/www.youtube.com\/embed\/GwqQaaUPlIc\" width=\"560\" height=\"315\" frameborder=\"0\" allowfullscreen=\"allowfullscreen\"><\/iframe><\/p>\n<hr \/>\n<p style=\"text-align: center;\"><em><strong>\u201cLas actividades de las tropas cibern\u00e9ticas tienen muchas formas de organizaci\u00f3n y diversos actores. Aprovechan las redes para manipular la opini\u00f3n p\u00fablica y establecer agendas pol\u00edticas\u201d.<\/strong> <\/em><\/p>\n<hr \/>\n<p>Los informes alertan que cada vez m\u00e1s los gobiernos, los movimientos pol\u00edticos y otras organizaciones est\u00e1n recurriendo a las plataformas virtuales para influir en los flujos de informaci\u00f3n y los canales de comunicaci\u00f3n para moldear (deformar) la opini\u00f3n p\u00fablica.<\/p>\n<p>As\u00ed, participan activamente en las conversaciones en redes sociales, atacan y hostigan a opositores y periodistas. Para este objetivo, algunos gobiernos y partidos no han dudado en asignar fondos p\u00fablicos, seg\u00fan el reporte de 2017. En Ecuador se identific\u00f3, por ejemplo, que el anterior gobierno de Correa gast\u00f3, al menos, 200 mil d\u00f3lares en estas campa\u00f1as.<\/p>\n<p>En la extinta Secretar\u00eda de Inteligencia y la Secom se incubaron estas operaciones despu\u00e9s del 2010. Toda su maquinaria de manipulaci\u00f3n y ataques a opositores y periodistas se volc\u00f3 a las redes, especialmente Facebook, Twitter y WhatsApp. Ah\u00ed se libra la guerra de desinformaci\u00f3n, seg\u00fan denuncias del oficialismo.<\/p>\n<p>Los soldados cibern\u00e9ticos emplean diversas estrategias, herramientas y t\u00e9cnicas. Incluyen la creaci\u00f3n de aplicaciones oficiales, sitios web o plataformas para difundir contenido.<\/p>\n<hr \/>\n<p><strong>En Ecuador, el control de los mensajes de propaganda pol\u00edtica para moldear la opini\u00f3n p\u00fablica est\u00e1 en manos de movimientos pol\u00edticos, que seg\u00fan el gobierno son afines al corre\u00edsmo. En informe de la Universidad de Oxford de 2019 ya no se identifica operaciones directas desde el oficialismo.<\/strong><\/p>\n<div id='gallery-1' class='gallery galleryid-3049 gallery-columns-3 gallery-size-large'><figure class='gallery-item'>\n\t\t\t<div class='gallery-icon portrait'>\n\t\t\t\t<a href='https:\/\/www.codigovidrio.com\/code\/portada-informe-oxford-2019\/'><img fetchpriority=\"high\" decoding=\"async\" width=\"743\" height=\"1024\" src=\"https:\/\/www.codigovidrio.com\/code\/wp-content\/uploads\/2020\/04\/Portada-informe-Oxford-2019-743x1024.jpg\" class=\"attachment-large size-large\" alt=\"\" srcset=\"https:\/\/www.codigovidrio.com\/code\/wp-content\/uploads\/2020\/04\/Portada-informe-Oxford-2019-743x1024.jpg 743w, https:\/\/www.codigovidrio.com\/code\/wp-content\/uploads\/2020\/04\/Portada-informe-Oxford-2019-218x300.jpg 218w, https:\/\/www.codigovidrio.com\/code\/wp-content\/uploads\/2020\/04\/Portada-informe-Oxford-2019-768x1059.jpg 768w, https:\/\/www.codigovidrio.com\/code\/wp-content\/uploads\/2020\/04\/Portada-informe-Oxford-2019.jpg 800w\" sizes=\"(max-width: 743px) 100vw, 743px\" \/><\/a>\n\t\t\t<\/div><\/figure><figure class='gallery-item'>\n\t\t\t<div class='gallery-icon portrait'>\n\t\t\t\t<a href='https:\/\/www.codigovidrio.com\/code\/estrategias-desinformacion-1\/'><img decoding=\"async\" width=\"700\" height=\"1024\" src=\"https:\/\/www.codigovidrio.com\/code\/wp-content\/uploads\/2020\/04\/ESTRATEGIAS-DESINFORMACION-1-700x1024.jpg\" class=\"attachment-large size-large\" alt=\"\" srcset=\"https:\/\/www.codigovidrio.com\/code\/wp-content\/uploads\/2020\/04\/ESTRATEGIAS-DESINFORMACION-1-700x1024.jpg 700w, https:\/\/www.codigovidrio.com\/code\/wp-content\/uploads\/2020\/04\/ESTRATEGIAS-DESINFORMACION-1-205x300.jpg 205w, https:\/\/www.codigovidrio.com\/code\/wp-content\/uploads\/2020\/04\/ESTRATEGIAS-DESINFORMACION-1-768x1124.jpg 768w, https:\/\/www.codigovidrio.com\/code\/wp-content\/uploads\/2020\/04\/ESTRATEGIAS-DESINFORMACION-1.jpg 800w\" sizes=\"(max-width: 700px) 100vw, 700px\" \/><\/a>\n\t\t\t<\/div><\/figure><figure class='gallery-item'>\n\t\t\t<div class='gallery-icon portrait'>\n\t\t\t\t<a href='https:\/\/www.codigovidrio.com\/code\/estrategias-desinformacion-3\/'><img decoding=\"async\" width=\"506\" height=\"664\" src=\"https:\/\/www.codigovidrio.com\/code\/wp-content\/uploads\/2020\/04\/ESTRATEGIAS-DESINFORMACION-3.jpg\" class=\"attachment-large size-large\" alt=\"\" srcset=\"https:\/\/www.codigovidrio.com\/code\/wp-content\/uploads\/2020\/04\/ESTRATEGIAS-DESINFORMACION-3.jpg 506w, https:\/\/www.codigovidrio.com\/code\/wp-content\/uploads\/2020\/04\/ESTRATEGIAS-DESINFORMACION-3-229x300.jpg 229w\" sizes=\"(max-width: 506px) 100vw, 506px\" \/><\/a>\n\t\t\t<\/div><\/figure><figure class='gallery-item'>\n\t\t\t<div class='gallery-icon portrait'>\n\t\t\t\t<a href='https:\/\/www.codigovidrio.com\/code\/estrategias-desinformacion-2\/'><img loading=\"lazy\" decoding=\"async\" width=\"598\" height=\"854\" src=\"https:\/\/www.codigovidrio.com\/code\/wp-content\/uploads\/2020\/04\/ESTRATEGIAS-DESINFORMACION-2.jpg\" class=\"attachment-large size-large\" alt=\"\" srcset=\"https:\/\/www.codigovidrio.com\/code\/wp-content\/uploads\/2020\/04\/ESTRATEGIAS-DESINFORMACION-2.jpg 598w, https:\/\/www.codigovidrio.com\/code\/wp-content\/uploads\/2020\/04\/ESTRATEGIAS-DESINFORMACION-2-210x300.jpg 210w\" sizes=\"(max-width: 598px) 100vw, 598px\" \/><\/a>\n\t\t\t<\/div><\/figure><figure class='gallery-item'>\n\t\t\t<div class='gallery-icon landscape'>\n\t\t\t\t<a href='https:\/\/www.codigovidrio.com\/code\/estrtaegias-desinformacion-4\/'><img loading=\"lazy\" decoding=\"async\" width=\"800\" height=\"580\" src=\"https:\/\/www.codigovidrio.com\/code\/wp-content\/uploads\/2020\/04\/ESTRTAEGIAS-DESINFORMACION-4.jpg\" class=\"attachment-large size-large\" alt=\"\" srcset=\"https:\/\/www.codigovidrio.com\/code\/wp-content\/uploads\/2020\/04\/ESTRTAEGIAS-DESINFORMACION-4.jpg 800w, https:\/\/www.codigovidrio.com\/code\/wp-content\/uploads\/2020\/04\/ESTRTAEGIAS-DESINFORMACION-4-300x218.jpg 300w, https:\/\/www.codigovidrio.com\/code\/wp-content\/uploads\/2020\/04\/ESTRTAEGIAS-DESINFORMACION-4-768x557.jpg 768w\" sizes=\"(max-width: 800px) 100vw, 800px\" \/><\/a>\n\t\t\t<\/div><\/figure><figure class='gallery-item'>\n\t\t\t<div class='gallery-icon landscape'>\n\t\t\t\t<a href='https:\/\/www.codigovidrio.com\/code\/estrategias-desinformacion-5\/'><img loading=\"lazy\" decoding=\"async\" width=\"392\" height=\"270\" src=\"https:\/\/www.codigovidrio.com\/code\/wp-content\/uploads\/2020\/04\/ESTRATEGIAS-DESINFORMACION-5.jpg\" class=\"attachment-large size-large\" alt=\"\" srcset=\"https:\/\/www.codigovidrio.com\/code\/wp-content\/uploads\/2020\/04\/ESTRATEGIAS-DESINFORMACION-5.jpg 392w, https:\/\/www.codigovidrio.com\/code\/wp-content\/uploads\/2020\/04\/ESTRATEGIAS-DESINFORMACION-5-300x207.jpg 300w\" sizes=\"(max-width: 392px) 100vw, 392px\" \/><\/a>\n\t\t\t<\/div><\/figure>\n\t\t<\/div>\n\n<hr \/>\n<p>Estos colectivos an\u00f3nimos utilizan cuentas reales, falsas o automatizadas para interactuar con los internautas. Tambi\u00e9n crean im\u00e1genes, videos, audios trucados y publicaciones de blog.<\/p>\n<p><strong>Estudios de Oxford coinciden con Inteligencia<\/strong><\/p>\n<p>Este diagn\u00f3stico de la Universidad de Oxford coincide con un informe del sistema de Inteligencia ecuatoriano, divulgado en una investigaci\u00f3n de este portal la semana pasada. Pudimos determinar que en Ecuador la \u00faltima oleada de desinformaci\u00f3n se puso en marcha desde el paro de octubre pasado y se profundiz\u00f3 a fines de febrero, cuando se desat\u00f3 la emergencia por la pandemia del coronavirus.<\/p>\n<p>En medio de la crisis, se han desarrollado 13 campa\u00f1as simult\u00e1neas de desinformaci\u00f3n y propaganda en redes, que buscan generar miedo y caos entre la poblaci\u00f3n, para desestabilizar al gobierno y alargar la crisis, con un fin pol\u00edtico.<\/p>\n<p><strong>En el informe de 2017 de la universidad inglesa se establece que la cuenta Somos, que es operada con los Guerreros Digitales, ataca y hostiga a opositores y periodistas. Fue creada en 2015 por el gobierno de Rafael Correa, en una estrategia para copar redes sociales desde la Secretar\u00eda de Comunicaci\u00f3n. En celeste resaltamos algunas menciones al caso de Ecuador. \u00a0\u00a0<\/strong><\/p>\n<div id='gallery-2' class='gallery galleryid-3049 gallery-columns-4 gallery-size-medium'><figure class='gallery-item'>\n\t\t\t<div class='gallery-icon portrait'>\n\t\t\t\t<a href='https:\/\/www.codigovidrio.com\/code\/portada-informe-oxford-2017\/'><img loading=\"lazy\" decoding=\"async\" width=\"276\" height=\"300\" src=\"https:\/\/www.codigovidrio.com\/code\/wp-content\/uploads\/2020\/04\/Portada-informe-Oxford-2017-276x300.jpg\" class=\"attachment-medium size-medium\" alt=\"\" srcset=\"https:\/\/www.codigovidrio.com\/code\/wp-content\/uploads\/2020\/04\/Portada-informe-Oxford-2017-276x300.jpg 276w, https:\/\/www.codigovidrio.com\/code\/wp-content\/uploads\/2020\/04\/Portada-informe-Oxford-2017-768x836.jpg 768w, https:\/\/www.codigovidrio.com\/code\/wp-content\/uploads\/2020\/04\/Portada-informe-Oxford-2017.jpg 800w\" sizes=\"(max-width: 276px) 100vw, 276px\" \/><\/a>\n\t\t\t<\/div><\/figure><figure class='gallery-item'>\n\t\t\t<div class='gallery-icon landscape'>\n\t\t\t\t<a href='https:\/\/www.codigovidrio.com\/code\/1-fake\/'><img loading=\"lazy\" decoding=\"async\" width=\"300\" height=\"152\" src=\"https:\/\/www.codigovidrio.com\/code\/wp-content\/uploads\/2020\/04\/1-fake-300x152.jpg\" class=\"attachment-medium size-medium\" alt=\"\" srcset=\"https:\/\/www.codigovidrio.com\/code\/wp-content\/uploads\/2020\/04\/1-fake-300x152.jpg 300w, https:\/\/www.codigovidrio.com\/code\/wp-content\/uploads\/2020\/04\/1-fake-768x389.jpg 768w, https:\/\/www.codigovidrio.com\/code\/wp-content\/uploads\/2020\/04\/1-fake.jpg 1000w\" sizes=\"(max-width: 300px) 100vw, 300px\" \/><\/a>\n\t\t\t<\/div><\/figure><figure class='gallery-item'>\n\t\t\t<div class='gallery-icon landscape'>\n\t\t\t\t<a href='https:\/\/www.codigovidrio.com\/code\/2-fake\/'><img loading=\"lazy\" decoding=\"async\" width=\"300\" height=\"160\" src=\"https:\/\/www.codigovidrio.com\/code\/wp-content\/uploads\/2020\/04\/2-fake-300x160.jpg\" class=\"attachment-medium size-medium\" alt=\"\" srcset=\"https:\/\/www.codigovidrio.com\/code\/wp-content\/uploads\/2020\/04\/2-fake-300x160.jpg 300w, https:\/\/www.codigovidrio.com\/code\/wp-content\/uploads\/2020\/04\/2-fake-768x410.jpg 768w, https:\/\/www.codigovidrio.com\/code\/wp-content\/uploads\/2020\/04\/2-fake.jpg 1000w\" sizes=\"(max-width: 300px) 100vw, 300px\" \/><\/a>\n\t\t\t<\/div><\/figure><figure class='gallery-item'>\n\t\t\t<div class='gallery-icon landscape'>\n\t\t\t\t<a href='https:\/\/www.codigovidrio.com\/code\/3-fake\/'><img loading=\"lazy\" decoding=\"async\" width=\"300\" height=\"90\" src=\"https:\/\/www.codigovidrio.com\/code\/wp-content\/uploads\/2020\/04\/3-fake-300x90.jpg\" class=\"attachment-medium size-medium\" alt=\"\" srcset=\"https:\/\/www.codigovidrio.com\/code\/wp-content\/uploads\/2020\/04\/3-fake-300x90.jpg 300w, https:\/\/www.codigovidrio.com\/code\/wp-content\/uploads\/2020\/04\/3-fake-768x231.jpg 768w, https:\/\/www.codigovidrio.com\/code\/wp-content\/uploads\/2020\/04\/3-fake.jpg 1000w\" sizes=\"(max-width: 300px) 100vw, 300px\" \/><\/a>\n\t\t\t<\/div><\/figure><figure class='gallery-item'>\n\t\t\t<div class='gallery-icon landscape'>\n\t\t\t\t<a href='https:\/\/www.codigovidrio.com\/code\/4-fake\/'><img loading=\"lazy\" decoding=\"async\" width=\"300\" height=\"152\" src=\"https:\/\/www.codigovidrio.com\/code\/wp-content\/uploads\/2020\/04\/4-fake-300x152.jpg\" class=\"attachment-medium size-medium\" alt=\"\" srcset=\"https:\/\/www.codigovidrio.com\/code\/wp-content\/uploads\/2020\/04\/4-fake-300x152.jpg 300w, https:\/\/www.codigovidrio.com\/code\/wp-content\/uploads\/2020\/04\/4-fake-768x389.jpg 768w, https:\/\/www.codigovidrio.com\/code\/wp-content\/uploads\/2020\/04\/4-fake.jpg 1000w\" sizes=\"(max-width: 300px) 100vw, 300px\" \/><\/a>\n\t\t\t<\/div><\/figure><figure class='gallery-item'>\n\t\t\t<div class='gallery-icon landscape'>\n\t\t\t\t<a href='https:\/\/www.codigovidrio.com\/code\/5-fake\/'><img loading=\"lazy\" decoding=\"async\" width=\"300\" height=\"151\" src=\"https:\/\/www.codigovidrio.com\/code\/wp-content\/uploads\/2020\/04\/5-fake-300x151.jpg\" class=\"attachment-medium size-medium\" alt=\"\" srcset=\"https:\/\/www.codigovidrio.com\/code\/wp-content\/uploads\/2020\/04\/5-fake-300x151.jpg 300w, https:\/\/www.codigovidrio.com\/code\/wp-content\/uploads\/2020\/04\/5-fake-768x387.jpg 768w, https:\/\/www.codigovidrio.com\/code\/wp-content\/uploads\/2020\/04\/5-fake.jpg 1000w\" sizes=\"(max-width: 300px) 100vw, 300px\" \/><\/a>\n\t\t\t<\/div><\/figure><figure class='gallery-item'>\n\t\t\t<div class='gallery-icon landscape'>\n\t\t\t\t<a href='https:\/\/www.codigovidrio.com\/code\/6-fake\/'><img loading=\"lazy\" decoding=\"async\" width=\"300\" height=\"122\" src=\"https:\/\/www.codigovidrio.com\/code\/wp-content\/uploads\/2020\/04\/6-fake-300x122.jpg\" class=\"attachment-medium size-medium\" alt=\"\" srcset=\"https:\/\/www.codigovidrio.com\/code\/wp-content\/uploads\/2020\/04\/6-fake-300x122.jpg 300w, https:\/\/www.codigovidrio.com\/code\/wp-content\/uploads\/2020\/04\/6-fake-768x313.jpg 768w, https:\/\/www.codigovidrio.com\/code\/wp-content\/uploads\/2020\/04\/6-fake.jpg 1000w\" sizes=\"(max-width: 300px) 100vw, 300px\" \/><\/a>\n\t\t\t<\/div><\/figure>\n\t\t<\/div>\n\n<hr \/>\n<p>A la cabeza de esta estrategia, conocida en el mundo del espionaje como operaciones sicol\u00f3gicas, estar\u00eda el expresidente Rafael Correa, que acaba de ser sentenciado a ocho a\u00f1os de prisi\u00f3n por cohecho.<\/p>\n<p>Fausto Jarr\u00edn, abogado del expresidente, neg\u00f3 cualquier participaci\u00f3n suya en la campa\u00f1a en redes, y dijo que se trataba de una maniobra de descr\u00e9dito del gobierno.<\/p>\n<hr \/>\n<p><strong>El expresidente Correa desde Twitter dirige campa\u00f1as para desestabilizar al Gobierno; pide que renuncie el presidente Moreno y su vicepresidente, y que asuma el exvicepresidente Jorge Glas, preso por corrupci\u00f3n. Sus trinos son viralizados en redes por sus millones de seguidores.\u00a0<\/strong><\/p>\n<div id='gallery-3' class='gallery galleryid-3049 gallery-columns-2 gallery-size-large'><figure class='gallery-item'>\n\t\t\t<div class='gallery-icon landscape'>\n\t\t\t\t<a href='https:\/\/www.codigovidrio.com\/code\/publicaciones-correa-2\/'><img loading=\"lazy\" decoding=\"async\" width=\"800\" height=\"755\" src=\"https:\/\/www.codigovidrio.com\/code\/wp-content\/uploads\/2020\/04\/Publicaciones-Correa-2.jpg\" class=\"attachment-large size-large\" alt=\"\" srcset=\"https:\/\/www.codigovidrio.com\/code\/wp-content\/uploads\/2020\/04\/Publicaciones-Correa-2.jpg 800w, https:\/\/www.codigovidrio.com\/code\/wp-content\/uploads\/2020\/04\/Publicaciones-Correa-2-300x283.jpg 300w, https:\/\/www.codigovidrio.com\/code\/wp-content\/uploads\/2020\/04\/Publicaciones-Correa-2-768x725.jpg 768w\" sizes=\"(max-width: 800px) 100vw, 800px\" \/><\/a>\n\t\t\t<\/div><\/figure><figure class='gallery-item'>\n\t\t\t<div class='gallery-icon landscape'>\n\t\t\t\t<a href='https:\/\/www.codigovidrio.com\/code\/publicaciones-de-corres-vale-2\/'><img loading=\"lazy\" decoding=\"async\" width=\"1000\" height=\"727\" src=\"https:\/\/www.codigovidrio.com\/code\/wp-content\/uploads\/2020\/04\/Publicaciones-de-Corres-vale-2.jpg\" class=\"attachment-large size-large\" alt=\"\" srcset=\"https:\/\/www.codigovidrio.com\/code\/wp-content\/uploads\/2020\/04\/Publicaciones-de-Corres-vale-2.jpg 1000w, https:\/\/www.codigovidrio.com\/code\/wp-content\/uploads\/2020\/04\/Publicaciones-de-Corres-vale-2-300x218.jpg 300w, https:\/\/www.codigovidrio.com\/code\/wp-content\/uploads\/2020\/04\/Publicaciones-de-Corres-vale-2-768x558.jpg 768w\" sizes=\"(max-width: 1000px) 100vw, 1000px\" \/><\/a>\n\t\t\t<\/div><\/figure>\n\t\t<\/div>\n\n<hr \/>\n<p>A escala global, este fen\u00f3meno cobr\u00f3 impacto con los a\u00f1os. En 2017 la manipulaci\u00f3n por redes se identific\u00f3 en 28 pa\u00edses, incluido Ecuador; en 2018 afect\u00f3 a 48 naciones y actualmente a m\u00e1s de 70.<\/p>\n<p>En el estudio del 2017, los investigadores destacan las intervenciones en la manipulaci\u00f3n en redes desde el Gobierno, mientras en el del 2019 se indica que los principales actores de desinformaci\u00f3n ser\u00edan los partidos pol\u00edticos y el Gobierno. Ambos informes fueron divulgados en su momento por varios medios, dentro y fuera del pa\u00eds.<\/p>\n<p>Mientras China, Rusia y Estados Unidos se cuentan entre los que m\u00e1s recurren a estas estrategias, en Latinoam\u00e9rica tambi\u00e9n destacan Argentina, Venezuela, Brasil, M\u00e9xico y Colombia.<\/p>\n<hr \/>\n<p style=\"text-align: center;\"><em><strong>Las redes sociales, que alguna vez fueron reconocidas como una fuerza en favor de la democracia, son objeto de un creciente escrutinio por su papel en el refuerzo de la desinformaci\u00f3n, incitaci\u00f3n a la violencia y disminuci\u00f3n de los niveles de confianza en las instituciones.<\/strong><\/em><\/p>\n<hr \/>\n<p><strong>Suenan los tambores de guerra<\/strong><\/p>\n<p>A semanas de dejar el poder, Correa recibi\u00f3 duras cr\u00edticas desde distintos sectores. Molesto por los cuestionamientos, el 19 de junio de 2017 dispar\u00f3 varios tuits que se difundieron por Facebook para activar a sus combatientes en redes.<\/p>\n<p>As\u00ed presagi\u00f3 lo que ser\u00eda una declaraci\u00f3n de guerra sostenida con el gobierno de su sucesor y expartidario, Lenin Moreno.<\/p>\n<div id='gallery-4' class='gallery galleryid-3049 gallery-columns-2 gallery-size-large'><figure class='gallery-item'>\n\t\t\t<div class='gallery-icon landscape'>\n\t\t\t\t<a href='https:\/\/www.codigovidrio.com\/code\/foto-guerreros-digitales\/'><img loading=\"lazy\" decoding=\"async\" width=\"640\" height=\"412\" src=\"https:\/\/www.codigovidrio.com\/code\/wp-content\/uploads\/2020\/04\/Foto-guerreros-digitales.jpg\" class=\"attachment-large size-large\" alt=\"\" aria-describedby=\"gallery-4-3041\" srcset=\"https:\/\/www.codigovidrio.com\/code\/wp-content\/uploads\/2020\/04\/Foto-guerreros-digitales.jpg 640w, https:\/\/www.codigovidrio.com\/code\/wp-content\/uploads\/2020\/04\/Foto-guerreros-digitales-300x193.jpg 300w\" sizes=\"(max-width: 640px) 100vw, 640px\" \/><\/a>\n\t\t\t<\/div>\n\t\t\t\t<figcaption class='wp-caption-text gallery-caption' id='gallery-4-3041'>\n\t\t\t\tCorrea es el director vitalicio del colectivo Guerreros Digitales, punta de lanza de difusi\u00f3n de propaganda y desinformaci\u00f3n en redes. Fue creado durante su Gobierno. \n\t\t\t\t<\/figcaption><\/figure><figure class='gallery-item'>\n\t\t\t<div class='gallery-icon landscape'>\n\t\t\t\t<a href='https:\/\/www.codigovidrio.com\/code\/foto-guerreros-2\/'><img loading=\"lazy\" decoding=\"async\" width=\"682\" height=\"430\" src=\"https:\/\/www.codigovidrio.com\/code\/wp-content\/uploads\/2020\/04\/Foto-guerreros-2.jpg\" class=\"attachment-large size-large\" alt=\"\" aria-describedby=\"gallery-4-3040\" srcset=\"https:\/\/www.codigovidrio.com\/code\/wp-content\/uploads\/2020\/04\/Foto-guerreros-2.jpg 682w, https:\/\/www.codigovidrio.com\/code\/wp-content\/uploads\/2020\/04\/Foto-guerreros-2-300x189.jpg 300w\" sizes=\"(max-width: 682px) 100vw, 682px\" \/><\/a>\n\t\t\t<\/div>\n\t\t\t\t<figcaption class='wp-caption-text gallery-caption' id='gallery-4-3040'>\n\t\t\t\tLas cuentas de Twitter mantienen difusi\u00f3n constante de mensajes a favor de Jorge Glas, sentenciado por corrupci\u00f3n. Lo muestran como un perseguido pol\u00edtico.\n\t\t\t\t<\/figcaption><\/figure>\n\t\t<\/div>\n\n<p>\u00abMis queridos guerreros digitales: As\u00ed como las redes pueden ser el m\u00e1ximo exponente de libertad de expresi\u00f3n, tambi\u00e9n pueden ser refugio &#8230; de cobardes. Por eso les propongo que a todos los insultadores, adem\u00e1s de denunciar sus trinos, averig\u00fcemos y expongamos qui\u00e9nes son &#8230; d\u00f3nde viven trabajan, etc., para ver si son capaces de decir en persona las porquer\u00edas que escriben en redes. \u00bfDe acuerdo?\u00bb, rese\u00f1aban varios de sus trinos.<\/p>\n<p>No era la primera vez que Correa arengaba a sus tropas cibern\u00e9ticas para contraatacar, al sentirse escrutado. A partir del 2015, los <em><strong>Guerreros<\/strong> <\/em>han lanzado feroces arremetidas desde la plataforma web <em><strong>Somos+<\/strong><\/em>, creada por la Secretar\u00eda de Comunicaci\u00f3n (Secom), de la \u00e9poca, para combatir campa\u00f1as de supuesta informaci\u00f3n falsa.<\/p>\n<p>\u201cEn Ecuador, el gobierno lanz\u00f3 un sitio web llamado Somos + para investigar y responder a los usuarios de redes sociales que lo critican\u201d, indica uno de los estudios de Oxford. El sitio web -a\u00f1ade- env\u00eda actualizaciones a los suscriptores cuando un usuario de medios de comunicaci\u00f3n social critica al gobierno, permitiendo a los partidarios pro-gobierno apuntar colectivamente a los disidentes pol\u00edticos.<\/p>\n<p><strong>El linchamiento a Crudo Ecuador<\/strong><\/p>\n<p>Los <em><strong>Guerreros Digitales<\/strong><\/em> y <em><strong>Somos+<\/strong><\/em> debutaron tras la pol\u00e9mica con <em><strong>Crudo Ecuador<\/strong><\/em>, una p\u00e1gina de s\u00e1tira pol\u00edtica creada en 2012 en Facebook, que ridiculizaba a Correa y algunos de sus subalternos, entre otros temas.<\/p>\n<p><em><strong>Somos+<\/strong><\/em> se menciona en el primer estudio de la Universidad de Oxford, en referencia a la t\u00e1ctica <em><strong>individual targeting<\/strong><\/em>. Esta consiste en seleccionar a un individuo o grupo para atacarlo en masa.<\/p>\n<p><img loading=\"lazy\" decoding=\"async\" class=\"alignleft wp-image-3039\" src=\"https:\/\/www.codigovidrio.com\/code\/wp-content\/uploads\/2020\/04\/Foto-crudo-Ec-1-300x158.jpg\" alt=\"\" width=\"600\" height=\"316\" srcset=\"https:\/\/www.codigovidrio.com\/code\/wp-content\/uploads\/2020\/04\/Foto-crudo-Ec-1-300x158.jpg 300w, https:\/\/www.codigovidrio.com\/code\/wp-content\/uploads\/2020\/04\/Foto-crudo-Ec-1.jpg 624w\" sizes=\"(max-width: 600px) 100vw, 600px\" \/><\/p>\n<p>&nbsp;<\/p>\n<p>&nbsp;<\/p>\n<p>&nbsp;<\/p>\n<p>&nbsp;<\/p>\n<p>&nbsp;<\/p>\n<p>&nbsp;<\/p>\n<p>&nbsp;<\/p>\n<p>&nbsp;<\/p>\n<p>Tambi\u00e9n incluye un hostigamiento, con insultos y descalificaciones, discursos de odio, discriminaci\u00f3n de uno a decenas de usuarios, an\u00f3nimos.<\/p>\n<p>Precisamente, Gabriel Gonz\u00e1lez, creador de <em><strong>Crudo<\/strong><\/em>, fue intimidado y amenazado, luego de que Correa lo atacara p\u00fablicamente. Su informaci\u00f3n personal y las fotograf\u00edas de su familia aparecieron publicadas en redes, diligentemente divulgadas en las cuentas de los <em><strong>Guerreros Digitales<\/strong><\/em>. Tambi\u00e9n recibi\u00f3 en su domicilio un ramo de flores con una amenaza: <em><strong>\u201cQu\u00e9 bueno tener la oportunidad de saludarlo y felicitarlo por tan hermosa familia, su esposa. y qu\u00e9 decir de sus dos hermosos hijos\u201d<\/strong><\/em>.<\/p>\n<p>Frente a la escalada de amenazas, Gonz\u00e1lez se despidi\u00f3 de sus seguidores. \u201cUsted gan\u00f3\u201d, escribi\u00f3 Crudo Ecuador en su \u00faltima publicaci\u00f3n, en Facebook, donde ten\u00eda m\u00e1s de 200 mil seguidores.<\/p>\n<hr \/>\n<p>&nbsp;<\/p>\n<div id='gallery-5' class='gallery galleryid-3049 gallery-columns-3 gallery-size-large'><figure class='gallery-item'>\n\t\t\t<div class='gallery-icon portrait'>\n\t\t\t\t<a href='https:\/\/www.codigovidrio.com\/code\/foto-crudo-2\/'><img loading=\"lazy\" decoding=\"async\" width=\"686\" height=\"716\" src=\"https:\/\/www.codigovidrio.com\/code\/wp-content\/uploads\/2020\/04\/Foto-crudo-2.jpg\" class=\"attachment-large size-large\" alt=\"\" aria-describedby=\"gallery-5-3036\" srcset=\"https:\/\/www.codigovidrio.com\/code\/wp-content\/uploads\/2020\/04\/Foto-crudo-2.jpg 686w, https:\/\/www.codigovidrio.com\/code\/wp-content\/uploads\/2020\/04\/Foto-crudo-2-287x300.jpg 287w\" sizes=\"(max-width: 686px) 100vw, 686px\" \/><\/a>\n\t\t\t<\/div>\n\t\t\t\t<figcaption class='wp-caption-text gallery-caption' id='gallery-5-3036'>\n\t\t\t\tGabriel Gonz\u00e1lez cre\u00f3 la p\u00e1gina Crudo Ecuador, en 2012.\n\t\t\t\t<\/figcaption><\/figure><figure class='gallery-item'>\n\t\t\t<div class='gallery-icon portrait'>\n\t\t\t\t<a href='https:\/\/www.codigovidrio.com\/code\/foto-crudo-3\/'><img loading=\"lazy\" decoding=\"async\" width=\"800\" height=\"808\" src=\"https:\/\/www.codigovidrio.com\/code\/wp-content\/uploads\/2020\/04\/Foto-crudo-3.jpg\" class=\"attachment-large size-large\" alt=\"\" aria-describedby=\"gallery-5-3037\" srcset=\"https:\/\/www.codigovidrio.com\/code\/wp-content\/uploads\/2020\/04\/Foto-crudo-3.jpg 800w, https:\/\/www.codigovidrio.com\/code\/wp-content\/uploads\/2020\/04\/Foto-crudo-3-297x300.jpg 297w, https:\/\/www.codigovidrio.com\/code\/wp-content\/uploads\/2020\/04\/Foto-crudo-3-768x776.jpg 768w\" sizes=\"(max-width: 800px) 100vw, 800px\" \/><\/a>\n\t\t\t<\/div>\n\t\t\t\t<figcaption class='wp-caption-text gallery-caption' id='gallery-5-3037'>\n\t\t\t\tCorrea atac\u00f3 a Gonz\u00e1lez y sus tropas digitales lo hostigaron en redes, generando un sinn\u00famero de reacciones. \n\t\t\t\t<\/figcaption><\/figure><figure class='gallery-item'>\n\t\t\t<div class='gallery-icon portrait'>\n\t\t\t\t<a href='https:\/\/www.codigovidrio.com\/code\/foto-crudo-4\/'><img loading=\"lazy\" decoding=\"async\" width=\"500\" height=\"581\" src=\"https:\/\/www.codigovidrio.com\/code\/wp-content\/uploads\/2020\/04\/Foto-crudo-4-.jpg\" class=\"attachment-large size-large\" alt=\"\" aria-describedby=\"gallery-5-3051\" srcset=\"https:\/\/www.codigovidrio.com\/code\/wp-content\/uploads\/2020\/04\/Foto-crudo-4-.jpg 500w, https:\/\/www.codigovidrio.com\/code\/wp-content\/uploads\/2020\/04\/Foto-crudo-4--258x300.jpg 258w\" sizes=\"(max-width: 500px) 100vw, 500px\" \/><\/a>\n\t\t\t<\/div>\n\t\t\t\t<figcaption class='wp-caption-text gallery-caption' id='gallery-5-3051'>\n\t\t\t\tDesde  marzo de 2015; Crudo Ecuador dej\u00f3 de publicar gr\u00e1ficos de s\u00e1tira contra el gobierno, ante amenazas veladas.  \n\t\t\t\t<\/figcaption><\/figure>\n\t\t<\/div>\n\n<hr \/>\n<p>\u201cNo puedo exponer a mi familia contra esta mafia. Espero me sepan comprender, no tengo garant\u00edas para nuestra integridad\u201d, coment\u00f3 y tambi\u00e9n dej\u00f3 de divulgar sus memes en Twitter, plataforma desde la cual lo segu\u00edan 45 mil personas.<\/p>\n<p><strong>La \u201cguerra contra la desinformaci\u00f3n\u201d<\/strong><\/p>\n<p>Uno de los mentalizadores de la estrategia en redes y de la creaci\u00f3n de cuentas en plataformas para defender el proyecto de la Revoluci\u00f3n Ciudadana fue Fernando Alvarado, enconces secretario de Comunicaci\u00f3n.<\/p>\n<p>En entrevista con este portal reconoci\u00f3 que estimul\u00f3 a \u201ctuiteros j\u00f3venes, entusiastas, para que se conviertan en defensores de la verdad, y que ayuden a combatir la desinformaci\u00f3n. No obstante, \u201cellos tienen vida y pensamiento propios desde hace muchos a\u00f1os. Se activan seg\u00fan sus puntos de vista y convicciones personales\u201d.<\/p>\n<p>En la campa\u00f1a presidencial del 2016, las cuentas creadas en el corre\u00edsmo impulsaron la candidatura del binomio Lenin Moreno-Jorge Glas. Y algunas se encargaban de la guerra sucia contra el candidato opositor Guillermo Lasso. Como parte de esta estrategia en redes tambi\u00e9n compraron miles de seguidores falsos en Twitter, que luego fueron suspendidas.<\/p>\n<p>Con el cambio de gobierno y el rompimiento abrupto entre Moreno y Correa, la mayor\u00eda de plataformas y cuentas creadas en el corre\u00edsmo pasaron a la disidencia y se alinearon con el exmandatario. Buena parte son militantes convencidos, defensores del proyecto pol\u00edtico, molestos con las pol\u00edticas del r\u00e9gimen.<\/p>\n<p>La mayor\u00eda participa directa e indirectamente hoy en la difusi\u00f3n de mensajes, videos, fotos y audios (reales, falseados y sobredimensionados), que se comparten por usuarios en <em><strong>Somos+<\/strong><\/em>, con 2.085 seguidores en Twitter y 165.302 en Facebook.<\/p>\n<p>Se suman <em><strong>Enlace Digital<\/strong><\/em>, con m\u00e1s de 54.000 seguidores, <em><strong>Corre\u00edstas<\/strong><\/em>, con 161.599 seguidores en Twitter, y <strong><em>Resistencia EC<\/em><\/strong>, entre muchas otras cuentas de ataque y difusi\u00f3n.<\/p>\n<hr \/>\n<p style=\"text-align: center;\"><em><strong>\u201cUna democracia fuerte requiere acceso a informaci\u00f3n de calidad y la capacidad de la ciudadan\u00eda para entablar debates. \u00bfLas plataformas de las redes sociales est\u00e1n realmente creando espacios para la deliberaci\u00f3n y la democracia? O, por el contrario, \u00bfest\u00e1n reforzando contenidos que mantienen a los ciudadanos adictos, desinformados y enojados?\u201d<\/strong><\/em><\/p>\n<hr \/>\n<p>A pesar de que existen m\u00e1s plataformas que nunca en la glob\u00f3sfera, Facebook sigue siendo la dominante para las actividades de las tropas cibern\u00e9ticas, seg\u00fan el estudio de Oxford.<\/p>\n<p>Precisamente por eso, Correa, sus lugartenientes y militantes, apuntalaron la creaci\u00f3n de colectivos digitales que actualmente pueden llegar a 9 millones de usuarios.<\/p>\n<p>Esto podr\u00eda explicarse, en parte, por el tama\u00f1o de su mercado (es considerada una de las plataformas de redes sociales m\u00e1s grandes del mundo), as\u00ed como por su posibilidad de generar una comunicaci\u00f3n cercana con la familia y amigos, una fuente de noticias pol\u00edticas e informaci\u00f3n, o la capacidad para crear grupos y p\u00e1ginas.<\/p>\n<hr \/>\n<p><strong>Desde las cuentas de Guerreros Digitales en Twitter y Facebook se difunden contenidos y propaganda, que incluyen, sobre todo, cuestionamientos al Gobierno, pero tambi\u00e9n difamaciones y desinformaci\u00f3n.<\/strong><\/p>\n<div id='gallery-6' class='gallery galleryid-3049 gallery-columns-4 gallery-size-large'><figure class='gallery-item'>\n\t\t\t<div class='gallery-icon landscape'>\n\t\t\t\t<a href='https:\/\/www.codigovidrio.com\/code\/primer-tuit-guerreros\/'><img loading=\"lazy\" decoding=\"async\" width=\"800\" height=\"535\" src=\"https:\/\/www.codigovidrio.com\/code\/wp-content\/uploads\/2020\/04\/Primer-tuit-Guerreros.jpg\" class=\"attachment-large size-large\" alt=\"\" srcset=\"https:\/\/www.codigovidrio.com\/code\/wp-content\/uploads\/2020\/04\/Primer-tuit-Guerreros.jpg 800w, https:\/\/www.codigovidrio.com\/code\/wp-content\/uploads\/2020\/04\/Primer-tuit-Guerreros-300x201.jpg 300w, https:\/\/www.codigovidrio.com\/code\/wp-content\/uploads\/2020\/04\/Primer-tuit-Guerreros-768x514.jpg 768w\" sizes=\"(max-width: 800px) 100vw, 800px\" \/><\/a>\n\t\t\t<\/div><\/figure><figure class='gallery-item'>\n\t\t\t<div class='gallery-icon landscape'>\n\t\t\t\t<a href='https:\/\/www.codigovidrio.com\/code\/tuits-de-guerreros-2-vale\/'><img loading=\"lazy\" decoding=\"async\" width=\"800\" height=\"725\" src=\"https:\/\/www.codigovidrio.com\/code\/wp-content\/uploads\/2020\/04\/Tuits-de-guerreros-2-vale.jpg\" class=\"attachment-large size-large\" alt=\"\" srcset=\"https:\/\/www.codigovidrio.com\/code\/wp-content\/uploads\/2020\/04\/Tuits-de-guerreros-2-vale.jpg 800w, https:\/\/www.codigovidrio.com\/code\/wp-content\/uploads\/2020\/04\/Tuits-de-guerreros-2-vale-300x272.jpg 300w, https:\/\/www.codigovidrio.com\/code\/wp-content\/uploads\/2020\/04\/Tuits-de-guerreros-2-vale-768x696.jpg 768w\" sizes=\"(max-width: 800px) 100vw, 800px\" \/><\/a>\n\t\t\t<\/div><\/figure><figure class='gallery-item'>\n\t\t\t<div class='gallery-icon landscape'>\n\t\t\t\t<a href='https:\/\/www.codigovidrio.com\/code\/tuit-guerreros-3-vale\/'><img loading=\"lazy\" decoding=\"async\" width=\"800\" height=\"668\" src=\"https:\/\/www.codigovidrio.com\/code\/wp-content\/uploads\/2020\/04\/Tuit-guerreros-3-vale.jpg\" class=\"attachment-large size-large\" alt=\"\" srcset=\"https:\/\/www.codigovidrio.com\/code\/wp-content\/uploads\/2020\/04\/Tuit-guerreros-3-vale.jpg 800w, https:\/\/www.codigovidrio.com\/code\/wp-content\/uploads\/2020\/04\/Tuit-guerreros-3-vale-300x251.jpg 300w, https:\/\/www.codigovidrio.com\/code\/wp-content\/uploads\/2020\/04\/Tuit-guerreros-3-vale-768x641.jpg 768w\" sizes=\"(max-width: 800px) 100vw, 800px\" \/><\/a>\n\t\t\t<\/div><\/figure><figure class='gallery-item'>\n\t\t\t<div class='gallery-icon landscape'>\n\t\t\t\t<a href='https:\/\/www.codigovidrio.com\/code\/tuit-guerreros-5-vale\/'><img loading=\"lazy\" decoding=\"async\" width=\"800\" height=\"574\" src=\"https:\/\/www.codigovidrio.com\/code\/wp-content\/uploads\/2020\/04\/Tuit-guerreros-5-vale.jpg\" class=\"attachment-large size-large\" alt=\"\" srcset=\"https:\/\/www.codigovidrio.com\/code\/wp-content\/uploads\/2020\/04\/Tuit-guerreros-5-vale.jpg 800w, https:\/\/www.codigovidrio.com\/code\/wp-content\/uploads\/2020\/04\/Tuit-guerreros-5-vale-300x215.jpg 300w, https:\/\/www.codigovidrio.com\/code\/wp-content\/uploads\/2020\/04\/Tuit-guerreros-5-vale-768x551.jpg 768w\" sizes=\"(max-width: 800px) 100vw, 800px\" \/><\/a>\n\t\t\t<\/div><\/figure>\n\t\t<\/div>\n\n<hr \/>\n<p>A partir de 2018, los estudiosos de Oxford encontraron evidencias de una mayor actividad de las tropas en plataformas que comparten im\u00e1genes y videos en Instagram, YouTube y WhatsApp.<\/p>\n<p>\u201cCreemos que estas plataformas ir\u00e1n cobrando mayor importancia en los pr\u00f3ximos a\u00f1os, a medida que m\u00e1s gente use las tecnolog\u00edas de redes sociales con fines de comunicaci\u00f3n pol\u00edtica\u201d.<\/p>\n<p>Otra caracter\u00edstica de las campa\u00f1as de manipulaci\u00f3n, seg\u00fan el an\u00e1lisis de los acad\u00e9micos ingleses, es que las tropas cibern\u00e9ticas trabajan a menudo junto con la empresa privada, organizaciones de la sociedad civil, subculturas de Internet, grupos de j\u00f3venes y hackers.<\/p>\n<p>En el informe de Oxford-2019 tambi\u00e9n se destaca que hay tropas digitales que est\u00e1n atacando opositores del gobierno. Adem\u00e1s\u00a0hay troll centers que operan contra el estado.<\/p>\n<p>En Ecuador, seg\u00fan ha documentado ampliamente la prensa, el Secretario de la Administraci\u00f3n del anterior r\u00e9gimen, Vinicio Alvarado, form\u00f3 un conglomerado de empresas de publicidad que recibieron decenas de millones de d\u00f3lares de fondos p\u00fablicos en contratos, para amplificar la propaganda oficial y difundir ataques masivos de desinformaci\u00f3n en redes, con las empresas Xima y Creacional a la cabeza.<\/p>\n<p>Durante el anuncio de la sentencia a Correa y 19 de sus colaboradores, los jueces destacaron que Alvarado tambi\u00e9n recibi\u00f3 sobornos de empresas, que fueron desviados hacia las agencias de publicidad que cre\u00f3 antes de llegar al Gobierno.<\/p>\n","protected":false},"excerpt":{"rendered":"<p>Las tropas cibern\u00e9ticas operan en m\u00e1s de 70 pa\u00edses, para diseminar campa\u00f1as de desinformaci\u00f3n en redes sociales. Dos informes de la Universidad de Oxford (2017-2019) confirman que Ecuador es una de las naciones donde se aplican esas operaciones. En el reporte de 2017 se menciona a Somos+, de los Guerreros Digitales, como uno de los &#8230; <a title=\"Ecuador, en el radar de desinformaci\u00f3n mundial\" class=\"read-more\" href=\"https:\/\/www.codigovidrio.com\/code\/ecuador-en-el-radar-de-desinformacion-mundial\/\">leer m\u00e1s&#8230;<\/a><\/p>\n","protected":false},"author":2,"featured_media":3035,"comment_status":"open","ping_status":"closed","sticky":false,"template":"","format":"standard","meta":{"generate_page_header":"","footnotes":""},"categories":[211],"tags":[],"yoast_head":"<!-- This site is optimized with the Yoast SEO plugin v23.5 - https:\/\/yoast.com\/wordpress\/plugins\/seo\/ -->\n<title>Ecuador, en el radar de desinformaci\u00f3n mundial - C\u00f3digo Vidrio<\/title>\n<meta name=\"robots\" content=\"index, follow, max-snippet:-1, max-image-preview:large, max-video-preview:-1\" \/>\n<link rel=\"canonical\" href=\"https:\/\/www.codigovidrio.com\/code\/ecuador-en-el-radar-de-desinformacion-mundial\/\" \/>\n<meta property=\"og:locale\" content=\"es_ES\" \/>\n<meta property=\"og:type\" content=\"article\" \/>\n<meta property=\"og:title\" content=\"Ecuador, en el radar de desinformaci\u00f3n mundial - C\u00f3digo Vidrio\" \/>\n<meta property=\"og:description\" content=\"Las tropas cibern\u00e9ticas operan en m\u00e1s de 70 pa\u00edses, para diseminar campa\u00f1as de desinformaci\u00f3n en redes sociales. Dos informes de la Universidad de Oxford (2017-2019) confirman que Ecuador es una de las naciones donde se aplican esas operaciones. En el reporte de 2017 se menciona a Somos+, de los Guerreros Digitales, como uno de los ... leer m\u00e1s...\" \/>\n<meta property=\"og:url\" content=\"https:\/\/www.codigovidrio.com\/code\/ecuador-en-el-radar-de-desinformacion-mundial\/\" \/>\n<meta property=\"og:site_name\" content=\"C\u00f3digo Vidrio\" \/>\n<meta property=\"article:published_time\" content=\"2020-04-12T05:32:40+00:00\" \/>\n<meta property=\"article:modified_time\" content=\"2020-05-07T16:44:06+00:00\" \/>\n<meta property=\"og:image\" content=\"https:\/\/www.codigovidrio.com\/code\/wp-content\/uploads\/2020\/04\/fake3-head.jpg\" \/>\n\t<meta property=\"og:image:width\" content=\"1600\" \/>\n\t<meta property=\"og:image:height\" content=\"650\" \/>\n\t<meta property=\"og:image:type\" content=\"image\/jpeg\" \/>\n<meta name=\"author\" content=\"Codigo Vidrio Admin\" \/>\n<meta name=\"twitter:card\" content=\"summary_large_image\" \/>\n<meta name=\"twitter:label1\" content=\"Escrito por\" \/>\n\t<meta name=\"twitter:data1\" content=\"Codigo Vidrio Admin\" \/>\n\t<meta name=\"twitter:label2\" content=\"Tiempo de lectura\" \/>\n\t<meta name=\"twitter:data2\" content=\"11 minutos\" \/>\n<script type=\"application\/ld+json\" class=\"yoast-schema-graph\">{\"@context\":\"https:\/\/schema.org\",\"@graph\":[{\"@type\":\"Article\",\"@id\":\"https:\/\/www.codigovidrio.com\/code\/ecuador-en-el-radar-de-desinformacion-mundial\/#article\",\"isPartOf\":{\"@id\":\"https:\/\/www.codigovidrio.com\/code\/ecuador-en-el-radar-de-desinformacion-mundial\/\"},\"author\":{\"name\":\"Codigo Vidrio Admin\",\"@id\":\"https:\/\/www.codigovidrio.com\/code\/#\/schema\/person\/974bc7a5b889699d012b2343dc68fc6e\"},\"headline\":\"Ecuador, en el radar de desinformaci\u00f3n mundial\",\"datePublished\":\"2020-04-12T05:32:40+00:00\",\"dateModified\":\"2020-05-07T16:44:06+00:00\",\"mainEntityOfPage\":{\"@id\":\"https:\/\/www.codigovidrio.com\/code\/ecuador-en-el-radar-de-desinformacion-mundial\/\"},\"wordCount\":2272,\"commentCount\":14,\"publisher\":{\"@id\":\"https:\/\/www.codigovidrio.com\/code\/#organization\"},\"image\":{\"@id\":\"https:\/\/www.codigovidrio.com\/code\/ecuador-en-el-radar-de-desinformacion-mundial\/#primaryimage\"},\"thumbnailUrl\":\"https:\/\/www.codigovidrio.com\/code\/wp-content\/uploads\/2020\/04\/fake3-head.jpg\",\"articleSection\":[\"Especiales\"],\"inLanguage\":\"es\",\"potentialAction\":[{\"@type\":\"CommentAction\",\"name\":\"Comment\",\"target\":[\"https:\/\/www.codigovidrio.com\/code\/ecuador-en-el-radar-de-desinformacion-mundial\/#respond\"]}]},{\"@type\":\"WebPage\",\"@id\":\"https:\/\/www.codigovidrio.com\/code\/ecuador-en-el-radar-de-desinformacion-mundial\/\",\"url\":\"https:\/\/www.codigovidrio.com\/code\/ecuador-en-el-radar-de-desinformacion-mundial\/\",\"name\":\"Ecuador, en el radar de desinformaci\u00f3n mundial - C\u00f3digo Vidrio\",\"isPartOf\":{\"@id\":\"https:\/\/www.codigovidrio.com\/code\/#website\"},\"primaryImageOfPage\":{\"@id\":\"https:\/\/www.codigovidrio.com\/code\/ecuador-en-el-radar-de-desinformacion-mundial\/#primaryimage\"},\"image\":{\"@id\":\"https:\/\/www.codigovidrio.com\/code\/ecuador-en-el-radar-de-desinformacion-mundial\/#primaryimage\"},\"thumbnailUrl\":\"https:\/\/www.codigovidrio.com\/code\/wp-content\/uploads\/2020\/04\/fake3-head.jpg\",\"datePublished\":\"2020-04-12T05:32:40+00:00\",\"dateModified\":\"2020-05-07T16:44:06+00:00\",\"breadcrumb\":{\"@id\":\"https:\/\/www.codigovidrio.com\/code\/ecuador-en-el-radar-de-desinformacion-mundial\/#breadcrumb\"},\"inLanguage\":\"es\",\"potentialAction\":[{\"@type\":\"ReadAction\",\"target\":[\"https:\/\/www.codigovidrio.com\/code\/ecuador-en-el-radar-de-desinformacion-mundial\/\"]}]},{\"@type\":\"ImageObject\",\"inLanguage\":\"es\",\"@id\":\"https:\/\/www.codigovidrio.com\/code\/ecuador-en-el-radar-de-desinformacion-mundial\/#primaryimage\",\"url\":\"https:\/\/www.codigovidrio.com\/code\/wp-content\/uploads\/2020\/04\/fake3-head.jpg\",\"contentUrl\":\"https:\/\/www.codigovidrio.com\/code\/wp-content\/uploads\/2020\/04\/fake3-head.jpg\",\"width\":1600,\"height\":650},{\"@type\":\"BreadcrumbList\",\"@id\":\"https:\/\/www.codigovidrio.com\/code\/ecuador-en-el-radar-de-desinformacion-mundial\/#breadcrumb\",\"itemListElement\":[{\"@type\":\"ListItem\",\"position\":1,\"name\":\"Portada\",\"item\":\"https:\/\/www.codigovidrio.com\/code\/\"},{\"@type\":\"ListItem\",\"position\":2,\"name\":\"Ecuador, en el radar de desinformaci\u00f3n mundial\"}]},{\"@type\":\"WebSite\",\"@id\":\"https:\/\/www.codigovidrio.com\/code\/#website\",\"url\":\"https:\/\/www.codigovidrio.com\/code\/\",\"name\":\"C\u00f3digo Vidrio\",\"description\":\"Transparentamos las historias ocultas\",\"publisher\":{\"@id\":\"https:\/\/www.codigovidrio.com\/code\/#organization\"},\"potentialAction\":[{\"@type\":\"SearchAction\",\"target\":{\"@type\":\"EntryPoint\",\"urlTemplate\":\"https:\/\/www.codigovidrio.com\/code\/?s={search_term_string}\"},\"query-input\":{\"@type\":\"PropertyValueSpecification\",\"valueRequired\":true,\"valueName\":\"search_term_string\"}}],\"inLanguage\":\"es\"},{\"@type\":\"Organization\",\"@id\":\"https:\/\/www.codigovidrio.com\/code\/#organization\",\"name\":\"C\u00f3digo Vidrio\",\"url\":\"https:\/\/www.codigovidrio.com\/code\/\",\"logo\":{\"@type\":\"ImageObject\",\"inLanguage\":\"es\",\"@id\":\"https:\/\/www.codigovidrio.com\/code\/#\/schema\/logo\/image\/\",\"url\":\"https:\/\/www.codigovidrio.com\/code\/wp-content\/uploads\/2022\/01\/logo-horiz-08.png\",\"contentUrl\":\"https:\/\/www.codigovidrio.com\/code\/wp-content\/uploads\/2022\/01\/logo-horiz-08.png\",\"width\":817,\"height\":294,\"caption\":\"C\u00f3digo Vidrio\"},\"image\":{\"@id\":\"https:\/\/www.codigovidrio.com\/code\/#\/schema\/logo\/image\/\"}},{\"@type\":\"Person\",\"@id\":\"https:\/\/www.codigovidrio.com\/code\/#\/schema\/person\/974bc7a5b889699d012b2343dc68fc6e\",\"name\":\"Codigo Vidrio Admin\",\"url\":\"https:\/\/www.codigovidrio.com\/code\/author\/vidrio-admin\/\"}]}<\/script>\n<!-- \/ Yoast SEO plugin. -->","yoast_head_json":{"title":"Ecuador, en el radar de desinformaci\u00f3n mundial - C\u00f3digo Vidrio","robots":{"index":"index","follow":"follow","max-snippet":"max-snippet:-1","max-image-preview":"max-image-preview:large","max-video-preview":"max-video-preview:-1"},"canonical":"https:\/\/www.codigovidrio.com\/code\/ecuador-en-el-radar-de-desinformacion-mundial\/","og_locale":"es_ES","og_type":"article","og_title":"Ecuador, en el radar de desinformaci\u00f3n mundial - C\u00f3digo Vidrio","og_description":"Las tropas cibern\u00e9ticas operan en m\u00e1s de 70 pa\u00edses, para diseminar campa\u00f1as de desinformaci\u00f3n en redes sociales. Dos informes de la Universidad de Oxford (2017-2019) confirman que Ecuador es una de las naciones donde se aplican esas operaciones. En el reporte de 2017 se menciona a Somos+, de los Guerreros Digitales, como uno de los ... leer m\u00e1s...","og_url":"https:\/\/www.codigovidrio.com\/code\/ecuador-en-el-radar-de-desinformacion-mundial\/","og_site_name":"C\u00f3digo Vidrio","article_published_time":"2020-04-12T05:32:40+00:00","article_modified_time":"2020-05-07T16:44:06+00:00","og_image":[{"width":1600,"height":650,"url":"https:\/\/www.codigovidrio.com\/code\/wp-content\/uploads\/2020\/04\/fake3-head.jpg","type":"image\/jpeg"}],"author":"Codigo Vidrio Admin","twitter_card":"summary_large_image","twitter_misc":{"Escrito por":"Codigo Vidrio Admin","Tiempo de lectura":"11 minutos"},"schema":{"@context":"https:\/\/schema.org","@graph":[{"@type":"Article","@id":"https:\/\/www.codigovidrio.com\/code\/ecuador-en-el-radar-de-desinformacion-mundial\/#article","isPartOf":{"@id":"https:\/\/www.codigovidrio.com\/code\/ecuador-en-el-radar-de-desinformacion-mundial\/"},"author":{"name":"Codigo Vidrio Admin","@id":"https:\/\/www.codigovidrio.com\/code\/#\/schema\/person\/974bc7a5b889699d012b2343dc68fc6e"},"headline":"Ecuador, en el radar de desinformaci\u00f3n mundial","datePublished":"2020-04-12T05:32:40+00:00","dateModified":"2020-05-07T16:44:06+00:00","mainEntityOfPage":{"@id":"https:\/\/www.codigovidrio.com\/code\/ecuador-en-el-radar-de-desinformacion-mundial\/"},"wordCount":2272,"commentCount":14,"publisher":{"@id":"https:\/\/www.codigovidrio.com\/code\/#organization"},"image":{"@id":"https:\/\/www.codigovidrio.com\/code\/ecuador-en-el-radar-de-desinformacion-mundial\/#primaryimage"},"thumbnailUrl":"https:\/\/www.codigovidrio.com\/code\/wp-content\/uploads\/2020\/04\/fake3-head.jpg","articleSection":["Especiales"],"inLanguage":"es","potentialAction":[{"@type":"CommentAction","name":"Comment","target":["https:\/\/www.codigovidrio.com\/code\/ecuador-en-el-radar-de-desinformacion-mundial\/#respond"]}]},{"@type":"WebPage","@id":"https:\/\/www.codigovidrio.com\/code\/ecuador-en-el-radar-de-desinformacion-mundial\/","url":"https:\/\/www.codigovidrio.com\/code\/ecuador-en-el-radar-de-desinformacion-mundial\/","name":"Ecuador, en el radar de desinformaci\u00f3n mundial - C\u00f3digo Vidrio","isPartOf":{"@id":"https:\/\/www.codigovidrio.com\/code\/#website"},"primaryImageOfPage":{"@id":"https:\/\/www.codigovidrio.com\/code\/ecuador-en-el-radar-de-desinformacion-mundial\/#primaryimage"},"image":{"@id":"https:\/\/www.codigovidrio.com\/code\/ecuador-en-el-radar-de-desinformacion-mundial\/#primaryimage"},"thumbnailUrl":"https:\/\/www.codigovidrio.com\/code\/wp-content\/uploads\/2020\/04\/fake3-head.jpg","datePublished":"2020-04-12T05:32:40+00:00","dateModified":"2020-05-07T16:44:06+00:00","breadcrumb":{"@id":"https:\/\/www.codigovidrio.com\/code\/ecuador-en-el-radar-de-desinformacion-mundial\/#breadcrumb"},"inLanguage":"es","potentialAction":[{"@type":"ReadAction","target":["https:\/\/www.codigovidrio.com\/code\/ecuador-en-el-radar-de-desinformacion-mundial\/"]}]},{"@type":"ImageObject","inLanguage":"es","@id":"https:\/\/www.codigovidrio.com\/code\/ecuador-en-el-radar-de-desinformacion-mundial\/#primaryimage","url":"https:\/\/www.codigovidrio.com\/code\/wp-content\/uploads\/2020\/04\/fake3-head.jpg","contentUrl":"https:\/\/www.codigovidrio.com\/code\/wp-content\/uploads\/2020\/04\/fake3-head.jpg","width":1600,"height":650},{"@type":"BreadcrumbList","@id":"https:\/\/www.codigovidrio.com\/code\/ecuador-en-el-radar-de-desinformacion-mundial\/#breadcrumb","itemListElement":[{"@type":"ListItem","position":1,"name":"Portada","item":"https:\/\/www.codigovidrio.com\/code\/"},{"@type":"ListItem","position":2,"name":"Ecuador, en el radar de desinformaci\u00f3n mundial"}]},{"@type":"WebSite","@id":"https:\/\/www.codigovidrio.com\/code\/#website","url":"https:\/\/www.codigovidrio.com\/code\/","name":"C\u00f3digo Vidrio","description":"Transparentamos las historias ocultas","publisher":{"@id":"https:\/\/www.codigovidrio.com\/code\/#organization"},"potentialAction":[{"@type":"SearchAction","target":{"@type":"EntryPoint","urlTemplate":"https:\/\/www.codigovidrio.com\/code\/?s={search_term_string}"},"query-input":{"@type":"PropertyValueSpecification","valueRequired":true,"valueName":"search_term_string"}}],"inLanguage":"es"},{"@type":"Organization","@id":"https:\/\/www.codigovidrio.com\/code\/#organization","name":"C\u00f3digo Vidrio","url":"https:\/\/www.codigovidrio.com\/code\/","logo":{"@type":"ImageObject","inLanguage":"es","@id":"https:\/\/www.codigovidrio.com\/code\/#\/schema\/logo\/image\/","url":"https:\/\/www.codigovidrio.com\/code\/wp-content\/uploads\/2022\/01\/logo-horiz-08.png","contentUrl":"https:\/\/www.codigovidrio.com\/code\/wp-content\/uploads\/2022\/01\/logo-horiz-08.png","width":817,"height":294,"caption":"C\u00f3digo Vidrio"},"image":{"@id":"https:\/\/www.codigovidrio.com\/code\/#\/schema\/logo\/image\/"}},{"@type":"Person","@id":"https:\/\/www.codigovidrio.com\/code\/#\/schema\/person\/974bc7a5b889699d012b2343dc68fc6e","name":"Codigo Vidrio Admin","url":"https:\/\/www.codigovidrio.com\/code\/author\/vidrio-admin\/"}]}},"_links":{"self":[{"href":"https:\/\/www.codigovidrio.com\/code\/wp-json\/wp\/v2\/posts\/3049"}],"collection":[{"href":"https:\/\/www.codigovidrio.com\/code\/wp-json\/wp\/v2\/posts"}],"about":[{"href":"https:\/\/www.codigovidrio.com\/code\/wp-json\/wp\/v2\/types\/post"}],"author":[{"embeddable":true,"href":"https:\/\/www.codigovidrio.com\/code\/wp-json\/wp\/v2\/users\/2"}],"replies":[{"embeddable":true,"href":"https:\/\/www.codigovidrio.com\/code\/wp-json\/wp\/v2\/comments?post=3049"}],"version-history":[{"count":35,"href":"https:\/\/www.codigovidrio.com\/code\/wp-json\/wp\/v2\/posts\/3049\/revisions"}],"predecessor-version":[{"id":3395,"href":"https:\/\/www.codigovidrio.com\/code\/wp-json\/wp\/v2\/posts\/3049\/revisions\/3395"}],"wp:featuredmedia":[{"embeddable":true,"href":"https:\/\/www.codigovidrio.com\/code\/wp-json\/wp\/v2\/media\/3035"}],"wp:attachment":[{"href":"https:\/\/www.codigovidrio.com\/code\/wp-json\/wp\/v2\/media?parent=3049"}],"wp:term":[{"taxonomy":"category","embeddable":true,"href":"https:\/\/www.codigovidrio.com\/code\/wp-json\/wp\/v2\/categories?post=3049"},{"taxonomy":"post_tag","embeddable":true,"href":"https:\/\/www.codigovidrio.com\/code\/wp-json\/wp\/v2\/tags?post=3049"}],"curies":[{"name":"wp","href":"https:\/\/api.w.org\/{rel}","templated":true}]}}