{"id":2823,"date":"2020-03-29T12:25:35","date_gmt":"2020-03-29T17:25:35","guid":{"rendered":"http:\/\/www.codigovidrio.com\/code\/?p=2823"},"modified":"2020-04-01T16:03:26","modified_gmt":"2020-04-01T21:03:26","slug":"ecuatorianos-varados-en-argentina-claman-por-ayuda-para-volver","status":"publish","type":"post","link":"https:\/\/www.codigovidrio.com\/code\/ecuatorianos-varados-en-argentina-claman-por-ayuda-para-volver\/","title":{"rendered":"Ecuatorianos varados en Argentina claman por ayuda"},"content":{"rendered":"<blockquote><p>Con el paso de las horas, la situaci\u00f3n de m\u00e1s de 7.000 compatriotas en el exterior se agrava. En Argentina, hay m\u00e1s de 120 connacionales que est\u00e1n desesperados y denuncian no tener ninguna respuesta de las autoridades de la embajada en Buenos Aires. Una de ellas es \u00c1ngela Valle (foto principal), quien hoy est\u00e1 con algunos de sus amigos en cuarentena. Pese a que la Corte Constitucional declar\u00f3 que todos los ecuatorianos en el extranjero son vulnerables, el Gobierno mantiene restricciones: solo permite el ingreso de menores de edad, embarazadas y adultos mayores.<\/p><\/blockquote>\n<p><strong><em>Producci\u00f3n de video y textos C\u00f3digo Vidrio<\/em><\/strong><\/p>\n<p>La situaci\u00f3n de m\u00e1s de 100 ecuatorianos que est\u00e1n atrapados por la pandemia del coronavirus en Argentina se agrava con las horas.<\/p>\n<p>Desde cuando el gobierno prohibi\u00f3 la llegada de vuelos desde el exterior, hace dos semanas, no han recibido respuesta alguna de la embajada de Ecuador en Buenos Aires, ni de otra autoridad.<\/p>\n<p>La mayor\u00eda de los ecuatorianos que no ha podido volver por la crisis mundial desatada por el coronavirus est\u00e1 en pa\u00edses de este continente, especialmente en Estados Unidos, M\u00e9xico y Argentina. El resto en Europa, Asia, Ocean\u00eda y \u00c1frica.<\/p>\n<p><strong>TESTIMONIOS DE LOS ECUATORIANOS ATRAPADOS EN ARGENTINA<\/strong><\/p>\n<p><iframe src=\"https:\/\/www.youtube.com\/embed\/lk6qtfAXbak\" width=\"560\" height=\"315\" frameborder=\"0\" allowfullscreen=\"allowfullscreen\"><\/iframe><\/p>\n<hr \/>\n<p style=\"text-align: center;\"><strong>Para acceder a los vuelos humanitarios los ecuatorianos en el exterior deben ponerse en contacto con los respectivos consulados de Ecuador en el mundo en este enlace: <a href=\"https:\/\/www.cancilleria.gob.ec\/numeros-emergencia-exterior\/\">https:\/\/www.cancilleria.gob.ec\/numeros-emergencia-exterior\/<\/a><\/strong><\/p>\n<hr \/>\n<p>La semana anterior el gobierno emiti\u00f3 un protocolo que prioriza el regreso de ecuatorianos en condici\u00f3n vulnerable, es decir menores de edad, embarazadas y personas de tercera edad. Los primeros 100 repatriados llegaron desde M\u00e9xico en dos vuelos, desde el mi\u00e9rcoles.<\/p>\n<p>Sin embargo, a medida que pasan los d\u00edas todos los compatriotas que estaban temporalmente en el extranjero, por turismo, trabajo o estudios, ya se encuentran en condiciones de vulnerabilidad, porque no tienen recursos para cubrir su alimentaci\u00f3n ni su alojamiento. Necesitan medicinas.<\/p>\n<figure id=\"attachment_2831\" aria-describedby=\"caption-attachment-2831\" style=\"width: 440px\" class=\"wp-caption alignright\"><img fetchpriority=\"high\" decoding=\"async\" class=\"wp-image-2831\" src=\"https:\/\/www.codigovidrio.com\/code\/wp-content\/uploads\/2020\/03\/Embajador-en-Argentina-300x218.jpg\" alt=\"\" width=\"450\" height=\"327\" srcset=\"https:\/\/www.codigovidrio.com\/code\/wp-content\/uploads\/2020\/03\/Embajador-en-Argentina-300x218.jpg 300w, https:\/\/www.codigovidrio.com\/code\/wp-content\/uploads\/2020\/03\/Embajador-en-Argentina.jpg 584w\" sizes=\"(max-width: 450px) 100vw, 450px\" \/><figcaption id=\"caption-attachment-2831\" class=\"wp-caption-text\"><strong>El embajador Juan Jos\u00e9 V\u00e1sconez (centro) no ha respondido los pedidos de ayuda de los ecuatorianos varados en Argentina. Foto embajada de Ecuador en Buenos Aires <\/strong><\/figcaption><\/figure>\n<p>As\u00ed lo denuncian Jes\u00fas Enr\u00edquez, Aracely Cevallos, Marcelo de la Cueva, Sophia Padilla, a quienes C\u00f3digo Vidrio contact\u00f3. Denuncian que est\u00e1n abandonados a su suerte, sin ninguna contestaci\u00f3n de funcionarios de la embajada de Ecuador en Buenos Aires.<\/p>\n<p>\u201cMe qued\u00e9 sin recursos, como un snack diario\u201d, relata angustiado De la Cueva, y exige que el gobierno declare que todos los ecuatorianos en el exterior son vulnerables.<\/p>\n<p>Enr\u00edquez, Cevallos y Padilla tambi\u00e9n claman que el gobierno asuma su responsabilidad y los declare a todos en vulnerabilidad, los ayude a regresar al Ecuador para estar junto a su familia. En el exterior hay m\u00e1s de 7.000 ecuatorianos en esta misma condici\u00f3n.<\/p>\n<p>Otra compatriota que est\u00e1 en ese pa\u00eds es \u00c1ngela Valle, quien tampoco ha recibido repuestas de los funcionarios diplom\u00e1ticos. Su denuncia fue recogida por el diario Clar\u00edn: \u201cLa respuesta oficial siempre es la misma: Deben tener paciencia\u00bb.<\/p>\n<p>\u00c1ngela lleg\u00f3 a la capital argentina el 11 de marzo, para averiguar posgrados en medicina porque le queda un a\u00f1o para graduarse de doctora. Pensaba volver el 19 a Ambato, su ciudad natal. Pero sigue varada en Argentina.<\/p>\n<p>Pedimos una pronunciamiento del embajador en Argentina, Juan Jos\u00e9 V\u00e1sconez, mediante correo electr\u00f3nico, pero no tuvimos respuesta.<\/p>\n<p>El legislador Fabricio Villamar impulsa una campa\u00f1a para la repatriaci\u00f3n de todos los compariotras desde el exterior. Se\u00f1ala que la Corte Constitucional declar\u00f3 poblaci\u00f3n vulnerable a todos los ecuatorianos que est\u00e1n en el exterior.<\/p>\n","protected":false},"excerpt":{"rendered":"<p>Con el paso de las horas, la situaci\u00f3n de m\u00e1s de 7.000 compatriotas en el exterior se agrava. En Argentina, hay m\u00e1s de 120 connacionales que est\u00e1n desesperados y denuncian no tener ninguna respuesta de las autoridades de la embajada en Buenos Aires. Una de ellas es \u00c1ngela Valle (foto principal), quien hoy est\u00e1 con &#8230; <a title=\"Ecuatorianos varados en Argentina claman por ayuda\" class=\"read-more\" href=\"https:\/\/www.codigovidrio.com\/code\/ecuatorianos-varados-en-argentina-claman-por-ayuda-para-volver\/\">leer m\u00e1s&#8230;<\/a><\/p>\n","protected":false},"author":2,"featured_media":2824,"comment_status":"open","ping_status":"closed","sticky":false,"template":"","format":"standard","meta":{"generate_page_header":"","footnotes":""},"categories":[211],"tags":[],"yoast_head":"<!-- This site is optimized with the Yoast SEO plugin v23.5 - https:\/\/yoast.com\/wordpress\/plugins\/seo\/ -->\n<title>Ecuatorianos varados en Argentina claman por ayuda - C\u00f3digo Vidrio<\/title>\n<meta name=\"robots\" content=\"index, follow, max-snippet:-1, max-image-preview:large, max-video-preview:-1\" \/>\n<link rel=\"canonical\" href=\"https:\/\/www.codigovidrio.com\/code\/ecuatorianos-varados-en-argentina-claman-por-ayuda-para-volver\/\" \/>\n<meta property=\"og:locale\" content=\"es_ES\" \/>\n<meta property=\"og:type\" content=\"article\" \/>\n<meta property=\"og:title\" content=\"Ecuatorianos varados en Argentina claman por ayuda - C\u00f3digo Vidrio\" \/>\n<meta property=\"og:description\" content=\"Con el paso de las horas, la situaci\u00f3n de m\u00e1s de 7.000 compatriotas en el exterior se agrava. En Argentina, hay m\u00e1s de 120 connacionales que est\u00e1n desesperados y denuncian no tener ninguna respuesta de las autoridades de la embajada en Buenos Aires. Una de ellas es \u00c1ngela Valle (foto principal), quien hoy est\u00e1 con ... leer m\u00e1s...\" \/>\n<meta property=\"og:url\" content=\"https:\/\/www.codigovidrio.com\/code\/ecuatorianos-varados-en-argentina-claman-por-ayuda-para-volver\/\" \/>\n<meta property=\"og:site_name\" content=\"C\u00f3digo Vidrio\" \/>\n<meta property=\"article:published_time\" content=\"2020-03-29T17:25:35+00:00\" \/>\n<meta property=\"article:modified_time\" content=\"2020-04-01T21:03:26+00:00\" \/>\n<meta property=\"og:image\" content=\"https:\/\/www.codigovidrio.com\/code\/wp-content\/uploads\/2020\/03\/argentina-head.jpg\" \/>\n\t<meta property=\"og:image:width\" content=\"1600\" \/>\n\t<meta property=\"og:image:height\" content=\"650\" \/>\n\t<meta property=\"og:image:type\" content=\"image\/jpeg\" \/>\n<meta name=\"author\" content=\"Codigo Vidrio Admin\" \/>\n<meta name=\"twitter:card\" content=\"summary_large_image\" \/>\n<meta name=\"twitter:label1\" content=\"Escrito por\" \/>\n\t<meta name=\"twitter:data1\" content=\"Codigo Vidrio Admin\" \/>\n\t<meta name=\"twitter:label2\" content=\"Tiempo de lectura\" \/>\n\t<meta name=\"twitter:data2\" content=\"3 minutos\" \/>\n<script type=\"application\/ld+json\" class=\"yoast-schema-graph\">{\"@context\":\"https:\/\/schema.org\",\"@graph\":[{\"@type\":\"Article\",\"@id\":\"https:\/\/www.codigovidrio.com\/code\/ecuatorianos-varados-en-argentina-claman-por-ayuda-para-volver\/#article\",\"isPartOf\":{\"@id\":\"https:\/\/www.codigovidrio.com\/code\/ecuatorianos-varados-en-argentina-claman-por-ayuda-para-volver\/\"},\"author\":{\"name\":\"Codigo Vidrio Admin\",\"@id\":\"https:\/\/www.codigovidrio.com\/code\/#\/schema\/person\/974bc7a5b889699d012b2343dc68fc6e\"},\"headline\":\"Ecuatorianos varados en Argentina claman por ayuda\",\"datePublished\":\"2020-03-29T17:25:35+00:00\",\"dateModified\":\"2020-04-01T21:03:26+00:00\",\"mainEntityOfPage\":{\"@id\":\"https:\/\/www.codigovidrio.com\/code\/ecuatorianos-varados-en-argentina-claman-por-ayuda-para-volver\/\"},\"wordCount\":623,\"commentCount\":2,\"publisher\":{\"@id\":\"https:\/\/www.codigovidrio.com\/code\/#organization\"},\"image\":{\"@id\":\"https:\/\/www.codigovidrio.com\/code\/ecuatorianos-varados-en-argentina-claman-por-ayuda-para-volver\/#primaryimage\"},\"thumbnailUrl\":\"https:\/\/www.codigovidrio.com\/code\/wp-content\/uploads\/2020\/03\/argentina-head.jpg\",\"articleSection\":[\"Especiales\"],\"inLanguage\":\"es\",\"potentialAction\":[{\"@type\":\"CommentAction\",\"name\":\"Comment\",\"target\":[\"https:\/\/www.codigovidrio.com\/code\/ecuatorianos-varados-en-argentina-claman-por-ayuda-para-volver\/#respond\"]}]},{\"@type\":\"WebPage\",\"@id\":\"https:\/\/www.codigovidrio.com\/code\/ecuatorianos-varados-en-argentina-claman-por-ayuda-para-volver\/\",\"url\":\"https:\/\/www.codigovidrio.com\/code\/ecuatorianos-varados-en-argentina-claman-por-ayuda-para-volver\/\",\"name\":\"Ecuatorianos varados en Argentina claman por ayuda - C\u00f3digo Vidrio\",\"isPartOf\":{\"@id\":\"https:\/\/www.codigovidrio.com\/code\/#website\"},\"primaryImageOfPage\":{\"@id\":\"https:\/\/www.codigovidrio.com\/code\/ecuatorianos-varados-en-argentina-claman-por-ayuda-para-volver\/#primaryimage\"},\"image\":{\"@id\":\"https:\/\/www.codigovidrio.com\/code\/ecuatorianos-varados-en-argentina-claman-por-ayuda-para-volver\/#primaryimage\"},\"thumbnailUrl\":\"https:\/\/www.codigovidrio.com\/code\/wp-content\/uploads\/2020\/03\/argentina-head.jpg\",\"datePublished\":\"2020-03-29T17:25:35+00:00\",\"dateModified\":\"2020-04-01T21:03:26+00:00\",\"breadcrumb\":{\"@id\":\"https:\/\/www.codigovidrio.com\/code\/ecuatorianos-varados-en-argentina-claman-por-ayuda-para-volver\/#breadcrumb\"},\"inLanguage\":\"es\",\"potentialAction\":[{\"@type\":\"ReadAction\",\"target\":[\"https:\/\/www.codigovidrio.com\/code\/ecuatorianos-varados-en-argentina-claman-por-ayuda-para-volver\/\"]}]},{\"@type\":\"ImageObject\",\"inLanguage\":\"es\",\"@id\":\"https:\/\/www.codigovidrio.com\/code\/ecuatorianos-varados-en-argentina-claman-por-ayuda-para-volver\/#primaryimage\",\"url\":\"https:\/\/www.codigovidrio.com\/code\/wp-content\/uploads\/2020\/03\/argentina-head.jpg\",\"contentUrl\":\"https:\/\/www.codigovidrio.com\/code\/wp-content\/uploads\/2020\/03\/argentina-head.jpg\",\"width\":1600,\"height\":650},{\"@type\":\"BreadcrumbList\",\"@id\":\"https:\/\/www.codigovidrio.com\/code\/ecuatorianos-varados-en-argentina-claman-por-ayuda-para-volver\/#breadcrumb\",\"itemListElement\":[{\"@type\":\"ListItem\",\"position\":1,\"name\":\"Portada\",\"item\":\"https:\/\/www.codigovidrio.com\/code\/\"},{\"@type\":\"ListItem\",\"position\":2,\"name\":\"Ecuatorianos varados en Argentina claman por ayuda\"}]},{\"@type\":\"WebSite\",\"@id\":\"https:\/\/www.codigovidrio.com\/code\/#website\",\"url\":\"https:\/\/www.codigovidrio.com\/code\/\",\"name\":\"C\u00f3digo Vidrio\",\"description\":\"Transparentamos las historias ocultas\",\"publisher\":{\"@id\":\"https:\/\/www.codigovidrio.com\/code\/#organization\"},\"potentialAction\":[{\"@type\":\"SearchAction\",\"target\":{\"@type\":\"EntryPoint\",\"urlTemplate\":\"https:\/\/www.codigovidrio.com\/code\/?s={search_term_string}\"},\"query-input\":{\"@type\":\"PropertyValueSpecification\",\"valueRequired\":true,\"valueName\":\"search_term_string\"}}],\"inLanguage\":\"es\"},{\"@type\":\"Organization\",\"@id\":\"https:\/\/www.codigovidrio.com\/code\/#organization\",\"name\":\"C\u00f3digo Vidrio\",\"url\":\"https:\/\/www.codigovidrio.com\/code\/\",\"logo\":{\"@type\":\"ImageObject\",\"inLanguage\":\"es\",\"@id\":\"https:\/\/www.codigovidrio.com\/code\/#\/schema\/logo\/image\/\",\"url\":\"https:\/\/www.codigovidrio.com\/code\/wp-content\/uploads\/2022\/01\/logo-horiz-08.png\",\"contentUrl\":\"https:\/\/www.codigovidrio.com\/code\/wp-content\/uploads\/2022\/01\/logo-horiz-08.png\",\"width\":817,\"height\":294,\"caption\":\"C\u00f3digo Vidrio\"},\"image\":{\"@id\":\"https:\/\/www.codigovidrio.com\/code\/#\/schema\/logo\/image\/\"}},{\"@type\":\"Person\",\"@id\":\"https:\/\/www.codigovidrio.com\/code\/#\/schema\/person\/974bc7a5b889699d012b2343dc68fc6e\",\"name\":\"Codigo Vidrio Admin\",\"url\":\"https:\/\/www.codigovidrio.com\/code\/author\/vidrio-admin\/\"}]}<\/script>\n<!-- \/ Yoast SEO plugin. -->","yoast_head_json":{"title":"Ecuatorianos varados en Argentina claman por ayuda - C\u00f3digo Vidrio","robots":{"index":"index","follow":"follow","max-snippet":"max-snippet:-1","max-image-preview":"max-image-preview:large","max-video-preview":"max-video-preview:-1"},"canonical":"https:\/\/www.codigovidrio.com\/code\/ecuatorianos-varados-en-argentina-claman-por-ayuda-para-volver\/","og_locale":"es_ES","og_type":"article","og_title":"Ecuatorianos varados en Argentina claman por ayuda - C\u00f3digo Vidrio","og_description":"Con el paso de las horas, la situaci\u00f3n de m\u00e1s de 7.000 compatriotas en el exterior se agrava. En Argentina, hay m\u00e1s de 120 connacionales que est\u00e1n desesperados y denuncian no tener ninguna respuesta de las autoridades de la embajada en Buenos Aires. Una de ellas es \u00c1ngela Valle (foto principal), quien hoy est\u00e1 con ... leer m\u00e1s...","og_url":"https:\/\/www.codigovidrio.com\/code\/ecuatorianos-varados-en-argentina-claman-por-ayuda-para-volver\/","og_site_name":"C\u00f3digo Vidrio","article_published_time":"2020-03-29T17:25:35+00:00","article_modified_time":"2020-04-01T21:03:26+00:00","og_image":[{"width":1600,"height":650,"url":"https:\/\/www.codigovidrio.com\/code\/wp-content\/uploads\/2020\/03\/argentina-head.jpg","type":"image\/jpeg"}],"author":"Codigo Vidrio Admin","twitter_card":"summary_large_image","twitter_misc":{"Escrito por":"Codigo Vidrio Admin","Tiempo de lectura":"3 minutos"},"schema":{"@context":"https:\/\/schema.org","@graph":[{"@type":"Article","@id":"https:\/\/www.codigovidrio.com\/code\/ecuatorianos-varados-en-argentina-claman-por-ayuda-para-volver\/#article","isPartOf":{"@id":"https:\/\/www.codigovidrio.com\/code\/ecuatorianos-varados-en-argentina-claman-por-ayuda-para-volver\/"},"author":{"name":"Codigo Vidrio Admin","@id":"https:\/\/www.codigovidrio.com\/code\/#\/schema\/person\/974bc7a5b889699d012b2343dc68fc6e"},"headline":"Ecuatorianos varados en Argentina claman por ayuda","datePublished":"2020-03-29T17:25:35+00:00","dateModified":"2020-04-01T21:03:26+00:00","mainEntityOfPage":{"@id":"https:\/\/www.codigovidrio.com\/code\/ecuatorianos-varados-en-argentina-claman-por-ayuda-para-volver\/"},"wordCount":623,"commentCount":2,"publisher":{"@id":"https:\/\/www.codigovidrio.com\/code\/#organization"},"image":{"@id":"https:\/\/www.codigovidrio.com\/code\/ecuatorianos-varados-en-argentina-claman-por-ayuda-para-volver\/#primaryimage"},"thumbnailUrl":"https:\/\/www.codigovidrio.com\/code\/wp-content\/uploads\/2020\/03\/argentina-head.jpg","articleSection":["Especiales"],"inLanguage":"es","potentialAction":[{"@type":"CommentAction","name":"Comment","target":["https:\/\/www.codigovidrio.com\/code\/ecuatorianos-varados-en-argentina-claman-por-ayuda-para-volver\/#respond"]}]},{"@type":"WebPage","@id":"https:\/\/www.codigovidrio.com\/code\/ecuatorianos-varados-en-argentina-claman-por-ayuda-para-volver\/","url":"https:\/\/www.codigovidrio.com\/code\/ecuatorianos-varados-en-argentina-claman-por-ayuda-para-volver\/","name":"Ecuatorianos varados en Argentina claman por ayuda - C\u00f3digo Vidrio","isPartOf":{"@id":"https:\/\/www.codigovidrio.com\/code\/#website"},"primaryImageOfPage":{"@id":"https:\/\/www.codigovidrio.com\/code\/ecuatorianos-varados-en-argentina-claman-por-ayuda-para-volver\/#primaryimage"},"image":{"@id":"https:\/\/www.codigovidrio.com\/code\/ecuatorianos-varados-en-argentina-claman-por-ayuda-para-volver\/#primaryimage"},"thumbnailUrl":"https:\/\/www.codigovidrio.com\/code\/wp-content\/uploads\/2020\/03\/argentina-head.jpg","datePublished":"2020-03-29T17:25:35+00:00","dateModified":"2020-04-01T21:03:26+00:00","breadcrumb":{"@id":"https:\/\/www.codigovidrio.com\/code\/ecuatorianos-varados-en-argentina-claman-por-ayuda-para-volver\/#breadcrumb"},"inLanguage":"es","potentialAction":[{"@type":"ReadAction","target":["https:\/\/www.codigovidrio.com\/code\/ecuatorianos-varados-en-argentina-claman-por-ayuda-para-volver\/"]}]},{"@type":"ImageObject","inLanguage":"es","@id":"https:\/\/www.codigovidrio.com\/code\/ecuatorianos-varados-en-argentina-claman-por-ayuda-para-volver\/#primaryimage","url":"https:\/\/www.codigovidrio.com\/code\/wp-content\/uploads\/2020\/03\/argentina-head.jpg","contentUrl":"https:\/\/www.codigovidrio.com\/code\/wp-content\/uploads\/2020\/03\/argentina-head.jpg","width":1600,"height":650},{"@type":"BreadcrumbList","@id":"https:\/\/www.codigovidrio.com\/code\/ecuatorianos-varados-en-argentina-claman-por-ayuda-para-volver\/#breadcrumb","itemListElement":[{"@type":"ListItem","position":1,"name":"Portada","item":"https:\/\/www.codigovidrio.com\/code\/"},{"@type":"ListItem","position":2,"name":"Ecuatorianos varados en Argentina claman por ayuda"}]},{"@type":"WebSite","@id":"https:\/\/www.codigovidrio.com\/code\/#website","url":"https:\/\/www.codigovidrio.com\/code\/","name":"C\u00f3digo Vidrio","description":"Transparentamos las historias ocultas","publisher":{"@id":"https:\/\/www.codigovidrio.com\/code\/#organization"},"potentialAction":[{"@type":"SearchAction","target":{"@type":"EntryPoint","urlTemplate":"https:\/\/www.codigovidrio.com\/code\/?s={search_term_string}"},"query-input":{"@type":"PropertyValueSpecification","valueRequired":true,"valueName":"search_term_string"}}],"inLanguage":"es"},{"@type":"Organization","@id":"https:\/\/www.codigovidrio.com\/code\/#organization","name":"C\u00f3digo Vidrio","url":"https:\/\/www.codigovidrio.com\/code\/","logo":{"@type":"ImageObject","inLanguage":"es","@id":"https:\/\/www.codigovidrio.com\/code\/#\/schema\/logo\/image\/","url":"https:\/\/www.codigovidrio.com\/code\/wp-content\/uploads\/2022\/01\/logo-horiz-08.png","contentUrl":"https:\/\/www.codigovidrio.com\/code\/wp-content\/uploads\/2022\/01\/logo-horiz-08.png","width":817,"height":294,"caption":"C\u00f3digo Vidrio"},"image":{"@id":"https:\/\/www.codigovidrio.com\/code\/#\/schema\/logo\/image\/"}},{"@type":"Person","@id":"https:\/\/www.codigovidrio.com\/code\/#\/schema\/person\/974bc7a5b889699d012b2343dc68fc6e","name":"Codigo Vidrio Admin","url":"https:\/\/www.codigovidrio.com\/code\/author\/vidrio-admin\/"}]}},"_links":{"self":[{"href":"https:\/\/www.codigovidrio.com\/code\/wp-json\/wp\/v2\/posts\/2823"}],"collection":[{"href":"https:\/\/www.codigovidrio.com\/code\/wp-json\/wp\/v2\/posts"}],"about":[{"href":"https:\/\/www.codigovidrio.com\/code\/wp-json\/wp\/v2\/types\/post"}],"author":[{"embeddable":true,"href":"https:\/\/www.codigovidrio.com\/code\/wp-json\/wp\/v2\/users\/2"}],"replies":[{"embeddable":true,"href":"https:\/\/www.codigovidrio.com\/code\/wp-json\/wp\/v2\/comments?post=2823"}],"version-history":[{"count":9,"href":"https:\/\/www.codigovidrio.com\/code\/wp-json\/wp\/v2\/posts\/2823\/revisions"}],"predecessor-version":[{"id":2837,"href":"https:\/\/www.codigovidrio.com\/code\/wp-json\/wp\/v2\/posts\/2823\/revisions\/2837"}],"wp:featuredmedia":[{"embeddable":true,"href":"https:\/\/www.codigovidrio.com\/code\/wp-json\/wp\/v2\/media\/2824"}],"wp:attachment":[{"href":"https:\/\/www.codigovidrio.com\/code\/wp-json\/wp\/v2\/media?parent=2823"}],"wp:term":[{"taxonomy":"category","embeddable":true,"href":"https:\/\/www.codigovidrio.com\/code\/wp-json\/wp\/v2\/categories?post=2823"},{"taxonomy":"post_tag","embeddable":true,"href":"https:\/\/www.codigovidrio.com\/code\/wp-json\/wp\/v2\/tags?post=2823"}],"curies":[{"name":"wp","href":"https:\/\/api.w.org\/{rel}","templated":true}]}}