{"id":2427,"date":"2020-03-04T13:00:42","date_gmt":"2020-03-04T18:00:42","guid":{"rendered":"http:\/\/www.codigovidrio.com\/code\/?p=2427"},"modified":"2021-01-03T09:19:33","modified_gmt":"2021-01-03T14:19:33","slug":"el-hacker-muller-cercano-a-assange-se-reunio-en-quito-con-ola-bini-y-otros-informaticos","status":"publish","type":"post","link":"https:\/\/www.codigovidrio.com\/code\/el-hacker-muller-cercano-a-assange-se-reunio-en-quito-con-ola-bini-y-otros-informaticos\/","title":{"rendered":"El hacker M\u00fcller, cercano a Assange, se reuni\u00f3 en Quito con Ola Bini y capacit\u00f3 a inform\u00e1ticos ecuatorianos"},"content":{"rendered":"<p><strong><em>Andy M\u00fcller, considerado el brazo derecho de Julian Assange en WikiLeaks, estuvo en Quito en abril pasado. Mantuvo reuniones con el sueco Ola Bini, procesado por un supuesto acceso no consentido a sistemas inform\u00e1ticos del gobierno. Tambi\u00e9n imparti\u00f3 capacitaci\u00f3n a inform\u00e1ticos ecuatorianos. La visita del alem\u00e1n ocurri\u00f3 dos semanas antes de que Assange fuera expulsado de la embajada en Londres y de que Bini fuera detenido, con pocas horas de diferencia, en la capital ecuatoriana. \u00a0<\/em><\/strong><\/p>\n<p><em>Por Arturo Torres<\/em><\/p>\n<p>Los servicios de inteligencia de Ecuador y Estados Unidos siguen la pista de las posibles conexiones entre el alem\u00e1n Andrew M\u00fcller-Maguhn, Julian Assange y\u00a0el sueco Ola Bini. Assange est\u00e1 acusado de hackear y divulgar informaci\u00f3n sensible y clasificada de Estados Unidos, con la colaboraci\u00f3n de M\u00fcller.<\/p>\n<p>Un indicio de esa relaci\u00f3n fueron las reuniones que Bini mantuvo en Quito con M\u00fcller, a inicios de abril de 2019, una semana antes de que el gobierno ecuatoriano le retirara el asilo a Julian Assange, y de que capturara al sueco en Quito.<\/p>\n<p>Dos altas autoridades del Gobierno y la Justicia ecuatoriana consultadas creen que los encuentros no fueron casuales, sino parte de una estrategia que se ha ido develando sobre el posible ataque a sistemas inform\u00e1ticos de Ecuador y otros pa\u00edses, que se afianz\u00f3 en el r\u00e9gimen anterior de Rafael Correa.<\/p>\n<p>La defensa de Bini dijo que las reuniones fueron parte de una capacitaci\u00f3n que imparti\u00f3 M\u00fcller a integrantes del Centro de Autonom\u00eda Digital (CAD); uno de sus integrantes tambi\u00e9n corrobor\u00f3 que dict\u00f3 un taller de programaci\u00f3n.<\/p>\n<p>Desde fines de diciembre del 2017, el personal de seguridad de la embajada de Ecuador en Londres puso \u00e9nfasis en documentar las reuniones de Assange con Bini y M\u00fcller por pedido del gobierno, seg\u00fan consta en un correo al que tuvimos acceso.<\/p>\n<p>Una fuente del gobierno de EE.UU., cercana a la investigaci\u00f3n, dijo que hay indicios de que Bini habr\u00eda colaborado con WikiLeaks, al igual que el alem\u00e1n M\u00fcller.<\/p>\n<p><strong>MIENTRAS ESTUVO EN LA EMBAJADA, ASSANGE FUE VISITADO POR MULLER Y BINI, POR SEPARADO, DESDE 2013 \u00a0<\/strong><\/p>\n<p><img fetchpriority=\"high\" decoding=\"async\" class=\"wp-image-2432 size-full\" src=\"https:\/\/www.codigovidrio.com\/code\/wp-content\/uploads\/2020\/03\/Assange-Muller-Bini.jpg\" alt=\"\" width=\"1200\" height=\"430\" srcset=\"https:\/\/www.codigovidrio.com\/code\/wp-content\/uploads\/2020\/03\/Assange-Muller-Bini.jpg 1200w, https:\/\/www.codigovidrio.com\/code\/wp-content\/uploads\/2020\/03\/Assange-Muller-Bini-300x108.jpg 300w, https:\/\/www.codigovidrio.com\/code\/wp-content\/uploads\/2020\/03\/Assange-Muller-Bini-1024x367.jpg 1024w, https:\/\/www.codigovidrio.com\/code\/wp-content\/uploads\/2020\/03\/Assange-Muller-Bini-768x275.jpg 768w\" sizes=\"(max-width: 1200px) 100vw, 1200px\" \/><\/p>\n<p>Bini ha negado ser hacker, asegurando que es un inform\u00e1tico defensor de derechos digitales, especializado en desarrollar software libre para la protecci\u00f3n de informaci\u00f3n privada, y ha admitido que es amigo cercano de Assange, pero no integrante de WikiLeaks.<\/p>\n<p>Varios organismos de derechos humanos cuestionan el proceso contra Bini, por supuestas violaciones al debido proceso, incluidas las relator\u00edas de las Naciones Unidas y la Organizaci\u00f3n de Estados Americanos para la libertad de expresi\u00f3n. Ambas se\u00f1alan arbitrariedades procesales contra el activista del software libre.<\/p>\n<p>Bini enfrenta un juicio penal por un supuesto acceso no consentido a sistemas inform\u00e1ticos de la Corporaci\u00f3n Nacional de Telecomunicaciones. Su audiencia preparatoria de juicio estaba prevista para este jueves, pero se pospuso para el 17 de marzo.<\/p>\n<p>En abril de 2019, la polic\u00eda brit\u00e1nica arrest\u00f3 a Assange, luego de que el Gobierno ecuatoriano le revocara el asilo. El fundador de WikiLeaks cumple actualmente una pena de un a\u00f1o de prisi\u00f3n en Londres por violar las condiciones de su fianza en el Reino Unido, y desde el lunes 25 de febrero enfrenta un proceso de extradici\u00f3n a EE.UU. que lo acusa de atentar contra su seguridad, al revelar informes secretos del Pent\u00e1gono.<\/p>\n<p>M\u00fcller y Bini visitaron a Assange en la embajada, al menos 15 veces los \u00faltimos a\u00f1os, separadamente, y mantuvieron reuniones que fueron grabadas por las c\u00e1maras de seguridad.<\/p>\n<p><strong>Video de M\u00fcller en una visita a Assange en Londres<\/strong><\/p>\n<p><iframe src=\"https:\/\/www.youtube.com\/embed\/yaxv4Gh-kK4\" width=\"560\" height=\"315\" frameborder=\"0\" allowfullscreen=\"allowfullscreen\"><\/iframe><\/p>\n<p>El sueco visit\u00f3 a Assange la \u00faltima vez el 31 de enero de 2019. M\u00fcller estuvo con el australiano el 21 de febrero, seg\u00fan los registros de ingreso a la sede diplom\u00e1tica en poder de la Fiscal\u00eda.<\/p>\n<p>M\u00fcller es considerado por EE.UU. un personaje clave en la interferencia de WikiLeaks en las elecciones presidenciales del 2016. Seg\u00fan la investigaci\u00f3n del Fiscal especial Robert Muller, los miles de correos divulgados del Partido Dem\u00f3crata fueron transferidos personalmente a Assange en la embajada por varios de sus socios: el principal ser\u00eda el pirata inform\u00e1tico M\u00fcller-Maguhn, que \u201cpudo haber asistido con la transferencia de esos documentos robados a WikiLeaks\u201d.<\/p>\n<p>Assange y M\u00fcller-Maguhn se conocen desde hace muchos a\u00f1os. En 2012, el australiano \u00a0lo entrevist\u00f3 para la cadena rusa oficialista RT, para discutir el futuro de Internet y de la privacidad digital. El alem\u00e1n tambi\u00e9n est\u00e1 involucrado con grupos de tecnolog\u00eda masiva y form\u00f3 parte de la junta directiva de Icann, la organizaci\u00f3n internacional que rige los dominios de Internet. En declaraciones a The Washington Post neg\u00f3 haber accedido a la informaci\u00f3n hackeada.<\/p>\n<p><strong>Las reuniones de Bini y M\u00fcller en Quito<\/strong><\/p>\n<figure id=\"attachment_2423\" aria-describedby=\"caption-attachment-2423\" style=\"width: 336px\" class=\"wp-caption alignright\"><img decoding=\"async\" class=\"wp-image-2423 \" src=\"https:\/\/www.codigovidrio.com\/code\/wp-content\/uploads\/2020\/03\/Muller-segunda-foto.jpg\" alt=\"\" width=\"346\" height=\"296\" \/><figcaption id=\"caption-attachment-2423\" class=\"wp-caption-text\"><strong>M\u00fcller lleg\u00f3 el 29 de marzo a Quito, procedente de Berlin. Imparti\u00f3 un taller a inform\u00e1ticos del CAD. <\/strong><\/figcaption><\/figure>\n<p>Este portal accedi\u00f3 im\u00e1genes recabadas de diversas fuentes donde se aprecia al alem\u00e1n M\u00fcller durante su permanencia en Quito, entre el 31 de marzo y el 6 de abril del a\u00f1o pasado.<\/p>\n<p>En las fotograf\u00edas se lo ve junto a Bini y a integrantes del Centro de Autonom\u00eda Digital (CAD), en las calles del centro norte de Quito, ingresando a restaurantes y otros locales.<\/p>\n<p>Seg\u00fan el registro de Migraci\u00f3n, el alem\u00e1n M\u00fcller, a quien se consideraba el principal contacto de Assange con el mundo exterior mientras estuvo en la embajada, lleg\u00f3 a Quito el domingo 31 de marzo a las 20:45, en un vuelo de Copa, procedente de Berl\u00edn.<\/p>\n<p>Luego se traslad\u00f3 al Swissotel, donde estuvo alojado durante toda la semana.<\/p>\n<p>Fuentes del CAD, que pidieron el anonimato, confirmaron que mientras estuvo en Quito, M\u00fcller dio una capacitaci\u00f3n a todos sus integrantes, puesto que estaban empezando algunos proyectos y necesitaban apuntalar la planificaci\u00f3n para el trabajo de distintas \u00e1reas.<\/p>\n<figure id=\"attachment_2424\" aria-describedby=\"caption-attachment-2424\" style=\"width: 268px\" class=\"wp-caption alignleft\"><img decoding=\"async\" class=\"wp-image-2424\" src=\"https:\/\/www.codigovidrio.com\/code\/wp-content\/uploads\/2020\/03\/Muller-y-Bini-en-restaurante.jpg\" alt=\"\" width=\"278\" height=\"200\" \/><figcaption id=\"caption-attachment-2424\" class=\"wp-caption-text\"><strong>Ola Bini y M\u00fcller acudieron a un bar, en el sector del Itchimb\u00eda, en el centro de Quito, en abril del 2019.<\/strong><\/figcaption><\/figure>\n<p>\u201cCuando Andy vino inici\u00f3 una semana de planificaci\u00f3n de trabajo desde el 1 de abril\u201d, coment\u00f3 una integrante del CAD.<\/p>\n<p>El CAD es una organizaci\u00f3n sin fines de lucro con sede en Quito, seg\u00fan consta en su p\u00e1gina web. Su objetivo es investigar y programar herramientas t\u00e9cnicas para mejorar la seguridad digital. En 2018 uno de sus fundadores fue Ola Bini.<\/p>\n<p>Entre sus integrantes consta una persona que a la vez fue representante legal de la empresa desarrolladora ToughtWorks-Ecuador, que abri\u00f3 como subsidiaria de la sede en Chicago, donde antes trabajaba Bini.<\/p>\n<p>El sueco lleg\u00f3 al pa\u00eds ese mismo a\u00f1o con una visa de trabajo junto a su esposa para impulsar la subsidiaria y dar capacitaci\u00f3n.<\/p>\n<figure id=\"attachment_2417\" aria-describedby=\"caption-attachment-2417\" style=\"width: 262px\" class=\"wp-caption alignright\"><img loading=\"lazy\" decoding=\"async\" class=\"wp-image-2417\" src=\"https:\/\/www.codigovidrio.com\/code\/wp-content\/uploads\/2020\/03\/Bini-y-Muller-1.jpg\" alt=\"\" width=\"272\" height=\"301\" \/><figcaption id=\"caption-attachment-2417\" class=\"wp-caption-text\"><strong>Muller y Bini iban todos los d\u00edas al CAD, en el centro norte de Quito.\u00a0<\/strong><span style=\"font-size: 16px;\">0 integrantes del CAD, realizaron un paseo tur\u00edstico por el Centro Hist\u00f3rico y visitaron las plazas de San Francisco y Santo Domingo. En la noche, M\u00fcller y Bini, que son buenos amigos y tienen las mismas afinidades profesionales, estuvieron en un restaurante, en el sector c\u00e9ntrico, en el Itchimb\u00eda.<\/span><\/figcaption><\/figure>\n<p><strong>Una semana de capacitaci\u00f3n\u00a0<\/strong><\/p>\n<p>Las reuniones en el CAD se realizaban en la ma\u00f1ana y en la tarde. M\u00fcller acud\u00eda todos los d\u00edas, antes de las 9, caminando con una maleta de mano oscura, desde el hotel, que se encuentra a poca distancia del centro.<\/p>\n<p>El martes 2 de abril, M\u00fcller y Bini, quienes vest\u00edan de negro, junto a unos 2<\/p>\n<p>El resto de la semana las reuniones en el CAD siguieron, hasta el viernes. \u201cTodo el equipo estuvo en el taller, trabajamos en esto para profundizar en la filosof\u00eda y metas de la organizaci\u00f3n, evaluando experiencias anteriores del CAD en Brasil\u201d, seg\u00fan una de las integrantes de la entidad.<\/p>\n<p>Al finalizar el encuentro presentaron resultados de equipos de trabajo y definieron los proyectos e infraestructura que iban a manejar los siguientes meses.<\/p>\n<p>Carlos Soria, abogado de Ola Bini, coincidi\u00f3 al ser consultado en su momento en que M\u00fcller estuvo en Quito para un taller de capacitaci\u00f3n junto a Bini. \u201cM\u00fcller es parte del equipo del CAD y maneja la infraestructura tecnol\u00f3gica en Alemania; imagino que su visita al Ecuador estuvo relacionada con su trabajo\u201d, dijo Soria.<\/p>\n<p><strong>Pasaporte, ficha personal, y registro de Migraci\u00f3n del alem\u00e1n<\/strong><\/p>\n<p>M\u00fcller regres\u00f3 a Alemania el s\u00e1bado 6 de abril. Cinco d\u00edas despu\u00e9s Assange y Bini fueron detenidos, en Londres y Quito, con varias horas de diferencia.<\/p>\n<div id='gallery-1' class='gallery galleryid-2427 gallery-columns-3 gallery-size-medium'><figure class='gallery-item'>\n\t\t\t<div class='gallery-icon landscape'>\n\t\t\t\t<a href='https:\/\/www.codigovidrio.com\/code\/pasaporte-muller\/'><img loading=\"lazy\" decoding=\"async\" width=\"300\" height=\"195\" src=\"https:\/\/www.codigovidrio.com\/code\/wp-content\/uploads\/2020\/03\/Pasaporte-Muller-300x195.jpg\" class=\"attachment-medium size-medium\" alt=\"\" srcset=\"https:\/\/www.codigovidrio.com\/code\/wp-content\/uploads\/2020\/03\/Pasaporte-Muller-300x195.jpg 300w, https:\/\/www.codigovidrio.com\/code\/wp-content\/uploads\/2020\/03\/Pasaporte-Muller-768x500.jpg 768w, https:\/\/www.codigovidrio.com\/code\/wp-content\/uploads\/2020\/03\/Pasaporte-Muller.jpg 984w\" sizes=\"(max-width: 300px) 100vw, 300px\" \/><\/a>\n\t\t\t<\/div><\/figure><figure class='gallery-item'>\n\t\t\t<div class='gallery-icon landscape'>\n\t\t\t\t<a href='https:\/\/www.codigovidrio.com\/code\/muller-biografia\/'><img loading=\"lazy\" decoding=\"async\" width=\"300\" height=\"245\" src=\"https:\/\/www.codigovidrio.com\/code\/wp-content\/uploads\/2020\/03\/Muller-biografia-300x245.jpg\" class=\"attachment-medium size-medium\" alt=\"\" srcset=\"https:\/\/www.codigovidrio.com\/code\/wp-content\/uploads\/2020\/03\/Muller-biografia-300x245.jpg 300w, https:\/\/www.codigovidrio.com\/code\/wp-content\/uploads\/2020\/03\/Muller-biografia-768x627.jpg 768w, https:\/\/www.codigovidrio.com\/code\/wp-content\/uploads\/2020\/03\/Muller-biografia.jpg 1000w\" sizes=\"(max-width: 300px) 100vw, 300px\" \/><\/a>\n\t\t\t<\/div><\/figure><figure class='gallery-item'>\n\t\t\t<div class='gallery-icon landscape'>\n\t\t\t\t<a href='https:\/\/www.codigovidrio.com\/code\/certificado-migracion\/'><img loading=\"lazy\" decoding=\"async\" width=\"300\" height=\"119\" src=\"https:\/\/www.codigovidrio.com\/code\/wp-content\/uploads\/2020\/03\/certificado-Migracion-300x119.jpg\" class=\"attachment-medium size-medium\" alt=\"\" srcset=\"https:\/\/www.codigovidrio.com\/code\/wp-content\/uploads\/2020\/03\/certificado-Migracion-300x119.jpg 300w, https:\/\/www.codigovidrio.com\/code\/wp-content\/uploads\/2020\/03\/certificado-Migracion-768x304.jpg 768w, https:\/\/www.codigovidrio.com\/code\/wp-content\/uploads\/2020\/03\/certificado-Migracion.jpg 1000w\" sizes=\"(max-width: 300px) 100vw, 300px\" \/><\/a>\n\t\t\t<\/div><\/figure>\n\t\t<\/div>\n\n<p>Las agencias de Inteligencia de Ecuador y EE.UU.creen que en Quito Bini realizaba un trabajo clave para WikiLeaks, a trav\u00e9s de otras empresas desarrolladoras de software y sus contactos con el Gobierno. Sus abogados niegan esa posibilidad y han denunciado que es parte de una estrategia de persecuci\u00f3n, orquestada por el gobierno ecuatoriano.<\/p>\n<p><strong>Bini estuvo en Venezuela, semanas antes de su detenci\u00f3n<\/strong><\/p>\n<p>Semanas antes de ser detenido en Quito, el programador sueco asisti\u00f3 al Congreso Internacional de los Pueblos, realizado en Venezuela, con el auspicio del gobierno de Nicol\u00e1s Maduro.<\/p>\n<figure id=\"attachment_2416\" aria-describedby=\"caption-attachment-2416\" style=\"width: 440px\" class=\"wp-caption alignleft\"><img loading=\"lazy\" decoding=\"async\" class=\"wp-image-2416\" src=\"https:\/\/www.codigovidrio.com\/code\/wp-content\/uploads\/2020\/03\/Bini-en-Asamblea-de-los-Pueblos-1-300x209.jpg\" alt=\"\" width=\"450\" height=\"313\" srcset=\"https:\/\/www.codigovidrio.com\/code\/wp-content\/uploads\/2020\/03\/Bini-en-Asamblea-de-los-Pueblos-1-300x209.jpg 300w, https:\/\/www.codigovidrio.com\/code\/wp-content\/uploads\/2020\/03\/Bini-en-Asamblea-de-los-Pueblos-1.jpg 750w\" sizes=\"(max-width: 450px) 100vw, 450px\" \/><figcaption id=\"caption-attachment-2416\" class=\"wp-caption-text\"><strong>Ola Bini estuvo en Venezuela en dos ocasiones, la \u00faltima en febrero del 2019: acudi\u00f3 a un encuentro organizado por el gobierno.<\/strong><\/figcaption><\/figure>\n<p>Entre los asistentes destaca en una fotograf\u00eda la figura de Bini, vistiendo totalmente de negro, con sombrero. En otra imagen se lo ve de pie aplaudiendo las intervenciones de autoridades venezolanas.<\/p>\n<p>Su presencia all\u00ed respondi\u00f3 a la celebraci\u00f3n de la Asamblea Internacional, realizada en Caracas del 24 al 27 de febrero de 2019. Fuentes cercanas dijeron que fue invitado por los organizadores y acudi\u00f3 para\u00a0demostrar solidaridad hacia el gobierno de Venezuela.<\/p>\n<p>Seg\u00fan registros migratorios, Bini hizo m\u00e1s de 70 viajes entre finales del 2013 y principios de 2019. La mayor\u00eda ten\u00edan como destino pa\u00edses como Brasil y Chile. Tambi\u00e9n viaj\u00f3 a Suecia, su pa\u00eds natal; Holanda y Espa\u00f1a. Solo a Europa se registran 28 viajes hasta abril del 2018.<\/p>\n","protected":false},"excerpt":{"rendered":"<p>Andy M\u00fcller, considerado el brazo derecho de Julian Assange en WikiLeaks, estuvo en Quito en abril pasado. Mantuvo reuniones con el sueco Ola Bini, procesado por un supuesto acceso no consentido a sistemas inform\u00e1ticos del gobierno. Tambi\u00e9n imparti\u00f3 capacitaci\u00f3n a inform\u00e1ticos ecuatorianos. La visita del alem\u00e1n ocurri\u00f3 dos semanas antes de que Assange fuera expulsado &#8230; <a title=\"El hacker M\u00fcller, cercano a Assange, se reuni\u00f3 en Quito con Ola Bini y capacit\u00f3 a inform\u00e1ticos ecuatorianos\" class=\"read-more\" href=\"https:\/\/www.codigovidrio.com\/code\/el-hacker-muller-cercano-a-assange-se-reunio-en-quito-con-ola-bini-y-otros-informaticos\/\">leer m\u00e1s&#8230;<\/a><\/p>\n","protected":false},"author":2,"featured_media":2442,"comment_status":"open","ping_status":"closed","sticky":false,"template":"","format":"standard","meta":{"generate_page_header":"","footnotes":""},"categories":[224,211],"tags":[],"yoast_head":"<!-- This site is optimized with the Yoast SEO plugin v23.5 - https:\/\/yoast.com\/wordpress\/plugins\/seo\/ -->\n<title>El hacker M\u00fcller, cercano a Assange, se reuni\u00f3 en Quito con Ola Bini y capacit\u00f3 a inform\u00e1ticos ecuatorianos - C\u00f3digo Vidrio<\/title>\n<meta name=\"description\" content=\"-1344\" \/>\n<meta name=\"robots\" content=\"index, follow, max-snippet:-1, max-image-preview:large, max-video-preview:-1\" \/>\n<link rel=\"canonical\" href=\"https:\/\/www.codigovidrio.com\/code\/el-hacker-muller-cercano-a-assange-se-reunio-en-quito-con-ola-bini-y-otros-informaticos\/\" \/>\n<meta property=\"og:locale\" content=\"es_ES\" \/>\n<meta property=\"og:type\" content=\"article\" \/>\n<meta property=\"og:title\" content=\"El hacker M\u00fcller, cercano a Assange, se reuni\u00f3 en Quito con Ola Bini y capacit\u00f3 a inform\u00e1ticos ecuatorianos - C\u00f3digo Vidrio\" \/>\n<meta property=\"og:description\" content=\"-1344\" \/>\n<meta property=\"og:url\" content=\"https:\/\/www.codigovidrio.com\/code\/el-hacker-muller-cercano-a-assange-se-reunio-en-quito-con-ola-bini-y-otros-informaticos\/\" \/>\n<meta property=\"og:site_name\" content=\"C\u00f3digo Vidrio\" \/>\n<meta property=\"article:published_time\" content=\"2020-03-04T18:00:42+00:00\" \/>\n<meta property=\"article:modified_time\" content=\"2021-01-03T14:19:33+00:00\" \/>\n<meta property=\"og:image\" content=\"https:\/\/www.codigovidrio.com\/code\/wp-content\/uploads\/2020\/03\/assange4-head-1.jpg\" \/>\n\t<meta property=\"og:image:width\" content=\"1600\" \/>\n\t<meta property=\"og:image:height\" content=\"650\" \/>\n\t<meta property=\"og:image:type\" content=\"image\/jpeg\" \/>\n<meta name=\"author\" content=\"Codigo Vidrio Admin\" \/>\n<meta name=\"twitter:card\" content=\"summary_large_image\" \/>\n<meta name=\"twitter:label1\" content=\"Escrito por\" \/>\n\t<meta name=\"twitter:data1\" content=\"Codigo Vidrio Admin\" \/>\n\t<meta name=\"twitter:label2\" content=\"Tiempo de lectura\" \/>\n\t<meta name=\"twitter:data2\" content=\"9 minutos\" \/>\n<script type=\"application\/ld+json\" class=\"yoast-schema-graph\">{\"@context\":\"https:\/\/schema.org\",\"@graph\":[{\"@type\":\"Article\",\"@id\":\"https:\/\/www.codigovidrio.com\/code\/el-hacker-muller-cercano-a-assange-se-reunio-en-quito-con-ola-bini-y-otros-informaticos\/#article\",\"isPartOf\":{\"@id\":\"https:\/\/www.codigovidrio.com\/code\/el-hacker-muller-cercano-a-assange-se-reunio-en-quito-con-ola-bini-y-otros-informaticos\/\"},\"author\":{\"name\":\"Codigo Vidrio Admin\",\"@id\":\"https:\/\/www.codigovidrio.com\/code\/#\/schema\/person\/974bc7a5b889699d012b2343dc68fc6e\"},\"headline\":\"El hacker M\u00fcller, cercano a Assange, se reuni\u00f3 en Quito con Ola Bini y capacit\u00f3 a inform\u00e1ticos ecuatorianos\",\"datePublished\":\"2020-03-04T18:00:42+00:00\",\"dateModified\":\"2021-01-03T14:19:33+00:00\",\"mainEntityOfPage\":{\"@id\":\"https:\/\/www.codigovidrio.com\/code\/el-hacker-muller-cercano-a-assange-se-reunio-en-quito-con-ola-bini-y-otros-informaticos\/\"},\"wordCount\":1745,\"commentCount\":0,\"publisher\":{\"@id\":\"https:\/\/www.codigovidrio.com\/code\/#organization\"},\"image\":{\"@id\":\"https:\/\/www.codigovidrio.com\/code\/el-hacker-muller-cercano-a-assange-se-reunio-en-quito-con-ola-bini-y-otros-informaticos\/#primaryimage\"},\"thumbnailUrl\":\"https:\/\/www.codigovidrio.com\/code\/wp-content\/uploads\/2020\/03\/assange4-head-1.jpg\",\"articleSection\":[\"Assange\",\"Especiales\"],\"inLanguage\":\"es\",\"potentialAction\":[{\"@type\":\"CommentAction\",\"name\":\"Comment\",\"target\":[\"https:\/\/www.codigovidrio.com\/code\/el-hacker-muller-cercano-a-assange-se-reunio-en-quito-con-ola-bini-y-otros-informaticos\/#respond\"]}]},{\"@type\":\"WebPage\",\"@id\":\"https:\/\/www.codigovidrio.com\/code\/el-hacker-muller-cercano-a-assange-se-reunio-en-quito-con-ola-bini-y-otros-informaticos\/\",\"url\":\"https:\/\/www.codigovidrio.com\/code\/el-hacker-muller-cercano-a-assange-se-reunio-en-quito-con-ola-bini-y-otros-informaticos\/\",\"name\":\"El hacker M\u00fcller, cercano a Assange, se reuni\u00f3 en Quito con Ola Bini y capacit\u00f3 a inform\u00e1ticos ecuatorianos - C\u00f3digo Vidrio\",\"isPartOf\":{\"@id\":\"https:\/\/www.codigovidrio.com\/code\/#website\"},\"primaryImageOfPage\":{\"@id\":\"https:\/\/www.codigovidrio.com\/code\/el-hacker-muller-cercano-a-assange-se-reunio-en-quito-con-ola-bini-y-otros-informaticos\/#primaryimage\"},\"image\":{\"@id\":\"https:\/\/www.codigovidrio.com\/code\/el-hacker-muller-cercano-a-assange-se-reunio-en-quito-con-ola-bini-y-otros-informaticos\/#primaryimage\"},\"thumbnailUrl\":\"https:\/\/www.codigovidrio.com\/code\/wp-content\/uploads\/2020\/03\/assange4-head-1.jpg\",\"datePublished\":\"2020-03-04T18:00:42+00:00\",\"dateModified\":\"2021-01-03T14:19:33+00:00\",\"description\":\"-1344\",\"breadcrumb\":{\"@id\":\"https:\/\/www.codigovidrio.com\/code\/el-hacker-muller-cercano-a-assange-se-reunio-en-quito-con-ola-bini-y-otros-informaticos\/#breadcrumb\"},\"inLanguage\":\"es\",\"potentialAction\":[{\"@type\":\"ReadAction\",\"target\":[\"https:\/\/www.codigovidrio.com\/code\/el-hacker-muller-cercano-a-assange-se-reunio-en-quito-con-ola-bini-y-otros-informaticos\/\"]}]},{\"@type\":\"ImageObject\",\"inLanguage\":\"es\",\"@id\":\"https:\/\/www.codigovidrio.com\/code\/el-hacker-muller-cercano-a-assange-se-reunio-en-quito-con-ola-bini-y-otros-informaticos\/#primaryimage\",\"url\":\"https:\/\/www.codigovidrio.com\/code\/wp-content\/uploads\/2020\/03\/assange4-head-1.jpg\",\"contentUrl\":\"https:\/\/www.codigovidrio.com\/code\/wp-content\/uploads\/2020\/03\/assange4-head-1.jpg\",\"width\":1600,\"height\":650},{\"@type\":\"BreadcrumbList\",\"@id\":\"https:\/\/www.codigovidrio.com\/code\/el-hacker-muller-cercano-a-assange-se-reunio-en-quito-con-ola-bini-y-otros-informaticos\/#breadcrumb\",\"itemListElement\":[{\"@type\":\"ListItem\",\"position\":1,\"name\":\"Portada\",\"item\":\"https:\/\/www.codigovidrio.com\/code\/\"},{\"@type\":\"ListItem\",\"position\":2,\"name\":\"El hacker M\u00fcller, cercano a Assange, se reuni\u00f3 en Quito con Ola Bini y capacit\u00f3 a inform\u00e1ticos ecuatorianos\"}]},{\"@type\":\"WebSite\",\"@id\":\"https:\/\/www.codigovidrio.com\/code\/#website\",\"url\":\"https:\/\/www.codigovidrio.com\/code\/\",\"name\":\"C\u00f3digo Vidrio\",\"description\":\"Transparentamos las historias ocultas\",\"publisher\":{\"@id\":\"https:\/\/www.codigovidrio.com\/code\/#organization\"},\"potentialAction\":[{\"@type\":\"SearchAction\",\"target\":{\"@type\":\"EntryPoint\",\"urlTemplate\":\"https:\/\/www.codigovidrio.com\/code\/?s={search_term_string}\"},\"query-input\":{\"@type\":\"PropertyValueSpecification\",\"valueRequired\":true,\"valueName\":\"search_term_string\"}}],\"inLanguage\":\"es\"},{\"@type\":\"Organization\",\"@id\":\"https:\/\/www.codigovidrio.com\/code\/#organization\",\"name\":\"C\u00f3digo Vidrio\",\"url\":\"https:\/\/www.codigovidrio.com\/code\/\",\"logo\":{\"@type\":\"ImageObject\",\"inLanguage\":\"es\",\"@id\":\"https:\/\/www.codigovidrio.com\/code\/#\/schema\/logo\/image\/\",\"url\":\"https:\/\/www.codigovidrio.com\/code\/wp-content\/uploads\/2022\/01\/logo-horiz-08.png\",\"contentUrl\":\"https:\/\/www.codigovidrio.com\/code\/wp-content\/uploads\/2022\/01\/logo-horiz-08.png\",\"width\":817,\"height\":294,\"caption\":\"C\u00f3digo Vidrio\"},\"image\":{\"@id\":\"https:\/\/www.codigovidrio.com\/code\/#\/schema\/logo\/image\/\"}},{\"@type\":\"Person\",\"@id\":\"https:\/\/www.codigovidrio.com\/code\/#\/schema\/person\/974bc7a5b889699d012b2343dc68fc6e\",\"name\":\"Codigo Vidrio Admin\",\"url\":\"https:\/\/www.codigovidrio.com\/code\/author\/vidrio-admin\/\"}]}<\/script>\n<!-- \/ Yoast SEO plugin. -->","yoast_head_json":{"title":"El hacker M\u00fcller, cercano a Assange, se reuni\u00f3 en Quito con Ola Bini y capacit\u00f3 a inform\u00e1ticos ecuatorianos - C\u00f3digo Vidrio","description":"-1344","robots":{"index":"index","follow":"follow","max-snippet":"max-snippet:-1","max-image-preview":"max-image-preview:large","max-video-preview":"max-video-preview:-1"},"canonical":"https:\/\/www.codigovidrio.com\/code\/el-hacker-muller-cercano-a-assange-se-reunio-en-quito-con-ola-bini-y-otros-informaticos\/","og_locale":"es_ES","og_type":"article","og_title":"El hacker M\u00fcller, cercano a Assange, se reuni\u00f3 en Quito con Ola Bini y capacit\u00f3 a inform\u00e1ticos ecuatorianos - C\u00f3digo Vidrio","og_description":"-1344","og_url":"https:\/\/www.codigovidrio.com\/code\/el-hacker-muller-cercano-a-assange-se-reunio-en-quito-con-ola-bini-y-otros-informaticos\/","og_site_name":"C\u00f3digo Vidrio","article_published_time":"2020-03-04T18:00:42+00:00","article_modified_time":"2021-01-03T14:19:33+00:00","og_image":[{"width":1600,"height":650,"url":"https:\/\/www.codigovidrio.com\/code\/wp-content\/uploads\/2020\/03\/assange4-head-1.jpg","type":"image\/jpeg"}],"author":"Codigo Vidrio Admin","twitter_card":"summary_large_image","twitter_misc":{"Escrito por":"Codigo Vidrio Admin","Tiempo de lectura":"9 minutos"},"schema":{"@context":"https:\/\/schema.org","@graph":[{"@type":"Article","@id":"https:\/\/www.codigovidrio.com\/code\/el-hacker-muller-cercano-a-assange-se-reunio-en-quito-con-ola-bini-y-otros-informaticos\/#article","isPartOf":{"@id":"https:\/\/www.codigovidrio.com\/code\/el-hacker-muller-cercano-a-assange-se-reunio-en-quito-con-ola-bini-y-otros-informaticos\/"},"author":{"name":"Codigo Vidrio Admin","@id":"https:\/\/www.codigovidrio.com\/code\/#\/schema\/person\/974bc7a5b889699d012b2343dc68fc6e"},"headline":"El hacker M\u00fcller, cercano a Assange, se reuni\u00f3 en Quito con Ola Bini y capacit\u00f3 a inform\u00e1ticos ecuatorianos","datePublished":"2020-03-04T18:00:42+00:00","dateModified":"2021-01-03T14:19:33+00:00","mainEntityOfPage":{"@id":"https:\/\/www.codigovidrio.com\/code\/el-hacker-muller-cercano-a-assange-se-reunio-en-quito-con-ola-bini-y-otros-informaticos\/"},"wordCount":1745,"commentCount":0,"publisher":{"@id":"https:\/\/www.codigovidrio.com\/code\/#organization"},"image":{"@id":"https:\/\/www.codigovidrio.com\/code\/el-hacker-muller-cercano-a-assange-se-reunio-en-quito-con-ola-bini-y-otros-informaticos\/#primaryimage"},"thumbnailUrl":"https:\/\/www.codigovidrio.com\/code\/wp-content\/uploads\/2020\/03\/assange4-head-1.jpg","articleSection":["Assange","Especiales"],"inLanguage":"es","potentialAction":[{"@type":"CommentAction","name":"Comment","target":["https:\/\/www.codigovidrio.com\/code\/el-hacker-muller-cercano-a-assange-se-reunio-en-quito-con-ola-bini-y-otros-informaticos\/#respond"]}]},{"@type":"WebPage","@id":"https:\/\/www.codigovidrio.com\/code\/el-hacker-muller-cercano-a-assange-se-reunio-en-quito-con-ola-bini-y-otros-informaticos\/","url":"https:\/\/www.codigovidrio.com\/code\/el-hacker-muller-cercano-a-assange-se-reunio-en-quito-con-ola-bini-y-otros-informaticos\/","name":"El hacker M\u00fcller, cercano a Assange, se reuni\u00f3 en Quito con Ola Bini y capacit\u00f3 a inform\u00e1ticos ecuatorianos - C\u00f3digo Vidrio","isPartOf":{"@id":"https:\/\/www.codigovidrio.com\/code\/#website"},"primaryImageOfPage":{"@id":"https:\/\/www.codigovidrio.com\/code\/el-hacker-muller-cercano-a-assange-se-reunio-en-quito-con-ola-bini-y-otros-informaticos\/#primaryimage"},"image":{"@id":"https:\/\/www.codigovidrio.com\/code\/el-hacker-muller-cercano-a-assange-se-reunio-en-quito-con-ola-bini-y-otros-informaticos\/#primaryimage"},"thumbnailUrl":"https:\/\/www.codigovidrio.com\/code\/wp-content\/uploads\/2020\/03\/assange4-head-1.jpg","datePublished":"2020-03-04T18:00:42+00:00","dateModified":"2021-01-03T14:19:33+00:00","description":"-1344","breadcrumb":{"@id":"https:\/\/www.codigovidrio.com\/code\/el-hacker-muller-cercano-a-assange-se-reunio-en-quito-con-ola-bini-y-otros-informaticos\/#breadcrumb"},"inLanguage":"es","potentialAction":[{"@type":"ReadAction","target":["https:\/\/www.codigovidrio.com\/code\/el-hacker-muller-cercano-a-assange-se-reunio-en-quito-con-ola-bini-y-otros-informaticos\/"]}]},{"@type":"ImageObject","inLanguage":"es","@id":"https:\/\/www.codigovidrio.com\/code\/el-hacker-muller-cercano-a-assange-se-reunio-en-quito-con-ola-bini-y-otros-informaticos\/#primaryimage","url":"https:\/\/www.codigovidrio.com\/code\/wp-content\/uploads\/2020\/03\/assange4-head-1.jpg","contentUrl":"https:\/\/www.codigovidrio.com\/code\/wp-content\/uploads\/2020\/03\/assange4-head-1.jpg","width":1600,"height":650},{"@type":"BreadcrumbList","@id":"https:\/\/www.codigovidrio.com\/code\/el-hacker-muller-cercano-a-assange-se-reunio-en-quito-con-ola-bini-y-otros-informaticos\/#breadcrumb","itemListElement":[{"@type":"ListItem","position":1,"name":"Portada","item":"https:\/\/www.codigovidrio.com\/code\/"},{"@type":"ListItem","position":2,"name":"El hacker M\u00fcller, cercano a Assange, se reuni\u00f3 en Quito con Ola Bini y capacit\u00f3 a inform\u00e1ticos ecuatorianos"}]},{"@type":"WebSite","@id":"https:\/\/www.codigovidrio.com\/code\/#website","url":"https:\/\/www.codigovidrio.com\/code\/","name":"C\u00f3digo Vidrio","description":"Transparentamos las historias ocultas","publisher":{"@id":"https:\/\/www.codigovidrio.com\/code\/#organization"},"potentialAction":[{"@type":"SearchAction","target":{"@type":"EntryPoint","urlTemplate":"https:\/\/www.codigovidrio.com\/code\/?s={search_term_string}"},"query-input":{"@type":"PropertyValueSpecification","valueRequired":true,"valueName":"search_term_string"}}],"inLanguage":"es"},{"@type":"Organization","@id":"https:\/\/www.codigovidrio.com\/code\/#organization","name":"C\u00f3digo Vidrio","url":"https:\/\/www.codigovidrio.com\/code\/","logo":{"@type":"ImageObject","inLanguage":"es","@id":"https:\/\/www.codigovidrio.com\/code\/#\/schema\/logo\/image\/","url":"https:\/\/www.codigovidrio.com\/code\/wp-content\/uploads\/2022\/01\/logo-horiz-08.png","contentUrl":"https:\/\/www.codigovidrio.com\/code\/wp-content\/uploads\/2022\/01\/logo-horiz-08.png","width":817,"height":294,"caption":"C\u00f3digo Vidrio"},"image":{"@id":"https:\/\/www.codigovidrio.com\/code\/#\/schema\/logo\/image\/"}},{"@type":"Person","@id":"https:\/\/www.codigovidrio.com\/code\/#\/schema\/person\/974bc7a5b889699d012b2343dc68fc6e","name":"Codigo Vidrio Admin","url":"https:\/\/www.codigovidrio.com\/code\/author\/vidrio-admin\/"}]}},"_links":{"self":[{"href":"https:\/\/www.codigovidrio.com\/code\/wp-json\/wp\/v2\/posts\/2427"}],"collection":[{"href":"https:\/\/www.codigovidrio.com\/code\/wp-json\/wp\/v2\/posts"}],"about":[{"href":"https:\/\/www.codigovidrio.com\/code\/wp-json\/wp\/v2\/types\/post"}],"author":[{"embeddable":true,"href":"https:\/\/www.codigovidrio.com\/code\/wp-json\/wp\/v2\/users\/2"}],"replies":[{"embeddable":true,"href":"https:\/\/www.codigovidrio.com\/code\/wp-json\/wp\/v2\/comments?post=2427"}],"version-history":[{"count":26,"href":"https:\/\/www.codigovidrio.com\/code\/wp-json\/wp\/v2\/posts\/2427\/revisions"}],"predecessor-version":[{"id":2471,"href":"https:\/\/www.codigovidrio.com\/code\/wp-json\/wp\/v2\/posts\/2427\/revisions\/2471"}],"wp:featuredmedia":[{"embeddable":true,"href":"https:\/\/www.codigovidrio.com\/code\/wp-json\/wp\/v2\/media\/2442"}],"wp:attachment":[{"href":"https:\/\/www.codigovidrio.com\/code\/wp-json\/wp\/v2\/media?parent=2427"}],"wp:term":[{"taxonomy":"category","embeddable":true,"href":"https:\/\/www.codigovidrio.com\/code\/wp-json\/wp\/v2\/categories?post=2427"},{"taxonomy":"post_tag","embeddable":true,"href":"https:\/\/www.codigovidrio.com\/code\/wp-json\/wp\/v2\/tags?post=2427"}],"curies":[{"name":"wp","href":"https:\/\/api.w.org\/{rel}","templated":true}]}}