{"id":2022,"date":"2020-01-10T13:16:17","date_gmt":"2020-01-10T13:16:17","guid":{"rendered":"http:\/\/www.codigovidrio.com\/code\/?p=2022"},"modified":"2020-01-13T15:31:22","modified_gmt":"2020-01-13T15:31:22","slug":"padre-de-asambleista-gabriela-rivadeneira-fue-detenido-por-presunto-lavado-y-asociacion-ilicita","status":"publish","type":"post","link":"https:\/\/www.codigovidrio.com\/code\/padre-de-asambleista-gabriela-rivadeneira-fue-detenido-por-presunto-lavado-y-asociacion-ilicita\/","title":{"rendered":"Padre de asamble\u00edsta Gabriela Rivadeneira fue detenido por presunto lavado y asociaci\u00f3n il\u00edcita en Imbabura"},"content":{"rendered":"<blockquote><p>Pedro Rivadeneira fue detenido el jueves 9 de enero, a las 22:10, junto a Mauro Flores en Imbabura. Seg\u00fan la investigaci\u00f3n fiscal y de la Unidad de Lavado de la Polic\u00eda, eran parte de una organizaci\u00f3n delictiva que realiz\u00f3 movimientos financieros inusuales e injustificados por aproximadamente 5, 9 millones de d\u00f3lares.<\/p><\/blockquote>\n<p>Redacci\u00f3n C\u00f3digo Vidrio<\/p>\n<figure id=\"attachment_2018\" aria-describedby=\"caption-attachment-2018\" style=\"width: 340px\" class=\"wp-caption alignleft\"><img fetchpriority=\"high\" decoding=\"async\" class=\"wp-image-2018\" src=\"https:\/\/www.codigovidrio.com\/code\/wp-content\/uploads\/2020\/01\/IMG-20200110-WA0038-300x207.jpg\" alt=\"\" width=\"350\" height=\"241\" srcset=\"https:\/\/www.codigovidrio.com\/code\/wp-content\/uploads\/2020\/01\/IMG-20200110-WA0038-300x207.jpg 300w, https:\/\/www.codigovidrio.com\/code\/wp-content\/uploads\/2020\/01\/IMG-20200110-WA0038-768x529.jpg 768w, https:\/\/www.codigovidrio.com\/code\/wp-content\/uploads\/2020\/01\/IMG-20200110-WA0038-1024x705.jpg 1024w, https:\/\/www.codigovidrio.com\/code\/wp-content\/uploads\/2020\/01\/IMG-20200110-WA0038.jpg 1080w\" sizes=\"(max-width: 350px) 100vw, 350px\" \/><figcaption id=\"caption-attachment-2018\" class=\"wp-caption-text\">El lugar de residencia de Pedro Rivadeneira es Otavalo<\/figcaption><\/figure>\n<p>Pedro Ignacio Rivadeneira Sandretti, padre de la asamble\u00edsta asilada en M\u00e9xico, Gabriela Rivadeneira, fue detenido ayer jueves 9 de enero de 2020, en Imbabura, por polic\u00edas de la Unidad de Lavado de Activos, adscrita a la Direcci\u00f3n Antinarc\u00f3ticos.<\/p>\n<figure id=\"attachment_2020\" aria-describedby=\"caption-attachment-2020\" style=\"width: 159px\" class=\"wp-caption alignright\"><img decoding=\"async\" class=\"wp-image-2020 size-medium\" src=\"https:\/\/www.codigovidrio.com\/code\/wp-content\/uploads\/2020\/01\/IMG-20200110-WA0040-169x300.jpg\" alt=\"\" width=\"169\" height=\"300\" srcset=\"https:\/\/www.codigovidrio.com\/code\/wp-content\/uploads\/2020\/01\/IMG-20200110-WA0040-169x300.jpg 169w, https:\/\/www.codigovidrio.com\/code\/wp-content\/uploads\/2020\/01\/IMG-20200110-WA0040.jpg 506w\" sizes=\"(max-width: 169px) 100vw, 169px\" \/><figcaption id=\"caption-attachment-2020\" class=\"wp-caption-text\">Proyecto inmobiliario que da nombre al operativo<\/figcaption><\/figure>\n<p>En el operativo denominado \u00abFlamingo\u00bb, ejecutado a las 22:10, tambi\u00e9n fue capturado Mauro Flores Guerra. Seg\u00fan la investigaci\u00f3n policial, ambos habr\u00edan liderado una organizaci\u00f3n delictiva implicada en presuntos delitos de asociaci\u00f3n Il\u00edcita, enriquecimiento privado no justificado y defraudaci\u00f3n tributaria, que operaba en Imbabura, en los cantones de Otavalo y Cotacachi.<\/p>\n<p>Horas antes de la detenci\u00f3n de su progenitor, Gabriela Rivadeneira viaj\u00f3 a M\u00e9xico, luego de que el gobierno ecuatoriano le concediera el salvoconducto para salir de la embajada mexicana. En esa sede estaba refugiada desde octubre de 2019, al igual que los legisladores Soledad Buend\u00eda y Carlos Viteri, con sus respectivas parejas, todos militantes del corre\u00edsmo.<\/p>\n<p>La investigaci\u00f3n del caso fue dirigida por la Fiscal\u00eda General, conjuntamente con agentes de la Unidad de Lavado de Activos \u00abULA\u00bb. Durante meses los investigadores realizaron el an\u00e1lisis documental de informaci\u00f3n proporcionada por diversos organismos de control.<\/p>\n<figure id=\"attachment_2019\" aria-describedby=\"caption-attachment-2019\" style=\"width: 159px\" class=\"wp-caption alignleft\"><img decoding=\"async\" class=\"wp-image-2019 size-medium\" src=\"https:\/\/www.codigovidrio.com\/code\/wp-content\/uploads\/2020\/01\/IMG-20200110-WA0039-169x300.jpg\" alt=\"\" width=\"169\" height=\"300\" srcset=\"https:\/\/www.codigovidrio.com\/code\/wp-content\/uploads\/2020\/01\/IMG-20200110-WA0039-169x300.jpg 169w, https:\/\/www.codigovidrio.com\/code\/wp-content\/uploads\/2020\/01\/IMG-20200110-WA0039.jpg 506w\" sizes=\"(max-width: 169px) 100vw, 169px\" \/><figcaption id=\"caption-attachment-2019\" class=\"wp-caption-text\">Mauro Flores es el segundo detenido del operativo. Se dedica a compra y venta de veh\u00edculos<\/figcaption><\/figure>\n<p>Para concretar los supuestos il\u00edcitos, la organizaci\u00f3n obtuvo importantes sumas de dinero, producto de la compra-venta de veh\u00edculos y la simulaci\u00f3n de compra y venta de bienes inmuebles. Producto de estas operaciones realizaron movimientos financieros supuestamente inusuales e injustificados por aproximadamente 5,9 millones de d\u00f3lares. Seg\u00fan indica un informe de la investigaci\u00f3n en poder de C\u00f3digo Vidrio, incrementaron sustancialmente su patrimonio mediante la adquisici\u00f3n de bienes inmuebles y veh\u00edculos para el giro del negocio de compra y venta.<\/p>\n<p>Pedro Rivadeneira, seg\u00fan registros documentales, empez\u00f3 su actividad econ\u00f3mica en 2001 en Ibarra. En su p\u00e1gina de Facebook aparece domiciliado en Otavalo. En sus redes sociales hace una profusa difusi\u00f3n de la actividad militante y pol\u00edtica de su hija.<\/p>\n<p>Precisamente uno de los proyectos inmobiliarios, que se levanta en Esmeraldas, que el padre de Rivadeneira promocionaba, coincide con el nombre del operativo policial \u201cFlamingo\u201d.<\/p>\n<p>Hoy, a las 08:30, est\u00e1 prevista la formulaci\u00f3n de cargos en Otavalo, a cargo del fiscal Gustavo Ben\u00edtez, de Quito.<\/p>\n<figure id=\"attachment_2021\" aria-describedby=\"caption-attachment-2021\" style=\"width: 390px\" class=\"wp-caption alignright\"><img loading=\"lazy\" decoding=\"async\" class=\"wp-image-2021\" src=\"https:\/\/www.codigovidrio.com\/code\/wp-content\/uploads\/2020\/01\/IMG-20200110-WA0041-300x199.jpg\" alt=\"\" width=\"400\" height=\"266\" srcset=\"https:\/\/www.codigovidrio.com\/code\/wp-content\/uploads\/2020\/01\/IMG-20200110-WA0041-300x199.jpg 300w, https:\/\/www.codigovidrio.com\/code\/wp-content\/uploads\/2020\/01\/IMG-20200110-WA0041-768x511.jpg 768w, https:\/\/www.codigovidrio.com\/code\/wp-content\/uploads\/2020\/01\/IMG-20200110-WA0041-1024x681.jpg 1024w, https:\/\/www.codigovidrio.com\/code\/wp-content\/uploads\/2020\/01\/IMG-20200110-WA0041.jpg 1080w\" sizes=\"(max-width: 400px) 100vw, 400px\" \/><figcaption id=\"caption-attachment-2021\" class=\"wp-caption-text\">La expresidenta de la Asamblea, legisladora y hoy asilada es una militante correista<\/figcaption><\/figure>\n<p><strong>RESULTADOS DEL OPERATIVO<\/strong><\/p>\n<p>&#8211; 2 detenidos<br \/>\n&#8211; 4 allanamientos<br \/>\n&#8211; 1 veh\u00edculo aprehendido<br \/>\n&#8211; Incautaci\u00f3n de USD 12.000<br \/>\n&#8211; 4 celulares<br \/>\n&#8211; Equipos Tecnol\u00f3gicos<br \/>\n&#8211; Documentos Financieros<br \/>\n&#8211; Documentos p\u00fablicos y privados<\/p>\n","protected":false},"excerpt":{"rendered":"<p>Pedro Rivadeneira fue detenido el jueves 9 de enero, a las 22:10, junto a Mauro Flores en Imbabura. Seg\u00fan la investigaci\u00f3n fiscal y de la Unidad de Lavado de la Polic\u00eda, eran parte de una organizaci\u00f3n delictiva que realiz\u00f3 movimientos financieros inusuales e injustificados por aproximadamente 5, 9 millones de d\u00f3lares. Redacci\u00f3n C\u00f3digo Vidrio Pedro &#8230; <a title=\"Padre de asamble\u00edsta Gabriela Rivadeneira fue detenido por presunto lavado y asociaci\u00f3n il\u00edcita en Imbabura\" class=\"read-more\" href=\"https:\/\/www.codigovidrio.com\/code\/padre-de-asambleista-gabriela-rivadeneira-fue-detenido-por-presunto-lavado-y-asociacion-ilicita\/\">leer m\u00e1s&#8230;<\/a><\/p>\n","protected":false},"author":2,"featured_media":2017,"comment_status":"closed","ping_status":"closed","sticky":false,"template":"","format":"standard","meta":{"generate_page_header":"","footnotes":""},"categories":[211],"tags":[],"yoast_head":"<!-- This site is optimized with the Yoast SEO plugin v23.5 - https:\/\/yoast.com\/wordpress\/plugins\/seo\/ -->\n<title>Padre de asamble\u00edsta Gabriela Rivadeneira fue detenido por presunto lavado y asociaci\u00f3n il\u00edcita en Imbabura - C\u00f3digo Vidrio<\/title>\n<meta name=\"robots\" content=\"index, follow, max-snippet:-1, max-image-preview:large, max-video-preview:-1\" \/>\n<link rel=\"canonical\" href=\"https:\/\/www.codigovidrio.com\/code\/padre-de-asambleista-gabriela-rivadeneira-fue-detenido-por-presunto-lavado-y-asociacion-ilicita\/\" \/>\n<meta property=\"og:locale\" content=\"es_ES\" \/>\n<meta property=\"og:type\" content=\"article\" \/>\n<meta property=\"og:title\" content=\"Padre de asamble\u00edsta Gabriela Rivadeneira fue detenido por presunto lavado y asociaci\u00f3n il\u00edcita en Imbabura - C\u00f3digo Vidrio\" \/>\n<meta property=\"og:description\" content=\"Pedro Rivadeneira fue detenido el jueves 9 de enero, a las 22:10, junto a Mauro Flores en Imbabura. Seg\u00fan la investigaci\u00f3n fiscal y de la Unidad de Lavado de la Polic\u00eda, eran parte de una organizaci\u00f3n delictiva que realiz\u00f3 movimientos financieros inusuales e injustificados por aproximadamente 5, 9 millones de d\u00f3lares. Redacci\u00f3n C\u00f3digo Vidrio Pedro ... leer m\u00e1s...\" \/>\n<meta property=\"og:url\" content=\"https:\/\/www.codigovidrio.com\/code\/padre-de-asambleista-gabriela-rivadeneira-fue-detenido-por-presunto-lavado-y-asociacion-ilicita\/\" \/>\n<meta property=\"og:site_name\" content=\"C\u00f3digo Vidrio\" \/>\n<meta property=\"article:published_time\" content=\"2020-01-10T13:16:17+00:00\" \/>\n<meta property=\"article:modified_time\" content=\"2020-01-13T15:31:22+00:00\" \/>\n<meta property=\"og:image\" content=\"https:\/\/www.codigovidrio.com\/code\/wp-content\/uploads\/2020\/01\/head-ribadeneira.jpg\" \/>\n\t<meta property=\"og:image:width\" content=\"1600\" \/>\n\t<meta property=\"og:image:height\" content=\"650\" \/>\n\t<meta property=\"og:image:type\" content=\"image\/jpeg\" \/>\n<meta name=\"author\" content=\"Codigo Vidrio Admin\" \/>\n<meta name=\"twitter:card\" content=\"summary_large_image\" \/>\n<meta name=\"twitter:label1\" content=\"Escrito por\" \/>\n\t<meta name=\"twitter:data1\" content=\"Codigo Vidrio Admin\" \/>\n\t<meta name=\"twitter:label2\" content=\"Tiempo de lectura\" \/>\n\t<meta name=\"twitter:data2\" content=\"3 minutos\" \/>\n<script type=\"application\/ld+json\" class=\"yoast-schema-graph\">{\"@context\":\"https:\/\/schema.org\",\"@graph\":[{\"@type\":\"Article\",\"@id\":\"https:\/\/www.codigovidrio.com\/code\/padre-de-asambleista-gabriela-rivadeneira-fue-detenido-por-presunto-lavado-y-asociacion-ilicita\/#article\",\"isPartOf\":{\"@id\":\"https:\/\/www.codigovidrio.com\/code\/padre-de-asambleista-gabriela-rivadeneira-fue-detenido-por-presunto-lavado-y-asociacion-ilicita\/\"},\"author\":{\"name\":\"Codigo Vidrio Admin\",\"@id\":\"https:\/\/www.codigovidrio.com\/code\/#\/schema\/person\/974bc7a5b889699d012b2343dc68fc6e\"},\"headline\":\"Padre de asamble\u00edsta Gabriela Rivadeneira fue detenido por presunto lavado y asociaci\u00f3n il\u00edcita en Imbabura\",\"datePublished\":\"2020-01-10T13:16:17+00:00\",\"dateModified\":\"2020-01-13T15:31:22+00:00\",\"mainEntityOfPage\":{\"@id\":\"https:\/\/www.codigovidrio.com\/code\/padre-de-asambleista-gabriela-rivadeneira-fue-detenido-por-presunto-lavado-y-asociacion-ilicita\/\"},\"wordCount\":554,\"publisher\":{\"@id\":\"https:\/\/www.codigovidrio.com\/code\/#organization\"},\"image\":{\"@id\":\"https:\/\/www.codigovidrio.com\/code\/padre-de-asambleista-gabriela-rivadeneira-fue-detenido-por-presunto-lavado-y-asociacion-ilicita\/#primaryimage\"},\"thumbnailUrl\":\"https:\/\/www.codigovidrio.com\/code\/wp-content\/uploads\/2020\/01\/head-ribadeneira.jpg\",\"articleSection\":[\"Especiales\"],\"inLanguage\":\"es\"},{\"@type\":\"WebPage\",\"@id\":\"https:\/\/www.codigovidrio.com\/code\/padre-de-asambleista-gabriela-rivadeneira-fue-detenido-por-presunto-lavado-y-asociacion-ilicita\/\",\"url\":\"https:\/\/www.codigovidrio.com\/code\/padre-de-asambleista-gabriela-rivadeneira-fue-detenido-por-presunto-lavado-y-asociacion-ilicita\/\",\"name\":\"Padre de asamble\u00edsta Gabriela Rivadeneira fue detenido por presunto lavado y asociaci\u00f3n il\u00edcita en Imbabura - C\u00f3digo Vidrio\",\"isPartOf\":{\"@id\":\"https:\/\/www.codigovidrio.com\/code\/#website\"},\"primaryImageOfPage\":{\"@id\":\"https:\/\/www.codigovidrio.com\/code\/padre-de-asambleista-gabriela-rivadeneira-fue-detenido-por-presunto-lavado-y-asociacion-ilicita\/#primaryimage\"},\"image\":{\"@id\":\"https:\/\/www.codigovidrio.com\/code\/padre-de-asambleista-gabriela-rivadeneira-fue-detenido-por-presunto-lavado-y-asociacion-ilicita\/#primaryimage\"},\"thumbnailUrl\":\"https:\/\/www.codigovidrio.com\/code\/wp-content\/uploads\/2020\/01\/head-ribadeneira.jpg\",\"datePublished\":\"2020-01-10T13:16:17+00:00\",\"dateModified\":\"2020-01-13T15:31:22+00:00\",\"breadcrumb\":{\"@id\":\"https:\/\/www.codigovidrio.com\/code\/padre-de-asambleista-gabriela-rivadeneira-fue-detenido-por-presunto-lavado-y-asociacion-ilicita\/#breadcrumb\"},\"inLanguage\":\"es\",\"potentialAction\":[{\"@type\":\"ReadAction\",\"target\":[\"https:\/\/www.codigovidrio.com\/code\/padre-de-asambleista-gabriela-rivadeneira-fue-detenido-por-presunto-lavado-y-asociacion-ilicita\/\"]}]},{\"@type\":\"ImageObject\",\"inLanguage\":\"es\",\"@id\":\"https:\/\/www.codigovidrio.com\/code\/padre-de-asambleista-gabriela-rivadeneira-fue-detenido-por-presunto-lavado-y-asociacion-ilicita\/#primaryimage\",\"url\":\"https:\/\/www.codigovidrio.com\/code\/wp-content\/uploads\/2020\/01\/head-ribadeneira.jpg\",\"contentUrl\":\"https:\/\/www.codigovidrio.com\/code\/wp-content\/uploads\/2020\/01\/head-ribadeneira.jpg\",\"width\":1600,\"height\":650},{\"@type\":\"BreadcrumbList\",\"@id\":\"https:\/\/www.codigovidrio.com\/code\/padre-de-asambleista-gabriela-rivadeneira-fue-detenido-por-presunto-lavado-y-asociacion-ilicita\/#breadcrumb\",\"itemListElement\":[{\"@type\":\"ListItem\",\"position\":1,\"name\":\"Portada\",\"item\":\"https:\/\/www.codigovidrio.com\/code\/\"},{\"@type\":\"ListItem\",\"position\":2,\"name\":\"Padre de asamble\u00edsta Gabriela Rivadeneira fue detenido por presunto lavado y asociaci\u00f3n il\u00edcita en Imbabura\"}]},{\"@type\":\"WebSite\",\"@id\":\"https:\/\/www.codigovidrio.com\/code\/#website\",\"url\":\"https:\/\/www.codigovidrio.com\/code\/\",\"name\":\"C\u00f3digo Vidrio\",\"description\":\"Transparentamos las historias ocultas\",\"publisher\":{\"@id\":\"https:\/\/www.codigovidrio.com\/code\/#organization\"},\"potentialAction\":[{\"@type\":\"SearchAction\",\"target\":{\"@type\":\"EntryPoint\",\"urlTemplate\":\"https:\/\/www.codigovidrio.com\/code\/?s={search_term_string}\"},\"query-input\":{\"@type\":\"PropertyValueSpecification\",\"valueRequired\":true,\"valueName\":\"search_term_string\"}}],\"inLanguage\":\"es\"},{\"@type\":\"Organization\",\"@id\":\"https:\/\/www.codigovidrio.com\/code\/#organization\",\"name\":\"C\u00f3digo Vidrio\",\"url\":\"https:\/\/www.codigovidrio.com\/code\/\",\"logo\":{\"@type\":\"ImageObject\",\"inLanguage\":\"es\",\"@id\":\"https:\/\/www.codigovidrio.com\/code\/#\/schema\/logo\/image\/\",\"url\":\"https:\/\/www.codigovidrio.com\/code\/wp-content\/uploads\/2022\/01\/logo-horiz-08.png\",\"contentUrl\":\"https:\/\/www.codigovidrio.com\/code\/wp-content\/uploads\/2022\/01\/logo-horiz-08.png\",\"width\":817,\"height\":294,\"caption\":\"C\u00f3digo Vidrio\"},\"image\":{\"@id\":\"https:\/\/www.codigovidrio.com\/code\/#\/schema\/logo\/image\/\"}},{\"@type\":\"Person\",\"@id\":\"https:\/\/www.codigovidrio.com\/code\/#\/schema\/person\/974bc7a5b889699d012b2343dc68fc6e\",\"name\":\"Codigo Vidrio Admin\",\"url\":\"https:\/\/www.codigovidrio.com\/code\/author\/vidrio-admin\/\"}]}<\/script>\n<!-- \/ Yoast SEO plugin. -->","yoast_head_json":{"title":"Padre de asamble\u00edsta Gabriela Rivadeneira fue detenido por presunto lavado y asociaci\u00f3n il\u00edcita en Imbabura - C\u00f3digo Vidrio","robots":{"index":"index","follow":"follow","max-snippet":"max-snippet:-1","max-image-preview":"max-image-preview:large","max-video-preview":"max-video-preview:-1"},"canonical":"https:\/\/www.codigovidrio.com\/code\/padre-de-asambleista-gabriela-rivadeneira-fue-detenido-por-presunto-lavado-y-asociacion-ilicita\/","og_locale":"es_ES","og_type":"article","og_title":"Padre de asamble\u00edsta Gabriela Rivadeneira fue detenido por presunto lavado y asociaci\u00f3n il\u00edcita en Imbabura - C\u00f3digo Vidrio","og_description":"Pedro Rivadeneira fue detenido el jueves 9 de enero, a las 22:10, junto a Mauro Flores en Imbabura. Seg\u00fan la investigaci\u00f3n fiscal y de la Unidad de Lavado de la Polic\u00eda, eran parte de una organizaci\u00f3n delictiva que realiz\u00f3 movimientos financieros inusuales e injustificados por aproximadamente 5, 9 millones de d\u00f3lares. Redacci\u00f3n C\u00f3digo Vidrio Pedro ... leer m\u00e1s...","og_url":"https:\/\/www.codigovidrio.com\/code\/padre-de-asambleista-gabriela-rivadeneira-fue-detenido-por-presunto-lavado-y-asociacion-ilicita\/","og_site_name":"C\u00f3digo Vidrio","article_published_time":"2020-01-10T13:16:17+00:00","article_modified_time":"2020-01-13T15:31:22+00:00","og_image":[{"width":1600,"height":650,"url":"https:\/\/www.codigovidrio.com\/code\/wp-content\/uploads\/2020\/01\/head-ribadeneira.jpg","type":"image\/jpeg"}],"author":"Codigo Vidrio Admin","twitter_card":"summary_large_image","twitter_misc":{"Escrito por":"Codigo Vidrio Admin","Tiempo de lectura":"3 minutos"},"schema":{"@context":"https:\/\/schema.org","@graph":[{"@type":"Article","@id":"https:\/\/www.codigovidrio.com\/code\/padre-de-asambleista-gabriela-rivadeneira-fue-detenido-por-presunto-lavado-y-asociacion-ilicita\/#article","isPartOf":{"@id":"https:\/\/www.codigovidrio.com\/code\/padre-de-asambleista-gabriela-rivadeneira-fue-detenido-por-presunto-lavado-y-asociacion-ilicita\/"},"author":{"name":"Codigo Vidrio Admin","@id":"https:\/\/www.codigovidrio.com\/code\/#\/schema\/person\/974bc7a5b889699d012b2343dc68fc6e"},"headline":"Padre de asamble\u00edsta Gabriela Rivadeneira fue detenido por presunto lavado y asociaci\u00f3n il\u00edcita en Imbabura","datePublished":"2020-01-10T13:16:17+00:00","dateModified":"2020-01-13T15:31:22+00:00","mainEntityOfPage":{"@id":"https:\/\/www.codigovidrio.com\/code\/padre-de-asambleista-gabriela-rivadeneira-fue-detenido-por-presunto-lavado-y-asociacion-ilicita\/"},"wordCount":554,"publisher":{"@id":"https:\/\/www.codigovidrio.com\/code\/#organization"},"image":{"@id":"https:\/\/www.codigovidrio.com\/code\/padre-de-asambleista-gabriela-rivadeneira-fue-detenido-por-presunto-lavado-y-asociacion-ilicita\/#primaryimage"},"thumbnailUrl":"https:\/\/www.codigovidrio.com\/code\/wp-content\/uploads\/2020\/01\/head-ribadeneira.jpg","articleSection":["Especiales"],"inLanguage":"es"},{"@type":"WebPage","@id":"https:\/\/www.codigovidrio.com\/code\/padre-de-asambleista-gabriela-rivadeneira-fue-detenido-por-presunto-lavado-y-asociacion-ilicita\/","url":"https:\/\/www.codigovidrio.com\/code\/padre-de-asambleista-gabriela-rivadeneira-fue-detenido-por-presunto-lavado-y-asociacion-ilicita\/","name":"Padre de asamble\u00edsta Gabriela Rivadeneira fue detenido por presunto lavado y asociaci\u00f3n il\u00edcita en Imbabura - C\u00f3digo Vidrio","isPartOf":{"@id":"https:\/\/www.codigovidrio.com\/code\/#website"},"primaryImageOfPage":{"@id":"https:\/\/www.codigovidrio.com\/code\/padre-de-asambleista-gabriela-rivadeneira-fue-detenido-por-presunto-lavado-y-asociacion-ilicita\/#primaryimage"},"image":{"@id":"https:\/\/www.codigovidrio.com\/code\/padre-de-asambleista-gabriela-rivadeneira-fue-detenido-por-presunto-lavado-y-asociacion-ilicita\/#primaryimage"},"thumbnailUrl":"https:\/\/www.codigovidrio.com\/code\/wp-content\/uploads\/2020\/01\/head-ribadeneira.jpg","datePublished":"2020-01-10T13:16:17+00:00","dateModified":"2020-01-13T15:31:22+00:00","breadcrumb":{"@id":"https:\/\/www.codigovidrio.com\/code\/padre-de-asambleista-gabriela-rivadeneira-fue-detenido-por-presunto-lavado-y-asociacion-ilicita\/#breadcrumb"},"inLanguage":"es","potentialAction":[{"@type":"ReadAction","target":["https:\/\/www.codigovidrio.com\/code\/padre-de-asambleista-gabriela-rivadeneira-fue-detenido-por-presunto-lavado-y-asociacion-ilicita\/"]}]},{"@type":"ImageObject","inLanguage":"es","@id":"https:\/\/www.codigovidrio.com\/code\/padre-de-asambleista-gabriela-rivadeneira-fue-detenido-por-presunto-lavado-y-asociacion-ilicita\/#primaryimage","url":"https:\/\/www.codigovidrio.com\/code\/wp-content\/uploads\/2020\/01\/head-ribadeneira.jpg","contentUrl":"https:\/\/www.codigovidrio.com\/code\/wp-content\/uploads\/2020\/01\/head-ribadeneira.jpg","width":1600,"height":650},{"@type":"BreadcrumbList","@id":"https:\/\/www.codigovidrio.com\/code\/padre-de-asambleista-gabriela-rivadeneira-fue-detenido-por-presunto-lavado-y-asociacion-ilicita\/#breadcrumb","itemListElement":[{"@type":"ListItem","position":1,"name":"Portada","item":"https:\/\/www.codigovidrio.com\/code\/"},{"@type":"ListItem","position":2,"name":"Padre de asamble\u00edsta Gabriela Rivadeneira fue detenido por presunto lavado y asociaci\u00f3n il\u00edcita en Imbabura"}]},{"@type":"WebSite","@id":"https:\/\/www.codigovidrio.com\/code\/#website","url":"https:\/\/www.codigovidrio.com\/code\/","name":"C\u00f3digo Vidrio","description":"Transparentamos las historias ocultas","publisher":{"@id":"https:\/\/www.codigovidrio.com\/code\/#organization"},"potentialAction":[{"@type":"SearchAction","target":{"@type":"EntryPoint","urlTemplate":"https:\/\/www.codigovidrio.com\/code\/?s={search_term_string}"},"query-input":{"@type":"PropertyValueSpecification","valueRequired":true,"valueName":"search_term_string"}}],"inLanguage":"es"},{"@type":"Organization","@id":"https:\/\/www.codigovidrio.com\/code\/#organization","name":"C\u00f3digo Vidrio","url":"https:\/\/www.codigovidrio.com\/code\/","logo":{"@type":"ImageObject","inLanguage":"es","@id":"https:\/\/www.codigovidrio.com\/code\/#\/schema\/logo\/image\/","url":"https:\/\/www.codigovidrio.com\/code\/wp-content\/uploads\/2022\/01\/logo-horiz-08.png","contentUrl":"https:\/\/www.codigovidrio.com\/code\/wp-content\/uploads\/2022\/01\/logo-horiz-08.png","width":817,"height":294,"caption":"C\u00f3digo Vidrio"},"image":{"@id":"https:\/\/www.codigovidrio.com\/code\/#\/schema\/logo\/image\/"}},{"@type":"Person","@id":"https:\/\/www.codigovidrio.com\/code\/#\/schema\/person\/974bc7a5b889699d012b2343dc68fc6e","name":"Codigo Vidrio Admin","url":"https:\/\/www.codigovidrio.com\/code\/author\/vidrio-admin\/"}]}},"_links":{"self":[{"href":"https:\/\/www.codigovidrio.com\/code\/wp-json\/wp\/v2\/posts\/2022"}],"collection":[{"href":"https:\/\/www.codigovidrio.com\/code\/wp-json\/wp\/v2\/posts"}],"about":[{"href":"https:\/\/www.codigovidrio.com\/code\/wp-json\/wp\/v2\/types\/post"}],"author":[{"embeddable":true,"href":"https:\/\/www.codigovidrio.com\/code\/wp-json\/wp\/v2\/users\/2"}],"replies":[{"embeddable":true,"href":"https:\/\/www.codigovidrio.com\/code\/wp-json\/wp\/v2\/comments?post=2022"}],"version-history":[{"count":14,"href":"https:\/\/www.codigovidrio.com\/code\/wp-json\/wp\/v2\/posts\/2022\/revisions"}],"predecessor-version":[{"id":2037,"href":"https:\/\/www.codigovidrio.com\/code\/wp-json\/wp\/v2\/posts\/2022\/revisions\/2037"}],"wp:featuredmedia":[{"embeddable":true,"href":"https:\/\/www.codigovidrio.com\/code\/wp-json\/wp\/v2\/media\/2017"}],"wp:attachment":[{"href":"https:\/\/www.codigovidrio.com\/code\/wp-json\/wp\/v2\/media?parent=2022"}],"wp:term":[{"taxonomy":"category","embeddable":true,"href":"https:\/\/www.codigovidrio.com\/code\/wp-json\/wp\/v2\/categories?post=2022"},{"taxonomy":"post_tag","embeddable":true,"href":"https:\/\/www.codigovidrio.com\/code\/wp-json\/wp\/v2\/tags?post=2022"}],"curies":[{"name":"wp","href":"https:\/\/api.w.org\/{rel}","templated":true}]}}