{"id":1951,"date":"2019-12-12T15:12:57","date_gmt":"2019-12-12T15:12:57","guid":{"rendered":"http:\/\/www.codigovidrio.com\/code\/?p=1951"},"modified":"2019-12-12T21:41:09","modified_gmt":"2019-12-12T21:41:09","slug":"la-cidh-pide-investigar-operaciones-de-uniformados-en-secuestro-y-asesinato-de-periodistas-de-el-comercio","status":"publish","type":"post","link":"https:\/\/www.codigovidrio.com\/code\/la-cidh-pide-investigar-operaciones-de-uniformados-en-secuestro-y-asesinato-de-periodistas-de-el-comercio\/","title":{"rendered":"La CIDH pide investigar operaciones de uniformados en secuestro y asesinato de periodistas de El Comercio"},"content":{"rendered":"<figure id=\"attachment_1546\" aria-describedby=\"caption-attachment-1546\" style=\"width: 1590px\" class=\"wp-caption aligncenter\"><img fetchpriority=\"high\" decoding=\"async\" class=\"wp-image-1546 size-full\" src=\"https:\/\/www.codigovidrio.com\/code\/wp-content\/uploads\/2019\/08\/cuerpos-en-Colombia.jpg\" alt=\"\" width=\"1600\" height=\"910\" \/><figcaption id=\"caption-attachment-1546\" class=\"wp-caption-text\">Los cuerpos de Javier Ortega, Pa\u00fal Rivas y Efra\u00edn Segarra fueron trasladados desde Tumaco a Cali, el 22 de junio de 2018, por integrantes de la polic\u00eda Colombiana del Gaula. Los hallaron en dos fosas, en la zona de los Cocos, donde supuestamente murieron.<\/figcaption><\/figure>\n<blockquote><p><strong>El Equipo de Seguimiento Especial (ESE) de la Comisi\u00f3n Interamericana de DD.HH. present\u00f3 en Washington su informe final sobre el secuestro y asesinato de Javier Ortega, Pa\u00fal Rivas y Efra\u00edn Segarra, de El Comercio. La investigaci\u00f3n confirma que los cautivos no fueron ejecutados de forma premeditada por los disidentes de las FARC, lo cual deja sin piso la tesis de la fiscal\u00eda colombiana.\u00a0<\/strong><b>Esto fue revelado por C\u00f3digo Vidrio, en abril-2019.<\/b><\/p>\n<p><strong>El ESE pide que se integre una comisi\u00f3n que investigue la realizaci\u00f3n de operaciones militares y policiales durante el secuestro, reveladas en el libro Rehenes. Determina que las medidas ejecutadas por el estado ecuatoriano en la crisis de seguridad en Esmeraldas fueron insuficientes para precautelar la seguridad de la poblaci\u00f3n y de los periodistas. Hubo diez v\u00edctimas mortales.<\/strong><\/p>\n<p><strong>Los atentados en Esmeraldas se debieron a los golpes de la fuerza p\u00fablica a las estructuras de FOS. El procurador \u00cd\u00f1igo Salvador dijo que el gobierno tom\u00f3 decisiones adecuadas durante el plagio y brind\u00f3 todo el apoyo para esclarecer lo ocurrido.\u00a0La CIDH recomienda que se establezcan mecanismos para una reparaci\u00f3n integral a los familiares.<\/strong><\/p><\/blockquote>\n<p>Por Arturo Torres<\/p>\n<p>Javier Ortega, Pa\u00fal Rivas y Efra\u00edn Segarra, de diario El Comercio, no fueron ejecutados de manera premeditada por disidentes del Frente Oliver Sinisterra (FOS). Ese es uno de los principales hallazgos del informe final del Equipo de Seguimiento Especial (ESE) de la Comisi\u00f3n Interamericana de Derechos Humanos (CIDH). El reporte, que se hizo p\u00fablico hoy, a las 12:00, en Washington, y coincide con las revelaciones denunciadas en el libro Rehenes y en este portal, recomienda a los gobiernos de Ecuador y Colombia integrar una comisi\u00f3n independiente que investigue si hubo operaciones policiales en el secuestro del equipo period\u00edstico.<\/p>\n<p>El monitoreo del ESE a la investigaci\u00f3n del secuestro del equipo period\u00edstico empez\u00f3 en junio de 2018, con el consentimiento de los dos gobiernos, luego de que la CIDH dictara medidas cautelares para precautelar sus vidas, por pedido de los familiares, Fundamedios y la Fundaci\u00f3n Para la Libertad de Prensa de Colombia (FLIP).<\/p>\n<div id='gallery-1' class='gallery galleryid-1951 gallery-columns-3 gallery-size-medium'><figure class='gallery-item'>\n\t\t\t<div class='gallery-icon landscape'>\n\t\t\t\t<a href='https:\/\/www.codigovidrio.com\/code\/08-foto-de-los-tres-encadenados\/'><img decoding=\"async\" width=\"300\" height=\"225\" src=\"https:\/\/www.codigovidrio.com\/code\/wp-content\/uploads\/2019\/04\/08-Foto-de-los-tres-encadenados-300x225.jpg\" class=\"attachment-medium size-medium\" alt=\"\" srcset=\"https:\/\/www.codigovidrio.com\/code\/wp-content\/uploads\/2019\/04\/08-Foto-de-los-tres-encadenados-300x225.jpg 300w, https:\/\/www.codigovidrio.com\/code\/wp-content\/uploads\/2019\/04\/08-Foto-de-los-tres-encadenados.jpg 720w\" sizes=\"(max-width: 300px) 100vw, 300px\" \/><\/a>\n\t\t\t<\/div><\/figure><figure class='gallery-item'>\n\t\t\t<div class='gallery-icon landscape'>\n\t\t\t\t<a href='https:\/\/www.codigovidrio.com\/code\/09-rio-de-mataje-comunidad-el-pan\/'><img decoding=\"async\" width=\"300\" height=\"225\" src=\"https:\/\/www.codigovidrio.com\/code\/wp-content\/uploads\/2019\/04\/09-Rio-de-Mataje-comunidad-El-Pan-300x225.jpg\" class=\"attachment-medium size-medium\" alt=\"\" srcset=\"https:\/\/www.codigovidrio.com\/code\/wp-content\/uploads\/2019\/04\/09-Rio-de-Mataje-comunidad-El-Pan-300x225.jpg 300w, https:\/\/www.codigovidrio.com\/code\/wp-content\/uploads\/2019\/04\/09-Rio-de-Mataje-comunidad-El-Pan-768x576.jpg 768w, https:\/\/www.codigovidrio.com\/code\/wp-content\/uploads\/2019\/04\/09-Rio-de-Mataje-comunidad-El-Pan.jpg 800w\" sizes=\"(max-width: 300px) 100vw, 300px\" \/><\/a>\n\t\t\t<\/div><\/figure><figure class='gallery-item'>\n\t\t\t<div class='gallery-icon landscape'>\n\t\t\t\t<a href='https:\/\/www.codigovidrio.com\/code\/10-puerto-rico-morador-en-el-rio\/'><img loading=\"lazy\" decoding=\"async\" width=\"300\" height=\"225\" src=\"https:\/\/www.codigovidrio.com\/code\/wp-content\/uploads\/2019\/04\/10-Puerto-Rico-morador-en-el-rio-300x225.jpg\" class=\"attachment-medium size-medium\" alt=\"\" srcset=\"https:\/\/www.codigovidrio.com\/code\/wp-content\/uploads\/2019\/04\/10-Puerto-Rico-morador-en-el-rio-300x225.jpg 300w, https:\/\/www.codigovidrio.com\/code\/wp-content\/uploads\/2019\/04\/10-Puerto-Rico-morador-en-el-rio-768x576.jpg 768w, https:\/\/www.codigovidrio.com\/code\/wp-content\/uploads\/2019\/04\/10-Puerto-Rico-morador-en-el-rio.jpg 800w\" sizes=\"(max-width: 300px) 100vw, 300px\" \/><\/a>\n\t\t\t<\/div><\/figure>\n\t\t<\/div>\n\n<p><span style=\"font-size: 13px; color: #666666; line-height: 12px;\">El 2 de abril de 2018 se hizo p\u00fablico el segundo video donde se ve a Javier, Pa\u00fal y Efra\u00edn, por \u00faltima vez con vida. Javier, abatido, recalca que sus vidas depend\u00edan de la decisi\u00f3n del Presidente. Durante su cautiverio fueron trasladados por sus captores a varios poblados ecuatorianos y colombianos, como El Pan y Puerto Rico. Los captores estuvieron hostigados por operaciones, seg\u00fan testimonios.<\/span><\/p>\n<p>Desde el secuestro, los parientes y compa\u00f1eros de los tres denunciaron el ocultamiento de informaci\u00f3n del gobierno. El reporte de la CIDH coincide en que hasta el momento ni Ecuador ni Colombia han entregado toda la informaci\u00f3n considerada secreta para esclarecer lo ocurrido.<\/p>\n<p>El r\u00e9gimen sostuvo que proporcion\u00f3 todos los informes pertinentes para la investigaci\u00f3n y que durante la crisis tom\u00f3 las medidas necesarias para liberar a los secuestrados y precautelar sus vidas.<\/p>\n<p>Entre las principales conclusiones del ESE se establece que la Direcci\u00f3n General de Inteligencia de la Polic\u00eda (DGI) conoci\u00f3 el riesgo para la seguridad de la poblaci\u00f3n, uniformados y periodistas y las amenazas del FOS, desde el 13 de enero del 2018, dos semanas antes de que ocurriera el atentado con un coche bomba en el cuartel policial de San Lorezo. Desde ese d\u00eda, la DGI supo que Walter Ar\u00edzaga, Guacho, ped\u00eda liberar a tres de sus hombres, detenidos por la Polic\u00eda.<\/p>\n<p>Sin embargo, la DGI, encabezada por el general Pablo Aguirre, no comparti\u00f3 esa informaci\u00f3n con el Mando \u00danico designado por el gobierno para enfrentar la crisis. Por ese motivo, no se aplic\u00f3 ning\u00fan protocolo para garantizar la seguridad de la poblaci\u00f3n y prevenir delitos, tras el estado de excepci\u00f3n, decretado en esos d\u00edas. No obstante, los jefes policiales indicaron que s\u00ed compartieron esa informaci\u00f3n con el Mando Unificado.<\/p>\n<div id='gallery-2' class='gallery galleryid-1951 gallery-columns-3 gallery-size-thumbnail'><figure class='gallery-item'>\n\t\t\t<div class='gallery-icon portrait'>\n\t\t\t\t<a href='https:\/\/www.codigovidrio.com\/code\/reporte-000\/'><img loading=\"lazy\" decoding=\"async\" width=\"150\" height=\"150\" src=\"https:\/\/www.codigovidrio.com\/code\/wp-content\/uploads\/2019\/12\/reporte-000-150x150.jpg\" class=\"attachment-thumbnail size-thumbnail\" alt=\"\" aria-describedby=\"gallery-2-1952\" \/><\/a>\n\t\t\t<\/div>\n\t\t\t\t<figcaption class='wp-caption-text gallery-caption' id='gallery-2-1952'>\n\t\t\t\tCar\u00e1tula del informe ESE CIDH\n\t\t\t\t<\/figcaption><\/figure><figure class='gallery-item'>\n\t\t\t<div class='gallery-icon portrait'>\n\t\t\t\t<a href='https:\/\/www.codigovidrio.com\/code\/reporte-004\/'><img loading=\"lazy\" decoding=\"async\" width=\"150\" height=\"150\" src=\"https:\/\/www.codigovidrio.com\/code\/wp-content\/uploads\/2019\/12\/reporte-004-150x150.jpg\" class=\"attachment-thumbnail size-thumbnail\" alt=\"\" aria-describedby=\"gallery-2-1953\" \/><\/a>\n\t\t\t<\/div>\n\t\t\t\t<figcaption class='wp-caption-text gallery-caption' id='gallery-2-1953'>\n\t\t\t\tP\u00e1g 4.\n\t\t\t\t<\/figcaption><\/figure><figure class='gallery-item'>\n\t\t\t<div class='gallery-icon portrait'>\n\t\t\t\t<a href='https:\/\/www.codigovidrio.com\/code\/reporte-063\/'><img loading=\"lazy\" decoding=\"async\" width=\"150\" height=\"150\" src=\"https:\/\/www.codigovidrio.com\/code\/wp-content\/uploads\/2019\/12\/reporte-063-150x150.jpg\" class=\"attachment-thumbnail size-thumbnail\" alt=\"\" aria-describedby=\"gallery-2-1947\" \/><\/a>\n\t\t\t<\/div>\n\t\t\t\t<figcaption class='wp-caption-text gallery-caption' id='gallery-2-1947'>\n\t\t\t\tP\u00e1g. 63 Pierden tiempo valioso, deciden el canje de rehenes por detenidos el 9 de abril, cuando la l\u00ednea de contacto con los captores se hab\u00eda roto\n\t\t\t\t<\/figcaption><\/figure><figure class='gallery-item'>\n\t\t\t<div class='gallery-icon portrait'>\n\t\t\t\t<a href='https:\/\/www.codigovidrio.com\/code\/reporte-075\/'><img loading=\"lazy\" decoding=\"async\" width=\"150\" height=\"150\" src=\"https:\/\/www.codigovidrio.com\/code\/wp-content\/uploads\/2019\/12\/reporte-075-150x150.jpg\" class=\"attachment-thumbnail size-thumbnail\" alt=\"\" aria-describedby=\"gallery-2-1948\" \/><\/a>\n\t\t\t<\/div>\n\t\t\t\t<figcaption class='wp-caption-text gallery-caption' id='gallery-2-1948'>\n\t\t\t\tP\u00e1g 75. Las autopsias y el an\u00e1lisis forense desvirt\u00faan que los Rehenes hubieran sido ejecutados; murieron mientras estaban en movimiento.\n\t\t\t\t<\/figcaption><\/figure><figure class='gallery-item'>\n\t\t\t<div class='gallery-icon portrait'>\n\t\t\t\t<a href='https:\/\/www.codigovidrio.com\/code\/reporte-076\/'><img loading=\"lazy\" decoding=\"async\" width=\"150\" height=\"150\" src=\"https:\/\/www.codigovidrio.com\/code\/wp-content\/uploads\/2019\/12\/reporte-076-150x150.jpg\" class=\"attachment-thumbnail size-thumbnail\" alt=\"\" aria-describedby=\"gallery-2-1949\" \/><\/a>\n\t\t\t<\/div>\n\t\t\t\t<figcaption class='wp-caption-text gallery-caption' id='gallery-2-1949'>\n\t\t\t\tP\u00e1g 76. El cuarto cuerpo hallado en las fosas, junto con los restos de los periodistas, si fue ejecutado\n\t\t\t\t<\/figcaption><\/figure><figure class='gallery-item'>\n\t\t\t<div class='gallery-icon portrait'>\n\t\t\t\t<a href='https:\/\/www.codigovidrio.com\/code\/reporte-084\/'><img loading=\"lazy\" decoding=\"async\" width=\"150\" height=\"150\" src=\"https:\/\/www.codigovidrio.com\/code\/wp-content\/uploads\/2019\/12\/reporte-084-150x150.jpg\" class=\"attachment-thumbnail size-thumbnail\" alt=\"\" aria-describedby=\"gallery-2-1950\" \/><\/a>\n\t\t\t<\/div>\n\t\t\t\t<figcaption class='wp-caption-text gallery-caption' id='gallery-2-1950'>\n\t\t\t\tP\u00e1g 84 cita de testimonios de polic\u00edas, que aparecen en Rehenes\n\t\t\t\t<\/figcaption><\/figure><figure class='gallery-item'>\n\t\t\t<div class='gallery-icon portrait'>\n\t\t\t\t<a href='https:\/\/www.codigovidrio.com\/code\/reporte-101\/'><img loading=\"lazy\" decoding=\"async\" width=\"150\" height=\"150\" src=\"https:\/\/www.codigovidrio.com\/code\/wp-content\/uploads\/2019\/12\/reporte-101-150x150.jpg\" class=\"attachment-thumbnail size-thumbnail\" alt=\"\" aria-describedby=\"gallery-2-1946\" \/><\/a>\n\t\t\t<\/div>\n\t\t\t\t<figcaption class='wp-caption-text gallery-caption' id='gallery-2-1946'>\n\t\t\t\tP\u00e1g 101 recomienda desclasificar informaci\u00f3n sobre operaciones armadas durante el secuestro\n\t\t\t\t<\/figcaption><\/figure>\n\t\t<\/div>\n\n<p>Las medidas del Estado ecuatoriano -agrega el informe- fueron insuficientes para hacer frente a la evidente situaci\u00f3n de riesgo extraordinario, generado por la presencia de los grupos delincuenciales armados, as\u00ed como por sus hechos delictivos y por los anuncios de atentados graves que hicieron a trav\u00e9s de un canal de comunicaci\u00f3n, que manten\u00edan con el mayor de Polic\u00eda Alejandro Zaldumbide.<\/p>\n<p>Los investigadores del ESE, encabezados por Luz Adriana Camargo, describen descoordinaciones, vac\u00edos y errores recurrentes de procedimientos y protocolos de seguridad a diferente nivel. Empezando por el comit\u00e9 de crisis y el equipo negociador, y pasando por las operaciones de Polic\u00eda, FF.AA. hasta las investigaciones poco t\u00e9cnicas de las fiscal\u00edas. Es una radiograf\u00eda que muestra fallas estructurales y estrategias en materia de seguridad en los estamentos pol\u00edticos y de seguridad, incluidos los sistemas de inteligencia. Por la crisis fallecieron diez personas en la frontera, incluidos 4 marinos, el soldado Wilson Ilaquiche, Katty Velasco y \u00d3scar Villac\u00eds.<\/p>\n<p>El equipo Javier Ortega no buscaba entrevistar a Guacho, que era la hip\u00f3tesis central del fiscal Wilson Toainga y del Gobierno. El ESE constat\u00f3 que el equipo de El Comercio lleg\u00f3 a la zona el 26 de marzo de 2018 para una cobertura period\u00edstica; no ingres\u00f3 por el r\u00edo, ni por una trocha, ni lo hizo saltando los controles. Por el contrario, pidi\u00f3 autorizaci\u00f3n al jefe del Mando \u00danico, John Merlo, y qued\u00f3 registrado en el Destacamento de la Marina en Mataje, lo cual \u201cdescartar\u00eda una conducta temeraria\u201d.<\/p>\n<p>Una semana antes ocurrieron una serie de atentados y hechos violentos en el poblado Mataje, causados por integrantes del FOS, que le hab\u00edan declarado la guerra al estado ecuatoriano. Esos ataques fueron conocidos y registrados por los miembros de la fuerza p\u00fablica. Sin embargo, los militares no tomaron precauciones y dejaron ingresar civiles a la zona, evidenciando fallas graves de descoordinaci\u00f3n con sus jefaturas.<\/p>\n<p><img loading=\"lazy\" decoding=\"async\" class=\"alignleft size-full wp-image-1986\" src=\"https:\/\/www.codigovidrio.com\/code\/wp-content\/uploads\/2019\/12\/cuadro-01.jpg\" alt=\"\" width=\"1234\" height=\"444\" srcset=\"https:\/\/www.codigovidrio.com\/code\/wp-content\/uploads\/2019\/12\/cuadro-01.jpg 1234w, https:\/\/www.codigovidrio.com\/code\/wp-content\/uploads\/2019\/12\/cuadro-01-300x108.jpg 300w, https:\/\/www.codigovidrio.com\/code\/wp-content\/uploads\/2019\/12\/cuadro-01-768x276.jpg 768w, https:\/\/www.codigovidrio.com\/code\/wp-content\/uploads\/2019\/12\/cuadro-01-1024x368.jpg 1024w\" sizes=\"(max-width: 1234px) 100vw, 1234px\" \/><\/p>\n<p>Una vez ocurrido el secuestro, el gobierno perdi\u00f3 d\u00edas valiosos para concretar la liberaci\u00f3n. \u201cPasaron varios d\u00edas en los que se realizaron gestiones dirigidas a que los canjeables aparentemente volvieran a manifestar su voluntad de aceptar su responsabilidad, diligencias cuya utilidad no aparece vinculada a alguna norma procedimental que imponga dicho acto de ratificacio\u00ecn, en momentos en que se considera debi\u00eca obrarse con prontitud\u201d. Quienes se encargaron de negociar la liberaci\u00f3n, especialmente un oficial de la Unidad Antisecuestros de la Polic\u00eda (Unase), no recibieron datos previos de la DGI, que ya sab\u00eda lo que exig\u00eda Guacho, dos meses antes.<\/p>\n<p><strong>No fueron ejecutados, murieron mientras estaban en movimiento<\/strong><\/p>\n<p>En otro de los cap\u00edtulos, el ESE establece contradicciones en la investigaci\u00f3n de la Fiscal\u00eda colombiana, sobre la forma en que murieron los cautivos. Eso concuerda con la investigaci\u00f3n de este portal en la que se evidenci\u00f3 que el examen de las autopsias practicadas en Cali dejaba sin piso la tesis de los gobiernos de Ecuador y Colombia. Ambos estados han insistido en que los cautivos fueron asesinados por los disidentes, en abril del 2018, en la zona de Los Cocos, en Nari\u00f1o, frontera con Ecuador.<\/p>\n<figure id=\"attachment_1843\" aria-describedby=\"caption-attachment-1843\" style=\"width: 590px\" class=\"wp-caption alignright\"><img loading=\"lazy\" decoding=\"async\" class=\"wp-image-1843\" src=\"https:\/\/www.codigovidrio.com\/code\/wp-content\/uploads\/2019\/08\/Cuerpos-en-Morgue-de-Cali.jpg\" alt=\"\" width=\"600\" height=\"334\" srcset=\"https:\/\/www.codigovidrio.com\/code\/wp-content\/uploads\/2019\/08\/Cuerpos-en-Morgue-de-Cali.jpg 1174w, https:\/\/www.codigovidrio.com\/code\/wp-content\/uploads\/2019\/08\/Cuerpos-en-Morgue-de-Cali-300x167.jpg 300w, https:\/\/www.codigovidrio.com\/code\/wp-content\/uploads\/2019\/08\/Cuerpos-en-Morgue-de-Cali-768x428.jpg 768w, https:\/\/www.codigovidrio.com\/code\/wp-content\/uploads\/2019\/08\/Cuerpos-en-Morgue-de-Cali-1024x570.jpg 1024w\" sizes=\"(max-width: 600px) 100vw, 600px\" \/><figcaption id=\"caption-attachment-1843\" class=\"wp-caption-text\">En Cali, los restos del equipo period\u00edstico de El Comercio fueron sometidos a necropsias.<\/figcaption><\/figure>\n<p>En el documento de 103 p\u00e1ginas se explica que los investigadores del ESE entrevistaron a los pat\u00f3logos, que realizaron las autopsias, as\u00ed como a un experto en bal\u00edstica. Todos coincidieron en \u201cno haber hallado evidencia de que las v\u00edctimas estuvieran sometidas o atadas en el momento de ser asesinadas\u201d, como indicaron disidentes ante la Fiscal\u00eda. Tampoco establecieron patrones de una ejecuci\u00f3n planificada.<\/p>\n<p>Las lesiones en cabeza y cuerpo de los tres rehenes eran distintas en cada caso, m\u00e1s compatibles con objetivos a los que se les dispara en movimiento. Los disparos se realizaron a una distancia aproximada de 1,20 metros, por la espalda de las v\u00edctimas en su mayor\u00eda y con trayectorias de abajo a arriba.<\/p>\n<p>As\u00ed, el reporte de la CIDH pone en entredicho la teor\u00eda del caso de la Fiscal\u00eda colombiana, que reconstruy\u00f3 el supuesto asesinato de los trabajadores de El Comercio, bas\u00e1ndose s\u00f3lo en testimonios de disidentes, sin contrastarlos con las autopsias, ni con otras pruebas. Tambi\u00e9n pone reparos a la reconstrucci\u00f3n fiscal del itinerario del plagio, pues las versiones de los disidentes no concuerdan con la temporalidad de los hechos.<\/p>\n<p>Cuando murieron ninguna de las v\u00edctimas estaba sentada e inm\u00f3vil, como ha asumido la Fiscal\u00eda. Al recibir los impactos de bala, con armas cortas, con certeza estaban caminando o corriendo.<\/p>\n<p>El an\u00e1lisis de las necropsias, seg\u00fan dos expertos forenses consultados por este portal, sugiere que las muertes pudieron ocurrir en medio de un enfrentamiento armado. Esto coincide con los testimonios recogidos en Rehenes de varios polic\u00edas y altos oficiales, un informe de la Senain y un reporte del Ministerio de Defensa de Colombia. Todos concuerdan en que durante el rapto hubo sucesivas incursiones armadas en las zonas por donde transitaban, algunas desde el lado ecuatoriano. Eso, al parecer, desencaden\u00f3 su muerte.<\/p>\n<div id='gallery-3' class='gallery galleryid-1951 gallery-columns-3 gallery-size-medium'><figure class='gallery-item'>\n\t\t\t<div class='gallery-icon landscape'>\n\t\t\t\t<a href='https:\/\/www.codigovidrio.com\/code\/02-reunion-directivos-medios\/'><img loading=\"lazy\" decoding=\"async\" width=\"300\" height=\"188\" src=\"https:\/\/www.codigovidrio.com\/code\/wp-content\/uploads\/2019\/04\/02-Reunion-directivos-medios-300x188.jpg\" class=\"attachment-medium size-medium\" alt=\"\" srcset=\"https:\/\/www.codigovidrio.com\/code\/wp-content\/uploads\/2019\/04\/02-Reunion-directivos-medios-300x188.jpg 300w, https:\/\/www.codigovidrio.com\/code\/wp-content\/uploads\/2019\/04\/02-Reunion-directivos-medios-768x480.jpg 768w, https:\/\/www.codigovidrio.com\/code\/wp-content\/uploads\/2019\/04\/02-Reunion-directivos-medios.jpg 816w\" sizes=\"(max-width: 300px) 100vw, 300px\" \/><\/a>\n\t\t\t<\/div><\/figure><figure class='gallery-item'>\n\t\t\t<div class='gallery-icon landscape'>\n\t\t\t\t<a href='https:\/\/www.codigovidrio.com\/code\/03-reunion-10-abril-con-gremios-y-empresarios\/'><img loading=\"lazy\" decoding=\"async\" width=\"300\" height=\"188\" src=\"https:\/\/www.codigovidrio.com\/code\/wp-content\/uploads\/2019\/04\/03-Reunion-10-abril-con-gremios-y-empresarios-300x188.jpg\" class=\"attachment-medium size-medium\" alt=\"\" srcset=\"https:\/\/www.codigovidrio.com\/code\/wp-content\/uploads\/2019\/04\/03-Reunion-10-abril-con-gremios-y-empresarios-300x188.jpg 300w, https:\/\/www.codigovidrio.com\/code\/wp-content\/uploads\/2019\/04\/03-Reunion-10-abril-con-gremios-y-empresarios-768x480.jpg 768w, https:\/\/www.codigovidrio.com\/code\/wp-content\/uploads\/2019\/04\/03-Reunion-10-abril-con-gremios-y-empresarios.jpg 784w\" sizes=\"(max-width: 300px) 100vw, 300px\" \/><\/a>\n\t\t\t<\/div><\/figure><figure class='gallery-item'>\n\t\t\t<div class='gallery-icon landscape'>\n\t\t\t\t<a href='https:\/\/www.codigovidrio.com\/code\/04-reunion-con-diplomaticos-11-abril\/'><img loading=\"lazy\" decoding=\"async\" width=\"300\" height=\"188\" src=\"https:\/\/www.codigovidrio.com\/code\/wp-content\/uploads\/2019\/04\/04-Reunion-con-diplomaticos-11-abril-300x188.jpg\" class=\"attachment-medium size-medium\" alt=\"\" srcset=\"https:\/\/www.codigovidrio.com\/code\/wp-content\/uploads\/2019\/04\/04-Reunion-con-diplomaticos-11-abril-300x188.jpg 300w, https:\/\/www.codigovidrio.com\/code\/wp-content\/uploads\/2019\/04\/04-Reunion-con-diplomaticos-11-abril-768x480.jpg 768w, https:\/\/www.codigovidrio.com\/code\/wp-content\/uploads\/2019\/04\/04-Reunion-con-diplomaticos-11-abril.jpg 784w\" sizes=\"(max-width: 300px) 100vw, 300px\" \/><\/a>\n\t\t\t<\/div><\/figure><figure class='gallery-item'>\n\t\t\t<div class='gallery-icon landscape'>\n\t\t\t\t<a href='https:\/\/www.codigovidrio.com\/code\/05-reunion-con-jerarcas-iglesia-12-abril\/'><img loading=\"lazy\" decoding=\"async\" width=\"300\" height=\"188\" src=\"https:\/\/www.codigovidrio.com\/code\/wp-content\/uploads\/2019\/04\/05-Reunion-con-jerarcas-Iglesia-12-abril-300x188.jpg\" class=\"attachment-medium size-medium\" alt=\"\" srcset=\"https:\/\/www.codigovidrio.com\/code\/wp-content\/uploads\/2019\/04\/05-Reunion-con-jerarcas-Iglesia-12-abril-300x188.jpg 300w, https:\/\/www.codigovidrio.com\/code\/wp-content\/uploads\/2019\/04\/05-Reunion-con-jerarcas-Iglesia-12-abril.jpg 736w\" sizes=\"(max-width: 300px) 100vw, 300px\" \/><\/a>\n\t\t\t<\/div><\/figure><figure class='gallery-item'>\n\t\t\t<div class='gallery-icon landscape'>\n\t\t\t\t<a href='https:\/\/www.codigovidrio.com\/code\/06-presidente-anuncia-en-ecu-911-13-abril\/'><img loading=\"lazy\" decoding=\"async\" width=\"300\" height=\"188\" src=\"https:\/\/www.codigovidrio.com\/code\/wp-content\/uploads\/2019\/04\/06-Presidente-anuncia-en-ECU-911-13-abril-300x188.jpg\" class=\"attachment-medium size-medium\" alt=\"\" srcset=\"https:\/\/www.codigovidrio.com\/code\/wp-content\/uploads\/2019\/04\/06-Presidente-anuncia-en-ECU-911-13-abril-300x188.jpg 300w, https:\/\/www.codigovidrio.com\/code\/wp-content\/uploads\/2019\/04\/06-Presidente-anuncia-en-ECU-911-13-abril-768x480.jpg 768w, https:\/\/www.codigovidrio.com\/code\/wp-content\/uploads\/2019\/04\/06-Presidente-anuncia-en-ECU-911-13-abril.jpg 800w\" sizes=\"(max-width: 300px) 100vw, 300px\" \/><\/a>\n\t\t\t<\/div><\/figure><figure class='gallery-item'>\n\t\t\t<div class='gallery-icon landscape'>\n\t\t\t\t<a href='https:\/\/www.codigovidrio.com\/code\/07-protestas-nos-faltan-tres-2\/'><img loading=\"lazy\" decoding=\"async\" width=\"300\" height=\"187\" src=\"https:\/\/www.codigovidrio.com\/code\/wp-content\/uploads\/2019\/04\/07-Protestas-nos-faltan-tres-2-300x187.jpg\" class=\"attachment-medium size-medium\" alt=\"\" srcset=\"https:\/\/www.codigovidrio.com\/code\/wp-content\/uploads\/2019\/04\/07-Protestas-nos-faltan-tres-2-300x187.jpg 300w, https:\/\/www.codigovidrio.com\/code\/wp-content\/uploads\/2019\/04\/07-Protestas-nos-faltan-tres-2.jpg 746w\" sizes=\"(max-width: 300px) 100vw, 300px\" \/><\/a>\n\t\t\t<\/div><\/figure>\n\t\t<\/div>\n\n<p><span style=\"font-size: 13px; color: #666666; line-height: 10px;\">Desde el martes 10 de abril, el presidente Moreno se reuni\u00f3 con directivos de algunos medios, empresarios, cuerpo diplom\u00e1tico, representantes de la Iglesia, para dialogar sobre la situaci\u00f3n de los secuestrados. El viernes 13 de abril, confirm\u00f3 la muerte de los tres rehenes. Las vigilias fuera del Palacio continuaron. Fotos: Presidencia.<\/span><\/p>\n<p>El ESE recomienda que ambos estados designen una comisi\u00f3n especial aut\u00f3noma e imparcial, que acceda a informaci\u00f3n que a\u00fan es reservada y no ha sido desclasificada por los gobiernos. As\u00ed se garantizar\u00eda a los familiares el acceso a datos en poder de las diferentes agencias policiales y militares, para establecer, entre otros aspectos:<\/p>\n<ul>\n<li>Si se autoriz\u00f3 a las fuerzas armadas de Colombia efectuar operativos de bu\u00ecsqueda desde territorio ecuatoriano para ubicar a alias Guacho durante el plagio.<\/li>\n<li>Si hubo o no operativos de fuerzas armadas colombianas para ubicar a Guacho durante el secuestro en ese pa\u00eds.\u00a0El documento final de la CIDH cita un informe del Ministerio de Defensa de Colombia (tambi\u00e9n incluido en Rehenes), que ratific\u00f3 que durante el plagio hubo dos incursiones militares en las zonas donde transitaban los cautivos. \u201cEl ESE considera que hay suficientes motivos para investigar estas operaciones\u201d.<\/li>\n<\/ul>\n<p>En abril del a\u00f1o pasado, luego de que se confirm\u00f3 que los tres estaban secuestrados, el presidente Lenin Moreno decidi\u00f3 negociar su liberaci\u00f3n con Guacho, l\u00edder del FOS. Y accedi\u00f3 a un intercambio con tres de sus hombres, detenidos en enero del 2018. Para concretar el canje asegur\u00f3 que se suspender\u00edan todas las operaciones militares y policiales que podr\u00edan arriesgar sus vidas, en Ecuador y Colombia. Esta decisi\u00f3n se tom\u00f3 sin seguir ning\u00fan procedimiento o par\u00e1metro, en base a an\u00e1lisis de riesgos y seguridad en este tipo de casos.<\/p>\n<p><strong>Reparaci\u00f3n integral para los familiares<\/strong><\/p>\n<p>El ESE recomienda que Ecuador y Colombia establezcan mecanismos para evaluar y determinar una reparaci\u00f3n integral a los familiares de Paul, Javier y Efra\u00edn, \u201cpues han sido v\u00edctimas de afectaciones a sus vidas por un conflicto protagonizado por grupos armados terroristas\u201d, sin la prevenci\u00f3n adecuada de ambos Estados.<\/p>\n<p>Tambi\u00e9n incorpor\u00f3 las observaciones a los proyectos de informe de los gobiernos de Colombia y Ecuador. Ecuador expres\u00f3 su \u201cdesacuerdo con el contenido del proyecto\u201d. Solicit\u00f3 al ESE limitarse al cumplimiento de sus objetivos y abstenerse \u201cde adelantar criterios sesgados y sin sustento, que busquen direccionar las investigaciones en curso y a establecer la presunta responsabilidad internacional del Estado por los hechos sucedidos\u201d.<\/p>\n<p><strong>El Presidente no levant\u00f3 la reserva de toda la informaci\u00f3n<\/strong><br \/>\n<iframe src=\"https:\/\/www.youtube.com\/embed\/Eq8eko4UrM0\" width=\"560\" height=\"315\" frameborder=\"0\" allowfullscreen=\"allowfullscreen\"><\/iframe><\/p>\n<p>La informaci\u00f3n oficial proporcionada a la CIDH por ambos estados se contrast\u00f3 con la suministrada por reporteros e investigaciones abiertas al p\u00fablico. Se incluyeron datos del libro Rehenes, \u00bfpor qu\u00e9 ejecutaron a los periodistas de El Comercio?. Eso fue objetado por Ecuador, pues \u00abel ESE debi\u00f3 ce\u00f1irse a la informaci\u00f3n oficial a la que se tuvo acceso, siendo la que, a su juicio, posee las caracter\u00edsticas de relevancia, objetividad, exhaustividad y fiabilidad\u00bb.<\/p>\n<p>\u201cEn ese sentido, el ESE considera que la investigaci\u00f3n realizada por los periodistas Arturo Torres y Mar\u00eda Bel\u00e9n Arroyo, as\u00ed como el resto de las publicaciones mencionadas en este informe, aparecen suficientemente documentadas y contienen informaci\u00f3n que debiera ser tomada en cuenta por quienes dirigen la averiguaci\u00f3n penal, a fin de guiar las actividades investigativas necesarias para clarificar la raz\u00f3n de las inconsistencias advertidas\u201d.<\/p>\n<p>El tema tambi\u00e9n fue investigado por un colectivo de 20 periodistas de Ecuador y Colombia, del grupo Frontera Cautiva, publicado en octubre de 2018.<\/p>\n<p>La CIDH entiende que el objetivo final de las investigaciones en curso \u201ces reconstruir la verdad de lo sucedido -ya sea confirmando o descartando las versiones oficiales o las period\u00edsticas\u201d.<\/p>\n<p>No obstante, para la CIDH a\u00fan resta por esclarecerse varios temas centrales. Entre otros: Cu\u00e1l fue la estrategia que se traz\u00f3 para el manejo del secuestro; qu\u00e9 papel cumpli\u00f3 el comit\u00e9 de crisis; qui\u00e9n tomaba las decisiones de los que deb\u00eda hacerse y cu\u00e1ndo se tom\u00f3 la decisi\u00f3n de la ruta a seguir.<\/p>\n","protected":false},"excerpt":{"rendered":"<p>El Equipo de Seguimiento Especial (ESE) de la Comisi\u00f3n Interamericana de DD.HH. present\u00f3 en Washington su informe final sobre el secuestro y asesinato de Javier Ortega, Pa\u00fal Rivas y Efra\u00edn Segarra, de El Comercio. La investigaci\u00f3n confirma que los cautivos no fueron ejecutados de forma premeditada por los disidentes de las FARC, lo cual deja &#8230; <a title=\"La CIDH pide investigar operaciones de uniformados en secuestro y asesinato de periodistas de El Comercio\" class=\"read-more\" href=\"https:\/\/www.codigovidrio.com\/code\/la-cidh-pide-investigar-operaciones-de-uniformados-en-secuestro-y-asesinato-de-periodistas-de-el-comercio\/\">leer m\u00e1s&#8230;<\/a><\/p>\n","protected":false},"author":2,"featured_media":0,"comment_status":"closed","ping_status":"closed","sticky":false,"template":"","format":"standard","meta":{"generate_page_header":"","footnotes":""},"categories":[213],"tags":[],"yoast_head":"<!-- This site is optimized with the Yoast SEO plugin v23.5 - https:\/\/yoast.com\/wordpress\/plugins\/seo\/ -->\n<title>La CIDH pide investigar operaciones de uniformados en secuestro y asesinato de periodistas de El Comercio - C\u00f3digo Vidrio<\/title>\n<meta name=\"robots\" content=\"index, follow, max-snippet:-1, max-image-preview:large, max-video-preview:-1\" \/>\n<link rel=\"canonical\" href=\"https:\/\/www.codigovidrio.com\/code\/la-cidh-pide-investigar-operaciones-de-uniformados-en-secuestro-y-asesinato-de-periodistas-de-el-comercio\/\" \/>\n<meta property=\"og:locale\" content=\"es_ES\" \/>\n<meta property=\"og:type\" content=\"article\" \/>\n<meta property=\"og:title\" content=\"La CIDH pide investigar operaciones de uniformados en secuestro y asesinato de periodistas de El Comercio - C\u00f3digo Vidrio\" \/>\n<meta property=\"og:description\" content=\"El Equipo de Seguimiento Especial (ESE) de la Comisi\u00f3n Interamericana de DD.HH. present\u00f3 en Washington su informe final sobre el secuestro y asesinato de Javier Ortega, Pa\u00fal Rivas y Efra\u00edn Segarra, de El Comercio. La investigaci\u00f3n confirma que los cautivos no fueron ejecutados de forma premeditada por los disidentes de las FARC, lo cual deja ... leer m\u00e1s...\" \/>\n<meta property=\"og:url\" content=\"https:\/\/www.codigovidrio.com\/code\/la-cidh-pide-investigar-operaciones-de-uniformados-en-secuestro-y-asesinato-de-periodistas-de-el-comercio\/\" \/>\n<meta property=\"og:site_name\" content=\"C\u00f3digo Vidrio\" \/>\n<meta property=\"article:published_time\" content=\"2019-12-12T15:12:57+00:00\" \/>\n<meta property=\"article:modified_time\" content=\"2019-12-12T21:41:09+00:00\" \/>\n<meta property=\"og:image\" content=\"https:\/\/www.codigovidrio.com\/code\/wp-content\/uploads\/2019\/04\/08-Foto-de-los-tres-encadenados-300x225.jpg\" \/>\n<meta name=\"author\" content=\"Codigo Vidrio Admin\" \/>\n<meta name=\"twitter:card\" content=\"summary_large_image\" \/>\n<meta name=\"twitter:label1\" content=\"Escrito por\" \/>\n\t<meta name=\"twitter:data1\" content=\"Codigo Vidrio Admin\" \/>\n\t<meta name=\"twitter:label2\" content=\"Tiempo de lectura\" \/>\n\t<meta name=\"twitter:data2\" content=\"11 minutos\" \/>\n<script type=\"application\/ld+json\" class=\"yoast-schema-graph\">{\"@context\":\"https:\/\/schema.org\",\"@graph\":[{\"@type\":\"Article\",\"@id\":\"https:\/\/www.codigovidrio.com\/code\/la-cidh-pide-investigar-operaciones-de-uniformados-en-secuestro-y-asesinato-de-periodistas-de-el-comercio\/#article\",\"isPartOf\":{\"@id\":\"https:\/\/www.codigovidrio.com\/code\/la-cidh-pide-investigar-operaciones-de-uniformados-en-secuestro-y-asesinato-de-periodistas-de-el-comercio\/\"},\"author\":{\"name\":\"Codigo Vidrio Admin\",\"@id\":\"https:\/\/www.codigovidrio.com\/code\/#\/schema\/person\/974bc7a5b889699d012b2343dc68fc6e\"},\"headline\":\"La CIDH pide investigar operaciones de uniformados en secuestro y asesinato de periodistas de El Comercio\",\"datePublished\":\"2019-12-12T15:12:57+00:00\",\"dateModified\":\"2019-12-12T21:41:09+00:00\",\"mainEntityOfPage\":{\"@id\":\"https:\/\/www.codigovidrio.com\/code\/la-cidh-pide-investigar-operaciones-de-uniformados-en-secuestro-y-asesinato-de-periodistas-de-el-comercio\/\"},\"wordCount\":2304,\"publisher\":{\"@id\":\"https:\/\/www.codigovidrio.com\/code\/#organization\"},\"image\":{\"@id\":\"https:\/\/www.codigovidrio.com\/code\/la-cidh-pide-investigar-operaciones-de-uniformados-en-secuestro-y-asesinato-de-periodistas-de-el-comercio\/#primaryimage\"},\"thumbnailUrl\":\"http:\/\/www.codigovidrio.com\/code\/wp-content\/uploads\/2019\/08\/cuerpos-en-Colombia.jpg\",\"articleSection\":[\"Rehenes\"],\"inLanguage\":\"es\"},{\"@type\":\"WebPage\",\"@id\":\"https:\/\/www.codigovidrio.com\/code\/la-cidh-pide-investigar-operaciones-de-uniformados-en-secuestro-y-asesinato-de-periodistas-de-el-comercio\/\",\"url\":\"https:\/\/www.codigovidrio.com\/code\/la-cidh-pide-investigar-operaciones-de-uniformados-en-secuestro-y-asesinato-de-periodistas-de-el-comercio\/\",\"name\":\"La CIDH pide investigar operaciones de uniformados en secuestro y asesinato de periodistas de El Comercio - C\u00f3digo Vidrio\",\"isPartOf\":{\"@id\":\"https:\/\/www.codigovidrio.com\/code\/#website\"},\"primaryImageOfPage\":{\"@id\":\"https:\/\/www.codigovidrio.com\/code\/la-cidh-pide-investigar-operaciones-de-uniformados-en-secuestro-y-asesinato-de-periodistas-de-el-comercio\/#primaryimage\"},\"image\":{\"@id\":\"https:\/\/www.codigovidrio.com\/code\/la-cidh-pide-investigar-operaciones-de-uniformados-en-secuestro-y-asesinato-de-periodistas-de-el-comercio\/#primaryimage\"},\"thumbnailUrl\":\"http:\/\/www.codigovidrio.com\/code\/wp-content\/uploads\/2019\/08\/cuerpos-en-Colombia.jpg\",\"datePublished\":\"2019-12-12T15:12:57+00:00\",\"dateModified\":\"2019-12-12T21:41:09+00:00\",\"breadcrumb\":{\"@id\":\"https:\/\/www.codigovidrio.com\/code\/la-cidh-pide-investigar-operaciones-de-uniformados-en-secuestro-y-asesinato-de-periodistas-de-el-comercio\/#breadcrumb\"},\"inLanguage\":\"es\",\"potentialAction\":[{\"@type\":\"ReadAction\",\"target\":[\"https:\/\/www.codigovidrio.com\/code\/la-cidh-pide-investigar-operaciones-de-uniformados-en-secuestro-y-asesinato-de-periodistas-de-el-comercio\/\"]}]},{\"@type\":\"ImageObject\",\"inLanguage\":\"es\",\"@id\":\"https:\/\/www.codigovidrio.com\/code\/la-cidh-pide-investigar-operaciones-de-uniformados-en-secuestro-y-asesinato-de-periodistas-de-el-comercio\/#primaryimage\",\"url\":\"http:\/\/www.codigovidrio.com\/code\/wp-content\/uploads\/2019\/08\/cuerpos-en-Colombia.jpg\",\"contentUrl\":\"http:\/\/www.codigovidrio.com\/code\/wp-content\/uploads\/2019\/08\/cuerpos-en-Colombia.jpg\"},{\"@type\":\"BreadcrumbList\",\"@id\":\"https:\/\/www.codigovidrio.com\/code\/la-cidh-pide-investigar-operaciones-de-uniformados-en-secuestro-y-asesinato-de-periodistas-de-el-comercio\/#breadcrumb\",\"itemListElement\":[{\"@type\":\"ListItem\",\"position\":1,\"name\":\"Portada\",\"item\":\"https:\/\/www.codigovidrio.com\/code\/\"},{\"@type\":\"ListItem\",\"position\":2,\"name\":\"La CIDH pide investigar operaciones de uniformados en secuestro y asesinato de periodistas de El Comercio\"}]},{\"@type\":\"WebSite\",\"@id\":\"https:\/\/www.codigovidrio.com\/code\/#website\",\"url\":\"https:\/\/www.codigovidrio.com\/code\/\",\"name\":\"C\u00f3digo Vidrio\",\"description\":\"Transparentamos las historias ocultas\",\"publisher\":{\"@id\":\"https:\/\/www.codigovidrio.com\/code\/#organization\"},\"potentialAction\":[{\"@type\":\"SearchAction\",\"target\":{\"@type\":\"EntryPoint\",\"urlTemplate\":\"https:\/\/www.codigovidrio.com\/code\/?s={search_term_string}\"},\"query-input\":{\"@type\":\"PropertyValueSpecification\",\"valueRequired\":true,\"valueName\":\"search_term_string\"}}],\"inLanguage\":\"es\"},{\"@type\":\"Organization\",\"@id\":\"https:\/\/www.codigovidrio.com\/code\/#organization\",\"name\":\"C\u00f3digo Vidrio\",\"url\":\"https:\/\/www.codigovidrio.com\/code\/\",\"logo\":{\"@type\":\"ImageObject\",\"inLanguage\":\"es\",\"@id\":\"https:\/\/www.codigovidrio.com\/code\/#\/schema\/logo\/image\/\",\"url\":\"https:\/\/www.codigovidrio.com\/code\/wp-content\/uploads\/2022\/01\/logo-horiz-08.png\",\"contentUrl\":\"https:\/\/www.codigovidrio.com\/code\/wp-content\/uploads\/2022\/01\/logo-horiz-08.png\",\"width\":817,\"height\":294,\"caption\":\"C\u00f3digo Vidrio\"},\"image\":{\"@id\":\"https:\/\/www.codigovidrio.com\/code\/#\/schema\/logo\/image\/\"}},{\"@type\":\"Person\",\"@id\":\"https:\/\/www.codigovidrio.com\/code\/#\/schema\/person\/974bc7a5b889699d012b2343dc68fc6e\",\"name\":\"Codigo Vidrio Admin\",\"url\":\"https:\/\/www.codigovidrio.com\/code\/author\/vidrio-admin\/\"}]}<\/script>\n<!-- \/ Yoast SEO plugin. -->","yoast_head_json":{"title":"La CIDH pide investigar operaciones de uniformados en secuestro y asesinato de periodistas de El Comercio - C\u00f3digo Vidrio","robots":{"index":"index","follow":"follow","max-snippet":"max-snippet:-1","max-image-preview":"max-image-preview:large","max-video-preview":"max-video-preview:-1"},"canonical":"https:\/\/www.codigovidrio.com\/code\/la-cidh-pide-investigar-operaciones-de-uniformados-en-secuestro-y-asesinato-de-periodistas-de-el-comercio\/","og_locale":"es_ES","og_type":"article","og_title":"La CIDH pide investigar operaciones de uniformados en secuestro y asesinato de periodistas de El Comercio - C\u00f3digo Vidrio","og_description":"El Equipo de Seguimiento Especial (ESE) de la Comisi\u00f3n Interamericana de DD.HH. present\u00f3 en Washington su informe final sobre el secuestro y asesinato de Javier Ortega, Pa\u00fal Rivas y Efra\u00edn Segarra, de El Comercio. La investigaci\u00f3n confirma que los cautivos no fueron ejecutados de forma premeditada por los disidentes de las FARC, lo cual deja ... leer m\u00e1s...","og_url":"https:\/\/www.codigovidrio.com\/code\/la-cidh-pide-investigar-operaciones-de-uniformados-en-secuestro-y-asesinato-de-periodistas-de-el-comercio\/","og_site_name":"C\u00f3digo Vidrio","article_published_time":"2019-12-12T15:12:57+00:00","article_modified_time":"2019-12-12T21:41:09+00:00","og_image":[{"url":"https:\/\/www.codigovidrio.com\/code\/wp-content\/uploads\/2019\/04\/08-Foto-de-los-tres-encadenados-300x225.jpg"}],"author":"Codigo Vidrio Admin","twitter_card":"summary_large_image","twitter_misc":{"Escrito por":"Codigo Vidrio Admin","Tiempo de lectura":"11 minutos"},"schema":{"@context":"https:\/\/schema.org","@graph":[{"@type":"Article","@id":"https:\/\/www.codigovidrio.com\/code\/la-cidh-pide-investigar-operaciones-de-uniformados-en-secuestro-y-asesinato-de-periodistas-de-el-comercio\/#article","isPartOf":{"@id":"https:\/\/www.codigovidrio.com\/code\/la-cidh-pide-investigar-operaciones-de-uniformados-en-secuestro-y-asesinato-de-periodistas-de-el-comercio\/"},"author":{"name":"Codigo Vidrio Admin","@id":"https:\/\/www.codigovidrio.com\/code\/#\/schema\/person\/974bc7a5b889699d012b2343dc68fc6e"},"headline":"La CIDH pide investigar operaciones de uniformados en secuestro y asesinato de periodistas de El Comercio","datePublished":"2019-12-12T15:12:57+00:00","dateModified":"2019-12-12T21:41:09+00:00","mainEntityOfPage":{"@id":"https:\/\/www.codigovidrio.com\/code\/la-cidh-pide-investigar-operaciones-de-uniformados-en-secuestro-y-asesinato-de-periodistas-de-el-comercio\/"},"wordCount":2304,"publisher":{"@id":"https:\/\/www.codigovidrio.com\/code\/#organization"},"image":{"@id":"https:\/\/www.codigovidrio.com\/code\/la-cidh-pide-investigar-operaciones-de-uniformados-en-secuestro-y-asesinato-de-periodistas-de-el-comercio\/#primaryimage"},"thumbnailUrl":"http:\/\/www.codigovidrio.com\/code\/wp-content\/uploads\/2019\/08\/cuerpos-en-Colombia.jpg","articleSection":["Rehenes"],"inLanguage":"es"},{"@type":"WebPage","@id":"https:\/\/www.codigovidrio.com\/code\/la-cidh-pide-investigar-operaciones-de-uniformados-en-secuestro-y-asesinato-de-periodistas-de-el-comercio\/","url":"https:\/\/www.codigovidrio.com\/code\/la-cidh-pide-investigar-operaciones-de-uniformados-en-secuestro-y-asesinato-de-periodistas-de-el-comercio\/","name":"La CIDH pide investigar operaciones de uniformados en secuestro y asesinato de periodistas de El Comercio - C\u00f3digo Vidrio","isPartOf":{"@id":"https:\/\/www.codigovidrio.com\/code\/#website"},"primaryImageOfPage":{"@id":"https:\/\/www.codigovidrio.com\/code\/la-cidh-pide-investigar-operaciones-de-uniformados-en-secuestro-y-asesinato-de-periodistas-de-el-comercio\/#primaryimage"},"image":{"@id":"https:\/\/www.codigovidrio.com\/code\/la-cidh-pide-investigar-operaciones-de-uniformados-en-secuestro-y-asesinato-de-periodistas-de-el-comercio\/#primaryimage"},"thumbnailUrl":"http:\/\/www.codigovidrio.com\/code\/wp-content\/uploads\/2019\/08\/cuerpos-en-Colombia.jpg","datePublished":"2019-12-12T15:12:57+00:00","dateModified":"2019-12-12T21:41:09+00:00","breadcrumb":{"@id":"https:\/\/www.codigovidrio.com\/code\/la-cidh-pide-investigar-operaciones-de-uniformados-en-secuestro-y-asesinato-de-periodistas-de-el-comercio\/#breadcrumb"},"inLanguage":"es","potentialAction":[{"@type":"ReadAction","target":["https:\/\/www.codigovidrio.com\/code\/la-cidh-pide-investigar-operaciones-de-uniformados-en-secuestro-y-asesinato-de-periodistas-de-el-comercio\/"]}]},{"@type":"ImageObject","inLanguage":"es","@id":"https:\/\/www.codigovidrio.com\/code\/la-cidh-pide-investigar-operaciones-de-uniformados-en-secuestro-y-asesinato-de-periodistas-de-el-comercio\/#primaryimage","url":"http:\/\/www.codigovidrio.com\/code\/wp-content\/uploads\/2019\/08\/cuerpos-en-Colombia.jpg","contentUrl":"http:\/\/www.codigovidrio.com\/code\/wp-content\/uploads\/2019\/08\/cuerpos-en-Colombia.jpg"},{"@type":"BreadcrumbList","@id":"https:\/\/www.codigovidrio.com\/code\/la-cidh-pide-investigar-operaciones-de-uniformados-en-secuestro-y-asesinato-de-periodistas-de-el-comercio\/#breadcrumb","itemListElement":[{"@type":"ListItem","position":1,"name":"Portada","item":"https:\/\/www.codigovidrio.com\/code\/"},{"@type":"ListItem","position":2,"name":"La CIDH pide investigar operaciones de uniformados en secuestro y asesinato de periodistas de El Comercio"}]},{"@type":"WebSite","@id":"https:\/\/www.codigovidrio.com\/code\/#website","url":"https:\/\/www.codigovidrio.com\/code\/","name":"C\u00f3digo Vidrio","description":"Transparentamos las historias ocultas","publisher":{"@id":"https:\/\/www.codigovidrio.com\/code\/#organization"},"potentialAction":[{"@type":"SearchAction","target":{"@type":"EntryPoint","urlTemplate":"https:\/\/www.codigovidrio.com\/code\/?s={search_term_string}"},"query-input":{"@type":"PropertyValueSpecification","valueRequired":true,"valueName":"search_term_string"}}],"inLanguage":"es"},{"@type":"Organization","@id":"https:\/\/www.codigovidrio.com\/code\/#organization","name":"C\u00f3digo Vidrio","url":"https:\/\/www.codigovidrio.com\/code\/","logo":{"@type":"ImageObject","inLanguage":"es","@id":"https:\/\/www.codigovidrio.com\/code\/#\/schema\/logo\/image\/","url":"https:\/\/www.codigovidrio.com\/code\/wp-content\/uploads\/2022\/01\/logo-horiz-08.png","contentUrl":"https:\/\/www.codigovidrio.com\/code\/wp-content\/uploads\/2022\/01\/logo-horiz-08.png","width":817,"height":294,"caption":"C\u00f3digo Vidrio"},"image":{"@id":"https:\/\/www.codigovidrio.com\/code\/#\/schema\/logo\/image\/"}},{"@type":"Person","@id":"https:\/\/www.codigovidrio.com\/code\/#\/schema\/person\/974bc7a5b889699d012b2343dc68fc6e","name":"Codigo Vidrio Admin","url":"https:\/\/www.codigovidrio.com\/code\/author\/vidrio-admin\/"}]}},"_links":{"self":[{"href":"https:\/\/www.codigovidrio.com\/code\/wp-json\/wp\/v2\/posts\/1951"}],"collection":[{"href":"https:\/\/www.codigovidrio.com\/code\/wp-json\/wp\/v2\/posts"}],"about":[{"href":"https:\/\/www.codigovidrio.com\/code\/wp-json\/wp\/v2\/types\/post"}],"author":[{"embeddable":true,"href":"https:\/\/www.codigovidrio.com\/code\/wp-json\/wp\/v2\/users\/2"}],"replies":[{"embeddable":true,"href":"https:\/\/www.codigovidrio.com\/code\/wp-json\/wp\/v2\/comments?post=1951"}],"version-history":[{"count":34,"href":"https:\/\/www.codigovidrio.com\/code\/wp-json\/wp\/v2\/posts\/1951\/revisions"}],"predecessor-version":[{"id":1989,"href":"https:\/\/www.codigovidrio.com\/code\/wp-json\/wp\/v2\/posts\/1951\/revisions\/1989"}],"wp:attachment":[{"href":"https:\/\/www.codigovidrio.com\/code\/wp-json\/wp\/v2\/media?parent=1951"}],"wp:term":[{"taxonomy":"category","embeddable":true,"href":"https:\/\/www.codigovidrio.com\/code\/wp-json\/wp\/v2\/categories?post=1951"},{"taxonomy":"post_tag","embeddable":true,"href":"https:\/\/www.codigovidrio.com\/code\/wp-json\/wp\/v2\/tags?post=1951"}],"curies":[{"name":"wp","href":"https:\/\/api.w.org\/{rel}","templated":true}]}}