{"id":1755,"date":"2019-02-07T01:51:13","date_gmt":"2019-02-07T01:51:13","guid":{"rendered":"http:\/\/www.codigovidrio.com\/code\/?p=1755"},"modified":"2019-09-30T22:48:09","modified_gmt":"2019-09-30T22:48:09","slug":"el-canje-se-decidio-cuando-los-rehenes-ya-estaban-muertos","status":"publish","type":"post","link":"https:\/\/www.codigovidrio.com\/code\/el-canje-se-decidio-cuando-los-rehenes-ya-estaban-muertos\/","title":{"rendered":"El canje se decidi\u00f3 cuando los #Rehenes hab\u00edan muerto"},"content":{"rendered":"<figure id=\"attachment_1546\" aria-describedby=\"caption-attachment-1546\" style=\"width: 1590px\" class=\"wp-caption alignleft\"><img fetchpriority=\"high\" decoding=\"async\" class=\"wp-image-1546 size-full\" src=\"https:\/\/www.codigovidrio.com\/code\/wp-content\/uploads\/2019\/04\/00-Reunion-familiares-10-de-abril.jpg\" alt=\"\" width=\"1600\" height=\"910\" srcset=\"https:\/\/www.codigovidrio.com\/code\/wp-content\/uploads\/2019\/04\/00-Reunion-familiares-10-de-abril.jpg 1600w, https:\/\/www.codigovidrio.com\/code\/wp-content\/uploads\/2019\/04\/00-Reunion-familiares-10-de-abril-300x171.jpg 300w, https:\/\/www.codigovidrio.com\/code\/wp-content\/uploads\/2019\/04\/00-Reunion-familiares-10-de-abril-768x437.jpg 768w, https:\/\/www.codigovidrio.com\/code\/wp-content\/uploads\/2019\/04\/00-Reunion-familiares-10-de-abril-1024x582.jpg 1024w\" sizes=\"(max-width: 1600px) 100vw, 1600px\" \/><figcaption id=\"caption-attachment-1546\" class=\"wp-caption-text\">El 10 de abril de 2018, el presidente Len\u00edn Moreno se reuni\u00f3 por primera vez con los familiares del equipo de El Comercio, en el Palacio de Carondelet, sede del Gobierno en Quito. Foto: Presidencia de la Rep\u00fablica.<\/figcaption><\/figure>\n<p><strong><em>El Gobierno ecuatoriano decidi\u00f3 formalmente el canje de los tres rehenes por tres hombres que Guacho reclamaba, quienes se encontraban detenidos, el lunes 9 de abril de 2018. Pero los tres secuestrados fueron ejecutados 48 horas antes, seg\u00fan testimonios y documentos, aqu\u00ed revelados.<\/em><\/strong><\/p>\n<p>Por Arturo Torres<\/p>\n<p>Ese <strong>s\u00e1bado 7 de abril<\/strong> el cautiverio lleg\u00f3 a su fin. Javier Ortega, Pa\u00fal Rivas y Efra\u00edn Segarra, murieron por disparos en la selva de Los Cocos, en Colombia.<\/p>\n<p>Hasta ese d\u00eda, Guacho y el canal de negociaci\u00f3n oficial llevaban una semana exacta de di\u00e1logos, sin resultados. Hab\u00edan intercambiado mensajes <strong>el \u00faltimo d\u00eda de marzo; el 1, 2 y 3 de abril<\/strong>. En todos los di\u00e1logos por chat de WhatsApp el l\u00edder del grupo narcodelictivo ped\u00eda la <strong>liberaci\u00f3n de sus tres hombres,<\/strong> Cuco, Tob\u00f3n y Cuajiboy, detenidos en Mataje el 12 de enero de 2018.<\/p>\n<figure id=\"attachment_1762\" aria-describedby=\"caption-attachment-1762\" style=\"width: 440px\" class=\"wp-caption alignleft\"><img decoding=\"async\" class=\"wp-image-1762\" src=\"https:\/\/www.codigovidrio.com\/code\/wp-content\/uploads\/2019\/07\/FAMILIARES-DE-PERIODISTAS-ASESINADOS.jpg\" alt=\"\" width=\"450\" height=\"281\" srcset=\"https:\/\/www.codigovidrio.com\/code\/wp-content\/uploads\/2019\/07\/FAMILIARES-DE-PERIODISTAS-ASESINADOS.jpg 960w, https:\/\/www.codigovidrio.com\/code\/wp-content\/uploads\/2019\/07\/FAMILIARES-DE-PERIODISTAS-ASESINADOS-300x188.jpg 300w, https:\/\/www.codigovidrio.com\/code\/wp-content\/uploads\/2019\/07\/FAMILIARES-DE-PERIODISTAS-ASESINADOS-768x480.jpg 768w\" sizes=\"(max-width: 450px) 100vw, 450px\" \/><figcaption id=\"caption-attachment-1762\" class=\"wp-caption-text\">Familiares del equipo period\u00edstico protestan en las afueras del Palacio de Gobierno.<\/figcaption><\/figure>\n<p>El interlocutor oficial ecuatoriano (a quien Guacho identificaba como Maldonado, fachada detr\u00e1s de la cual actuaban tres delegados estatales) ped\u00eda tiempo. Respond\u00eda con evasivas. Nunca explic\u00f3 que <strong>el canje implicaba un proceso judicial abreviado<\/strong> para liberar a los tres acusados por tenencia de armas y explosivos, seg\u00fan los documentos de la negociaci\u00f3n a los que tuvimos acceso.<\/p>\n<p>Eso significaba que <strong>primeramente deb\u00edan ser sentenciados<\/strong>, para recibir el indulto (perd\u00f3n) presidencial que facilitar\u00eda la excarcelaci\u00f3n y el canje con los rehenes. Los tres hombres que reclamaba Guacho estaban detenidos en <strong>la c\u00e1rcel de m\u00e1xima seguridad de Latacunga<\/strong>, en Cotopaxi, en la zona andina central. Los lentos resortes de la justicia hab\u00edan fijado la audiencia de juzgamiento para el 18 de abril de 2018. <strong>Guacho no recibi\u00f3 una sola palabra al respecto<\/strong>, seg\u00fan corroboramos.<\/p>\n<p>En el curso de esta investigaci\u00f3n revisamos en detalle el cruce de mensajes, a trav\u00e9s de la plataforma de WhatssApp, entre los interlocutores oficiales ecuatorianos y Guacho, para entender c\u00f3mo fue la negociaci\u00f3n para liberar a Pa\u00fal, Javier y Efra\u00edn. Accedimos a los documentos oficiales que registran estas conversaciones para entender <strong>el tono de los di\u00e1logos<\/strong>. La voluntad de negociar el canje fue solamente una estrategia para ganar tiempo, de acuerdo con el resultado de nuestra reporter\u00eda documental y testimonial.<\/p>\n<p>La ma\u00f1ana del s\u00e1bado 7 de abril se rompi\u00f3 la l\u00ednea de contacto por tel\u00e9fono celular. El di\u00e1logo -el \u00faltimo que mantuvieron Guacho y el negociador a trav\u00e9s del chat- dur\u00f3 apenas 32 minutos.<\/p>\n<p>(Guacho) -Vea malparido. Diga cu\u00e1ndo me los libera.<\/p>\n<p>(Negociador) -No nos da la oportunidad de escucharnos.<\/p>\n<p>(Guacho) -O le mato a esos periodistas.<\/p>\n<p>(Negociador) -No amigo no haga eso, estamos trabajando.<\/p>\n<p>(Guacho) -Entonces para cuando me tiene la liberaci\u00f3n de ellos. No s\u00e9 ustedes por qu\u00e9 no quieren negociar.<\/p>\n<p>(Negociador) -Tenga paciencia.<\/p>\n<p>(Guacho) -A m\u00ed me da lo mismo tenerlos vivos o matarlos.<\/p>\n<p>(Negociador) -Usted los tiene a ellos, tenga paciencia.<\/p>\n<p>(Guacho) -D\u00edgale a ese ministrillo del Interior que lo tengo en la mira. Y mis ataques y bombas van a continuar\u2026<\/p>\n<p>El captor perd\u00eda la paciencia. Ped\u00eda filmaciones que mostraran a sus tres colaboradores, im\u00e1genes de v\u00eddeo en las cuales ellos confirmaran que se encontraban bien. En el fondo era una treta. Uno de los detenidos (Cuco) <strong>manten\u00eda un celular en la celda de la c\u00e1rcel<\/strong> de Latacunga, y se comunicaba con el l\u00edder de la disidencia. El aparato reci\u00e9n le fue confiscado el 12 de abril de 2018. Cuco (Patrocinio Cortez) se rehusaba aparecer en los v\u00eddeos, a pesar de la insistencia de los negociadores ecuatorianos que viajaron durante dos horas desde Quito para intentar convencerlo.<\/p>\n<p>Cuco, afrodescendiente igual que Guacho, naci\u00f3 en Esmeraldas en 1983 y era su lugarteniente en Mataje. En este poblado viv\u00eda la familia materna del l\u00edder de las disidencias.<\/p>\n<p><strong>Walther Patricio Ar\u00edzala Vernaza<\/strong> es la verdadera identidad de Guacho. Naci\u00f3 en Limones (Esmeraldas, en Ecuador) en 1989 y desde su adolescencia visti\u00f3 el uniforme militar de las FARC de Colombia. Como muchos afrodescendientes de la frontera norte, no encontr\u00f3 oportunidades de estudio ni de empleo en su tierra. Por eso abraz\u00f3 la causa guerrillera.<\/p>\n<p>Fue explosivista, mando medio, recibi\u00f3 formaci\u00f3n pol\u00edtica y capacitaci\u00f3n en manejo de masas. Intent\u00f3, pero no por mucho tiempo, acogerse al pacto de paz con el Gobierno de Colombia. Esto ocurri\u00f3 en 2016, cuando inclusive tramit\u00f3 un documento que lo acredita como ciudadano colombiano (con el nombre de <strong>Luis Alfredo Pai Jim\u00e9nez<\/strong>). Pero volvi\u00f3 a las andanzas, porque era m\u00e1s lucrativo vigilar el \u00absubmarino\u00bb que llevaba el cargamento de droga por el oc\u00e9ano Pac\u00edfico. <strong>Con el nombre del frente Oliver Sinisterra, la organizaci\u00f3n narcodelictiva coordinaba acciones con carteles mexicanos, entre ellos, Sinaloa. <\/strong> Temido, odiado y amado con igual intensidad, Guacho practicaba brujer\u00eda y mataba sin piedad. En el chat anunciaba ese 7 de abril que se hab\u00eda acabado su paciencia y el destino de los rehenes ya estaba escrito con sangre.<\/p>\n<p>(Guacho) -Los liberan o no. D\u00edgame de una vez o si no para matar a estos manes.<\/p>\n<p>(Negociador) -Estamos trabajando. Usted est\u00e1 viendo los resultados.<\/p>\n<p>(Guacho) -Vea gonorrea. Hoy a las 3 le mando el v\u00eddeo de uno de ellos muerto. Ok.<\/p>\n<p>(Negociador) -No amigo, no haga eso, estamos negociando bien y transparente.<\/p>\n<p>(Guacho) -Pero usted no me dice nada concreto y eso no me sirve, entonces as\u00ed quedamos.<\/p>\n<p>(Negociador) -Amigo le estoy demostrando lo que estamos haciendo.<\/p>\n<p>(Guacho) -Le qued\u00f3 grande, a m\u00ed eso no me sirve.<\/p>\n<p>(Negociador) -Amigo es lo que Ud. nos est\u00e1 pidiendo.<\/p>\n<p>(Guacho) -No sea mal parido. Lo que digo es la liberaci\u00f3n de ellos.<\/p>\n<p>(Negociador) -S\u00ed, estamos trabando para eso, paciencia.<\/p>\n<p>(Guacho) -\u00bfPaciencia? Usted dice eso cuando su gente est\u00e1 encadenada y dice que paciencia? Cuando usted se muera va a descansar Hpta.<\/p>\n<p>Ese fue el <strong>\u00faltimo mensaje<\/strong> de Guacho. Las palabras del negociador quedaron sin respuesta.<\/p>\n<p>(Negociador) -Cr\u00e9ame amigo estamos haciendo todo por conseguir la mejor soluci\u00f3n para todos. Estamos hablando con la verdad, sabemos lo delicado que es esto y queremos lo mejor y si Dios quiere tranquilidad para lado y lado.<\/p>\n<p>Esa noche de s\u00e1bado llov\u00eda en la selva de Los Cocos, en Colombia. Los hombres de Guacho, seg\u00fan la Fiscal\u00eda colombiana y dos testigos, asesinaron a los tres cautivos. Reci\u00e9n dos d\u00edas m\u00e1s tarde, el Gobierno ecuatoriano decid\u00eda formalmente canjear los rehenes por los tres hombres de Guacho. Era demasiado tarde.<\/p>\n<p><strong>La decisi\u00f3n tard\u00eda<\/strong><\/p>\n<figure id=\"attachment_1763\" aria-describedby=\"caption-attachment-1763\" style=\"width: 440px\" class=\"wp-caption alignright\"><img decoding=\"async\" class=\"wp-image-1763\" src=\"https:\/\/www.codigovidrio.com\/code\/wp-content\/uploads\/2019\/07\/navas-7.jpg\" alt=\"\" width=\"450\" height=\"280\" srcset=\"https:\/\/www.codigovidrio.com\/code\/wp-content\/uploads\/2019\/07\/navas-7.jpg 1000w, https:\/\/www.codigovidrio.com\/code\/wp-content\/uploads\/2019\/07\/navas-7-300x187.jpg 300w, https:\/\/www.codigovidrio.com\/code\/wp-content\/uploads\/2019\/07\/navas-7-768x478.jpg 768w\" sizes=\"(max-width: 450px) 100vw, 450px\" \/><figcaption id=\"caption-attachment-1763\" class=\"wp-caption-text\">C\u00e9sar Navas (izquierda) estuvo al frente de la negociaci\u00f3n para liberar a los secuestrados.<\/figcaption><\/figure>\n<p>El Gobierno ecuatoriano desconoc\u00eda c\u00f3mo actuar en una situaci\u00f3n de este tipo: un secuestro sin una petici\u00f3n econ\u00f3mica de por medio, seg\u00fan el entonces ministro del Interior, C\u00e9sar Navas y otros funcionarios consultados. Su <strong>par colombiano aconsejaba no negociar<\/strong> con una organizaci\u00f3n narcoterrorista. El vocero de esa tesis era el propio ministro de Defensa de la \u00e9poca: Luis Carlos Villegas, cuya hija hab\u00eda permanecido tres meses secuestrada por el frente 53 de las FARC, pero fue liberada en el Caquet\u00e1, con vida. Esta versi\u00f3n la confirmamos con fuentes oficiales colombianas.<\/p>\n<p>Al inicio del secuestro el Estado ecuatoriano conform\u00f3 un comit\u00e9 de crisis, cuya primera sugerencia hacia los familiares <strong>result\u00f3 nefasta<\/strong>: les pidi\u00f3 no difundir los nombres de los rehenes, para precautelar su seguridad. Durante casi una semana muchas voces pusieron en duda la veracidad del hecho.<\/p>\n<p>Las<strong> autoridades ocultaron la primera prueba de vida<\/strong>, enviada por los captores. Frente a la inacci\u00f3n, los secuestradores enviaron un video del equipo period\u00edstico, <strong>con cadenas en el cuello<\/strong>, a la prensa colombiana para que los difundiera. Esto ocurri\u00f3 el lunes 2 de abril.<\/p>\n<p>Dos d\u00edas despu\u00e9s, ya era el 4 de abril, el presidente Moreno pidi\u00f3 <strong>confidencialmente<\/strong> al comit\u00e9 de crisis trabajar en <strong>varios escenarios<\/strong>. C\u00e9sar Navas, por entonces ministro del Interior, present\u00f3 las siguientes probabilidades:<\/p>\n<p>-Negociar el canje<\/p>\n<p>-Incursi\u00f3n para intentar liberarlos<\/p>\n<p>-Liberaci\u00f3n voluntaria<\/p>\n<p>-Asesinato del equipo period\u00edstico<\/p>\n<figure id=\"attachment_1764\" aria-describedby=\"caption-attachment-1764\" style=\"width: 440px\" class=\"wp-caption alignleft\"><img loading=\"lazy\" decoding=\"async\" class=\"wp-image-1764\" src=\"https:\/\/www.codigovidrio.com\/code\/wp-content\/uploads\/2019\/07\/Mataje-Paul-28-01-18-2.jpg\" alt=\"\" width=\"450\" height=\"281\" srcset=\"https:\/\/www.codigovidrio.com\/code\/wp-content\/uploads\/2019\/07\/Mataje-Paul-28-01-18-2.jpg 1000w, https:\/\/www.codigovidrio.com\/code\/wp-content\/uploads\/2019\/07\/Mataje-Paul-28-01-18-2-300x188.jpg 300w, https:\/\/www.codigovidrio.com\/code\/wp-content\/uploads\/2019\/07\/Mataje-Paul-28-01-18-2-768x480.jpg 768w\" sizes=\"(max-width: 450px) 100vw, 450px\" \/><figcaption id=\"caption-attachment-1764\" class=\"wp-caption-text\">El secuestro de Javier, Pa\u00fal y Efra\u00edn ocurri\u00f3 en Mataje, el 26 de marzo de 2018.<\/figcaption><\/figure>\n<p>Monse\u00f1or Eugenio Arellano, presidente de la Conferencia Episcopal Ecuatoriana, se reuni\u00f3 con los familiares de los periodistas, pidi\u00f3 p\u00fablicamente al Gobierno considerar el canje como una opci\u00f3n y anunci\u00f3 su apoyo. Hab\u00eda trabajado como misionero en San Lorenzo; conoci\u00f3 a Guacho en su infancia.<\/p>\n<p>El s\u00e1bado 7 de abril, en la tarde, Navas convoc\u00f3 a una <strong>reuni\u00f3n informal<\/strong> a los familiares. Les habl\u00f3 de cuatro escenarios (no los describi\u00f3) y les asegur\u00f3 que los tres rehenes estaban bien, seg\u00fan testimonios que recogimos. Sin embargo, ese s\u00e1bado, el representante del Ministerio del Interior ante el comit\u00e9 de crisis dej\u00f3 de pertenecer a esa instancia. Pocos d\u00edas despu\u00e9s se enrolaba en la Secretar\u00eda de Inteligencia, de acuerdo con reportes a los que accedimos.<\/p>\n<p>En el curso de varias entrevistas que mantuvimos, Navas nos asegur\u00f3 insistentemente que <strong>no conoci\u00f3 que la muerte de los rehenes<\/strong> ocurri\u00f3 el s\u00e1bado 7 de abril.<\/p>\n<p>No obstante, el lunes 9 de abril Navas revel\u00f3 ante la prensa que \u201c<strong>No estamos en ning\u00fan proceso de negociaci\u00f3n<\/strong>\u201d y se refiri\u00f3 a un per\u00edmetro de seguridad alrededor de los secuestrados, afirmando que estaban en el lado colombiano de la frontera. Mencion\u00f3 que se realizaba una <strong>\u201coperaci\u00f3n t\u00e9cnica policial para garantizar la vida de los secuestrados\u201d<\/strong>.<\/p>\n<p>La noche de ese <strong>lunes 9 de abril<\/strong>, con la autorizaci\u00f3n de su agrupaci\u00f3n pol\u00edtica que a la fecha ten\u00eda mayor\u00eda en el Legislativo, el Gobierno de Len\u00edn Moreno tom\u00f3 la <strong>decisi\u00f3n formal del canje<\/strong>. El martes 10 de abril Navas convoc\u00f3 al viceministro del Interior, al comandante de la Polic\u00eda, al director de Inteligencia y al jefe de la Unidad Antisecuestros para informarles de la resoluci\u00f3n. Documentos oficiales que recabamos en el curso de esta reporter\u00eda confirman todas esas fechas.<\/p>\n<p>A las seis de la tarde del mi\u00e9rcoles 11 de abril, en un centro de retiros espirituales, los agentes de la Unidad Antisecuestros se <strong>reunieron en forma reservada<\/strong> con Monse\u00f1or Arellano para pedirle su intermediaci\u00f3n. Los detalles de esa reuni\u00f3n los documentamos en esta reporter\u00eda.<\/p>\n<p>Sin embargo, desde esa ma\u00f1ana ya circulaba un comunicado, firmado en las monta\u00f1as de Colombia y atribuido al Frente Oliver Sinisterra con el logo de las FARC-EP. El escueto texto revelaba que<strong> por desembarcos \u201cen varios puntos donde estaban los se\u00f1ores retenidos\u201d<\/strong> se produjo la muerte de los periodistas y el conductor.<\/p>\n<p>A trav\u00e9s del chat de comunicaciones con Guacho, los negociadores le preguntaron la veracidad de ese documento. No hubo respuesta, porque \u00e9l ya hab\u00eda roto la l\u00ednea de contacto. Tambi\u00e9n le informaron que ya estaba resuelto el canje y <strong>por primera vez en dos semanas de cautiverio <\/strong>le proporcionaban un dato concreto: el Obispo de Esmeraldas iba a ser el intermediario del canje.<\/p>\n<p><strong>El desenlace tr\u00e1gico fue el s\u00e1bado 7 de abril <\/strong><\/p>\n<p>Varios elementos confirman la fecha de la muerte de los periodistas, que a trav\u00e9s de este portal revelamos.<\/p>\n<ol>\n<li>El testimonio de un disidente que, detenido en Colombia, menciona que el asesinato ocurri\u00f3 un s\u00e1bado por la noche cuando llov\u00eda. El v\u00eddeo que los muestra encadenados fue filmado el lunes 2 de abril, por lo que el s\u00e1bado previo a\u00fan estaban con vida.<\/li>\n<li>El s\u00e1bado 7 de abril se rompen las negociaciones por chat entre el interlocutor oficial y Guacho. Eso es tan cierto que dos d\u00edas m\u00e1s tarde el entonces ministro del Interior, C\u00e9sar Navas, afirma que no hay negociaci\u00f3n.<\/li>\n<li>El delegado del Ministerio del Interior ante el comit\u00e9 de crisis de desvincula de esta instancia el mismo s\u00e1bado 7 de abril.<\/li>\n<li>El lunes 9 de abril, en conferencia con medios de prensa extranjeros, Navas explica vagamente sobre un per\u00edmetro alrededor de los secuestrados, estableciendo que est\u00e1n en territorio colombiano. Y advierte que hay una operaci\u00f3n t\u00e9cnica policial para garantizar su vida, dejando entrever que s\u00ed conoc\u00edan su ubicaci\u00f3n.<\/li>\n<\/ol>\n<p><strong>El Gobierno ecuatoriano aceler\u00f3 las gestiones desde el 9 de abril de 2018<\/strong><\/p>\n<p>Repentinamente, a partir del<strong> lunes 9 de abril<\/strong> el Gobierno ecuatoriano empez\u00f3 a dar se\u00f1ales <strong>aceleradas de preocupaci\u00f3n<\/strong>. Realiz\u00f3 una <strong>serie de reuniones<\/strong> con directores de medios de comunicaci\u00f3n, representantes diplom\u00e1ticos, gremios empresariales, c\u00fapula de la Iglesia\u2026 Por primera vez, el martes 10 de abril, el <strong>Presidente Moreno se reuni\u00f3 con los familiares<\/strong> de los cautivos.<\/p>\n<p>En las citas reapareci\u00f3 un personaje que estuvo ausente durante los d\u00edas previos, la entonces canciller<strong> Mar\u00eda Fernanda Espinosa<\/strong>. Desde el 26 de marzo se mantuvo ajena, dedicada de lleno a promocionar su candidatura a un cargo en la ONU que a la larga obtuvo.<\/p>\n<p>C\u00e9sar Navas, a la \u00e9poca ministro del Interior, sorprendi\u00f3 a los medios el lunes 9 de abril, al declarar que <strong>no hab\u00eda negociaciones con los captores<\/strong>. Sin embargo, esa noche, el bur\u00f3 de Alianza PA\u00cdS resolvi\u00f3 formalmente <strong>iniciar el canje de los tres de Guacho por los rehenes<\/strong>.<\/p>\n<p>Dos d\u00edas despu\u00e9s empez\u00f3 a circular por redes sociales el comunicado del frente Sinisterra, en el cual anunciaba <strong>las muertes de los cautivos<\/strong>. Y horas m\u00e1s tarde los disidentes difundieron las fotos de sus cuerpos sin vida.<\/p>\n<p>Ante la contundencia de las evidencias, el 13 de abril el presidente Moreno confirm\u00f3 la <strong>ejecuci\u00f3n del equipo period\u00edstico<\/strong> y anunci\u00f3 que se levantar\u00eda la reserva de toda la informaci\u00f3n sobre la <strong>negociaci\u00f3n para liberarlos<\/strong>. Ese ofrecimiento a\u00fan no se ha cumplido.<\/p>\n","protected":false},"excerpt":{"rendered":"<p>El Gobierno ecuatoriano decidi\u00f3 formalmente el canje de los tres rehenes por tres hombres que Guacho reclamaba, quienes se encontraban detenidos, el lunes 9 de abril de 2018. Pero los tres secuestrados fueron ejecutados 48 horas antes, seg\u00fan testimonios y documentos, aqu\u00ed revelados. Por Arturo Torres Ese s\u00e1bado 7 de abril el cautiverio lleg\u00f3 a &#8230; <a title=\"El canje se decidi\u00f3 cuando los #Rehenes hab\u00edan muerto\" class=\"read-more\" href=\"https:\/\/www.codigovidrio.com\/code\/el-canje-se-decidio-cuando-los-rehenes-ya-estaban-muertos\/\">leer m\u00e1s&#8230;<\/a><\/p>\n","protected":false},"author":2,"featured_media":0,"comment_status":"closed","ping_status":"closed","sticky":false,"template":"","format":"standard","meta":{"generate_page_header":"","footnotes":""},"categories":[213],"tags":[],"yoast_head":"<!-- This site is optimized with the Yoast SEO plugin v23.5 - https:\/\/yoast.com\/wordpress\/plugins\/seo\/ -->\n<title>El canje se decidi\u00f3 cuando los #Rehenes hab\u00edan muerto - C\u00f3digo Vidrio<\/title>\n<meta name=\"robots\" content=\"index, follow, max-snippet:-1, max-image-preview:large, max-video-preview:-1\" \/>\n<link rel=\"canonical\" href=\"https:\/\/www.codigovidrio.com\/code\/el-canje-se-decidio-cuando-los-rehenes-ya-estaban-muertos\/\" \/>\n<meta property=\"og:locale\" content=\"es_ES\" \/>\n<meta property=\"og:type\" content=\"article\" \/>\n<meta property=\"og:title\" content=\"El canje se decidi\u00f3 cuando los #Rehenes hab\u00edan muerto - C\u00f3digo Vidrio\" \/>\n<meta property=\"og:description\" content=\"El Gobierno ecuatoriano decidi\u00f3 formalmente el canje de los tres rehenes por tres hombres que Guacho reclamaba, quienes se encontraban detenidos, el lunes 9 de abril de 2018. Pero los tres secuestrados fueron ejecutados 48 horas antes, seg\u00fan testimonios y documentos, aqu\u00ed revelados. Por Arturo Torres Ese s\u00e1bado 7 de abril el cautiverio lleg\u00f3 a ... leer m\u00e1s...\" \/>\n<meta property=\"og:url\" content=\"https:\/\/www.codigovidrio.com\/code\/el-canje-se-decidio-cuando-los-rehenes-ya-estaban-muertos\/\" \/>\n<meta property=\"og:site_name\" content=\"C\u00f3digo Vidrio\" \/>\n<meta property=\"article:published_time\" content=\"2019-02-07T01:51:13+00:00\" \/>\n<meta property=\"article:modified_time\" content=\"2019-09-30T22:48:09+00:00\" \/>\n<meta property=\"og:image\" content=\"http:\/\/www.codigovidrio.com\/code\/wp-content\/uploads\/2019\/04\/00-Reunion-familiares-10-de-abril.jpg\" \/>\n<meta name=\"author\" content=\"Codigo Vidrio Admin\" \/>\n<meta name=\"twitter:card\" content=\"summary_large_image\" \/>\n<meta name=\"twitter:label1\" content=\"Escrito por\" \/>\n\t<meta name=\"twitter:data1\" content=\"Codigo Vidrio Admin\" \/>\n\t<meta name=\"twitter:label2\" content=\"Tiempo de lectura\" \/>\n\t<meta name=\"twitter:data2\" content=\"12 minutos\" \/>\n<script type=\"application\/ld+json\" class=\"yoast-schema-graph\">{\"@context\":\"https:\/\/schema.org\",\"@graph\":[{\"@type\":\"Article\",\"@id\":\"https:\/\/www.codigovidrio.com\/code\/el-canje-se-decidio-cuando-los-rehenes-ya-estaban-muertos\/#article\",\"isPartOf\":{\"@id\":\"https:\/\/www.codigovidrio.com\/code\/el-canje-se-decidio-cuando-los-rehenes-ya-estaban-muertos\/\"},\"author\":{\"name\":\"Codigo Vidrio Admin\",\"@id\":\"https:\/\/www.codigovidrio.com\/code\/#\/schema\/person\/974bc7a5b889699d012b2343dc68fc6e\"},\"headline\":\"El canje se decidi\u00f3 cuando los #Rehenes hab\u00edan muerto\",\"datePublished\":\"2019-02-07T01:51:13+00:00\",\"dateModified\":\"2019-09-30T22:48:09+00:00\",\"mainEntityOfPage\":{\"@id\":\"https:\/\/www.codigovidrio.com\/code\/el-canje-se-decidio-cuando-los-rehenes-ya-estaban-muertos\/\"},\"wordCount\":2382,\"publisher\":{\"@id\":\"https:\/\/www.codigovidrio.com\/code\/#organization\"},\"image\":{\"@id\":\"https:\/\/www.codigovidrio.com\/code\/el-canje-se-decidio-cuando-los-rehenes-ya-estaban-muertos\/#primaryimage\"},\"thumbnailUrl\":\"http:\/\/www.codigovidrio.com\/code\/wp-content\/uploads\/2019\/04\/00-Reunion-familiares-10-de-abril.jpg\",\"articleSection\":[\"Rehenes\"],\"inLanguage\":\"es\"},{\"@type\":\"WebPage\",\"@id\":\"https:\/\/www.codigovidrio.com\/code\/el-canje-se-decidio-cuando-los-rehenes-ya-estaban-muertos\/\",\"url\":\"https:\/\/www.codigovidrio.com\/code\/el-canje-se-decidio-cuando-los-rehenes-ya-estaban-muertos\/\",\"name\":\"El canje se decidi\u00f3 cuando los #Rehenes hab\u00edan muerto - C\u00f3digo Vidrio\",\"isPartOf\":{\"@id\":\"https:\/\/www.codigovidrio.com\/code\/#website\"},\"primaryImageOfPage\":{\"@id\":\"https:\/\/www.codigovidrio.com\/code\/el-canje-se-decidio-cuando-los-rehenes-ya-estaban-muertos\/#primaryimage\"},\"image\":{\"@id\":\"https:\/\/www.codigovidrio.com\/code\/el-canje-se-decidio-cuando-los-rehenes-ya-estaban-muertos\/#primaryimage\"},\"thumbnailUrl\":\"http:\/\/www.codigovidrio.com\/code\/wp-content\/uploads\/2019\/04\/00-Reunion-familiares-10-de-abril.jpg\",\"datePublished\":\"2019-02-07T01:51:13+00:00\",\"dateModified\":\"2019-09-30T22:48:09+00:00\",\"breadcrumb\":{\"@id\":\"https:\/\/www.codigovidrio.com\/code\/el-canje-se-decidio-cuando-los-rehenes-ya-estaban-muertos\/#breadcrumb\"},\"inLanguage\":\"es\",\"potentialAction\":[{\"@type\":\"ReadAction\",\"target\":[\"https:\/\/www.codigovidrio.com\/code\/el-canje-se-decidio-cuando-los-rehenes-ya-estaban-muertos\/\"]}]},{\"@type\":\"ImageObject\",\"inLanguage\":\"es\",\"@id\":\"https:\/\/www.codigovidrio.com\/code\/el-canje-se-decidio-cuando-los-rehenes-ya-estaban-muertos\/#primaryimage\",\"url\":\"http:\/\/www.codigovidrio.com\/code\/wp-content\/uploads\/2019\/04\/00-Reunion-familiares-10-de-abril.jpg\",\"contentUrl\":\"http:\/\/www.codigovidrio.com\/code\/wp-content\/uploads\/2019\/04\/00-Reunion-familiares-10-de-abril.jpg\"},{\"@type\":\"BreadcrumbList\",\"@id\":\"https:\/\/www.codigovidrio.com\/code\/el-canje-se-decidio-cuando-los-rehenes-ya-estaban-muertos\/#breadcrumb\",\"itemListElement\":[{\"@type\":\"ListItem\",\"position\":1,\"name\":\"Portada\",\"item\":\"https:\/\/www.codigovidrio.com\/code\/\"},{\"@type\":\"ListItem\",\"position\":2,\"name\":\"El canje se decidi\u00f3 cuando los #Rehenes hab\u00edan muerto\"}]},{\"@type\":\"WebSite\",\"@id\":\"https:\/\/www.codigovidrio.com\/code\/#website\",\"url\":\"https:\/\/www.codigovidrio.com\/code\/\",\"name\":\"C\u00f3digo Vidrio\",\"description\":\"Transparentamos las historias ocultas\",\"publisher\":{\"@id\":\"https:\/\/www.codigovidrio.com\/code\/#organization\"},\"potentialAction\":[{\"@type\":\"SearchAction\",\"target\":{\"@type\":\"EntryPoint\",\"urlTemplate\":\"https:\/\/www.codigovidrio.com\/code\/?s={search_term_string}\"},\"query-input\":{\"@type\":\"PropertyValueSpecification\",\"valueRequired\":true,\"valueName\":\"search_term_string\"}}],\"inLanguage\":\"es\"},{\"@type\":\"Organization\",\"@id\":\"https:\/\/www.codigovidrio.com\/code\/#organization\",\"name\":\"C\u00f3digo Vidrio\",\"url\":\"https:\/\/www.codigovidrio.com\/code\/\",\"logo\":{\"@type\":\"ImageObject\",\"inLanguage\":\"es\",\"@id\":\"https:\/\/www.codigovidrio.com\/code\/#\/schema\/logo\/image\/\",\"url\":\"https:\/\/www.codigovidrio.com\/code\/wp-content\/uploads\/2022\/01\/logo-horiz-08.png\",\"contentUrl\":\"https:\/\/www.codigovidrio.com\/code\/wp-content\/uploads\/2022\/01\/logo-horiz-08.png\",\"width\":817,\"height\":294,\"caption\":\"C\u00f3digo Vidrio\"},\"image\":{\"@id\":\"https:\/\/www.codigovidrio.com\/code\/#\/schema\/logo\/image\/\"}},{\"@type\":\"Person\",\"@id\":\"https:\/\/www.codigovidrio.com\/code\/#\/schema\/person\/974bc7a5b889699d012b2343dc68fc6e\",\"name\":\"Codigo Vidrio Admin\",\"url\":\"https:\/\/www.codigovidrio.com\/code\/author\/vidrio-admin\/\"}]}<\/script>\n<!-- \/ Yoast SEO plugin. -->","yoast_head_json":{"title":"El canje se decidi\u00f3 cuando los #Rehenes hab\u00edan muerto - C\u00f3digo Vidrio","robots":{"index":"index","follow":"follow","max-snippet":"max-snippet:-1","max-image-preview":"max-image-preview:large","max-video-preview":"max-video-preview:-1"},"canonical":"https:\/\/www.codigovidrio.com\/code\/el-canje-se-decidio-cuando-los-rehenes-ya-estaban-muertos\/","og_locale":"es_ES","og_type":"article","og_title":"El canje se decidi\u00f3 cuando los #Rehenes hab\u00edan muerto - C\u00f3digo Vidrio","og_description":"El Gobierno ecuatoriano decidi\u00f3 formalmente el canje de los tres rehenes por tres hombres que Guacho reclamaba, quienes se encontraban detenidos, el lunes 9 de abril de 2018. Pero los tres secuestrados fueron ejecutados 48 horas antes, seg\u00fan testimonios y documentos, aqu\u00ed revelados. Por Arturo Torres Ese s\u00e1bado 7 de abril el cautiverio lleg\u00f3 a ... leer m\u00e1s...","og_url":"https:\/\/www.codigovidrio.com\/code\/el-canje-se-decidio-cuando-los-rehenes-ya-estaban-muertos\/","og_site_name":"C\u00f3digo Vidrio","article_published_time":"2019-02-07T01:51:13+00:00","article_modified_time":"2019-09-30T22:48:09+00:00","og_image":[{"url":"http:\/\/www.codigovidrio.com\/code\/wp-content\/uploads\/2019\/04\/00-Reunion-familiares-10-de-abril.jpg"}],"author":"Codigo Vidrio Admin","twitter_card":"summary_large_image","twitter_misc":{"Escrito por":"Codigo Vidrio Admin","Tiempo de lectura":"12 minutos"},"schema":{"@context":"https:\/\/schema.org","@graph":[{"@type":"Article","@id":"https:\/\/www.codigovidrio.com\/code\/el-canje-se-decidio-cuando-los-rehenes-ya-estaban-muertos\/#article","isPartOf":{"@id":"https:\/\/www.codigovidrio.com\/code\/el-canje-se-decidio-cuando-los-rehenes-ya-estaban-muertos\/"},"author":{"name":"Codigo Vidrio Admin","@id":"https:\/\/www.codigovidrio.com\/code\/#\/schema\/person\/974bc7a5b889699d012b2343dc68fc6e"},"headline":"El canje se decidi\u00f3 cuando los #Rehenes hab\u00edan muerto","datePublished":"2019-02-07T01:51:13+00:00","dateModified":"2019-09-30T22:48:09+00:00","mainEntityOfPage":{"@id":"https:\/\/www.codigovidrio.com\/code\/el-canje-se-decidio-cuando-los-rehenes-ya-estaban-muertos\/"},"wordCount":2382,"publisher":{"@id":"https:\/\/www.codigovidrio.com\/code\/#organization"},"image":{"@id":"https:\/\/www.codigovidrio.com\/code\/el-canje-se-decidio-cuando-los-rehenes-ya-estaban-muertos\/#primaryimage"},"thumbnailUrl":"http:\/\/www.codigovidrio.com\/code\/wp-content\/uploads\/2019\/04\/00-Reunion-familiares-10-de-abril.jpg","articleSection":["Rehenes"],"inLanguage":"es"},{"@type":"WebPage","@id":"https:\/\/www.codigovidrio.com\/code\/el-canje-se-decidio-cuando-los-rehenes-ya-estaban-muertos\/","url":"https:\/\/www.codigovidrio.com\/code\/el-canje-se-decidio-cuando-los-rehenes-ya-estaban-muertos\/","name":"El canje se decidi\u00f3 cuando los #Rehenes hab\u00edan muerto - C\u00f3digo Vidrio","isPartOf":{"@id":"https:\/\/www.codigovidrio.com\/code\/#website"},"primaryImageOfPage":{"@id":"https:\/\/www.codigovidrio.com\/code\/el-canje-se-decidio-cuando-los-rehenes-ya-estaban-muertos\/#primaryimage"},"image":{"@id":"https:\/\/www.codigovidrio.com\/code\/el-canje-se-decidio-cuando-los-rehenes-ya-estaban-muertos\/#primaryimage"},"thumbnailUrl":"http:\/\/www.codigovidrio.com\/code\/wp-content\/uploads\/2019\/04\/00-Reunion-familiares-10-de-abril.jpg","datePublished":"2019-02-07T01:51:13+00:00","dateModified":"2019-09-30T22:48:09+00:00","breadcrumb":{"@id":"https:\/\/www.codigovidrio.com\/code\/el-canje-se-decidio-cuando-los-rehenes-ya-estaban-muertos\/#breadcrumb"},"inLanguage":"es","potentialAction":[{"@type":"ReadAction","target":["https:\/\/www.codigovidrio.com\/code\/el-canje-se-decidio-cuando-los-rehenes-ya-estaban-muertos\/"]}]},{"@type":"ImageObject","inLanguage":"es","@id":"https:\/\/www.codigovidrio.com\/code\/el-canje-se-decidio-cuando-los-rehenes-ya-estaban-muertos\/#primaryimage","url":"http:\/\/www.codigovidrio.com\/code\/wp-content\/uploads\/2019\/04\/00-Reunion-familiares-10-de-abril.jpg","contentUrl":"http:\/\/www.codigovidrio.com\/code\/wp-content\/uploads\/2019\/04\/00-Reunion-familiares-10-de-abril.jpg"},{"@type":"BreadcrumbList","@id":"https:\/\/www.codigovidrio.com\/code\/el-canje-se-decidio-cuando-los-rehenes-ya-estaban-muertos\/#breadcrumb","itemListElement":[{"@type":"ListItem","position":1,"name":"Portada","item":"https:\/\/www.codigovidrio.com\/code\/"},{"@type":"ListItem","position":2,"name":"El canje se decidi\u00f3 cuando los #Rehenes hab\u00edan muerto"}]},{"@type":"WebSite","@id":"https:\/\/www.codigovidrio.com\/code\/#website","url":"https:\/\/www.codigovidrio.com\/code\/","name":"C\u00f3digo Vidrio","description":"Transparentamos las historias ocultas","publisher":{"@id":"https:\/\/www.codigovidrio.com\/code\/#organization"},"potentialAction":[{"@type":"SearchAction","target":{"@type":"EntryPoint","urlTemplate":"https:\/\/www.codigovidrio.com\/code\/?s={search_term_string}"},"query-input":{"@type":"PropertyValueSpecification","valueRequired":true,"valueName":"search_term_string"}}],"inLanguage":"es"},{"@type":"Organization","@id":"https:\/\/www.codigovidrio.com\/code\/#organization","name":"C\u00f3digo Vidrio","url":"https:\/\/www.codigovidrio.com\/code\/","logo":{"@type":"ImageObject","inLanguage":"es","@id":"https:\/\/www.codigovidrio.com\/code\/#\/schema\/logo\/image\/","url":"https:\/\/www.codigovidrio.com\/code\/wp-content\/uploads\/2022\/01\/logo-horiz-08.png","contentUrl":"https:\/\/www.codigovidrio.com\/code\/wp-content\/uploads\/2022\/01\/logo-horiz-08.png","width":817,"height":294,"caption":"C\u00f3digo Vidrio"},"image":{"@id":"https:\/\/www.codigovidrio.com\/code\/#\/schema\/logo\/image\/"}},{"@type":"Person","@id":"https:\/\/www.codigovidrio.com\/code\/#\/schema\/person\/974bc7a5b889699d012b2343dc68fc6e","name":"Codigo Vidrio Admin","url":"https:\/\/www.codigovidrio.com\/code\/author\/vidrio-admin\/"}]}},"_links":{"self":[{"href":"https:\/\/www.codigovidrio.com\/code\/wp-json\/wp\/v2\/posts\/1755"}],"collection":[{"href":"https:\/\/www.codigovidrio.com\/code\/wp-json\/wp\/v2\/posts"}],"about":[{"href":"https:\/\/www.codigovidrio.com\/code\/wp-json\/wp\/v2\/types\/post"}],"author":[{"embeddable":true,"href":"https:\/\/www.codigovidrio.com\/code\/wp-json\/wp\/v2\/users\/2"}],"replies":[{"embeddable":true,"href":"https:\/\/www.codigovidrio.com\/code\/wp-json\/wp\/v2\/comments?post=1755"}],"version-history":[{"count":32,"href":"https:\/\/www.codigovidrio.com\/code\/wp-json\/wp\/v2\/posts\/1755\/revisions"}],"predecessor-version":[{"id":1897,"href":"https:\/\/www.codigovidrio.com\/code\/wp-json\/wp\/v2\/posts\/1755\/revisions\/1897"}],"wp:attachment":[{"href":"https:\/\/www.codigovidrio.com\/code\/wp-json\/wp\/v2\/media?parent=1755"}],"wp:term":[{"taxonomy":"category","embeddable":true,"href":"https:\/\/www.codigovidrio.com\/code\/wp-json\/wp\/v2\/categories?post=1755"},{"taxonomy":"post_tag","embeddable":true,"href":"https:\/\/www.codigovidrio.com\/code\/wp-json\/wp\/v2\/tags?post=1755"}],"curies":[{"name":"wp","href":"https:\/\/api.w.org\/{rel}","templated":true}]}}