{"id":1719,"date":"2019-07-29T01:09:03","date_gmt":"2019-07-29T01:09:03","guid":{"rendered":"http:\/\/www.codigovidrio.com\/code\/?p=1719"},"modified":"2019-09-30T23:52:06","modified_gmt":"2019-09-30T23:52:06","slug":"las-otras-victimas","status":"publish","type":"post","link":"https:\/\/www.codigovidrio.com\/code\/las-otras-victimas\/","title":{"rendered":"Las otras v\u00edctimas de la frontera"},"content":{"rendered":"<blockquote><p><i><strong>Cinco d\u00edas despu\u00e9s de que se confirmara la muerte del equipo period\u00edstico de El Comercio, el 17 de abril, el gobierno inform\u00f3 que \u00d3scar Villac\u00eds y Katty Velasco hab\u00edan sido secuestrados por narcoterroristas del Frente Oliver Sinisterra, en la poblaci\u00f3n colombiana de Puerto Rico. Horas despu\u00e9s, el presidente Len\u00edn Moreno anunci\u00f3 a sus ministros y otras autoridades en una reuni\u00f3n reservada del Cosepe que su gobierno ya no negociar\u00eda la liberaci\u00f3n de ning\u00fan plagiado con los disidentes. As\u00ed sell\u00f3 su suerte y fij\u00f3 la pol\u00edtica de cero tolerancia con los grupos residuales. La pareja fue retenida apenas hab\u00eda pasado al lado colombiano en una moto. Las razones del viaje a\u00fan no han sido esclarecidas. Su familia y abogado impulsan una demanda en la Comisi\u00f3n Interamericana de Derechos Humanos contra el Estado<\/strong>.\u00a0\u00a0\u00a0\u00a0<\/i><\/p><\/blockquote>\n<p>Por: Mar\u00eda Bel\u00e9n Arroyo<\/p>\n<p>En cadena nacional, un video transmit\u00eda el angustioso mensaje de un hombre joven, con las manos y el cuello atados. A su lado, cabizbaja, una muchacha delgada de apariencia fr\u00e1gil aparece, silenciosa. Una luz a punto de extinguirse. La imagen muestra a personas fuertemente armadas, detr\u00e1s de los secuestrados. Era el martes 17 de abril de 2018. Poco despu\u00e9s de las seis de la ma\u00f1ana.<\/p>\n<p>\u201cSe\u00f1or Presidente, se le dice a usted que por favor nos ayude, que nos d\u00e9 la mano, que no nos pase lo que les pas\u00f3 a los periodistas. Nosotros tenemos hijos, tenemos familia que ir a ver al Ecuador. Nosotros no tenemos nada que ver en esto, por favor se\u00f1or Presidente, d\u00e9les lo que ellos quieran, nosotros simplemente somos ciudadanos del Ecuador, no tenemos nada que ver en este problema&#8230; Por favor se\u00f1or Presidente, d\u00e9nos la mano, usted tambi\u00e9n es padre, ay\u00fadenos\u201d.<\/p>\n<p>Tres horas despu\u00e9s, el Gobierno ecuatoriano difund\u00eda a trav\u00e9s de un comunicado oficial la identidad de los rehenes.<br \/>\n\u201cLuego de las respectivas investigaciones se ha procedido a identificar a la pareja que fue secuestrada por alias Guacho: \u00d3scar Efr\u00e9n Villac\u00eds G\u00f3mez y Katty Vannesa Velasco Pinargote.<\/p>\n<p>Sus familiares se encuentran este momento bajo cuidado del Comando de Polic\u00eda de Santo Domingo de los Ts\u00e1chilas\u201d.<\/p>\n<p>Las hermanas de ambos secuestrados denunciaron el hecho ante la Fiscal\u00eda de Colombia, ese d\u00eda. Ana Mar\u00eda Velasco, hermana de Katty, relat\u00f3 que una semana antes, el martes 10 de abril a las diez y media de la noche, la vio doblando su ropa para viajar hacia Esmeraldas.<\/p>\n<p>\u201cIba a acompa\u00f1ar a su marido a cobrar un dinero y despu\u00e9s a pasear\u201d.<br \/>\nEl mi\u00e9rcoles 11, al atardecer, Katty envi\u00f3 un mensaje a su mam\u00e1:<br \/>\n\u201cMami ya llegamos, estamos bien, no se preocupe\u201d.<\/p>\n<p>La \u00faltima imagen que subi\u00f3 en el celular la muestra en la piscina de un hotel, con su pareja. Su hermana le escribi\u00f3 para averiguar c\u00f3mo estaba, pero como \u00fanica respuesta recibi\u00f3 una palabra: Hola. Supuso que no pod\u00eda escribir ese momento, por lo que le envi\u00f3 un saludo por audio, pregunt\u00e1ndole c\u00f3mo estaba y cu\u00e1ndo volver\u00eda. \u201cS\u00ed\u201d, fue el desconcertante mensaje de vuelta.<br \/>\nKatty ya no volvi\u00f3 a comunicarse.<\/p>\n<p>En cambio, Delia Zulay, hermana de \u00d3scar, cont\u00f3 que la ma\u00f1ana de mi\u00e9rcoles 11, temprano, \u00e9l le llam\u00f3 para pedirle dinero prestado porque iba a viajar a Esmeraldas de paseo.<\/p>\n<p>\u201cAl regreso iba a ir a San Lorenzo a comprar unos zapatos porque eran m\u00e1s baratos y buenos. Le advert\u00ed del peligro que corr\u00edan por lo que hab\u00eda pasado con los periodistas, me dijo que no pasa nada, que ellos se hab\u00edan metido muy adentro, por eso les hab\u00edan cogido; (me asegur\u00f3 que) nosotros solo cruzamos y regresamos\u201d.<\/p>\n<p>La tarde del jueves 12 de abril, \u00d3scar chate\u00f3 con un vecino de su barrio, a quien le dej\u00f3 entender que la moto en que viajaron \u2013de colores negro y rojo- le estaba dando problemas mec\u00e1nicos.<\/p>\n<p><i>Le pregunt\u00f3 si ya volv\u00eda a Santo Domingo de los Ts\u00e1chilas. Cuando le coment\u00f3 que estaba en San Lorenzo, le averigu\u00f3 si estaba \u201ccamellando\u201d. \u201cSisas compa\u201d, fue lo que respondi\u00f3. El interlocutor le consult\u00f3 cu\u00e1ndo ten\u00eda previsto regresar a su casa. Este texto lo envi\u00f3 antes de las 7 de la noche. Ya no tuvo respuesta.<\/i><\/p>\n<p>En las primeras horas de ese jueves 13 de abril, \u00d3scar reinici\u00f3 el contacto con su vecino y amigo, pero en un tono vago y evasivo. Solo dijo, con palabras abreviadas, que se encontraba bien.<\/p>\n<p>Cuando Ana Mar\u00eda se enter\u00f3 del secuestro en los noticieros, facilit\u00f3 el registro de la habitaci\u00f3n que Katty compart\u00eda con \u00d3scar en Santo Domingo.<br \/>\nEncontraron el registro de la compra de un carro marca Nissan modelo Tida, \u201cColor dorado, del cual no conoc\u00eda su existencia, as\u00ed mismo en este contrato constaba un n\u00famero celular del se\u00f1or \u00d3scar Villac\u00eds\u201d.<\/p>\n<p>Eran j\u00f3venes, no hac\u00eda mucho tiempo hab\u00edan formado una pareja juntos. Ambos ten\u00edan hijos por criar; \u00e9l dos y ella una. Eran uno de los soportes econ\u00f3micos en sus familias.<\/p>\n<p>La fatalidad de su destino qued\u00f3 unida, en un lazo de sangre, con la tragedia de los periodistas. \u00d3scar y Katty fueron secuestrados por integrantes del Frente Oliver Sinisterrra (FOS) casi al mismo tiempo que circulaban im\u00e1genes de los cuerpos de los tres miembros del equipo de diario El Comercio.<\/p>\n<p>Desde el inicio, sus familiares tem\u00edan un desenlace violento. Especialmente, cuando vieron en una canal de TV una entrevista de C\u00e9sar Navas, que era el ministro del Interior por esos d\u00edas.<\/p>\n<p>\u201cPude visualizar que el funcionario indicaba \u2018que no iba a existir negociaci\u00f3n, porque si ten\u00edan que enfrentarse como Estado lo iban a hacer\u2019, por lo que me temo que no vayan a hacer nada por ellos; pido que por favor se apiaden de mi hermano, de ambos\u201d, escribi\u00f3 la hermana de \u00d3scar, en su denuncia ante la Fiscal\u00eda de Colombia.<\/p>\n<p>El viernes 20 de abril, mientras investigadores de ese pa\u00eds analizaban escuchas telef\u00f3nicas de posibles colaboradores del Frente Oliver Sinisterra, interceptaron este mensaje: a la pareja de ecuatorianos secuestrados la ten\u00edan en permanente movimiento y analizaban la posibilidad de acabar con sus vidas, pero ped\u00edan instrucciones al respecto.<\/p>\n<p>En di\u00e1logos durante los d\u00edas siguientes, que fueron interceptados por la justicia colombiana, la gente cercana a Guacho mencionaba que los cuerpos de los periodistas de diario El Comercio hab\u00edan sido entregados el 25 de abril a un miembro de frente, El Negro.<\/p>\n<p>Las autoridades colombianas que monitoreaban esas llamadas tambi\u00e9n se enteraron de los apellidos de tres colaboradores del frente narcoterrorista en el Estado: servidores p\u00fablicos que recib\u00edan prebendas, a cambio de dar aviso oportuno frente a operativos de la fuerza p\u00fablica, y de dar facilidades al paso de narc\u00f3ticos.<\/p>\n<p>El 30 de abril, la Unidad Antisecuestros de la Polic\u00eda del Ecuador, Unase, revis\u00f3 un comunicado, de 8 puntos, firmado por la Direcci\u00f3n del Frente Oliver Sinisterra de las FARC-EP.<\/p>\n<p>\u201cSolicitamos la liberaci\u00f3n de las personas retenidas en Ecuador y Colombia, guerrilleros, milicianos, civiles, hacer un corredor humanitario en la frontera ecuatoriana para poder hacer entrega de los periodistas y los dos retenidos, miembros de la Inteligencia Ecuatoriana\u201d.<\/p>\n<p>A partir de su secuestro, \u00d3scar y Katty eran considerados canjeables para el grupo narcoterrorista. Que las autoridades dejaron a su suerte a \u00d3scar y Katty se desprende de la entrevista que tambi\u00e9n nos dio el exministro del Interior, C\u00e9sar Navas. Consultado frente al secuestro de la pareja, y la decisi\u00f3n de no negociar, dijo: \u201cAs\u00ed es, hubo un giro, porque s\u00ed quisimos negociar y de repente nos asesinan a nuestros compatriotas, lo m\u00e1s posible es que ven\u00edan con un nuevo chantaje con la pareja. Ya no hab\u00eda condiciones para negociar\u201d.<\/p>\n<p>El cambio del gobierno frente a las demandas del FOS ocurri\u00f3 el 17 de abril, horas despu\u00e9s de que se conociera que \u00d3scar y Katty estaban secuestrados. En la reuni\u00f3n del Consejo de Seguridad P\u00fablica del Estado (Cosepe) el presidente Len\u00edn Moreno dej\u00f3 sentada su posici\u00f3n de ya no negociar.<\/p>\n<p>\u201cEn primer lugar, porque estamos tratando de una persona que no cumple los compromisos, independientemente de que, adem\u00e1s, es un criminal y un narcotraficante, es un asesino. Nosotros hab\u00edamos cumplido a cabalidad todos los compromisos que hab\u00edamos acordado, entre esos la desmovilizaci\u00f3n de las tropas temporalmente y, entre esos, pues, acelerar los procesos judiciales.<br \/>\n\u201cEst\u00e1bamos a punto, casualmente el d\u00eda de hoy, de tener todos los elementos en orden como para poder liberarlos. Lo cual ya entiendo que a m\u00e1s de uno ya les causaba mucho escozor y a m\u00ed tambi\u00e9n. Porque a los que estaban liberando eran criminales de la misma cala\u00f1a. Sin embargo, en virtud de la vida, del derecho a la vida de los compa\u00f1eros periodistas, nosotros est\u00e1bamos dispuestos como lo manifest\u00e9 a hacer cualquier tipo de sacrificio, pero no cumplieron (&#8230;).<br \/>\n\u201cMuch\u00edsima pena por todas aquellas muertes que puedan venir despu\u00e9s de esta situaci\u00f3n. Pero creo que estamos claros de que nosotros no podemos tener un Estado arrinconado. Yo creo que el principio elemental de dignidad, de un pueblo, de una ciudadan\u00eda, de un Gobierno y de un Estado va bastante m\u00e1s all\u00e1 de la vida de una\u2026 o de unas pocas o algunas personas. Con todo respeto a la vida de ellas, pero yo creo que la dignidad de un Estado va bastante m\u00e1s all\u00e1 que eso (&#8230;)\u201d.<\/p>\n","protected":false},"excerpt":{"rendered":"<p>Cinco d\u00edas despu\u00e9s de que se confirmara la muerte del equipo period\u00edstico de El Comercio, el 17 de abril, el gobierno inform\u00f3 que \u00d3scar Villac\u00eds y Katty Velasco hab\u00edan sido secuestrados por narcoterroristas del Frente Oliver Sinisterra, en la poblaci\u00f3n colombiana de Puerto Rico. Horas despu\u00e9s, el presidente Len\u00edn Moreno anunci\u00f3 a sus ministros y &#8230; <a title=\"Las otras v\u00edctimas de la frontera\" class=\"read-more\" href=\"https:\/\/www.codigovidrio.com\/code\/las-otras-victimas\/\">leer m\u00e1s&#8230;<\/a><\/p>\n","protected":false},"author":2,"featured_media":1712,"comment_status":"closed","ping_status":"closed","sticky":false,"template":"","format":"standard","meta":{"generate_page_header":"","footnotes":""},"categories":[213],"tags":[],"yoast_head":"<!-- This site is optimized with the Yoast SEO plugin v23.5 - https:\/\/yoast.com\/wordpress\/plugins\/seo\/ -->\n<title>Las otras v\u00edctimas de la frontera - C\u00f3digo Vidrio<\/title>\n<meta name=\"robots\" content=\"index, follow, max-snippet:-1, max-image-preview:large, max-video-preview:-1\" \/>\n<link rel=\"canonical\" href=\"https:\/\/www.codigovidrio.com\/code\/las-otras-victimas\/\" \/>\n<meta property=\"og:locale\" content=\"es_ES\" \/>\n<meta property=\"og:type\" content=\"article\" \/>\n<meta property=\"og:title\" content=\"Las otras v\u00edctimas de la frontera - C\u00f3digo Vidrio\" \/>\n<meta property=\"og:description\" content=\"Cinco d\u00edas despu\u00e9s de que se confirmara la muerte del equipo period\u00edstico de El Comercio, el 17 de abril, el gobierno inform\u00f3 que \u00d3scar Villac\u00eds y Katty Velasco hab\u00edan sido secuestrados por narcoterroristas del Frente Oliver Sinisterra, en la poblaci\u00f3n colombiana de Puerto Rico. Horas despu\u00e9s, el presidente Len\u00edn Moreno anunci\u00f3 a sus ministros y ... leer m\u00e1s...\" \/>\n<meta property=\"og:url\" content=\"https:\/\/www.codigovidrio.com\/code\/las-otras-victimas\/\" \/>\n<meta property=\"og:site_name\" content=\"C\u00f3digo Vidrio\" \/>\n<meta property=\"article:published_time\" content=\"2019-07-29T01:09:03+00:00\" \/>\n<meta property=\"article:modified_time\" content=\"2019-09-30T23:52:06+00:00\" \/>\n<meta property=\"og:image\" content=\"https:\/\/www.codigovidrio.com\/code\/wp-content\/uploads\/2019\/07\/head-otras-victimas.jpg\" \/>\n\t<meta property=\"og:image:width\" content=\"1600\" \/>\n\t<meta property=\"og:image:height\" content=\"650\" \/>\n\t<meta property=\"og:image:type\" content=\"image\/jpeg\" \/>\n<meta name=\"author\" content=\"Codigo Vidrio Admin\" \/>\n<meta name=\"twitter:card\" content=\"summary_large_image\" \/>\n<meta name=\"twitter:label1\" content=\"Escrito por\" \/>\n\t<meta name=\"twitter:data1\" content=\"Codigo Vidrio Admin\" \/>\n\t<meta name=\"twitter:label2\" content=\"Tiempo de lectura\" \/>\n\t<meta name=\"twitter:data2\" content=\"8 minutos\" \/>\n<script type=\"application\/ld+json\" class=\"yoast-schema-graph\">{\"@context\":\"https:\/\/schema.org\",\"@graph\":[{\"@type\":\"Article\",\"@id\":\"https:\/\/www.codigovidrio.com\/code\/las-otras-victimas\/#article\",\"isPartOf\":{\"@id\":\"https:\/\/www.codigovidrio.com\/code\/las-otras-victimas\/\"},\"author\":{\"name\":\"Codigo Vidrio Admin\",\"@id\":\"https:\/\/www.codigovidrio.com\/code\/#\/schema\/person\/974bc7a5b889699d012b2343dc68fc6e\"},\"headline\":\"Las otras v\u00edctimas de la frontera\",\"datePublished\":\"2019-07-29T01:09:03+00:00\",\"dateModified\":\"2019-09-30T23:52:06+00:00\",\"mainEntityOfPage\":{\"@id\":\"https:\/\/www.codigovidrio.com\/code\/las-otras-victimas\/\"},\"wordCount\":1628,\"publisher\":{\"@id\":\"https:\/\/www.codigovidrio.com\/code\/#organization\"},\"image\":{\"@id\":\"https:\/\/www.codigovidrio.com\/code\/las-otras-victimas\/#primaryimage\"},\"thumbnailUrl\":\"https:\/\/www.codigovidrio.com\/code\/wp-content\/uploads\/2019\/07\/head-otras-victimas.jpg\",\"articleSection\":[\"Rehenes\"],\"inLanguage\":\"es\"},{\"@type\":\"WebPage\",\"@id\":\"https:\/\/www.codigovidrio.com\/code\/las-otras-victimas\/\",\"url\":\"https:\/\/www.codigovidrio.com\/code\/las-otras-victimas\/\",\"name\":\"Las otras v\u00edctimas de la frontera - C\u00f3digo Vidrio\",\"isPartOf\":{\"@id\":\"https:\/\/www.codigovidrio.com\/code\/#website\"},\"primaryImageOfPage\":{\"@id\":\"https:\/\/www.codigovidrio.com\/code\/las-otras-victimas\/#primaryimage\"},\"image\":{\"@id\":\"https:\/\/www.codigovidrio.com\/code\/las-otras-victimas\/#primaryimage\"},\"thumbnailUrl\":\"https:\/\/www.codigovidrio.com\/code\/wp-content\/uploads\/2019\/07\/head-otras-victimas.jpg\",\"datePublished\":\"2019-07-29T01:09:03+00:00\",\"dateModified\":\"2019-09-30T23:52:06+00:00\",\"breadcrumb\":{\"@id\":\"https:\/\/www.codigovidrio.com\/code\/las-otras-victimas\/#breadcrumb\"},\"inLanguage\":\"es\",\"potentialAction\":[{\"@type\":\"ReadAction\",\"target\":[\"https:\/\/www.codigovidrio.com\/code\/las-otras-victimas\/\"]}]},{\"@type\":\"ImageObject\",\"inLanguage\":\"es\",\"@id\":\"https:\/\/www.codigovidrio.com\/code\/las-otras-victimas\/#primaryimage\",\"url\":\"https:\/\/www.codigovidrio.com\/code\/wp-content\/uploads\/2019\/07\/head-otras-victimas.jpg\",\"contentUrl\":\"https:\/\/www.codigovidrio.com\/code\/wp-content\/uploads\/2019\/07\/head-otras-victimas.jpg\",\"width\":1600,\"height\":650},{\"@type\":\"BreadcrumbList\",\"@id\":\"https:\/\/www.codigovidrio.com\/code\/las-otras-victimas\/#breadcrumb\",\"itemListElement\":[{\"@type\":\"ListItem\",\"position\":1,\"name\":\"Portada\",\"item\":\"https:\/\/www.codigovidrio.com\/code\/\"},{\"@type\":\"ListItem\",\"position\":2,\"name\":\"Las otras v\u00edctimas de la frontera\"}]},{\"@type\":\"WebSite\",\"@id\":\"https:\/\/www.codigovidrio.com\/code\/#website\",\"url\":\"https:\/\/www.codigovidrio.com\/code\/\",\"name\":\"C\u00f3digo Vidrio\",\"description\":\"Transparentamos las historias ocultas\",\"publisher\":{\"@id\":\"https:\/\/www.codigovidrio.com\/code\/#organization\"},\"potentialAction\":[{\"@type\":\"SearchAction\",\"target\":{\"@type\":\"EntryPoint\",\"urlTemplate\":\"https:\/\/www.codigovidrio.com\/code\/?s={search_term_string}\"},\"query-input\":{\"@type\":\"PropertyValueSpecification\",\"valueRequired\":true,\"valueName\":\"search_term_string\"}}],\"inLanguage\":\"es\"},{\"@type\":\"Organization\",\"@id\":\"https:\/\/www.codigovidrio.com\/code\/#organization\",\"name\":\"C\u00f3digo Vidrio\",\"url\":\"https:\/\/www.codigovidrio.com\/code\/\",\"logo\":{\"@type\":\"ImageObject\",\"inLanguage\":\"es\",\"@id\":\"https:\/\/www.codigovidrio.com\/code\/#\/schema\/logo\/image\/\",\"url\":\"https:\/\/www.codigovidrio.com\/code\/wp-content\/uploads\/2022\/01\/logo-horiz-08.png\",\"contentUrl\":\"https:\/\/www.codigovidrio.com\/code\/wp-content\/uploads\/2022\/01\/logo-horiz-08.png\",\"width\":817,\"height\":294,\"caption\":\"C\u00f3digo Vidrio\"},\"image\":{\"@id\":\"https:\/\/www.codigovidrio.com\/code\/#\/schema\/logo\/image\/\"}},{\"@type\":\"Person\",\"@id\":\"https:\/\/www.codigovidrio.com\/code\/#\/schema\/person\/974bc7a5b889699d012b2343dc68fc6e\",\"name\":\"Codigo Vidrio Admin\",\"url\":\"https:\/\/www.codigovidrio.com\/code\/author\/vidrio-admin\/\"}]}<\/script>\n<!-- \/ Yoast SEO plugin. -->","yoast_head_json":{"title":"Las otras v\u00edctimas de la frontera - C\u00f3digo Vidrio","robots":{"index":"index","follow":"follow","max-snippet":"max-snippet:-1","max-image-preview":"max-image-preview:large","max-video-preview":"max-video-preview:-1"},"canonical":"https:\/\/www.codigovidrio.com\/code\/las-otras-victimas\/","og_locale":"es_ES","og_type":"article","og_title":"Las otras v\u00edctimas de la frontera - C\u00f3digo Vidrio","og_description":"Cinco d\u00edas despu\u00e9s de que se confirmara la muerte del equipo period\u00edstico de El Comercio, el 17 de abril, el gobierno inform\u00f3 que \u00d3scar Villac\u00eds y Katty Velasco hab\u00edan sido secuestrados por narcoterroristas del Frente Oliver Sinisterra, en la poblaci\u00f3n colombiana de Puerto Rico. Horas despu\u00e9s, el presidente Len\u00edn Moreno anunci\u00f3 a sus ministros y ... leer m\u00e1s...","og_url":"https:\/\/www.codigovidrio.com\/code\/las-otras-victimas\/","og_site_name":"C\u00f3digo Vidrio","article_published_time":"2019-07-29T01:09:03+00:00","article_modified_time":"2019-09-30T23:52:06+00:00","og_image":[{"width":1600,"height":650,"url":"https:\/\/www.codigovidrio.com\/code\/wp-content\/uploads\/2019\/07\/head-otras-victimas.jpg","type":"image\/jpeg"}],"author":"Codigo Vidrio Admin","twitter_card":"summary_large_image","twitter_misc":{"Escrito por":"Codigo Vidrio Admin","Tiempo de lectura":"8 minutos"},"schema":{"@context":"https:\/\/schema.org","@graph":[{"@type":"Article","@id":"https:\/\/www.codigovidrio.com\/code\/las-otras-victimas\/#article","isPartOf":{"@id":"https:\/\/www.codigovidrio.com\/code\/las-otras-victimas\/"},"author":{"name":"Codigo Vidrio Admin","@id":"https:\/\/www.codigovidrio.com\/code\/#\/schema\/person\/974bc7a5b889699d012b2343dc68fc6e"},"headline":"Las otras v\u00edctimas de la frontera","datePublished":"2019-07-29T01:09:03+00:00","dateModified":"2019-09-30T23:52:06+00:00","mainEntityOfPage":{"@id":"https:\/\/www.codigovidrio.com\/code\/las-otras-victimas\/"},"wordCount":1628,"publisher":{"@id":"https:\/\/www.codigovidrio.com\/code\/#organization"},"image":{"@id":"https:\/\/www.codigovidrio.com\/code\/las-otras-victimas\/#primaryimage"},"thumbnailUrl":"https:\/\/www.codigovidrio.com\/code\/wp-content\/uploads\/2019\/07\/head-otras-victimas.jpg","articleSection":["Rehenes"],"inLanguage":"es"},{"@type":"WebPage","@id":"https:\/\/www.codigovidrio.com\/code\/las-otras-victimas\/","url":"https:\/\/www.codigovidrio.com\/code\/las-otras-victimas\/","name":"Las otras v\u00edctimas de la frontera - C\u00f3digo Vidrio","isPartOf":{"@id":"https:\/\/www.codigovidrio.com\/code\/#website"},"primaryImageOfPage":{"@id":"https:\/\/www.codigovidrio.com\/code\/las-otras-victimas\/#primaryimage"},"image":{"@id":"https:\/\/www.codigovidrio.com\/code\/las-otras-victimas\/#primaryimage"},"thumbnailUrl":"https:\/\/www.codigovidrio.com\/code\/wp-content\/uploads\/2019\/07\/head-otras-victimas.jpg","datePublished":"2019-07-29T01:09:03+00:00","dateModified":"2019-09-30T23:52:06+00:00","breadcrumb":{"@id":"https:\/\/www.codigovidrio.com\/code\/las-otras-victimas\/#breadcrumb"},"inLanguage":"es","potentialAction":[{"@type":"ReadAction","target":["https:\/\/www.codigovidrio.com\/code\/las-otras-victimas\/"]}]},{"@type":"ImageObject","inLanguage":"es","@id":"https:\/\/www.codigovidrio.com\/code\/las-otras-victimas\/#primaryimage","url":"https:\/\/www.codigovidrio.com\/code\/wp-content\/uploads\/2019\/07\/head-otras-victimas.jpg","contentUrl":"https:\/\/www.codigovidrio.com\/code\/wp-content\/uploads\/2019\/07\/head-otras-victimas.jpg","width":1600,"height":650},{"@type":"BreadcrumbList","@id":"https:\/\/www.codigovidrio.com\/code\/las-otras-victimas\/#breadcrumb","itemListElement":[{"@type":"ListItem","position":1,"name":"Portada","item":"https:\/\/www.codigovidrio.com\/code\/"},{"@type":"ListItem","position":2,"name":"Las otras v\u00edctimas de la frontera"}]},{"@type":"WebSite","@id":"https:\/\/www.codigovidrio.com\/code\/#website","url":"https:\/\/www.codigovidrio.com\/code\/","name":"C\u00f3digo Vidrio","description":"Transparentamos las historias ocultas","publisher":{"@id":"https:\/\/www.codigovidrio.com\/code\/#organization"},"potentialAction":[{"@type":"SearchAction","target":{"@type":"EntryPoint","urlTemplate":"https:\/\/www.codigovidrio.com\/code\/?s={search_term_string}"},"query-input":{"@type":"PropertyValueSpecification","valueRequired":true,"valueName":"search_term_string"}}],"inLanguage":"es"},{"@type":"Organization","@id":"https:\/\/www.codigovidrio.com\/code\/#organization","name":"C\u00f3digo Vidrio","url":"https:\/\/www.codigovidrio.com\/code\/","logo":{"@type":"ImageObject","inLanguage":"es","@id":"https:\/\/www.codigovidrio.com\/code\/#\/schema\/logo\/image\/","url":"https:\/\/www.codigovidrio.com\/code\/wp-content\/uploads\/2022\/01\/logo-horiz-08.png","contentUrl":"https:\/\/www.codigovidrio.com\/code\/wp-content\/uploads\/2022\/01\/logo-horiz-08.png","width":817,"height":294,"caption":"C\u00f3digo Vidrio"},"image":{"@id":"https:\/\/www.codigovidrio.com\/code\/#\/schema\/logo\/image\/"}},{"@type":"Person","@id":"https:\/\/www.codigovidrio.com\/code\/#\/schema\/person\/974bc7a5b889699d012b2343dc68fc6e","name":"Codigo Vidrio Admin","url":"https:\/\/www.codigovidrio.com\/code\/author\/vidrio-admin\/"}]}},"_links":{"self":[{"href":"https:\/\/www.codigovidrio.com\/code\/wp-json\/wp\/v2\/posts\/1719"}],"collection":[{"href":"https:\/\/www.codigovidrio.com\/code\/wp-json\/wp\/v2\/posts"}],"about":[{"href":"https:\/\/www.codigovidrio.com\/code\/wp-json\/wp\/v2\/types\/post"}],"author":[{"embeddable":true,"href":"https:\/\/www.codigovidrio.com\/code\/wp-json\/wp\/v2\/users\/2"}],"replies":[{"embeddable":true,"href":"https:\/\/www.codigovidrio.com\/code\/wp-json\/wp\/v2\/comments?post=1719"}],"version-history":[{"count":14,"href":"https:\/\/www.codigovidrio.com\/code\/wp-json\/wp\/v2\/posts\/1719\/revisions"}],"predecessor-version":[{"id":1898,"href":"https:\/\/www.codigovidrio.com\/code\/wp-json\/wp\/v2\/posts\/1719\/revisions\/1898"}],"wp:featuredmedia":[{"embeddable":true,"href":"https:\/\/www.codigovidrio.com\/code\/wp-json\/wp\/v2\/media\/1712"}],"wp:attachment":[{"href":"https:\/\/www.codigovidrio.com\/code\/wp-json\/wp\/v2\/media?parent=1719"}],"wp:term":[{"taxonomy":"category","embeddable":true,"href":"https:\/\/www.codigovidrio.com\/code\/wp-json\/wp\/v2\/categories?post=1719"},{"taxonomy":"post_tag","embeddable":true,"href":"https:\/\/www.codigovidrio.com\/code\/wp-json\/wp\/v2\/tags?post=1719"}],"curies":[{"name":"wp","href":"https:\/\/api.w.org\/{rel}","templated":true}]}}