{"id":1598,"date":"2019-04-18T02:12:03","date_gmt":"2019-04-18T02:12:03","guid":{"rendered":"http:\/\/www.codigovidrio.com\/code\/?p=1598"},"modified":"2019-04-18T03:36:37","modified_gmt":"2019-04-18T03:36:37","slug":"colombia-peru-y-ecuador-apuntan-a-un-acuerdo-de-politica-comun-de-seguridad","status":"publish","type":"post","link":"https:\/\/www.codigovidrio.com\/code\/colombia-peru-y-ecuador-apuntan-a-un-acuerdo-de-politica-comun-de-seguridad\/","title":{"rendered":"Colombia, Per\u00fa y Ecuador apuntan a un acuerdo de pol\u00edtica com\u00fan de seguridad"},"content":{"rendered":"<figure id=\"attachment_1597\" aria-describedby=\"caption-attachment-1597\" style=\"width: 361px\" class=\"wp-caption alignright\"><img fetchpriority=\"high\" decoding=\"async\" class=\"wp-image-1597 size-full\" src=\"https:\/\/www.codigovidrio.com\/code\/wp-content\/uploads\/2019\/04\/oswaldo-jarrin-ministro-defensa.jpg\" alt=\"\" width=\"371\" height=\"659\" srcset=\"https:\/\/www.codigovidrio.com\/code\/wp-content\/uploads\/2019\/04\/oswaldo-jarrin-ministro-defensa.jpg 371w, https:\/\/www.codigovidrio.com\/code\/wp-content\/uploads\/2019\/04\/oswaldo-jarrin-ministro-defensa-169x300.jpg 169w\" sizes=\"(max-width: 371px) 100vw, 371px\" \/><figcaption id=\"caption-attachment-1597\" class=\"wp-caption-text\">El ministro de Defensa, Oswaldo Jarr\u00edn, est\u00e1 en el cargo desde mayo del 2018. Reemplaz\u00f3 a Patricio Zambrano que dimiti\u00f3 tras el manejo err\u00e1tico de la crisis de inseguridad desatada por la arremetida del frente Oliver Sinisterra, en Esmeraldas.<\/figcaption><\/figure>\n<blockquote><p>El ministro de defensa, Oswaldo Jarr\u00edn, busca apuntalar una estrategia regional de seguridad y defensa. Desde el a\u00f1o pasado, a pocos meses de asumir el cargo, se reuni\u00f3 con los ministros de Colombia y Per\u00fa para establecer un acuerdo in\u00e9dito que busca enfrentar amenazas comunes, como el crimen transnacional. Ese tratado es discutido por una comisi\u00f3n que en mayo entregar\u00e1 un primer borrador que deber\u00e1 ser discutido y consensuado por los funcionarios de los tres pa\u00edses, para luego ser puesto en consideraci\u00f3n de los presidentes.<\/p><\/blockquote>\n<p>Por Arturo Torres<\/p>\n<p><strong>\u00bfEn qu\u00e9 ha cambiado la situaci\u00f3n de las pol\u00edticas de defensa el \u00faltimo a\u00f1o, tras su llegada al Ministerio?<\/strong><br \/>\nAhora tenemos claramente definida una pol\u00edtica de defensa nacional, especialmente con la publicaci\u00f3n del Libro Blanco, que durante diez a\u00f1os no ha tenido el Ecuador. El \u00faltimo texto se public\u00f3 el 2006, cuando fui ministro.<\/p>\n<p><strong>\u00bfPor qu\u00e9 es importante una pol\u00edtica de defensa?<\/strong><br \/>\nAs\u00ed se pueden estructurar planes de seguridad, una estrategia nacional de defensa y seguridad, seguidos de los planes que es la siguiente etapa. Otra fase es la cooperaci\u00f3n internacional, que hemos estrechado de forma permanente con Estados Unidos, China, Inglaterra y Espa\u00f1a, fundamentalmente. China entregar\u00e1 cinco lanchas guardacostas como donaci\u00f3n este a\u00f1o. Rusia tambi\u00e9n es clave para el mantenimiento de la cooperaci\u00f3n. A partir del Libro Blanco, para que funcione la planificaci\u00f3n estrat\u00e9gica militar, se emiti\u00f3 una directiva militar, que fue entregada al Comando Conjunto de las FF.AA. Luego se debe dar cumplimiento a los planes estrat\u00e9gicos militares, el plan de frontera, mar\u00edtimo, institucional\u2026<\/p>\n<p><strong>Usted tambi\u00e9n hab\u00eda propuesto el a\u00f1o pasado, en la cumbre de ministros de Defensa en M\u00e9xico, la necesidad de aplicar estrategia colectiva conjunta internacional para enfrentar nuevas amenazas, como narcotr\u00e1fico, disidencias y crimen organizado. \u00bfC\u00f3mo est\u00e1 caminando ese proyecto?<\/strong><br \/>\nAs\u00ed es, y en ese sentido hemos estado trabajando para afinar la cooperaci\u00f3n internacional con distintos convenios.<\/p>\n<p><strong>\u00bfAl parecer, ya han tenido conversaciones con Colombia y Per\u00fa?<\/strong><br \/>\nS\u00ed, ha habido varias reuniones y teleconferencias en los tres pa\u00edses. A este proyecto que estamos elaborando y discutiendo se lo denomina Pol\u00edtica Com\u00fan de Seguridad. Precisamente, surgi\u00f3 el a\u00f1o pasado cuando estuve en M\u00e9xico, en la Conferencia de Ministros de Defensa. Tuve una reuni\u00f3n binacional con los representantes de Colombia y Per\u00fa. Entonces le ped\u00ed al ministro Guillermo Botero que dise\u00f1emos una pol\u00edtica com\u00fan y estuvo de acuerdo, luego habl\u00e9 con el ministro Huerta de Per\u00fa, quien tambi\u00e9n estuvo en sinton\u00eda. Se pidi\u00f3 nombrar un coordinador, que es el viceministro de Defensa de Colombia y delegados de Per\u00fa y Ecuador. Ellos son parte de una comisi\u00f3n, que sigue un cronograma y est\u00e1 encargada de analizar amenazas comunes, las condiciones de cooperaci\u00f3n y otros detalles. De esa tarea saldr\u00e1 un primer documento. Se trata de un texto in\u00e9dito que se est\u00e1 procesando. Y se concretar\u00e1 en un borrador de convenio de Pol\u00edtica Com\u00fan de Seguridad, que tenemos que analizarlo los tres ministros en mayo pr\u00f3ximo.<\/p>\n<p><strong>\u00bfImagino que har\u00e1n observaciones y sugerencias para llegar a acuerdos y poder armonizar criterios?<\/strong><br \/>\nAs\u00ed es, lo revisaremos detenidamente y luego de un consenso lo presentaremos para la firma de los presidentes de los tres pa\u00edses.<\/p>\n<p><strong>\u00bfY para cu\u00e1ndo est\u00e1 previsto que sea aprobado ese convenio por los tres presidentes?<\/strong><br \/>\nEsperamos que se concrete para junio.<\/p>\n<p><strong>\u00bfEn el contexto de la cooperaci\u00f3n internacional, desde el a\u00f1o pasado cu\u00e1nto se han estrechado las relaciones con EE.UU.?<\/strong><br \/>\nMuch\u00edsimo, tuve dos visitas a Miami, cuando hubo el cambio del jefe del Comando Sur, y tambi\u00e9n he ido dos veces m\u00e1s a Washington. La cooperaci\u00f3n con el avi\u00f3n estadounidense P3 es fundamental para el control del narcotr\u00e1fico en el mar; hemos pedido un estudio estrat\u00e9gico de an\u00e1lisis y de inteligencia estrat\u00e9gico militar. Hay que tener en cuenta que el principal corredor de droga est\u00e1 por el sur de Colombia y norte de Ecuador, sale desde Tumaco y se abre hacia el mar territorial, va a Gal\u00e1pagos y de ah\u00ed hacia Centroam\u00e9rica. Por eso hemos pedido un apoyo con tecnolog\u00eda m\u00e1s avanzado de EE.UU., necesitamos medios de control mar\u00edtimos.<\/p>\n<p><strong>\u00bfC\u00f3mo ha tratado de recomponer usted los graves da\u00f1os que se causaron a FF.AA. la \u00faltima d\u00e9cada, con el anterior gobierno?<\/strong><br \/>\nEn el tiempo que estoy como Ministro los temas m\u00e1s graves est\u00e1n solucionados. He anulado acuerdos ministeriales, he sacado nuevas directivas, por ejemplo hab\u00eda un mando unificado que se termin\u00f3, y se llama Comando Conjunto. Retomamos estrictamente la doctrina militar. Otro aspecto importante es la reinstitucionalizaci\u00f3n de las FF.AA. Y hay otros cambios, por ejemplo hab\u00eda un convenio con aduanas pero se elimin\u00f3, puesto que FF.AA. no pueden apoyar ni dedicarse al tema aduanero, esa no es su misi\u00f3n. Hubo una terminaci\u00f3n unilateral, lo que no significa que no apoyemos, de manera excepcional y con intercambio de informaci\u00f3n. Por ejemplo, todo lo que es tr\u00e1fico de precursores qu\u00edmicos en la frontera, FF.AA. se hace responsable del control de cemento, cal, gasolina blanca, esa es nuestra responsabilidad.<\/p>\n<p><strong>\u00bfY en relaci\u00f3n a la frontera norte?<\/strong><br \/>\nCambiamos todo lo que es la pol\u00edtica, que no exist\u00eda; est\u00e1bamos con un estado de excepci\u00f3n en la frontera norte desde enero del 2018, pero ahora tenemos una pol\u00edtica de seguridad y defensa para la frontera norte. Un libro blanco pero solo para frontera; en base a eso reestructuramos las funciones de los militares en el l\u00edmite fronterizo, se conform\u00f3 fuerza de tarea conjunta. Ahora tenemos meses de tranquilidad y calma. Actualmente s\u00ed podemos ocuparnos del resto del pa\u00eds.<\/p>\n<p><strong>Pero la situaci\u00f3n de los disidentes en la frontera sigue siendo conflictiva y vol\u00e1til.<\/strong><br \/>\nEstos grupos tienen tres caracter\u00edsticas: son h\u00edbridos, mutantes y difusos. H\u00edbridos porque al mismo tiempo que est\u00e1n con las FARC son disidentes, se pasan a ser seguridad del narco o son mercenarios, se mueven seg\u00fan sus intereses. Guacho dijo que era parte de las FARC, que no era disidente, hay una indefinici\u00f3n. En Colombia hay 17 grupos de este tipo. Para Ecuador la disposici\u00f3n que se ha dado en Defensa, es que no nos interesan los or\u00edgenes ni a d\u00f3nde pertenecen, todos son considerados ilegales armados, no estanos interesados en saber sus redes y contactos ni con qu\u00e9 carteles trabajan y se mueven. Aqu\u00ed hay presencia espor\u00e1dica armada de esos grupos, no est\u00e1n de forma permanente.<\/p>\n<p><strong>\u00bfNo son permanentes?<\/strong><br \/>\nNo hay permanencia. En segundo lugar nuestra preocupaci\u00f3n es el territorio, la poblaci\u00f3n y las actividades delictivas que cometan.<\/p>\n<p><iframe src=\"https:\/\/www.youtube.com\/embed\/Z1OlBhHMXq4\" width=\"560\" height=\"315\" frameborder=\"0\" allowfullscreen=\"allowfullscreen\"><\/iframe><br \/>\n<span style=\"font-size: 13px; color: #888888;\">En septiembre pasado, el ministro de Defensa, Oswaldo Jarr\u00edn, propuso en la cumbre de<br \/>\nministros en M\u00e9xico, fortalecer la cooperaci\u00f3n regional para enfrentar las amenazas<\/span><\/p>\n<p><strong>\u00bfEntonces, est\u00e1n preparadas las FF.AA. para una arremetida de las fuerzas disidentes hacia Ecuador?<\/strong><br \/>\nAc\u00e1 hubo una reestructuraci\u00f3n de todas las fuerzas de manera permanente y estamos listos para cualquier embate de ese tipo.<\/p>\n<p><strong>En Colombia ya se eval\u00faa la posibilidad de retomar las fumigaciones a\u00e9reas, puesto que la erradicaci\u00f3n manual de los sembrad\u00edos de hoja de coca tiene problemas y avanza muy poco en departamentos fronterizos de Colombia. \u00bfUstedes est\u00e1n preparados para lo que se puede venir?<\/strong><br \/>\nNo estamos seguros de que eso ocurra, creo que no va a comenzar, no tienen resultados y los drones son un fracaso.<\/p>\n<p><strong>Pero se conoce que en los pr\u00f3ximos meses empezar\u00eda la aspersi\u00f3n a\u00e9rea.<\/strong><br \/>\nEst\u00e1n estudiando con nuevas avionetas, pero no es inminente. Se descart\u00f3 experimentaci\u00f3n con drones, pero nuestra sugerencia es que sigan con erradicaci\u00f3n manual, que no haya afectaci\u00f3n a los campesinos.<\/p>\n<p><strong>\u00bfQu\u00e9 le parece lo que est\u00e1 ocurriendo con la miner\u00eda ilegal y el crimen organizado en Buenos Aires, en Imbabura?<\/strong><br \/>\nS\u00ed, es muy grave, pero est\u00e1 en el campo de la seguridad p\u00fablica, nosotros ah\u00ed no entramos sino la Polic\u00eda; pero, claro, no podemos dejar de apoyar, si as\u00ed se requiere.<\/p>\n<p><strong>Pero tambi\u00e9n hay informaci\u00f3n de que hay disidentes de las FARC en esa zona.<\/strong><br \/>\nPuede haber miembros disidentes, pero no de forma permanente.<\/p>\n<p><strong>Una debilidad que a\u00fan se mantiene es la operatividad y eficacia del Centro de Inteligencia Estrat\u00e9gica (CIES), que reemplaz\u00f3 a la Sena\u00edn, de triste recordaci\u00f3n porque politiz\u00f3 la inteligencia.<\/strong><br \/>\nAs\u00ed es, y por eso fue eliminada, hubo una reestructuraci\u00f3n. Ahora el CIES provee de informaci\u00f3n a todos los ministerios y tiene vinculaci\u00f3n con FF.AA., a trav\u00e9s del Comando Conjunto que tiene una comunidad de inteligencia que provee informaci\u00f3n estrat\u00e9gica. Tambi\u00e9n hay una nueva ley que se est\u00e1 elaborando, como parte de seis proyectos que hemos presentado.<\/p>\n<p><strong>\u00bfY el perfil del funcionario que la dirige, cu\u00e1l debe ser?<\/strong><br \/>\nLo ideal es que sea un experto en Inteligencia.<\/p>\n","protected":false},"excerpt":{"rendered":"<p>El ministro de defensa, Oswaldo Jarr\u00edn, busca apuntalar una estrategia regional de seguridad y defensa. Desde el a\u00f1o pasado, a pocos meses de asumir el cargo, se reuni\u00f3 con los ministros de Colombia y Per\u00fa para establecer un acuerdo in\u00e9dito que busca enfrentar amenazas comunes, como el crimen transnacional. Ese tratado es discutido por una &#8230; <a title=\"Colombia, Per\u00fa y Ecuador apuntan a un acuerdo de pol\u00edtica com\u00fan de seguridad\" class=\"read-more\" href=\"https:\/\/www.codigovidrio.com\/code\/colombia-peru-y-ecuador-apuntan-a-un-acuerdo-de-politica-comun-de-seguridad\/\">leer m\u00e1s&#8230;<\/a><\/p>\n","protected":false},"author":2,"featured_media":0,"comment_status":"closed","ping_status":"closed","sticky":false,"template":"","format":"standard","meta":{"generate_page_header":"","footnotes":""},"categories":[211],"tags":[],"yoast_head":"<!-- This site is optimized with the Yoast SEO plugin v23.5 - https:\/\/yoast.com\/wordpress\/plugins\/seo\/ -->\n<title>Colombia, Per\u00fa y Ecuador apuntan a un acuerdo de pol\u00edtica com\u00fan de seguridad - C\u00f3digo Vidrio<\/title>\n<meta name=\"robots\" content=\"index, follow, max-snippet:-1, max-image-preview:large, max-video-preview:-1\" \/>\n<link rel=\"canonical\" href=\"https:\/\/www.codigovidrio.com\/code\/colombia-peru-y-ecuador-apuntan-a-un-acuerdo-de-politica-comun-de-seguridad\/\" \/>\n<meta property=\"og:locale\" content=\"es_ES\" \/>\n<meta property=\"og:type\" content=\"article\" \/>\n<meta property=\"og:title\" content=\"Colombia, Per\u00fa y Ecuador apuntan a un acuerdo de pol\u00edtica com\u00fan de seguridad - C\u00f3digo Vidrio\" \/>\n<meta property=\"og:description\" content=\"El ministro de defensa, Oswaldo Jarr\u00edn, busca apuntalar una estrategia regional de seguridad y defensa. Desde el a\u00f1o pasado, a pocos meses de asumir el cargo, se reuni\u00f3 con los ministros de Colombia y Per\u00fa para establecer un acuerdo in\u00e9dito que busca enfrentar amenazas comunes, como el crimen transnacional. Ese tratado es discutido por una ... leer m\u00e1s...\" \/>\n<meta property=\"og:url\" content=\"https:\/\/www.codigovidrio.com\/code\/colombia-peru-y-ecuador-apuntan-a-un-acuerdo-de-politica-comun-de-seguridad\/\" \/>\n<meta property=\"og:site_name\" content=\"C\u00f3digo Vidrio\" \/>\n<meta property=\"article:published_time\" content=\"2019-04-18T02:12:03+00:00\" \/>\n<meta property=\"article:modified_time\" content=\"2019-04-18T03:36:37+00:00\" \/>\n<meta property=\"og:image\" content=\"http:\/\/www.codigovidrio.com\/code\/wp-content\/uploads\/2019\/04\/oswaldo-jarrin-ministro-defensa.jpg\" \/>\n<meta name=\"author\" content=\"Codigo Vidrio Admin\" \/>\n<meta name=\"twitter:card\" content=\"summary_large_image\" \/>\n<meta name=\"twitter:label1\" content=\"Escrito por\" \/>\n\t<meta name=\"twitter:data1\" content=\"Codigo Vidrio Admin\" \/>\n\t<meta name=\"twitter:label2\" content=\"Tiempo de lectura\" \/>\n\t<meta name=\"twitter:data2\" content=\"8 minutos\" \/>\n<script type=\"application\/ld+json\" class=\"yoast-schema-graph\">{\"@context\":\"https:\/\/schema.org\",\"@graph\":[{\"@type\":\"Article\",\"@id\":\"https:\/\/www.codigovidrio.com\/code\/colombia-peru-y-ecuador-apuntan-a-un-acuerdo-de-politica-comun-de-seguridad\/#article\",\"isPartOf\":{\"@id\":\"https:\/\/www.codigovidrio.com\/code\/colombia-peru-y-ecuador-apuntan-a-un-acuerdo-de-politica-comun-de-seguridad\/\"},\"author\":{\"name\":\"Codigo Vidrio Admin\",\"@id\":\"https:\/\/www.codigovidrio.com\/code\/#\/schema\/person\/974bc7a5b889699d012b2343dc68fc6e\"},\"headline\":\"Colombia, Per\u00fa y Ecuador apuntan a un acuerdo de pol\u00edtica com\u00fan de seguridad\",\"datePublished\":\"2019-04-18T02:12:03+00:00\",\"dateModified\":\"2019-04-18T03:36:37+00:00\",\"mainEntityOfPage\":{\"@id\":\"https:\/\/www.codigovidrio.com\/code\/colombia-peru-y-ecuador-apuntan-a-un-acuerdo-de-politica-comun-de-seguridad\/\"},\"wordCount\":1607,\"publisher\":{\"@id\":\"https:\/\/www.codigovidrio.com\/code\/#organization\"},\"image\":{\"@id\":\"https:\/\/www.codigovidrio.com\/code\/colombia-peru-y-ecuador-apuntan-a-un-acuerdo-de-politica-comun-de-seguridad\/#primaryimage\"},\"thumbnailUrl\":\"http:\/\/www.codigovidrio.com\/code\/wp-content\/uploads\/2019\/04\/oswaldo-jarrin-ministro-defensa.jpg\",\"articleSection\":[\"Especiales\"],\"inLanguage\":\"es\"},{\"@type\":\"WebPage\",\"@id\":\"https:\/\/www.codigovidrio.com\/code\/colombia-peru-y-ecuador-apuntan-a-un-acuerdo-de-politica-comun-de-seguridad\/\",\"url\":\"https:\/\/www.codigovidrio.com\/code\/colombia-peru-y-ecuador-apuntan-a-un-acuerdo-de-politica-comun-de-seguridad\/\",\"name\":\"Colombia, Per\u00fa y Ecuador apuntan a un acuerdo de pol\u00edtica com\u00fan de seguridad - C\u00f3digo Vidrio\",\"isPartOf\":{\"@id\":\"https:\/\/www.codigovidrio.com\/code\/#website\"},\"primaryImageOfPage\":{\"@id\":\"https:\/\/www.codigovidrio.com\/code\/colombia-peru-y-ecuador-apuntan-a-un-acuerdo-de-politica-comun-de-seguridad\/#primaryimage\"},\"image\":{\"@id\":\"https:\/\/www.codigovidrio.com\/code\/colombia-peru-y-ecuador-apuntan-a-un-acuerdo-de-politica-comun-de-seguridad\/#primaryimage\"},\"thumbnailUrl\":\"http:\/\/www.codigovidrio.com\/code\/wp-content\/uploads\/2019\/04\/oswaldo-jarrin-ministro-defensa.jpg\",\"datePublished\":\"2019-04-18T02:12:03+00:00\",\"dateModified\":\"2019-04-18T03:36:37+00:00\",\"breadcrumb\":{\"@id\":\"https:\/\/www.codigovidrio.com\/code\/colombia-peru-y-ecuador-apuntan-a-un-acuerdo-de-politica-comun-de-seguridad\/#breadcrumb\"},\"inLanguage\":\"es\",\"potentialAction\":[{\"@type\":\"ReadAction\",\"target\":[\"https:\/\/www.codigovidrio.com\/code\/colombia-peru-y-ecuador-apuntan-a-un-acuerdo-de-politica-comun-de-seguridad\/\"]}]},{\"@type\":\"ImageObject\",\"inLanguage\":\"es\",\"@id\":\"https:\/\/www.codigovidrio.com\/code\/colombia-peru-y-ecuador-apuntan-a-un-acuerdo-de-politica-comun-de-seguridad\/#primaryimage\",\"url\":\"http:\/\/www.codigovidrio.com\/code\/wp-content\/uploads\/2019\/04\/oswaldo-jarrin-ministro-defensa.jpg\",\"contentUrl\":\"http:\/\/www.codigovidrio.com\/code\/wp-content\/uploads\/2019\/04\/oswaldo-jarrin-ministro-defensa.jpg\"},{\"@type\":\"BreadcrumbList\",\"@id\":\"https:\/\/www.codigovidrio.com\/code\/colombia-peru-y-ecuador-apuntan-a-un-acuerdo-de-politica-comun-de-seguridad\/#breadcrumb\",\"itemListElement\":[{\"@type\":\"ListItem\",\"position\":1,\"name\":\"Portada\",\"item\":\"https:\/\/www.codigovidrio.com\/code\/\"},{\"@type\":\"ListItem\",\"position\":2,\"name\":\"Colombia, Per\u00fa y Ecuador apuntan a un acuerdo de pol\u00edtica com\u00fan de seguridad\"}]},{\"@type\":\"WebSite\",\"@id\":\"https:\/\/www.codigovidrio.com\/code\/#website\",\"url\":\"https:\/\/www.codigovidrio.com\/code\/\",\"name\":\"C\u00f3digo Vidrio\",\"description\":\"Transparentamos las historias ocultas\",\"publisher\":{\"@id\":\"https:\/\/www.codigovidrio.com\/code\/#organization\"},\"potentialAction\":[{\"@type\":\"SearchAction\",\"target\":{\"@type\":\"EntryPoint\",\"urlTemplate\":\"https:\/\/www.codigovidrio.com\/code\/?s={search_term_string}\"},\"query-input\":{\"@type\":\"PropertyValueSpecification\",\"valueRequired\":true,\"valueName\":\"search_term_string\"}}],\"inLanguage\":\"es\"},{\"@type\":\"Organization\",\"@id\":\"https:\/\/www.codigovidrio.com\/code\/#organization\",\"name\":\"C\u00f3digo Vidrio\",\"url\":\"https:\/\/www.codigovidrio.com\/code\/\",\"logo\":{\"@type\":\"ImageObject\",\"inLanguage\":\"es\",\"@id\":\"https:\/\/www.codigovidrio.com\/code\/#\/schema\/logo\/image\/\",\"url\":\"https:\/\/www.codigovidrio.com\/code\/wp-content\/uploads\/2022\/01\/logo-horiz-08.png\",\"contentUrl\":\"https:\/\/www.codigovidrio.com\/code\/wp-content\/uploads\/2022\/01\/logo-horiz-08.png\",\"width\":817,\"height\":294,\"caption\":\"C\u00f3digo Vidrio\"},\"image\":{\"@id\":\"https:\/\/www.codigovidrio.com\/code\/#\/schema\/logo\/image\/\"}},{\"@type\":\"Person\",\"@id\":\"https:\/\/www.codigovidrio.com\/code\/#\/schema\/person\/974bc7a5b889699d012b2343dc68fc6e\",\"name\":\"Codigo Vidrio Admin\",\"url\":\"https:\/\/www.codigovidrio.com\/code\/author\/vidrio-admin\/\"}]}<\/script>\n<!-- \/ Yoast SEO plugin. -->","yoast_head_json":{"title":"Colombia, Per\u00fa y Ecuador apuntan a un acuerdo de pol\u00edtica com\u00fan de seguridad - C\u00f3digo Vidrio","robots":{"index":"index","follow":"follow","max-snippet":"max-snippet:-1","max-image-preview":"max-image-preview:large","max-video-preview":"max-video-preview:-1"},"canonical":"https:\/\/www.codigovidrio.com\/code\/colombia-peru-y-ecuador-apuntan-a-un-acuerdo-de-politica-comun-de-seguridad\/","og_locale":"es_ES","og_type":"article","og_title":"Colombia, Per\u00fa y Ecuador apuntan a un acuerdo de pol\u00edtica com\u00fan de seguridad - C\u00f3digo Vidrio","og_description":"El ministro de defensa, Oswaldo Jarr\u00edn, busca apuntalar una estrategia regional de seguridad y defensa. Desde el a\u00f1o pasado, a pocos meses de asumir el cargo, se reuni\u00f3 con los ministros de Colombia y Per\u00fa para establecer un acuerdo in\u00e9dito que busca enfrentar amenazas comunes, como el crimen transnacional. Ese tratado es discutido por una ... leer m\u00e1s...","og_url":"https:\/\/www.codigovidrio.com\/code\/colombia-peru-y-ecuador-apuntan-a-un-acuerdo-de-politica-comun-de-seguridad\/","og_site_name":"C\u00f3digo Vidrio","article_published_time":"2019-04-18T02:12:03+00:00","article_modified_time":"2019-04-18T03:36:37+00:00","og_image":[{"url":"http:\/\/www.codigovidrio.com\/code\/wp-content\/uploads\/2019\/04\/oswaldo-jarrin-ministro-defensa.jpg"}],"author":"Codigo Vidrio Admin","twitter_card":"summary_large_image","twitter_misc":{"Escrito por":"Codigo Vidrio Admin","Tiempo de lectura":"8 minutos"},"schema":{"@context":"https:\/\/schema.org","@graph":[{"@type":"Article","@id":"https:\/\/www.codigovidrio.com\/code\/colombia-peru-y-ecuador-apuntan-a-un-acuerdo-de-politica-comun-de-seguridad\/#article","isPartOf":{"@id":"https:\/\/www.codigovidrio.com\/code\/colombia-peru-y-ecuador-apuntan-a-un-acuerdo-de-politica-comun-de-seguridad\/"},"author":{"name":"Codigo Vidrio Admin","@id":"https:\/\/www.codigovidrio.com\/code\/#\/schema\/person\/974bc7a5b889699d012b2343dc68fc6e"},"headline":"Colombia, Per\u00fa y Ecuador apuntan a un acuerdo de pol\u00edtica com\u00fan de seguridad","datePublished":"2019-04-18T02:12:03+00:00","dateModified":"2019-04-18T03:36:37+00:00","mainEntityOfPage":{"@id":"https:\/\/www.codigovidrio.com\/code\/colombia-peru-y-ecuador-apuntan-a-un-acuerdo-de-politica-comun-de-seguridad\/"},"wordCount":1607,"publisher":{"@id":"https:\/\/www.codigovidrio.com\/code\/#organization"},"image":{"@id":"https:\/\/www.codigovidrio.com\/code\/colombia-peru-y-ecuador-apuntan-a-un-acuerdo-de-politica-comun-de-seguridad\/#primaryimage"},"thumbnailUrl":"http:\/\/www.codigovidrio.com\/code\/wp-content\/uploads\/2019\/04\/oswaldo-jarrin-ministro-defensa.jpg","articleSection":["Especiales"],"inLanguage":"es"},{"@type":"WebPage","@id":"https:\/\/www.codigovidrio.com\/code\/colombia-peru-y-ecuador-apuntan-a-un-acuerdo-de-politica-comun-de-seguridad\/","url":"https:\/\/www.codigovidrio.com\/code\/colombia-peru-y-ecuador-apuntan-a-un-acuerdo-de-politica-comun-de-seguridad\/","name":"Colombia, Per\u00fa y Ecuador apuntan a un acuerdo de pol\u00edtica com\u00fan de seguridad - C\u00f3digo Vidrio","isPartOf":{"@id":"https:\/\/www.codigovidrio.com\/code\/#website"},"primaryImageOfPage":{"@id":"https:\/\/www.codigovidrio.com\/code\/colombia-peru-y-ecuador-apuntan-a-un-acuerdo-de-politica-comun-de-seguridad\/#primaryimage"},"image":{"@id":"https:\/\/www.codigovidrio.com\/code\/colombia-peru-y-ecuador-apuntan-a-un-acuerdo-de-politica-comun-de-seguridad\/#primaryimage"},"thumbnailUrl":"http:\/\/www.codigovidrio.com\/code\/wp-content\/uploads\/2019\/04\/oswaldo-jarrin-ministro-defensa.jpg","datePublished":"2019-04-18T02:12:03+00:00","dateModified":"2019-04-18T03:36:37+00:00","breadcrumb":{"@id":"https:\/\/www.codigovidrio.com\/code\/colombia-peru-y-ecuador-apuntan-a-un-acuerdo-de-politica-comun-de-seguridad\/#breadcrumb"},"inLanguage":"es","potentialAction":[{"@type":"ReadAction","target":["https:\/\/www.codigovidrio.com\/code\/colombia-peru-y-ecuador-apuntan-a-un-acuerdo-de-politica-comun-de-seguridad\/"]}]},{"@type":"ImageObject","inLanguage":"es","@id":"https:\/\/www.codigovidrio.com\/code\/colombia-peru-y-ecuador-apuntan-a-un-acuerdo-de-politica-comun-de-seguridad\/#primaryimage","url":"http:\/\/www.codigovidrio.com\/code\/wp-content\/uploads\/2019\/04\/oswaldo-jarrin-ministro-defensa.jpg","contentUrl":"http:\/\/www.codigovidrio.com\/code\/wp-content\/uploads\/2019\/04\/oswaldo-jarrin-ministro-defensa.jpg"},{"@type":"BreadcrumbList","@id":"https:\/\/www.codigovidrio.com\/code\/colombia-peru-y-ecuador-apuntan-a-un-acuerdo-de-politica-comun-de-seguridad\/#breadcrumb","itemListElement":[{"@type":"ListItem","position":1,"name":"Portada","item":"https:\/\/www.codigovidrio.com\/code\/"},{"@type":"ListItem","position":2,"name":"Colombia, Per\u00fa y Ecuador apuntan a un acuerdo de pol\u00edtica com\u00fan de seguridad"}]},{"@type":"WebSite","@id":"https:\/\/www.codigovidrio.com\/code\/#website","url":"https:\/\/www.codigovidrio.com\/code\/","name":"C\u00f3digo Vidrio","description":"Transparentamos las historias ocultas","publisher":{"@id":"https:\/\/www.codigovidrio.com\/code\/#organization"},"potentialAction":[{"@type":"SearchAction","target":{"@type":"EntryPoint","urlTemplate":"https:\/\/www.codigovidrio.com\/code\/?s={search_term_string}"},"query-input":{"@type":"PropertyValueSpecification","valueRequired":true,"valueName":"search_term_string"}}],"inLanguage":"es"},{"@type":"Organization","@id":"https:\/\/www.codigovidrio.com\/code\/#organization","name":"C\u00f3digo Vidrio","url":"https:\/\/www.codigovidrio.com\/code\/","logo":{"@type":"ImageObject","inLanguage":"es","@id":"https:\/\/www.codigovidrio.com\/code\/#\/schema\/logo\/image\/","url":"https:\/\/www.codigovidrio.com\/code\/wp-content\/uploads\/2022\/01\/logo-horiz-08.png","contentUrl":"https:\/\/www.codigovidrio.com\/code\/wp-content\/uploads\/2022\/01\/logo-horiz-08.png","width":817,"height":294,"caption":"C\u00f3digo Vidrio"},"image":{"@id":"https:\/\/www.codigovidrio.com\/code\/#\/schema\/logo\/image\/"}},{"@type":"Person","@id":"https:\/\/www.codigovidrio.com\/code\/#\/schema\/person\/974bc7a5b889699d012b2343dc68fc6e","name":"Codigo Vidrio Admin","url":"https:\/\/www.codigovidrio.com\/code\/author\/vidrio-admin\/"}]}},"_links":{"self":[{"href":"https:\/\/www.codigovidrio.com\/code\/wp-json\/wp\/v2\/posts\/1598"}],"collection":[{"href":"https:\/\/www.codigovidrio.com\/code\/wp-json\/wp\/v2\/posts"}],"about":[{"href":"https:\/\/www.codigovidrio.com\/code\/wp-json\/wp\/v2\/types\/post"}],"author":[{"embeddable":true,"href":"https:\/\/www.codigovidrio.com\/code\/wp-json\/wp\/v2\/users\/2"}],"replies":[{"embeddable":true,"href":"https:\/\/www.codigovidrio.com\/code\/wp-json\/wp\/v2\/comments?post=1598"}],"version-history":[{"count":10,"href":"https:\/\/www.codigovidrio.com\/code\/wp-json\/wp\/v2\/posts\/1598\/revisions"}],"predecessor-version":[{"id":1609,"href":"https:\/\/www.codigovidrio.com\/code\/wp-json\/wp\/v2\/posts\/1598\/revisions\/1609"}],"wp:attachment":[{"href":"https:\/\/www.codigovidrio.com\/code\/wp-json\/wp\/v2\/media?parent=1598"}],"wp:term":[{"taxonomy":"category","embeddable":true,"href":"https:\/\/www.codigovidrio.com\/code\/wp-json\/wp\/v2\/categories?post=1598"},{"taxonomy":"post_tag","embeddable":true,"href":"https:\/\/www.codigovidrio.com\/code\/wp-json\/wp\/v2\/tags?post=1598"}],"curies":[{"name":"wp","href":"https:\/\/api.w.org\/{rel}","templated":true}]}}