{"id":1487,"date":"2019-03-27T05:11:25","date_gmt":"2019-03-27T05:11:25","guid":{"rendered":"http:\/\/www.codigovidrio.com\/code\/?p=1487"},"modified":"2019-09-30T20:35:36","modified_gmt":"2019-09-30T20:35:36","slug":"javier-paul-y-efrain-fueron-filmados-a-pocas-horas-de-su-secuestro-en-mataje","status":"publish","type":"post","link":"https:\/\/www.codigovidrio.com\/code\/javier-paul-y-efrain-fueron-filmados-a-pocas-horas-de-su-secuestro-en-mataje\/","title":{"rendered":"El video con la primera prueba de vida de Javier, Pa\u00fal y Efra\u00edn se mantuvo oculto durante casi un a\u00f1o"},"content":{"rendered":"<blockquote><p>Esta reveladora grabaci\u00f3n, que hoy difundimos, evidencia que las primeras horas del plagio, los trabajadores de El Comercio no estaban encadenados: Javier Ortega, periodista, dice en la filmaci\u00f3n que los trataban bien, pero que su liberaci\u00f3n estaba en manos del presidente Len\u00edn Moreno. El segundo video \u2013que se conoci\u00f3 a trav\u00e9s de la televisi\u00f3n colombiana- fue captado el lunes 2 de abril. La condici\u00f3n f\u00edsica y emocional de los tres rehenes se hab\u00eda deteriorado aceleradamente. En el curso de las primeras 48 horas iban a ser liberados, pero las operaciones conjuntas de las polic\u00edas de ambas naciones frustraron el plan. Las im\u00e1genes muestran a los rehenes esperando salir de la selva. Esto no ocurri\u00f3. Por el contrario, las condiciones de su cautiverio se endurecieron.<\/p><\/blockquote>\n<p><em>Por Arturo Torres y Mar\u00eda Bel\u00e9n Arroyo<\/em><\/p>\n<p>Un <strong>a\u00f1o despu\u00e9s<\/strong> del <strong>secuestro del equipo period\u00edstico<\/strong> de diario El Comercio,<strong> aparece<\/strong> una conmovedora y reveladora evidencia. Es un <strong>video<\/strong> -hasta ahora in\u00e9dito- enviado como la primera <strong>prueba de vida<\/strong> de <strong>Javier Ortega, Pa\u00fal Rivas y Efra\u00edn Segarra<\/strong>, a pocas horas de ser capturados en Mataje, por Guacho, cabecilla del frente narcoterrorista Oliver Sinisterra.<\/p>\n<p>En la filmaci\u00f3n los tres trabajadores de El Comercio se ven <strong>preocupados, molestos e impacientes<\/strong>. No obstante, est\u00e1n relativamente calmados. Nada permite <strong>presagiar la angustia<\/strong> que vivir\u00edan durante casi dos semanas <strong>en manos de los disidentes,<\/strong> hasta su muerte, que casi con certeza ocurri\u00f3 el <strong>s\u00e1bado 7 de abril de 2018<\/strong>.<\/p>\n<p>Esta primera <strong>grabaci\u00f3n casera<\/strong> <strong>no fue entregada<\/strong> por las <strong>autoridades del Gobierno<\/strong> a los familiares. A algunos de ellos, una persona que participaba en las reuniones del <strong>Comit\u00e9 de Crisis<\/strong>, integrado para negociar la liberaci\u00f3n, les mostr\u00f3 informalmente un <strong>fragmento del video en una pantalla de celular.<\/strong>\u00a0Esto ocurri\u00f3 el 29 de marzo, luego de que se <strong>desmintiera<\/strong> desde el Gobierno ecuatoriano <strong>la noticia de la liberaci\u00f3n<\/strong>, el 28 de marzo, publicada por diario El Tiempo, de Colombia.<\/p>\n<p>\u00abPara nosotros, <strong>la del 29 de marzo<\/strong> fue realmente la primera reuni\u00f3n del Comit\u00e9, luego de insistirle al ministro Navas que integrara el organismo y <strong>empezara a actuar<\/strong>.\u00a0 Cuando se difundi\u00f3 la noticia de la liberaci\u00f3n, nos citaron la ma\u00f1ana siguiente al centro de emergencias ECU-911 y nos mostraron <strong>parte<\/strong>\u00a0<strong>del video<\/strong> tratando de calmarnos\u00bb, recuerda Yadira Aguagallo, pareja de Pa\u00fal.<\/p>\n<p>En esa cita tambi\u00e9n les pidieron a los parientes de los rehenes que no proporcionaran detalles a la prensa. Ese mismo d\u00eda, <strong>las autoridades<\/strong> acudieron a la Asamblea, a la Comisi\u00f3n de Seguridad.\u00a0 Mantuvieron una <strong>reuni\u00f3n de car\u00e1cter reservado<\/strong>. No obstante, luego el <strong>legislador Fabricio Villamar<\/strong> declar\u00f3 que pudieron ver una filmaci\u00f3n, en la que aparecen los <strong>tres rehenes<\/strong> en medio de un <strong>lugar con vegetaci\u00f3n<\/strong>.<\/p>\n<p>El video lo recibi\u00f3 <strong>el mayor de polic\u00eda<\/strong> Alejandro Zaldumbide, quien desde hace varias semanas\u00a0 <strong>manten\u00eda contacto telef\u00f3nico<\/strong> con el l\u00edder del frente, Guacho.<\/p>\n<p>La filmaci\u00f3n dura un <strong>minuto y 20 segundos<\/strong>. La toma est\u00e1 captada en una finca selv\u00e1tica despejada, al parecer antes del mediod\u00eda. El primero en intervenir en la escena inicial es <strong>Pa\u00fal Rivas<\/strong>, quien le pide a la persona que <strong>filma con su celular<\/strong> que se<strong> aproxime<\/strong> para que se pueda escuchar con claridad <strong>el mensaje<\/strong> que est\u00e1 por transmitir el <strong>periodista Javier Ortega<\/strong>.<\/p>\n<p>\u201cBueno, estamos con Efra\u00edn Segarra, Pa\u00fal Rivas y Javier Ortega, quien les habla; estamos en calidad de <strong>retenidos por las Fuerzas Armadas Revolucionarias de Colombia (FARC)<\/strong>. Llegamos el lunes, nos detuvieron <strong>aqu\u00ed este d\u00eda lunes 26 de marzo<\/strong>; nos han tratado bien, estamos bien, para quien escuche este mensaje, y ahorita solo <strong>estamos en manos del presidente ecuatoriano Len\u00edn Moreno<\/strong>. Ellos <strong>simplemente est\u00e1n negociando<\/strong>, no nos han hecho da\u00f1o, pero obviamente la condici\u00f3n es que el Gobierno ecuatoriano <strong>acepte su pedido<\/strong>\u00a0para nosotros tambi\u00e9n poder salir tranquilos, sanos y salvos. El mensaje es que ahorita <strong>estamos en manos del Gobierno ecuatoriano<\/strong>\u201d.<\/p>\n<p><iframe src=\"https:\/\/www.youtube.com\/embed\/ETD9DXvqd8A\" width=\"560\" height=\"315\" frameborder=\"0\" allowfullscreen=\"allowfullscreen\"><\/iframe><\/p>\n<p>Hasta ahora, solo se conoc\u00eda\u00a0 el contenido del <strong>chat que el disidente manten\u00eda con el Polic\u00eda<\/strong>. La tarde del \u00faltimo <strong>lunes de marzo de 2018<\/strong>, Guacho escribi\u00f3 al <strong>oficial<\/strong>:<\/p>\n<p>\u201cHola hola\u2026 Tengo tres personas retenidas ecuatorianas, dos periodistas de Quito y el chofer. En sus manos est\u00e1 la vida de esas personas. Hola hola, qu\u00e9 m\u00e1s cuenta. En diez minutos t\u00e9ngame respuesta o desaparecer\u00e1n esos se\u00f1ores\u201d.<br \/>\n-\u201cSaludos Guacho, buenas tardes. \u00bfTe puedo llamar?\u201d<br \/>\n-\u201cUsted sabe, no recibo llamadas\u201d.<br \/>\n-\u201cMe gustar\u00eda hablar contigo\u201d.<br \/>\n-\u201cEn esos minutos no tiene respuesta clara, d\u00eda a d\u00eda van a tener bajas, como militares y civiles, ustedes provocaron. Chaooo pues\u201d.<\/p>\n<p>En el v\u00eddeo, el m\u00e1s alto del grupo, <strong>Pa\u00fal,<\/strong> aparece con una camiseta caf\u00e9 y una gorra en su mano izquierda. En el centro, Javier el m\u00e1s joven, con camisa celeste. A la derecha, Efra\u00edn, el mayor del grupo, con las manos cruzadas detr\u00e1s de la espalda. Aunque no lucen cadenas ni tienen las manos amarradas, ya <strong>hab\u00edan perdido la libertad para moverse<\/strong>.<\/p>\n<p>A\u00fan no hemos podido esclarecer con certeza si el <strong>v\u00eddeo<\/strong> fue enviado a Zaldumbide el lunes 26 o al d\u00eda siguiente. No obstante, en los primeros mensajes Guacho menciona al oficial de la Polic\u00eda que le env\u00eda un video. La primera prueba de vida se<strong> mantuvo oculta durante un a\u00f1o<\/strong>, hasta su revelaci\u00f3n en este portal. \u00abEsto constituye una evidencia del ocultamiento de informaci\u00f3n por parte de las autoridades\u00bb, advirtieron familiares de los secuestrados. La posible raz\u00f3n: <strong>analistas de Inteligencia<\/strong> que consultamos, que pidieron no ser identificados, estiman que ser\u00eda la <strong>evidencia<\/strong> de que el <strong>secuestro ocurri\u00f3 en la ma\u00f1ana del 26 de marzo,<\/strong>\u00a0lo que confirma que esto pas\u00f3 en Mataje, en el <strong>lado ecuatoriano<\/strong> de la frontera. Por casi un a\u00f1o, <strong>la Fiscal\u00eda ecuatoriana<\/strong>\u00a0insisti\u00f3 en la teor\u00eda de que los rehenes <strong>fueron capturados en Colombia<\/strong>, a donde viajaron voluntariamente para <strong>entrevistar a Guacho<\/strong>. La revelaci\u00f3n period\u00edstica <strong>dej\u00f3 sin piso la tesis fiscal.<\/strong><\/p>\n<figure id=\"attachment_1486\" aria-describedby=\"caption-attachment-1486\" style=\"width: 440px\" class=\"wp-caption alignleft\"><img fetchpriority=\"high\" decoding=\"async\" class=\"wp-image-1486\" src=\"https:\/\/www.codigovidrio.com\/code\/wp-content\/uploads\/2019\/03\/pueblo-Mataje-Paul-28-01-18.jpg\" alt=\"\" width=\"450\" height=\"300\" srcset=\"https:\/\/www.codigovidrio.com\/code\/wp-content\/uploads\/2019\/03\/pueblo-Mataje-Paul-28-01-18.jpg 4080w, https:\/\/www.codigovidrio.com\/code\/wp-content\/uploads\/2019\/03\/pueblo-Mataje-Paul-28-01-18-300x200.jpg 300w, https:\/\/www.codigovidrio.com\/code\/wp-content\/uploads\/2019\/03\/pueblo-Mataje-Paul-28-01-18-768x512.jpg 768w, https:\/\/www.codigovidrio.com\/code\/wp-content\/uploads\/2019\/03\/pueblo-Mataje-Paul-28-01-18-1024x683.jpg 1024w\" sizes=\"(max-width: 450px) 100vw, 450px\" \/><figcaption id=\"caption-attachment-1486\" class=\"wp-caption-text\">Los trabajadores de Diario El Comercio fueron secuestrados por tres ecuatorianos del frente Oliver Sinisterra en Mataje, el lunes 26 de marzo, antes de las 10h00. Foto: cortes\u00eda familiares-Diario El Comercio<\/figcaption><\/figure>\n<p><strong>Tres ecuatorianos los secuestraron<\/strong><\/p>\n<p>Ese lunes el equipo de El Comercio pas\u00f3 a las<strong> 09h03 por el ret\u00e9n de la Marina<\/strong>. Ten\u00eda la autorizaci\u00f3n del comandante John Merlo, a cargo del Mando Unificado que estaba en control de los dos <strong>cantones conflictivos de Esmeraldas: San Lorenzo y Eloy Alfaro<\/strong>.<\/p>\n<p>Minutos despu\u00e9s, Javier, Pa\u00fal y Efra\u00edn llegaron a Mataje Nuevo, que estaba semidesierto. Empezaron a circular por las calles. Mientras se dirig\u00edan hacia Mataje Viejo fueron <strong>interceptados por tres ecuatorianos<\/strong>, que les <strong>apuntaron con armas de fuego y los obligaron a bajarse de la camioneta<\/strong>, seg\u00fan el testimonio de Gustavo Angulo, Cherry.<\/p>\n<p>Los abordaron los ecuatorianos Roberto, Christian y Andy, cumpliendo <strong>instrucciones de Guacho<\/strong>. \u00c9l hab\u00eda ordenado <strong>matar \u2018cualquier equipo de periodistas, vendedores ambulantes o investigadores<\/strong>\u2019 que aparecieran por el sector. Por esos d\u00edas ya <strong>hab\u00eda advertido a trav\u00e9s del chat con el mayor Zaldumbide<\/strong> que matar\u00eda a civiles extra\u00f1os.<\/p>\n<p><strong>Roberto<\/strong> -cuyo verdadero nombre es Jes\u00fas Segura- llam\u00f3 a Cherry, quien estaba en Brisas de Mataje, en Colombia para preguntarle <strong>qu\u00e9 hacer con ellos<\/strong>. A su vez, <strong>Cherry contact\u00f3 a Guacho y le consult\u00f3 si los deb\u00eda \u2018pelar\u2019<\/strong>. El jefe disidente decidi\u00f3 <strong>que los llevaran al lado colombiano, donde \u00e9l se encontraba en un lugar cercano<\/strong>. Esto ocurri\u00f3 antes de las 10h00 de ese lunes, seg\u00fan el testimonio.<\/p>\n<p>Uno de los tres captores les pidi\u00f3 <strong>no resistirs<\/strong>e porque solamente les iban a llevar al lado colombiano para que pudieran<strong> entrevistar a Guach<\/strong>o. Con enga\u00f1os, intentaban que Javier, Pa\u00fal y Efra\u00edn <strong>mantuvieran la calma y no opusieran resistencia<\/strong>. Al menos los dos primeros d\u00edas permanecieron con Guacho. Este <strong>afroecuatoriano<\/strong>, nacido en 1989, se vincul\u00f3 en su adolescencia a la <strong>guerrilla de las FARC<\/strong> y a partir de 2016 lider\u00f3 <strong>el frente Oliver Sinisterra<\/strong>, relacionado con <strong>carteles de la droga mexicanos<\/strong>.<\/p>\n<p><strong>Zozobra y miedo de los familiares<\/strong><\/p>\n<p>Los familiares del equipo ten\u00edan sospechas de que <strong>algo grave pasaba<\/strong>: no se hab\u00edan comunicado desde la ma\u00f1ana. El celular de Yadira Aguagallo, pareja de Pa\u00fal, son\u00f3. Le informaban de la redacci\u00f3n del diario capitalino que deb\u00eda acudir al<strong> ECU-911<\/strong>, a una reuni\u00f3n.<\/p>\n<p>Temprano en la ma\u00f1ana ella se hab\u00eda comunicado con \u00e9l, antes de su paso a Mataje. Luego intent\u00f3 <strong>contactarlo infructuosamente<\/strong> para preguntarle si hab\u00eda logrado fotografiar la explosi\u00f3n de una tanqueta militar.<\/p>\n<figure id=\"attachment_1482\" aria-describedby=\"caption-attachment-1482\" style=\"width: 390px\" class=\"wp-caption aligncenter\"><img decoding=\"async\" class=\"wp-image-1482\" src=\"https:\/\/www.codigovidrio.com\/code\/wp-content\/uploads\/2019\/03\/javier-paul-efrain.jpg\" alt=\"\" width=\"400\" height=\"234\" srcset=\"https:\/\/www.codigovidrio.com\/code\/wp-content\/uploads\/2019\/03\/javier-paul-efrain.jpg 1024w, https:\/\/www.codigovidrio.com\/code\/wp-content\/uploads\/2019\/03\/javier-paul-efrain-300x176.jpg 300w, https:\/\/www.codigovidrio.com\/code\/wp-content\/uploads\/2019\/03\/javier-paul-efrain-768x450.jpg 768w\" sizes=\"(max-width: 400px) 100vw, 400px\" \/><figcaption id=\"caption-attachment-1482\" class=\"wp-caption-text\">A pocas horas de ser secuestrados, Javier, Pa\u00fal y Efra\u00edn fueron filmados por los disidentes. El video se envi\u00f3 al mayor Alejandro Zaldumbide, quien fue el primero en enterarse del secuestro.<\/figcaption><\/figure>\n<figure id=\"attachment_1484\" aria-describedby=\"caption-attachment-1484\" style=\"width: 390px\" class=\"wp-caption aligncenter\"><img decoding=\"async\" class=\"wp-image-1484\" src=\"https:\/\/www.codigovidrio.com\/code\/wp-content\/uploads\/2019\/03\/Los-tres-encadenados-2.jpg\" alt=\"\" width=\"400\" height=\"300\" srcset=\"https:\/\/www.codigovidrio.com\/code\/wp-content\/uploads\/2019\/03\/Los-tres-encadenados-2.jpg 720w, https:\/\/www.codigovidrio.com\/code\/wp-content\/uploads\/2019\/03\/Los-tres-encadenados-2-300x225.jpg 300w\" sizes=\"(max-width: 400px) 100vw, 400px\" \/><figcaption id=\"caption-attachment-1484\" class=\"wp-caption-text\">El 2 de abril, los tres cautivos fueron nuevamente filmados. Esta vez ya estaban encadenados, se ve\u00edan demacrados y extenuados.<\/figcaption><\/figure>\n<p>Antes de oscurecer, el director de la DGI, general Pablo Aguirre, se reuni\u00f3 con el ministro del Interior, C\u00e9sar Navas para comentarle la informaci\u00f3n que hab\u00eda recibido del mayor Zaldumbide. A las 18h30 estaba <strong>confirmado el dato<\/strong> de que se trataba de equipo de El Comercio. Entonces Navas decidi\u00f3 integrar, con el aval del Presidente, un <strong>comit\u00e9 de crisis<\/strong>, compuesto por 18 funcionarios y los representantes de los familiares del equipo de El Comercio.<\/p>\n<p>Desconcertados, los familiares de los tres plagiados, entre ellos, <strong>Galo Ortega, Christian Segarra y Yadira Aguagallo<\/strong>, llegaron esa noche a las instalaciones del ECU-911.<\/p>\n<p>A los familiares no les dijeron que el responsable del secuestro era Guacho, quien ven\u00eda chateando con Zaldumbide desde el 13 de enero de 2018. Solo recibieron una<strong> indicaci\u00f3n muy puntual<\/strong>: no <strong>hacer p\u00fablicos los nombres de sus seres querido<\/strong>s, para <strong>no poner en riesgo sus vidas<\/strong>.<\/p>\n<p><strong>A las 48 horas del secuestro iban a liberarlos<\/strong><\/p>\n<p>En el curso de las <strong>primeras 48 horas de su cautiverio<\/strong>, Javier, Pa\u00fal y Efra\u00edn esperaban ser liberados, por eso permanecieron en un caser\u00edo cercano al fronterizo r\u00edo Mataje. Como <strong>evidencia<\/strong> de su localizaci\u00f3n, accedimos a una serie de <strong>im\u00e1genes cal\u00f3ricas<\/strong> captadas por un aparato a\u00e9reo que sobrevol\u00f3 la zona, entre el 27 y 28 de marzo. Estas fotograf\u00edas fueron difundidas por primera vez en el libro Rehenes.<\/p>\n<figure id=\"attachment_1500\" aria-describedby=\"caption-attachment-1500\" style=\"width: 440px\" class=\"wp-caption alignright\"><img loading=\"lazy\" decoding=\"async\" class=\"wp-image-1500\" src=\"https:\/\/www.codigovidrio.com\/code\/wp-content\/uploads\/2019\/03\/huella-calorica.jpg\" alt=\"\" width=\"450\" height=\"306\" srcset=\"https:\/\/www.codigovidrio.com\/code\/wp-content\/uploads\/2019\/03\/huella-calorica.jpg 1029w, https:\/\/www.codigovidrio.com\/code\/wp-content\/uploads\/2019\/03\/huella-calorica-300x204.jpg 300w, https:\/\/www.codigovidrio.com\/code\/wp-content\/uploads\/2019\/03\/huella-calorica-768x522.jpg 768w, https:\/\/www.codigovidrio.com\/code\/wp-content\/uploads\/2019\/03\/huella-calorica-1024x697.jpg 1024w\" sizes=\"(max-width: 450px) 100vw, 450px\" \/><figcaption id=\"caption-attachment-1500\" class=\"wp-caption-text\">Entre el 27 y el 28 de marzo del 2018 un aparato de espionaje capt\u00f3 desde el aire las siluetas de quienes ser\u00edan Javier, Pa\u00fal y Efra\u00edn. Estaban en actitud de espera en la madrugada. Horas despu\u00e9s, diario El Tiempo de Colombia inform\u00f3 que hab\u00edan sido liberados.<\/figcaption><\/figure>\n<p>Las <strong>im\u00e1genes en blanco y negro\u00a0<\/strong> son desconcertantes. Muestran las <strong>siluetas de tres personas<\/strong> -sentadas, juntas e inm\u00f3viles- en medio de la madrugada, en espera. <strong>No tienen cadenas<\/strong> ni est\u00e1n atadas.<\/p>\n<p>La huella cal\u00f3rica fue captada desde el aire por un aparato de espionaje electr\u00f3nico, que sobrevolaba la zona y que cubri\u00f3 <strong>un radio de dos kil\u00f3metros a la redonda,<\/strong> tomando como referencia Mataje Nuevo, Mataje Viejo y Las Delicias, en el l\u00edmite fronterizo.<\/p>\n<p>Seg\u00fan analistas de Inteligencia, a quienes consultamos, estas <strong>im\u00e1genes correspond\u00edan a Javier, Pa\u00fal y Efra\u00edn<\/strong>, secuestrados dos d\u00edas antes en Ecuador.<\/p>\n<p>El 28 de marzo, a las 03h27, la c\u00e1mara tambi\u00e9n capt\u00f3 otras tomas: muestran <strong>tres anillos de seguridad formados por hombres armados<\/strong>, en actitud de vigilancia de las tres personas. Otras siluetas t\u00e9rmicas se <strong>ocultan entre la maleza, en vigilia<\/strong>. A menos de 300 metros de distancia hay una casa, donde tambi\u00e9n se observan <strong>varias figuras<\/strong>. En las inmediaciones aparecen carpas.<\/p>\n<p>El aparato realiz\u00f3 varios<strong> sobrevuelos<\/strong> durante unos 40 minutos hasta tener un per\u00edmetro estable de observaci\u00f3n; descendi\u00f3 hasta 450 metros de altura. Detect\u00f3 <strong>movimientos de personas<\/strong>, dos kil\u00f3metros a la redonda.<\/p>\n<p><strong>Dieciocho horas despu\u00e9s de haberse registrado esas im\u00e1genes<\/strong>, exactamente a las 21h25, diario <strong>El Tiempo de Bogot\u00e1 public\u00f3<\/strong> una noticia esperanzadora. Una fuente militar de alto nivel le confirm\u00f3 a una periodista de ese medio que los dos comunicadores y el conductor <strong>hab\u00edan sido liberados<\/strong>.<\/p>\n<p>Por esos d\u00edas, algunos miembros del comit\u00e9 de crisis en Ecuador dijeron <strong>desconocer de la supuesta liberaci\u00f3n<\/strong> y desmintieron el art\u00edculo de El Tiempo. Pero el <strong>exministro C\u00e9sar Navas<\/strong> confirm\u00f3 a los periodistas de este portal, autores Del libro \u201cRehenes\u201d, que <strong>s\u00ed recibieron datos fidedignos<\/strong> sobre el fin del cautiverio.<\/p>\n<p>Por ese motivo, el <strong>Gobierno<\/strong> prepar\u00f3 una rueda de prensa en la Secretar\u00eda de Comunicaci\u00f3n, moviliz\u00f3 helic\u00f3pteros y coordin\u00f3 el desplazamiento del fiscal Christian Rivadeneira a San Lorenzo para que recibiera a los periodistas y al conductor.<\/p>\n<p>Rivadeneira ratific\u00f3 que estuvo varias horas esperando en el Batall\u00f3n de Infanter\u00eda de Marina San Lorenzo (BIMLOR) para la liberaci\u00f3n, luego se planeaba trasladarlos por v\u00eda a\u00e9rea al aeropuerto de Tachina, en Esmeraldas, y posteriormente a Quito.<\/p>\n<figure id=\"attachment_1485\" aria-describedby=\"caption-attachment-1485\" style=\"width: 440px\" class=\"wp-caption alignleft\"><img loading=\"lazy\" decoding=\"async\" class=\"wp-image-1485\" src=\"https:\/\/www.codigovidrio.com\/code\/wp-content\/uploads\/2019\/03\/Navas.jpg\" alt=\"\" width=\"450\" height=\"338\" srcset=\"https:\/\/www.codigovidrio.com\/code\/wp-content\/uploads\/2019\/03\/Navas.jpg 640w, https:\/\/www.codigovidrio.com\/code\/wp-content\/uploads\/2019\/03\/Navas-300x225.jpg 300w\" sizes=\"(max-width: 450px) 100vw, 450px\" \/><figcaption id=\"caption-attachment-1485\" class=\"wp-caption-text\">En octubre pasado, el exministro C\u00e9sar Navas revel\u00f3 por primera vez que los gobiernos de Ecuador y Colombia se alistaban para la liberaci\u00f3n del equipo period\u00edstico, el 28 de marzo.<\/figcaption><\/figure>\n<p>\u201cPor fuentes de Inteligencia en la zona se dec\u00eda que los van a liberar. El ministro de Defensa de Colombia, Luis Carlos Villegas, habl\u00f3 con el ministro ecuatoriano, Patricio Zambrano; <strong>por eso incluso se prepar\u00f3 un equipo para los traslados y los chequeos m\u00e9dicos<\/strong>. Tambi\u00e9n hablamos con la Secretar\u00eda de Comunicaci\u00f3n (Secom), ellos ten\u00edan todo preparado para hacer un anuncio formal al pa\u00eds. Entonces, nos sorprendi\u00f3 la llamada del Ministro de Defensa de Colombia, diciendo que ya estaban liberados. A \u00e9l, esa informaci\u00f3n le comunicaron altos mando militares y se enteraron por informantes. Pero eso nunca ocurri\u00f3\u201d.<\/p>\n<p>\u00bfPor qu\u00e9 entonces no se concret\u00f3 la liberaci\u00f3n? \u201c<strong>No lo sabemos<\/strong>, solo nos dijeron que de un momento a otro <strong>los hab\u00edan movido de la zona<\/strong>. Con esa informaci\u00f3n <strong>preliminar incluso movilizamos aviones y helic\u00f3pteros<\/strong>. Yo habl\u00e9 con el Presidente sobre la posibilidad de liberaci\u00f3n\u201d.<\/p>\n<p>Pese a que estos hechos fueron confirmados por la principal autoridad que estuvo al frente del Comit\u00e9 de Crisis, las <strong>Fiscal\u00edas de Ecuador y de Colombia<\/strong>\u00a0no han profundizado en esta l\u00ednea investigativa para conocer <strong>porqu\u00e9 no los liberaron.<\/strong><\/p>\n<p>La respuesta nos la dio <strong>Jes\u00fas Vargas Cuajiboy<\/strong>, conocido como <strong>Reinel<\/strong>, uno de los comandantes del <strong>frente Sinisterra<\/strong>. En una entrevista, Reinel, que est\u00e1 <strong>detenido en Colombia<\/strong>, respondi\u00f3 que Guacho <strong>s\u00ed iba a liberar a los tres ecuatorianos<\/strong>. Pero esta intenci\u00f3n se frustr\u00f3,\u00a0 \u201cPor las <strong>operaciones que hac\u00edan la polic\u00eda y los militares<\/strong>, hab\u00eda <strong>falta de seguridad<\/strong>\u201d. Las acciones armadas se realizaron en Colombia, seg\u00fan nos explic\u00f3.<\/p>\n<p>Tras esa <strong>frustrada liberaci\u00f3n<\/strong>, los se<strong>cuestradores se adentraron en la selva<\/strong> de Nari\u00f1o y recorrieron caser\u00edos, esteros y r\u00edos. <strong>Mov\u00edan constantemente a los rehenes<\/strong>, precisamente porque hab\u00eda <strong>operaciones militares en Colombia y barridos desde Ecuador<\/strong>, coordinadas <strong>entre polic\u00edas de ambos pa\u00edses<\/strong>. El objetivo era ubicar a Guacho y abatirlo.<\/p>\n<p>Sin embargo, seg\u00fan el discurso oficial, los <strong>gobiernos de ambos pa\u00edses<\/strong> hab\u00edan <strong>suspendido operaciones en la selva colombiana<\/strong> para <strong>no poner en peligro la vida<\/strong> de los rehenes.<\/p>\n<p>Seg\u00fan las <strong>autoridades colombianas<\/strong>, Guacho habr\u00eda sido abatido por <strong>fuerzas de ese pa\u00eds<\/strong>, en diciembre de 2018, junto con el segundo de la organizaci\u00f3n, Pitufo.<\/p>\n","protected":false},"excerpt":{"rendered":"<p>Esta reveladora grabaci\u00f3n, que hoy difundimos, evidencia que las primeras horas del plagio, los trabajadores de El Comercio no estaban encadenados: Javier Ortega, periodista, dice en la filmaci\u00f3n que los trataban bien, pero que su liberaci\u00f3n estaba en manos del presidente Len\u00edn Moreno. El segundo video \u2013que se conoci\u00f3 a trav\u00e9s de la televisi\u00f3n colombiana- &#8230; <a title=\"El video con la primera prueba de vida de Javier, Pa\u00fal y Efra\u00edn se mantuvo oculto durante casi un a\u00f1o\" class=\"read-more\" href=\"https:\/\/www.codigovidrio.com\/code\/javier-paul-y-efrain-fueron-filmados-a-pocas-horas-de-su-secuestro-en-mataje\/\">leer m\u00e1s&#8230;<\/a><\/p>\n","protected":false},"author":2,"featured_media":1481,"comment_status":"closed","ping_status":"closed","sticky":false,"template":"","format":"standard","meta":{"generate_page_header":"","footnotes":""},"categories":[213],"tags":[],"yoast_head":"<!-- This site is optimized with the Yoast SEO plugin v23.5 - https:\/\/yoast.com\/wordpress\/plugins\/seo\/ -->\n<title>El video con la primera prueba de vida de Javier, Pa\u00fal y Efra\u00edn se mantuvo oculto durante casi un a\u00f1o - C\u00f3digo Vidrio<\/title>\n<meta name=\"robots\" content=\"index, follow, max-snippet:-1, max-image-preview:large, max-video-preview:-1\" \/>\n<link rel=\"canonical\" href=\"https:\/\/www.codigovidrio.com\/code\/javier-paul-y-efrain-fueron-filmados-a-pocas-horas-de-su-secuestro-en-mataje\/\" \/>\n<meta property=\"og:locale\" content=\"es_ES\" \/>\n<meta property=\"og:type\" content=\"article\" \/>\n<meta property=\"og:title\" content=\"El video con la primera prueba de vida de Javier, Pa\u00fal y Efra\u00edn se mantuvo oculto durante casi un a\u00f1o - C\u00f3digo Vidrio\" \/>\n<meta property=\"og:description\" content=\"Esta reveladora grabaci\u00f3n, que hoy difundimos, evidencia que las primeras horas del plagio, los trabajadores de El Comercio no estaban encadenados: Javier Ortega, periodista, dice en la filmaci\u00f3n que los trataban bien, pero que su liberaci\u00f3n estaba en manos del presidente Len\u00edn Moreno. El segundo video \u2013que se conoci\u00f3 a trav\u00e9s de la televisi\u00f3n colombiana- ... leer m\u00e1s...\" \/>\n<meta property=\"og:url\" content=\"https:\/\/www.codigovidrio.com\/code\/javier-paul-y-efrain-fueron-filmados-a-pocas-horas-de-su-secuestro-en-mataje\/\" \/>\n<meta property=\"og:site_name\" content=\"C\u00f3digo Vidrio\" \/>\n<meta property=\"article:published_time\" content=\"2019-03-27T05:11:25+00:00\" \/>\n<meta property=\"article:modified_time\" content=\"2019-09-30T20:35:36+00:00\" \/>\n<meta property=\"og:image\" content=\"https:\/\/www.codigovidrio.com\/code\/wp-content\/uploads\/2019\/03\/head-prueba-vida.png\" \/>\n\t<meta property=\"og:image:width\" content=\"1600\" \/>\n\t<meta property=\"og:image:height\" content=\"650\" \/>\n\t<meta property=\"og:image:type\" content=\"image\/png\" \/>\n<meta name=\"author\" content=\"Codigo Vidrio Admin\" \/>\n<meta name=\"twitter:card\" content=\"summary_large_image\" \/>\n<meta name=\"twitter:label1\" content=\"Escrito por\" \/>\n\t<meta name=\"twitter:data1\" content=\"Codigo Vidrio Admin\" \/>\n\t<meta name=\"twitter:label2\" content=\"Tiempo de lectura\" \/>\n\t<meta name=\"twitter:data2\" content=\"13 minutos\" \/>\n<script type=\"application\/ld+json\" class=\"yoast-schema-graph\">{\"@context\":\"https:\/\/schema.org\",\"@graph\":[{\"@type\":\"Article\",\"@id\":\"https:\/\/www.codigovidrio.com\/code\/javier-paul-y-efrain-fueron-filmados-a-pocas-horas-de-su-secuestro-en-mataje\/#article\",\"isPartOf\":{\"@id\":\"https:\/\/www.codigovidrio.com\/code\/javier-paul-y-efrain-fueron-filmados-a-pocas-horas-de-su-secuestro-en-mataje\/\"},\"author\":{\"name\":\"Codigo Vidrio Admin\",\"@id\":\"https:\/\/www.codigovidrio.com\/code\/#\/schema\/person\/974bc7a5b889699d012b2343dc68fc6e\"},\"headline\":\"El video con la primera prueba de vida de Javier, Pa\u00fal y Efra\u00edn se mantuvo oculto durante casi un a\u00f1o\",\"datePublished\":\"2019-03-27T05:11:25+00:00\",\"dateModified\":\"2019-09-30T20:35:36+00:00\",\"mainEntityOfPage\":{\"@id\":\"https:\/\/www.codigovidrio.com\/code\/javier-paul-y-efrain-fueron-filmados-a-pocas-horas-de-su-secuestro-en-mataje\/\"},\"wordCount\":2665,\"publisher\":{\"@id\":\"https:\/\/www.codigovidrio.com\/code\/#organization\"},\"image\":{\"@id\":\"https:\/\/www.codigovidrio.com\/code\/javier-paul-y-efrain-fueron-filmados-a-pocas-horas-de-su-secuestro-en-mataje\/#primaryimage\"},\"thumbnailUrl\":\"https:\/\/www.codigovidrio.com\/code\/wp-content\/uploads\/2019\/03\/head-prueba-vida.png\",\"articleSection\":[\"Rehenes\"],\"inLanguage\":\"es\"},{\"@type\":\"WebPage\",\"@id\":\"https:\/\/www.codigovidrio.com\/code\/javier-paul-y-efrain-fueron-filmados-a-pocas-horas-de-su-secuestro-en-mataje\/\",\"url\":\"https:\/\/www.codigovidrio.com\/code\/javier-paul-y-efrain-fueron-filmados-a-pocas-horas-de-su-secuestro-en-mataje\/\",\"name\":\"El video con la primera prueba de vida de Javier, Pa\u00fal y Efra\u00edn se mantuvo oculto durante casi un a\u00f1o - C\u00f3digo Vidrio\",\"isPartOf\":{\"@id\":\"https:\/\/www.codigovidrio.com\/code\/#website\"},\"primaryImageOfPage\":{\"@id\":\"https:\/\/www.codigovidrio.com\/code\/javier-paul-y-efrain-fueron-filmados-a-pocas-horas-de-su-secuestro-en-mataje\/#primaryimage\"},\"image\":{\"@id\":\"https:\/\/www.codigovidrio.com\/code\/javier-paul-y-efrain-fueron-filmados-a-pocas-horas-de-su-secuestro-en-mataje\/#primaryimage\"},\"thumbnailUrl\":\"https:\/\/www.codigovidrio.com\/code\/wp-content\/uploads\/2019\/03\/head-prueba-vida.png\",\"datePublished\":\"2019-03-27T05:11:25+00:00\",\"dateModified\":\"2019-09-30T20:35:36+00:00\",\"breadcrumb\":{\"@id\":\"https:\/\/www.codigovidrio.com\/code\/javier-paul-y-efrain-fueron-filmados-a-pocas-horas-de-su-secuestro-en-mataje\/#breadcrumb\"},\"inLanguage\":\"es\",\"potentialAction\":[{\"@type\":\"ReadAction\",\"target\":[\"https:\/\/www.codigovidrio.com\/code\/javier-paul-y-efrain-fueron-filmados-a-pocas-horas-de-su-secuestro-en-mataje\/\"]}]},{\"@type\":\"ImageObject\",\"inLanguage\":\"es\",\"@id\":\"https:\/\/www.codigovidrio.com\/code\/javier-paul-y-efrain-fueron-filmados-a-pocas-horas-de-su-secuestro-en-mataje\/#primaryimage\",\"url\":\"https:\/\/www.codigovidrio.com\/code\/wp-content\/uploads\/2019\/03\/head-prueba-vida.png\",\"contentUrl\":\"https:\/\/www.codigovidrio.com\/code\/wp-content\/uploads\/2019\/03\/head-prueba-vida.png\",\"width\":1600,\"height\":650},{\"@type\":\"BreadcrumbList\",\"@id\":\"https:\/\/www.codigovidrio.com\/code\/javier-paul-y-efrain-fueron-filmados-a-pocas-horas-de-su-secuestro-en-mataje\/#breadcrumb\",\"itemListElement\":[{\"@type\":\"ListItem\",\"position\":1,\"name\":\"Portada\",\"item\":\"https:\/\/www.codigovidrio.com\/code\/\"},{\"@type\":\"ListItem\",\"position\":2,\"name\":\"El video con la primera prueba de vida de Javier, Pa\u00fal y Efra\u00edn se mantuvo oculto durante casi un a\u00f1o\"}]},{\"@type\":\"WebSite\",\"@id\":\"https:\/\/www.codigovidrio.com\/code\/#website\",\"url\":\"https:\/\/www.codigovidrio.com\/code\/\",\"name\":\"C\u00f3digo Vidrio\",\"description\":\"Transparentamos las historias ocultas\",\"publisher\":{\"@id\":\"https:\/\/www.codigovidrio.com\/code\/#organization\"},\"potentialAction\":[{\"@type\":\"SearchAction\",\"target\":{\"@type\":\"EntryPoint\",\"urlTemplate\":\"https:\/\/www.codigovidrio.com\/code\/?s={search_term_string}\"},\"query-input\":{\"@type\":\"PropertyValueSpecification\",\"valueRequired\":true,\"valueName\":\"search_term_string\"}}],\"inLanguage\":\"es\"},{\"@type\":\"Organization\",\"@id\":\"https:\/\/www.codigovidrio.com\/code\/#organization\",\"name\":\"C\u00f3digo Vidrio\",\"url\":\"https:\/\/www.codigovidrio.com\/code\/\",\"logo\":{\"@type\":\"ImageObject\",\"inLanguage\":\"es\",\"@id\":\"https:\/\/www.codigovidrio.com\/code\/#\/schema\/logo\/image\/\",\"url\":\"https:\/\/www.codigovidrio.com\/code\/wp-content\/uploads\/2022\/01\/logo-horiz-08.png\",\"contentUrl\":\"https:\/\/www.codigovidrio.com\/code\/wp-content\/uploads\/2022\/01\/logo-horiz-08.png\",\"width\":817,\"height\":294,\"caption\":\"C\u00f3digo Vidrio\"},\"image\":{\"@id\":\"https:\/\/www.codigovidrio.com\/code\/#\/schema\/logo\/image\/\"}},{\"@type\":\"Person\",\"@id\":\"https:\/\/www.codigovidrio.com\/code\/#\/schema\/person\/974bc7a5b889699d012b2343dc68fc6e\",\"name\":\"Codigo Vidrio Admin\",\"url\":\"https:\/\/www.codigovidrio.com\/code\/author\/vidrio-admin\/\"}]}<\/script>\n<!-- \/ Yoast SEO plugin. -->","yoast_head_json":{"title":"El video con la primera prueba de vida de Javier, Pa\u00fal y Efra\u00edn se mantuvo oculto durante casi un a\u00f1o - C\u00f3digo Vidrio","robots":{"index":"index","follow":"follow","max-snippet":"max-snippet:-1","max-image-preview":"max-image-preview:large","max-video-preview":"max-video-preview:-1"},"canonical":"https:\/\/www.codigovidrio.com\/code\/javier-paul-y-efrain-fueron-filmados-a-pocas-horas-de-su-secuestro-en-mataje\/","og_locale":"es_ES","og_type":"article","og_title":"El video con la primera prueba de vida de Javier, Pa\u00fal y Efra\u00edn se mantuvo oculto durante casi un a\u00f1o - C\u00f3digo Vidrio","og_description":"Esta reveladora grabaci\u00f3n, que hoy difundimos, evidencia que las primeras horas del plagio, los trabajadores de El Comercio no estaban encadenados: Javier Ortega, periodista, dice en la filmaci\u00f3n que los trataban bien, pero que su liberaci\u00f3n estaba en manos del presidente Len\u00edn Moreno. El segundo video \u2013que se conoci\u00f3 a trav\u00e9s de la televisi\u00f3n colombiana- ... leer m\u00e1s...","og_url":"https:\/\/www.codigovidrio.com\/code\/javier-paul-y-efrain-fueron-filmados-a-pocas-horas-de-su-secuestro-en-mataje\/","og_site_name":"C\u00f3digo Vidrio","article_published_time":"2019-03-27T05:11:25+00:00","article_modified_time":"2019-09-30T20:35:36+00:00","og_image":[{"width":1600,"height":650,"url":"https:\/\/www.codigovidrio.com\/code\/wp-content\/uploads\/2019\/03\/head-prueba-vida.png","type":"image\/png"}],"author":"Codigo Vidrio Admin","twitter_card":"summary_large_image","twitter_misc":{"Escrito por":"Codigo Vidrio Admin","Tiempo de lectura":"13 minutos"},"schema":{"@context":"https:\/\/schema.org","@graph":[{"@type":"Article","@id":"https:\/\/www.codigovidrio.com\/code\/javier-paul-y-efrain-fueron-filmados-a-pocas-horas-de-su-secuestro-en-mataje\/#article","isPartOf":{"@id":"https:\/\/www.codigovidrio.com\/code\/javier-paul-y-efrain-fueron-filmados-a-pocas-horas-de-su-secuestro-en-mataje\/"},"author":{"name":"Codigo Vidrio Admin","@id":"https:\/\/www.codigovidrio.com\/code\/#\/schema\/person\/974bc7a5b889699d012b2343dc68fc6e"},"headline":"El video con la primera prueba de vida de Javier, Pa\u00fal y Efra\u00edn se mantuvo oculto durante casi un a\u00f1o","datePublished":"2019-03-27T05:11:25+00:00","dateModified":"2019-09-30T20:35:36+00:00","mainEntityOfPage":{"@id":"https:\/\/www.codigovidrio.com\/code\/javier-paul-y-efrain-fueron-filmados-a-pocas-horas-de-su-secuestro-en-mataje\/"},"wordCount":2665,"publisher":{"@id":"https:\/\/www.codigovidrio.com\/code\/#organization"},"image":{"@id":"https:\/\/www.codigovidrio.com\/code\/javier-paul-y-efrain-fueron-filmados-a-pocas-horas-de-su-secuestro-en-mataje\/#primaryimage"},"thumbnailUrl":"https:\/\/www.codigovidrio.com\/code\/wp-content\/uploads\/2019\/03\/head-prueba-vida.png","articleSection":["Rehenes"],"inLanguage":"es"},{"@type":"WebPage","@id":"https:\/\/www.codigovidrio.com\/code\/javier-paul-y-efrain-fueron-filmados-a-pocas-horas-de-su-secuestro-en-mataje\/","url":"https:\/\/www.codigovidrio.com\/code\/javier-paul-y-efrain-fueron-filmados-a-pocas-horas-de-su-secuestro-en-mataje\/","name":"El video con la primera prueba de vida de Javier, Pa\u00fal y Efra\u00edn se mantuvo oculto durante casi un a\u00f1o - C\u00f3digo Vidrio","isPartOf":{"@id":"https:\/\/www.codigovidrio.com\/code\/#website"},"primaryImageOfPage":{"@id":"https:\/\/www.codigovidrio.com\/code\/javier-paul-y-efrain-fueron-filmados-a-pocas-horas-de-su-secuestro-en-mataje\/#primaryimage"},"image":{"@id":"https:\/\/www.codigovidrio.com\/code\/javier-paul-y-efrain-fueron-filmados-a-pocas-horas-de-su-secuestro-en-mataje\/#primaryimage"},"thumbnailUrl":"https:\/\/www.codigovidrio.com\/code\/wp-content\/uploads\/2019\/03\/head-prueba-vida.png","datePublished":"2019-03-27T05:11:25+00:00","dateModified":"2019-09-30T20:35:36+00:00","breadcrumb":{"@id":"https:\/\/www.codigovidrio.com\/code\/javier-paul-y-efrain-fueron-filmados-a-pocas-horas-de-su-secuestro-en-mataje\/#breadcrumb"},"inLanguage":"es","potentialAction":[{"@type":"ReadAction","target":["https:\/\/www.codigovidrio.com\/code\/javier-paul-y-efrain-fueron-filmados-a-pocas-horas-de-su-secuestro-en-mataje\/"]}]},{"@type":"ImageObject","inLanguage":"es","@id":"https:\/\/www.codigovidrio.com\/code\/javier-paul-y-efrain-fueron-filmados-a-pocas-horas-de-su-secuestro-en-mataje\/#primaryimage","url":"https:\/\/www.codigovidrio.com\/code\/wp-content\/uploads\/2019\/03\/head-prueba-vida.png","contentUrl":"https:\/\/www.codigovidrio.com\/code\/wp-content\/uploads\/2019\/03\/head-prueba-vida.png","width":1600,"height":650},{"@type":"BreadcrumbList","@id":"https:\/\/www.codigovidrio.com\/code\/javier-paul-y-efrain-fueron-filmados-a-pocas-horas-de-su-secuestro-en-mataje\/#breadcrumb","itemListElement":[{"@type":"ListItem","position":1,"name":"Portada","item":"https:\/\/www.codigovidrio.com\/code\/"},{"@type":"ListItem","position":2,"name":"El video con la primera prueba de vida de Javier, Pa\u00fal y Efra\u00edn se mantuvo oculto durante casi un a\u00f1o"}]},{"@type":"WebSite","@id":"https:\/\/www.codigovidrio.com\/code\/#website","url":"https:\/\/www.codigovidrio.com\/code\/","name":"C\u00f3digo Vidrio","description":"Transparentamos las historias ocultas","publisher":{"@id":"https:\/\/www.codigovidrio.com\/code\/#organization"},"potentialAction":[{"@type":"SearchAction","target":{"@type":"EntryPoint","urlTemplate":"https:\/\/www.codigovidrio.com\/code\/?s={search_term_string}"},"query-input":{"@type":"PropertyValueSpecification","valueRequired":true,"valueName":"search_term_string"}}],"inLanguage":"es"},{"@type":"Organization","@id":"https:\/\/www.codigovidrio.com\/code\/#organization","name":"C\u00f3digo Vidrio","url":"https:\/\/www.codigovidrio.com\/code\/","logo":{"@type":"ImageObject","inLanguage":"es","@id":"https:\/\/www.codigovidrio.com\/code\/#\/schema\/logo\/image\/","url":"https:\/\/www.codigovidrio.com\/code\/wp-content\/uploads\/2022\/01\/logo-horiz-08.png","contentUrl":"https:\/\/www.codigovidrio.com\/code\/wp-content\/uploads\/2022\/01\/logo-horiz-08.png","width":817,"height":294,"caption":"C\u00f3digo Vidrio"},"image":{"@id":"https:\/\/www.codigovidrio.com\/code\/#\/schema\/logo\/image\/"}},{"@type":"Person","@id":"https:\/\/www.codigovidrio.com\/code\/#\/schema\/person\/974bc7a5b889699d012b2343dc68fc6e","name":"Codigo Vidrio Admin","url":"https:\/\/www.codigovidrio.com\/code\/author\/vidrio-admin\/"}]}},"_links":{"self":[{"href":"https:\/\/www.codigovidrio.com\/code\/wp-json\/wp\/v2\/posts\/1487"}],"collection":[{"href":"https:\/\/www.codigovidrio.com\/code\/wp-json\/wp\/v2\/posts"}],"about":[{"href":"https:\/\/www.codigovidrio.com\/code\/wp-json\/wp\/v2\/types\/post"}],"author":[{"embeddable":true,"href":"https:\/\/www.codigovidrio.com\/code\/wp-json\/wp\/v2\/users\/2"}],"replies":[{"embeddable":true,"href":"https:\/\/www.codigovidrio.com\/code\/wp-json\/wp\/v2\/comments?post=1487"}],"version-history":[{"count":38,"href":"https:\/\/www.codigovidrio.com\/code\/wp-json\/wp\/v2\/posts\/1487\/revisions"}],"predecessor-version":[{"id":1879,"href":"https:\/\/www.codigovidrio.com\/code\/wp-json\/wp\/v2\/posts\/1487\/revisions\/1879"}],"wp:featuredmedia":[{"embeddable":true,"href":"https:\/\/www.codigovidrio.com\/code\/wp-json\/wp\/v2\/media\/1481"}],"wp:attachment":[{"href":"https:\/\/www.codigovidrio.com\/code\/wp-json\/wp\/v2\/media?parent=1487"}],"wp:term":[{"taxonomy":"category","embeddable":true,"href":"https:\/\/www.codigovidrio.com\/code\/wp-json\/wp\/v2\/categories?post=1487"},{"taxonomy":"post_tag","embeddable":true,"href":"https:\/\/www.codigovidrio.com\/code\/wp-json\/wp\/v2\/tags?post=1487"}],"curies":[{"name":"wp","href":"https:\/\/api.w.org\/{rel}","templated":true}]}}