{"id":12448,"date":"2026-09-06T08:56:42","date_gmt":"2026-09-06T13:56:42","guid":{"rendered":"https:\/\/www.codigovidrio.com\/code\/?p=12448"},"modified":"2026-09-06T08:59:35","modified_gmt":"2026-09-06T13:59:35","slug":"la-llegada-de-rubio-es-una-senal-clara-de-que-se-intensificara-la-ofensiva-regional-contra-los-grupos-criminales-luis-lara","status":"publish","type":"post","link":"https:\/\/www.codigovidrio.com\/code\/la-llegada-de-rubio-es-una-senal-clara-de-que-se-intensificara-la-ofensiva-regional-contra-los-grupos-criminales-luis-lara\/","title":{"rendered":"La llegada de Rubio es una se\u00f1al clara de que se intensificar\u00e1 la ofensiva regional contra los grupos criminales: Luis Lara"},"content":{"rendered":"<h3 style=\"font-weight: 400;\"><span style=\"color: #ff6600;\"><strong><span style=\"color: #00ccff;\">ENTREVISTA<\/span> \/ Esta semana, el secretario de Estado de Estados Unidos, Marco Rubio, realizar\u00e1 una visita fugaz de tres d\u00edas a Colombia, Ecuador y Per\u00fa, en el contexto de una aumento de pol\u00e9micas operaciones contra el narcotr\u00e1fico, con m\u00e9todos radicales, criticados por organismos internacionales. El general (sp) Luis Lara, exministro de Defensa, estima que el arribo del funcionario e<\/strong><\/span><span style=\"color: #ff6600;\"><strong>s una se\u00f1al clara de que se intensificar\u00e1 la ofensiva conjunta regional contra los grupos criminales. No obstante, <\/strong><\/span><span style=\"color: #ff6600;\"><strong>advierte que esas alianzas regionales, plasmadas a trav\u00e9s de acuerdos, deben respetar la ley y la Constituci\u00f3n. Y que en el marco democr\u00e1tico de Ecuador no cabe el enfoque de la militarizaci\u00f3n del conflicto<\/strong><strong>, sino el empleo de los instrumentos y organismos de seguridad, es decir de las Fuerzas Armadas y la Polic\u00eda, para garantizar la paz y defender a los ciudadanos.<\/strong><\/span><strong>\u00a0\u00a0\u00a0\u00a0\u00a0\u00a0\u00a0<\/strong><\/h3>\n<p style=\"font-weight: 400;\"><strong>Por Arturo Torres<\/strong><\/p>\n<p><strong>\u00bfQu\u00e9 implica la visita del Secretario de Estado, Marco Rubio, a Ecuador, Colombia y Peru esta semana?<\/strong><br \/>\n-La visita del Secretario de Estado norteamericano constituir\u00e1 un elemento decisivo para fortalecer la cooperaci\u00f3n y la coordinaci\u00f3n de las estrategias regionales en la lucha contra el narcotrafico y los grupos criminales y de esta manera consolidar un bloque de seguridad en la regi\u00f3n con Ecuador, Peru y Colombia. Es una se\u00f1al clara de que se intensificar\u00e1 la ofensiva conjunta regional contra los grupos criminales. En Ecuador ya tenemos un incremento de operaciones en alta mar, donde se han destruido varias embarcaciones de pescadores ecuatorianos que presumiblemente habr\u00edan estado realizando actividades ilegales, y en Colombia tambi\u00e9n se est\u00e1 incrementado la ofensiva contra el ELN, las disidencias de las FARC y el Clan del Golfo.<\/p>\n<p style=\"font-weight: 400;\"><strong>\u00a0<\/strong><strong>\u00bfHacia d\u00f3nde van Ecuador, Colombia y Per\u00fa como parte de la estrategia liderada por Estados Unidos contra el narcotr\u00e1fico, con sus mandatarios ideol\u00f3gicamente de derecha? \u00bfSe profundizan los enfoques de militarizaci\u00f3n y mano dura, siguiendo la ruta que marca Washington?<br \/>\n<\/strong><strong>&#8211;<\/strong>Los analistas internacionales coinciden en afirmar que el giro hacia la derecha de la regi\u00f3n ser\u00e1 un elemento decisivo para coordinar las estrategias de seguridad y defensa de los pa\u00edses del Pac\u00edfico sur. Se tratar\u00eda de un esquema de negociar y suscribir acuerdos de pa\u00edses soberanos para enfrentar a un enemigo com\u00fan: el crimen organizado internacional con la ayuda de EE.UU., m\u00e1s que de un simple alineamiento con la estrategia norteamericana. Como es l\u00f3gico, esos acuerdos deber\u00e1n respetar la Constituci\u00f3n y la leyes de cada uno de los estados participantes. La leg\u00edtima defensa de los intereses nacionales, del territorio y la democracia en nuestros pa\u00edses. En este escenario el combate al narcotr\u00e1fico y al crimen internacional organizado se debe hacer en el marco de la ley y el respeto a los principios constitucionales.<\/p>\n<h3 style=\"font-weight: 400; text-align: center;\"><em><span style=\"color: #ff6600;\">\u201cLa mano dura que debe aplicarse es la del cumplimiento de la ley, para defender a nuestros ciudadanos, recobrar la paz y defender el futuro. No se trata entonces de militarizaci\u00f3n, pues los tres pa\u00edses<br \/>\n<\/span><\/em><em><span style=\"color: #ff6600;\">tienen gobiernos democr\u00e1ticos, sino de utilizar los instrumentos y organismos de seguridad, es decir,<br \/>\n<\/span><\/em><em><span style=\"color: #ff6600;\">Fuerzas Armadas y Polic\u00eda Nacional, para garantizar la paz, <\/span><\/em><em><span style=\"color: #ff6600;\">el respeto a la ley y la democracia\u201d.<\/span><\/em><\/h3>\n<p style=\"font-weight: 400;\"><strong>\u00bfQu\u00e9 impacto ha tenido la pol\u00edtica estadounidense de apoyo al Ecuador en la lucha contra el crimen organizado, que con el actual gobierno tambi\u00e9n ha implicado el bombardeo de barcos en el Pac\u00edfico, que son duramente cuestionados dentro y fuera del pa\u00eds?<br \/>\n<\/strong><strong>&#8211;<\/strong>En el contexto geopol\u00edtico de la regi\u00f3n, la cooperaci\u00f3n internacional en la lucha contra el crimen organizado y el narcotr\u00e1fico, es el elemento decisivo, fundamental. Los estados no tienen las capacidades operativas y la informaci\u00f3n suficiente para enfrentar por s\u00ed solos a las mafias internacionales que operan no solamente en el tr\u00e1fico de estupefacientes sino en el blanqueo de capitales, el tr\u00e1fico de personas y de armas, la miner\u00eda ilegal, el secuestro, la extorsi\u00f3n y muchos otros delitos. Frente al crimen organizado que opera a escala global, las respuestas deben ser de igual dimensi\u00f3n, es decir, coordinadas, estructuradas, cooperativas, multidimensionales y contundentes. Ello implica la necesaria cooperaci\u00f3n entre estados en el \u00e1mbito de la informaci\u00f3n, la inteligencia, la formaci\u00f3n y capacitaci\u00f3n, la vigilancia de fronteras, la cooperaci\u00f3n judicial, el soporte log\u00edstico y, en casos muy concretos, la realizaci\u00f3n de operaciones militares coordinadas para asestar golpes contundentes. La pol\u00edtica norteamericana de cooperaci\u00f3n debe ser utilizada de manera integral por Ecuador y los pa\u00edses vecinos, para dar pasos s\u00f3lidos en la lucha contra las mafias que est\u00e1n incrustadas en la vida de la naci\u00f3n.<\/p>\n<hr \/>\n<p style=\"font-weight: 400;\"><span style=\"color: #ff6600;\"><strong>\u21d2El general (SP) Luis Lara\u00a0fue jefe del Comando Conjunto de las FF.AA. y Ministro de Defensa. Tiene un diplomado en pol\u00edtica, seguridad y democracia y uno en inteligencia en el estado contempor\u00e1neo, ambos obtenidos en Chile. Adem\u00e1s, estudi\u00f3 t\u00e9cnicas de ense\u00f1anza militar en Brasil.\u00a0Particip\u00f3 en el conflicto del Cenepa, en 1995, por lo cual obtuvo la condecoraci\u00f3n Cruz al M\u00e9rito de Guerra y fue declarado h\u00e9roe nacional.<\/strong><\/span><\/p>\n<hr \/>\n<p style=\"font-weight: 400;\"><strong>\u00bfCu\u00e1l es el alcance que ha tenido hasta el momento el Escudo de las Am\u00e9ricas en la regi\u00f3n?<br \/>\n<\/strong><strong>&#8211;<\/strong>Es dif\u00edcil aventurar un diagn\u00f3stico completo con la informaci\u00f3n parcial o con la ausencia de informaci\u00f3n que caracteriza en general al gobierno ecuatoriano y a los restantes reg\u00edmenes de la regi\u00f3n. Resulta evidente la cooperaci\u00f3n del Ecuador en esta iniciativa, lo que le ha colocado en situaci\u00f3n de privilegio respecto del futuro apoyo militar en materia de seguridad y defensa. En t\u00e9rminos de estrategia global, es obvio que el previsible alineamiento de Colombia, Ecuador y Per\u00fa, en materia de defensa y seguridad, con las pol\u00edticas norteamericanas, es una buena noticia, pues fortalece y potencia el combate contra el narcotr\u00e1fico, el crimen transnacional y el terrorismo, cuyos resultados son esenciales para un futuro de paz y seguridad en la regi\u00f3n. La suscripci\u00f3n del acuerdo marco en materia de seguridad y defensa con EE.UU. firmado en el gobierno del presidente Guillermo Lasso, bajo mi gesti\u00f3n en el Ministerio de Defensa, ha sido el factor decisivo para la entrega de informaci\u00f3n, la cooperaci\u00f3n militar y policial y las operaciones coordinadas entre los dos pa\u00edses, que son la base de los resultados que el Ecuador ha anunciado en esta confrontaci\u00f3n decisiva para el futuro del pa\u00eds. Con frontalidad debo afirmar que no es correcto ocultar la evidencia de lo que se consigui\u00f3 hace muy poco tiempo en materia de seguridad y defensa.<\/p>\n<h3 style=\"font-weight: 400; text-align: center;\"><em><span style=\"color: #ff6600;\">\u201cCada esfuerzo, cada resultado anterior, son la base de los logros actuales. Sin las declaratorias como amenazas a la seguridad nacional del terrorismo, el narcotr\u00e1fico y la miner\u00eda ilegal, no se hubiesen podido llevar adelante las pol\u00edticas del actual gobierno. Tampoco sin la organizaci\u00f3n, capacitaci\u00f3n y equipamiento de las unidades de combate contra el narcotr\u00e1fico, que apuntalamos a\u00f1os atr\u00e1s. El r\u00e9gimen actual no hubiese podido actuar de inmediato en las operaciones militares emergentes contra el crimen organizado y el terrorismo. En t\u00e9rminos de estrategia global, es obvio que el previsible alineamiento de Colombia, Ecuador y Per\u00fa, en materia de defensa y seguridad, con las pol\u00edticas norteamericanas, es una buena noticia\u201d.<\/span><\/em><\/h3>\n<p style=\"font-weight: 400;\"><strong>\u00bfC\u00f3mo se sentaron las bases, bajo qu\u00e9 mecanismos, para estrechar la cooperaci\u00f3n durante los gobiernos anteriores con Estados Unidos?<br \/>\n<\/strong>Consideramos siempre que, frente a las amenazas del narcotr\u00e1fico y el crimen organizado, ya no bastan la acci\u00f3n de las fuerzas de seguridad de los estados, no es suficiente la voluntad pol\u00edtica de los gobiernos, sino que es imprescindible la actuaci\u00f3n coordinada de las naciones y el apoyo de la comunidad internacional. Justamente para conseguir apoyo internacional, en mi per\u00edodo de gesti\u00f3n, el Ministerio de Defensa elabor\u00f3 la \u201cEstrategia Integral para la seguridad y la Paz\u201d, que sirvi\u00f3 de base para la negociaci\u00f3n con EE.UU. y la suscripci\u00f3n del acuerdo de entendimiento con ese pa\u00eds. En esta estrategia se analiza la situaci\u00f3n general, a nivel regional, la situaci\u00f3n vecinal y la situaci\u00f3n nacional (actualizado a noviembre de 2023), contiene el direccionamiento pol\u00edtico, cuatro fases y sus acciones estrat\u00e9gicas que orientan las operaciones militares y policiales hasta llegar al control efectivo del territorio en el a\u00f1o 2026. Adem\u00e1s, incluye los \u00e1mbitos estrat\u00e9gicos de la Seguridad Ciudadana y de la Defensa y los requerimientos para poder cumplir \u201cLa Estrategia Integral para la Seguridad y la Paz\u201d. Ante la imposibilidad del gobierno de poder atender los requerimientos de las FF.AA. y la Polic\u00eda Nacional, el presidente Lasso lider\u00f3 un proceso de b\u00fasqueda de apoyo internacional haciendo conocer la situaci\u00f3n que viv\u00eda el pa\u00eds. Esta estrategia fue puesta en conocimiento del Comando Sur, inicialmente, y posteriormente a varios funcionarios del Congreso de EE.UU., llegando inclusive a solicitar este apoyo directamente al presidente de ese pa\u00eds Estas gestiones tuvieron su punto culminante el 19 de julio de 2023, fecha cuando se firm\u00f3 el Memor\u00e1ndum de Entendimiento (MOU) para la cooperaci\u00f3n en materia de seguridad. El MOU tiene 169 objetivos a ser alcanzados hasta el a\u00f1o 2030 para el fortalecimiento de las capacidades de las Fuerzas Armadas.<\/p>\n<p style=\"font-weight: 400;\"><strong>Pero adicionalmente se concretaron otros acuerdos. \u00bfCu\u00e1les fueron?<br \/>\n<\/strong>-El de Asistencia en Interceptaci\u00f3n A\u00e9rea, que contempla financiamiento, datos de inteligencia, datos de radar, soporte log\u00edstico, soporte de comando, control y comunicaciones, equipos, mantenimiento y capacitaci\u00f3n.\u00a0 El Sheep Raider Que tiene como objetivo fortalecer las actividades de cooperaci\u00f3n en materia de aplicaci\u00f3n de la ley entre las partes con el fin de prevenir, combatir, impedir e interceptar las actividades mar\u00edtimas transnacionales il\u00edcitas las mismas que se ejecutaran contra buques sospechosos incluidos buque sin nacionalidad; y el \u00a0SOFA, que trata sobre el status de militares y civiles de EE.UU. que puedan estar presentes en Ecuador, en visitas de buques, entrenamientos, ejercicios, actividades humanitarias entre otras.\u00a0 Estos acuerdos fueron ratificados por la Corte Constitucional y han sido de gran importancia para el apoyo en la lucha contra el narcotr\u00e1fico, crimen organizado y las actividades ilegales particularmente en el mar.<\/p>\n<p style=\"font-weight: 400;\">\n","protected":false},"excerpt":{"rendered":"<p>ENTREVISTA \/ Esta semana, el secretario de Estado de Estados Unidos, Marco Rubio, realizar\u00e1 una visita fugaz de tres d\u00edas a Colombia, Ecuador y Per\u00fa, en el contexto de una aumento de pol\u00e9micas operaciones contra el narcotr\u00e1fico, con m\u00e9todos radicales, criticados por organismos internacionales. El general (sp) Luis Lara, exministro de Defensa, estima que el &#8230; <a title=\"La llegada de Rubio es una se\u00f1al clara de que se intensificar\u00e1 la ofensiva regional contra los grupos criminales: Luis Lara\" class=\"read-more\" href=\"https:\/\/www.codigovidrio.com\/code\/la-llegada-de-rubio-es-una-senal-clara-de-que-se-intensificara-la-ofensiva-regional-contra-los-grupos-criminales-luis-lara\/\">leer m\u00e1s&#8230;<\/a><\/p>\n","protected":false},"author":2,"featured_media":12455,"comment_status":"open","ping_status":"closed","sticky":false,"template":"","format":"standard","meta":{"generate_page_header":"","footnotes":""},"categories":[211],"tags":[],"class_list":["post-12448","post","type-post","status-publish","format-standard","has-post-thumbnail","hentry","category-especiales"],"yoast_head":"<!-- This site is optimized with the Yoast SEO plugin v28.4 - https:\/\/yoast.com\/product\/yoast-seo-wordpress\/ -->\n<title>La llegada de Rubio es una se\u00f1al clara de que se intensificar\u00e1 la ofensiva regional contra los grupos criminales: Luis Lara - C\u00f3digo Vidrio<\/title>\n<meta name=\"robots\" content=\"index, follow, max-snippet:-1, max-image-preview:large, max-video-preview:-1\" \/>\n<link rel=\"canonical\" href=\"https:\/\/www.codigovidrio.com\/code\/la-llegada-de-rubio-es-una-senal-clara-de-que-se-intensificara-la-ofensiva-regional-contra-los-grupos-criminales-luis-lara\/\" \/>\n<meta property=\"og:locale\" content=\"es_ES\" \/>\n<meta property=\"og:type\" content=\"article\" \/>\n<meta property=\"og:title\" content=\"La llegada de Rubio es una se\u00f1al clara de que se intensificar\u00e1 la ofensiva regional contra los grupos criminales: Luis Lara - C\u00f3digo Vidrio\" \/>\n<meta property=\"og:description\" content=\"ENTREVISTA \/ Esta semana, el secretario de Estado de Estados Unidos, Marco Rubio, realizar\u00e1 una visita fugaz de tres d\u00edas a Colombia, Ecuador y Per\u00fa, en el contexto de una aumento de pol\u00e9micas operaciones contra el narcotr\u00e1fico, con m\u00e9todos radicales, criticados por organismos internacionales. El general (sp) Luis Lara, exministro de Defensa, estima que el ... leer m\u00e1s...\" \/>\n<meta property=\"og:url\" content=\"https:\/\/www.codigovidrio.com\/code\/la-llegada-de-rubio-es-una-senal-clara-de-que-se-intensificara-la-ofensiva-regional-contra-los-grupos-criminales-luis-lara\/\" \/>\n<meta property=\"og:site_name\" content=\"C\u00f3digo Vidrio\" \/>\n<meta property=\"article:published_time\" content=\"2026-09-06T13:56:42+00:00\" \/>\n<meta property=\"article:modified_time\" content=\"2026-09-06T13:59:35+00:00\" \/>\n<meta property=\"og:image\" content=\"https:\/\/www.codigovidrio.com\/code\/wp-content\/uploads\/2026\/09\/Lara-portada-1024x438.png\" \/>\n\t<meta property=\"og:image:width\" content=\"1024\" \/>\n\t<meta property=\"og:image:height\" content=\"438\" \/>\n\t<meta property=\"og:image:type\" content=\"image\/png\" \/>\n<meta name=\"author\" content=\"Codigo Vidrio Admin\" \/>\n<meta name=\"twitter:card\" content=\"summary_large_image\" \/>\n<meta name=\"twitter:label1\" content=\"Escrito por\" \/>\n\t<meta name=\"twitter:data1\" content=\"Codigo Vidrio Admin\" \/>\n\t<meta name=\"twitter:label2\" content=\"Tiempo de lectura\" \/>\n\t<meta name=\"twitter:data2\" content=\"8 minutos\" \/>\n<script type=\"application\/ld+json\" class=\"yoast-schema-graph\">{\"@context\":\"https:\\\/\\\/schema.org\",\"@graph\":[{\"@type\":\"Article\",\"@id\":\"https:\\\/\\\/www.codigovidrio.com\\\/code\\\/la-llegada-de-rubio-es-una-senal-clara-de-que-se-intensificara-la-ofensiva-regional-contra-los-grupos-criminales-luis-lara\\\/#article\",\"isPartOf\":{\"@id\":\"https:\\\/\\\/www.codigovidrio.com\\\/code\\\/la-llegada-de-rubio-es-una-senal-clara-de-que-se-intensificara-la-ofensiva-regional-contra-los-grupos-criminales-luis-lara\\\/\"},\"author\":{\"name\":\"Codigo Vidrio Admin\",\"@id\":\"https:\\\/\\\/www.codigovidrio.com\\\/code\\\/#\\\/schema\\\/person\\\/974bc7a5b889699d012b2343dc68fc6e\"},\"headline\":\"La llegada de Rubio es una se\u00f1al clara de que se intensificar\u00e1 la ofensiva regional contra los grupos criminales: Luis Lara\",\"datePublished\":\"2026-09-06T13:56:42+00:00\",\"dateModified\":\"2026-09-06T13:59:35+00:00\",\"mainEntityOfPage\":{\"@id\":\"https:\\\/\\\/www.codigovidrio.com\\\/code\\\/la-llegada-de-rubio-es-una-senal-clara-de-que-se-intensificara-la-ofensiva-regional-contra-los-grupos-criminales-luis-lara\\\/\"},\"wordCount\":1771,\"commentCount\":0,\"publisher\":{\"@id\":\"https:\\\/\\\/www.codigovidrio.com\\\/code\\\/#organization\"},\"image\":{\"@id\":\"https:\\\/\\\/www.codigovidrio.com\\\/code\\\/la-llegada-de-rubio-es-una-senal-clara-de-que-se-intensificara-la-ofensiva-regional-contra-los-grupos-criminales-luis-lara\\\/#primaryimage\"},\"thumbnailUrl\":\"https:\\\/\\\/www.codigovidrio.com\\\/code\\\/wp-content\\\/uploads\\\/2026\\\/09\\\/Lara-portada.png\",\"articleSection\":[\"Especiales\"],\"inLanguage\":\"es\",\"potentialAction\":[{\"@type\":\"CommentAction\",\"name\":\"Comment\",\"target\":[\"https:\\\/\\\/www.codigovidrio.com\\\/code\\\/la-llegada-de-rubio-es-una-senal-clara-de-que-se-intensificara-la-ofensiva-regional-contra-los-grupos-criminales-luis-lara\\\/#respond\"]}]},{\"@type\":\"WebPage\",\"@id\":\"https:\\\/\\\/www.codigovidrio.com\\\/code\\\/la-llegada-de-rubio-es-una-senal-clara-de-que-se-intensificara-la-ofensiva-regional-contra-los-grupos-criminales-luis-lara\\\/\",\"url\":\"https:\\\/\\\/www.codigovidrio.com\\\/code\\\/la-llegada-de-rubio-es-una-senal-clara-de-que-se-intensificara-la-ofensiva-regional-contra-los-grupos-criminales-luis-lara\\\/\",\"name\":\"La llegada de Rubio es una se\u00f1al clara de que se intensificar\u00e1 la ofensiva regional contra los grupos criminales: Luis Lara - C\u00f3digo Vidrio\",\"isPartOf\":{\"@id\":\"https:\\\/\\\/www.codigovidrio.com\\\/code\\\/#website\"},\"primaryImageOfPage\":{\"@id\":\"https:\\\/\\\/www.codigovidrio.com\\\/code\\\/la-llegada-de-rubio-es-una-senal-clara-de-que-se-intensificara-la-ofensiva-regional-contra-los-grupos-criminales-luis-lara\\\/#primaryimage\"},\"image\":{\"@id\":\"https:\\\/\\\/www.codigovidrio.com\\\/code\\\/la-llegada-de-rubio-es-una-senal-clara-de-que-se-intensificara-la-ofensiva-regional-contra-los-grupos-criminales-luis-lara\\\/#primaryimage\"},\"thumbnailUrl\":\"https:\\\/\\\/www.codigovidrio.com\\\/code\\\/wp-content\\\/uploads\\\/2026\\\/09\\\/Lara-portada.png\",\"datePublished\":\"2026-09-06T13:56:42+00:00\",\"dateModified\":\"2026-09-06T13:59:35+00:00\",\"breadcrumb\":{\"@id\":\"https:\\\/\\\/www.codigovidrio.com\\\/code\\\/la-llegada-de-rubio-es-una-senal-clara-de-que-se-intensificara-la-ofensiva-regional-contra-los-grupos-criminales-luis-lara\\\/#breadcrumb\"},\"inLanguage\":\"es\",\"potentialAction\":[{\"@type\":\"ReadAction\",\"target\":[\"https:\\\/\\\/www.codigovidrio.com\\\/code\\\/la-llegada-de-rubio-es-una-senal-clara-de-que-se-intensificara-la-ofensiva-regional-contra-los-grupos-criminales-luis-lara\\\/\"]}]},{\"@type\":\"ImageObject\",\"inLanguage\":\"es\",\"@id\":\"https:\\\/\\\/www.codigovidrio.com\\\/code\\\/la-llegada-de-rubio-es-una-senal-clara-de-que-se-intensificara-la-ofensiva-regional-contra-los-grupos-criminales-luis-lara\\\/#primaryimage\",\"url\":\"https:\\\/\\\/www.codigovidrio.com\\\/code\\\/wp-content\\\/uploads\\\/2026\\\/09\\\/Lara-portada.png\",\"contentUrl\":\"https:\\\/\\\/www.codigovidrio.com\\\/code\\\/wp-content\\\/uploads\\\/2026\\\/09\\\/Lara-portada.png\",\"width\":2048,\"height\":875},{\"@type\":\"BreadcrumbList\",\"@id\":\"https:\\\/\\\/www.codigovidrio.com\\\/code\\\/la-llegada-de-rubio-es-una-senal-clara-de-que-se-intensificara-la-ofensiva-regional-contra-los-grupos-criminales-luis-lara\\\/#breadcrumb\",\"itemListElement\":[{\"@type\":\"ListItem\",\"position\":1,\"name\":\"Portada\",\"item\":\"https:\\\/\\\/www.codigovidrio.com\\\/code\\\/\"},{\"@type\":\"ListItem\",\"position\":2,\"name\":\"La llegada de Rubio es una se\u00f1al clara de que se intensificar\u00e1 la ofensiva regional contra los grupos criminales: Luis Lara\"}]},{\"@type\":\"WebSite\",\"@id\":\"https:\\\/\\\/www.codigovidrio.com\\\/code\\\/#website\",\"url\":\"https:\\\/\\\/www.codigovidrio.com\\\/code\\\/\",\"name\":\"C\u00f3digo Vidrio\",\"description\":\"Transparentamos las historias ocultas\",\"publisher\":{\"@id\":\"https:\\\/\\\/www.codigovidrio.com\\\/code\\\/#organization\"},\"potentialAction\":[{\"@type\":\"SearchAction\",\"target\":{\"@type\":\"EntryPoint\",\"urlTemplate\":\"https:\\\/\\\/www.codigovidrio.com\\\/code\\\/?s={search_term_string}\"},\"query-input\":{\"@type\":\"PropertyValueSpecification\",\"valueRequired\":true,\"valueName\":\"search_term_string\"}}],\"inLanguage\":\"es\"},{\"@type\":\"Organization\",\"@id\":\"https:\\\/\\\/www.codigovidrio.com\\\/code\\\/#organization\",\"name\":\"C\u00f3digo Vidrio\",\"url\":\"https:\\\/\\\/www.codigovidrio.com\\\/code\\\/\",\"logo\":{\"@type\":\"ImageObject\",\"inLanguage\":\"es\",\"@id\":\"https:\\\/\\\/www.codigovidrio.com\\\/code\\\/#\\\/schema\\\/logo\\\/image\\\/\",\"url\":\"https:\\\/\\\/www.codigovidrio.com\\\/code\\\/wp-content\\\/uploads\\\/2022\\\/01\\\/logo-horiz-08.png\",\"contentUrl\":\"https:\\\/\\\/www.codigovidrio.com\\\/code\\\/wp-content\\\/uploads\\\/2022\\\/01\\\/logo-horiz-08.png\",\"width\":817,\"height\":294,\"caption\":\"C\u00f3digo Vidrio\"},\"image\":{\"@id\":\"https:\\\/\\\/www.codigovidrio.com\\\/code\\\/#\\\/schema\\\/logo\\\/image\\\/\"}},{\"@type\":\"Person\",\"@id\":\"https:\\\/\\\/www.codigovidrio.com\\\/code\\\/#\\\/schema\\\/person\\\/974bc7a5b889699d012b2343dc68fc6e\",\"name\":\"Codigo Vidrio Admin\",\"url\":\"https:\\\/\\\/www.codigovidrio.com\\\/code\\\/author\\\/vidrio-admin\\\/\"}]}<\/script>\n<!-- \/ Yoast SEO plugin. -->","yoast_head_json":{"title":"La llegada de Rubio es una se\u00f1al clara de que se intensificar\u00e1 la ofensiva regional contra los grupos criminales: Luis Lara - C\u00f3digo Vidrio","robots":{"index":"index","follow":"follow","max-snippet":"max-snippet:-1","max-image-preview":"max-image-preview:large","max-video-preview":"max-video-preview:-1"},"canonical":"https:\/\/www.codigovidrio.com\/code\/la-llegada-de-rubio-es-una-senal-clara-de-que-se-intensificara-la-ofensiva-regional-contra-los-grupos-criminales-luis-lara\/","og_locale":"es_ES","og_type":"article","og_title":"La llegada de Rubio es una se\u00f1al clara de que se intensificar\u00e1 la ofensiva regional contra los grupos criminales: Luis Lara - C\u00f3digo Vidrio","og_description":"ENTREVISTA \/ Esta semana, el secretario de Estado de Estados Unidos, Marco Rubio, realizar\u00e1 una visita fugaz de tres d\u00edas a Colombia, Ecuador y Per\u00fa, en el contexto de una aumento de pol\u00e9micas operaciones contra el narcotr\u00e1fico, con m\u00e9todos radicales, criticados por organismos internacionales. El general (sp) Luis Lara, exministro de Defensa, estima que el ... leer m\u00e1s...","og_url":"https:\/\/www.codigovidrio.com\/code\/la-llegada-de-rubio-es-una-senal-clara-de-que-se-intensificara-la-ofensiva-regional-contra-los-grupos-criminales-luis-lara\/","og_site_name":"C\u00f3digo Vidrio","article_published_time":"2026-09-06T13:56:42+00:00","article_modified_time":"2026-09-06T13:59:35+00:00","og_image":[{"width":1024,"height":438,"url":"https:\/\/www.codigovidrio.com\/code\/wp-content\/uploads\/2026\/09\/Lara-portada-1024x438.png","type":"image\/png"}],"author":"Codigo Vidrio Admin","twitter_card":"summary_large_image","twitter_misc":{"Escrito por":"Codigo Vidrio Admin","Tiempo de lectura":"8 minutos"},"schema":{"@context":"https:\/\/schema.org","@graph":[{"@type":"Article","@id":"https:\/\/www.codigovidrio.com\/code\/la-llegada-de-rubio-es-una-senal-clara-de-que-se-intensificara-la-ofensiva-regional-contra-los-grupos-criminales-luis-lara\/#article","isPartOf":{"@id":"https:\/\/www.codigovidrio.com\/code\/la-llegada-de-rubio-es-una-senal-clara-de-que-se-intensificara-la-ofensiva-regional-contra-los-grupos-criminales-luis-lara\/"},"author":{"name":"Codigo Vidrio Admin","@id":"https:\/\/www.codigovidrio.com\/code\/#\/schema\/person\/974bc7a5b889699d012b2343dc68fc6e"},"headline":"La llegada de Rubio es una se\u00f1al clara de que se intensificar\u00e1 la ofensiva regional contra los grupos criminales: Luis Lara","datePublished":"2026-09-06T13:56:42+00:00","dateModified":"2026-09-06T13:59:35+00:00","mainEntityOfPage":{"@id":"https:\/\/www.codigovidrio.com\/code\/la-llegada-de-rubio-es-una-senal-clara-de-que-se-intensificara-la-ofensiva-regional-contra-los-grupos-criminales-luis-lara\/"},"wordCount":1771,"commentCount":0,"publisher":{"@id":"https:\/\/www.codigovidrio.com\/code\/#organization"},"image":{"@id":"https:\/\/www.codigovidrio.com\/code\/la-llegada-de-rubio-es-una-senal-clara-de-que-se-intensificara-la-ofensiva-regional-contra-los-grupos-criminales-luis-lara\/#primaryimage"},"thumbnailUrl":"https:\/\/www.codigovidrio.com\/code\/wp-content\/uploads\/2026\/09\/Lara-portada.png","articleSection":["Especiales"],"inLanguage":"es","potentialAction":[{"@type":"CommentAction","name":"Comment","target":["https:\/\/www.codigovidrio.com\/code\/la-llegada-de-rubio-es-una-senal-clara-de-que-se-intensificara-la-ofensiva-regional-contra-los-grupos-criminales-luis-lara\/#respond"]}]},{"@type":"WebPage","@id":"https:\/\/www.codigovidrio.com\/code\/la-llegada-de-rubio-es-una-senal-clara-de-que-se-intensificara-la-ofensiva-regional-contra-los-grupos-criminales-luis-lara\/","url":"https:\/\/www.codigovidrio.com\/code\/la-llegada-de-rubio-es-una-senal-clara-de-que-se-intensificara-la-ofensiva-regional-contra-los-grupos-criminales-luis-lara\/","name":"La llegada de Rubio es una se\u00f1al clara de que se intensificar\u00e1 la ofensiva regional contra los grupos criminales: Luis Lara - C\u00f3digo Vidrio","isPartOf":{"@id":"https:\/\/www.codigovidrio.com\/code\/#website"},"primaryImageOfPage":{"@id":"https:\/\/www.codigovidrio.com\/code\/la-llegada-de-rubio-es-una-senal-clara-de-que-se-intensificara-la-ofensiva-regional-contra-los-grupos-criminales-luis-lara\/#primaryimage"},"image":{"@id":"https:\/\/www.codigovidrio.com\/code\/la-llegada-de-rubio-es-una-senal-clara-de-que-se-intensificara-la-ofensiva-regional-contra-los-grupos-criminales-luis-lara\/#primaryimage"},"thumbnailUrl":"https:\/\/www.codigovidrio.com\/code\/wp-content\/uploads\/2026\/09\/Lara-portada.png","datePublished":"2026-09-06T13:56:42+00:00","dateModified":"2026-09-06T13:59:35+00:00","breadcrumb":{"@id":"https:\/\/www.codigovidrio.com\/code\/la-llegada-de-rubio-es-una-senal-clara-de-que-se-intensificara-la-ofensiva-regional-contra-los-grupos-criminales-luis-lara\/#breadcrumb"},"inLanguage":"es","potentialAction":[{"@type":"ReadAction","target":["https:\/\/www.codigovidrio.com\/code\/la-llegada-de-rubio-es-una-senal-clara-de-que-se-intensificara-la-ofensiva-regional-contra-los-grupos-criminales-luis-lara\/"]}]},{"@type":"ImageObject","inLanguage":"es","@id":"https:\/\/www.codigovidrio.com\/code\/la-llegada-de-rubio-es-una-senal-clara-de-que-se-intensificara-la-ofensiva-regional-contra-los-grupos-criminales-luis-lara\/#primaryimage","url":"https:\/\/www.codigovidrio.com\/code\/wp-content\/uploads\/2026\/09\/Lara-portada.png","contentUrl":"https:\/\/www.codigovidrio.com\/code\/wp-content\/uploads\/2026\/09\/Lara-portada.png","width":2048,"height":875},{"@type":"BreadcrumbList","@id":"https:\/\/www.codigovidrio.com\/code\/la-llegada-de-rubio-es-una-senal-clara-de-que-se-intensificara-la-ofensiva-regional-contra-los-grupos-criminales-luis-lara\/#breadcrumb","itemListElement":[{"@type":"ListItem","position":1,"name":"Portada","item":"https:\/\/www.codigovidrio.com\/code\/"},{"@type":"ListItem","position":2,"name":"La llegada de Rubio es una se\u00f1al clara de que se intensificar\u00e1 la ofensiva regional contra los grupos criminales: Luis Lara"}]},{"@type":"WebSite","@id":"https:\/\/www.codigovidrio.com\/code\/#website","url":"https:\/\/www.codigovidrio.com\/code\/","name":"C\u00f3digo Vidrio","description":"Transparentamos las historias ocultas","publisher":{"@id":"https:\/\/www.codigovidrio.com\/code\/#organization"},"potentialAction":[{"@type":"SearchAction","target":{"@type":"EntryPoint","urlTemplate":"https:\/\/www.codigovidrio.com\/code\/?s={search_term_string}"},"query-input":{"@type":"PropertyValueSpecification","valueRequired":true,"valueName":"search_term_string"}}],"inLanguage":"es"},{"@type":"Organization","@id":"https:\/\/www.codigovidrio.com\/code\/#organization","name":"C\u00f3digo Vidrio","url":"https:\/\/www.codigovidrio.com\/code\/","logo":{"@type":"ImageObject","inLanguage":"es","@id":"https:\/\/www.codigovidrio.com\/code\/#\/schema\/logo\/image\/","url":"https:\/\/www.codigovidrio.com\/code\/wp-content\/uploads\/2022\/01\/logo-horiz-08.png","contentUrl":"https:\/\/www.codigovidrio.com\/code\/wp-content\/uploads\/2022\/01\/logo-horiz-08.png","width":817,"height":294,"caption":"C\u00f3digo Vidrio"},"image":{"@id":"https:\/\/www.codigovidrio.com\/code\/#\/schema\/logo\/image\/"}},{"@type":"Person","@id":"https:\/\/www.codigovidrio.com\/code\/#\/schema\/person\/974bc7a5b889699d012b2343dc68fc6e","name":"Codigo Vidrio Admin","url":"https:\/\/www.codigovidrio.com\/code\/author\/vidrio-admin\/"}]}},"_links":{"self":[{"href":"https:\/\/www.codigovidrio.com\/code\/wp-json\/wp\/v2\/posts\/12448","targetHints":{"allow":["GET"]}}],"collection":[{"href":"https:\/\/www.codigovidrio.com\/code\/wp-json\/wp\/v2\/posts"}],"about":[{"href":"https:\/\/www.codigovidrio.com\/code\/wp-json\/wp\/v2\/types\/post"}],"author":[{"embeddable":true,"href":"https:\/\/www.codigovidrio.com\/code\/wp-json\/wp\/v2\/users\/2"}],"replies":[{"embeddable":true,"href":"https:\/\/www.codigovidrio.com\/code\/wp-json\/wp\/v2\/comments?post=12448"}],"version-history":[{"count":9,"href":"https:\/\/www.codigovidrio.com\/code\/wp-json\/wp\/v2\/posts\/12448\/revisions"}],"predecessor-version":[{"id":12459,"href":"https:\/\/www.codigovidrio.com\/code\/wp-json\/wp\/v2\/posts\/12448\/revisions\/12459"}],"wp:featuredmedia":[{"embeddable":true,"href":"https:\/\/www.codigovidrio.com\/code\/wp-json\/wp\/v2\/media\/12455"}],"wp:attachment":[{"href":"https:\/\/www.codigovidrio.com\/code\/wp-json\/wp\/v2\/media?parent=12448"}],"wp:term":[{"taxonomy":"category","embeddable":true,"href":"https:\/\/www.codigovidrio.com\/code\/wp-json\/wp\/v2\/categories?post=12448"},{"taxonomy":"post_tag","embeddable":true,"href":"https:\/\/www.codigovidrio.com\/code\/wp-json\/wp\/v2\/tags?post=12448"}],"curies":[{"name":"wp","href":"https:\/\/api.w.org\/{rel}","templated":true}]}}