{"id":11957,"date":"2026-04-26T10:00:37","date_gmt":"2026-04-26T15:00:37","guid":{"rendered":"https:\/\/www.codigovidrio.com\/code\/?p=11957"},"modified":"2026-04-26T23:10:31","modified_gmt":"2026-04-27T04:10:31","slug":"asi-fue-la-estadia-secreta-de-gustavo-petro-en-manta-los-detalles-ocultos-de-la-visita-de-72-horas-a-la-casa-de-marina-blue","status":"publish","type":"post","link":"https:\/\/www.codigovidrio.com\/code\/asi-fue-la-estadia-secreta-de-gustavo-petro-en-manta-los-detalles-ocultos-de-la-visita-de-72-horas-a-la-casa-de-marina-blue\/","title":{"rendered":"As\u00ed fue la estad\u00eda secreta de Gustavo Petro en Manta: los detalles ocultos de la visita de 72 horas a la casa de Marina Blue"},"content":{"rendered":"<h3><strong style=\"font-weight: 400;\"><span style=\"color: #ff6600;\"><span style=\"color: #00ccff;\">EXCLUSIVA.<\/span> El presidente de Colombia, Gustavo Petro, no sali\u00f3 de la casa en Manta tres d\u00edas, pero recibi\u00f3 muchos invitados, entre el 24 y el 26 de mayo de 2025. Hubo farra. Sus visitantes ingresaban en autos con vidrios polarizados. <\/span><\/strong><strong style=\"font-weight: 400;\"><span style=\"color: #ff6600;\">A inicios de junio, un alto funcionario de la Canciller\u00eda colombiana se contact\u00f3 con un delegado de Adolfo Mac\u00edas, Fito. <\/span><\/strong><strong style=\"font-weight: 400;\"><span style=\"color: #ff6600;\">Detallamos las circunstancias en extremo riesgosas en que ocurri\u00f3 la visita, en el contexto de la pugna entre \u2018Los Choneros\u2019 y \u2018Los Lobos\u2019 y la cacer\u00eda de las autoridades para capturar a Fito, que se ocultaba en una vivienda, cerca a Manta.\u00a0<\/span><\/strong><\/h3>\n<p><strong>Alianza C\u00f3digo Vidrio-Vistazo<\/strong><\/p>\n<p style=\"font-weight: 400;\">El <strong>avi\u00f3n presidencial FAC 001 <\/strong>sali\u00f3 de la pista a\u00e9rea de <strong>Quito <\/strong>pasado el mediod\u00eda. Aterriz\u00f3 en el aeropuerto <strong>Eloy Alfaro<\/strong>, de <strong>Manta<\/strong>, cuando comenzaba la tarde. Era el <strong>24 de Mayo de 2025<\/strong>. Horas antes, el ocupante de la aeronave, el presidente <strong>colombiano Gustavo Petro<\/strong><strong>,<\/strong>\u00a0hab\u00eda llegado con retraso a la <strong>posesi\u00f3n del mandatario ecuatoriano<\/strong>, <strong>Daniel Noboa<\/strong>. Pero \u00e9sa no era su prioridad. El objetivo de su visita a Ecuador era otro. Iba a cumplir una <strong>agenda reservada<\/strong>\u00a0en la ciudad costera de <strong>Manta<\/strong>, en la provincia de Manab\u00ed, por esos d\u00edas convertida en el <strong><b>epicentro<\/b><\/strong>\u00a0de operativos constantes para localizar a <strong><b>Jos\u00e9 Adolfo Mac\u00edas<\/b><\/strong>, alias \u2018<strong><b>Fito\u2019<\/b><\/strong>, l\u00edder de <strong><b>Los Choneros<\/b><\/strong>.<\/p>\n<p style=\"font-weight: 400;\">Esta alianza period\u00edstica revela\u00a0en exclusiva, a partir de diversos <strong>testimonios y fuentes documentales,<\/strong>\u00a0detalles del <strong>viaje secreto<\/strong>\u00a0del mandatario colombiano <strong>Gustavo Petro<\/strong>\u00a0al puerto manabita.<\/p>\n<p style=\"font-weight: 400;\">\u00c9sta es una de las <strong>piedras en el zapato<\/strong>\u00a0de la relaci\u00f3n entre los <strong>mandatarios de Colombia y Ecuador<\/strong>. El presidente Noboa se\u00f1al\u00f3 que <strong>Petro <\/strong>habr\u00eda tenido reuniones con delegados de <strong>Adolfo Mac\u00edas (\u2018Fito\u2019)<\/strong>\u00a0y con <strong>representantes del corre\u00edsmo<\/strong>.<\/p>\n<figure id=\"attachment_11961\" aria-describedby=\"caption-attachment-11961\" style=\"width: 642px\" class=\"wp-caption aligncenter\"><img fetchpriority=\"high\" decoding=\"async\" class=\"wp-image-11961\" src=\"https:\/\/www.codigovidrio.com\/code\/wp-content\/uploads\/2026\/04\/PETRO-CONGRESO.jpg\" alt=\"\" width=\"652\" height=\"562\" srcset=\"https:\/\/www.codigovidrio.com\/code\/wp-content\/uploads\/2026\/04\/PETRO-CONGRESO.jpg 960w, https:\/\/www.codigovidrio.com\/code\/wp-content\/uploads\/2026\/04\/PETRO-CONGRESO-300x258.jpg 300w, https:\/\/www.codigovidrio.com\/code\/wp-content\/uploads\/2026\/04\/PETRO-CONGRESO-768x662.jpg 768w\" sizes=\"(max-width: 652px) 100vw, 652px\" \/><figcaption id=\"caption-attachment-11961\" class=\"wp-caption-text\"><strong>El presidente Gustavo Petro lleg\u00f3 el 24 de mayo del 2025 a la posesi\u00f3n de Daniel Noboa, en la Asamblea. Luego viaj\u00f3 en su avi\u00f3n directamente a Manta donde permaneci\u00f3 72 horas. Foto de archivo <\/strong><\/figcaption><\/figure>\n<p style=\"font-weight: 400;\">De su lado, Petro ha <strong>negado tajantemente<\/strong>\u00a0las acusaciones, afirmando que mantuvo una <strong>agenda oficial<\/strong>\u00a0y que todo el tiempo <strong>estuvo resguardado<\/strong>\u00a0por <strong>agentes <\/strong>de la fuerza p\u00fablica ecuatoriana.<\/p>\n<p style=\"font-weight: 400;\">A partir de varias entrevistas y revisi\u00f3n de fuentes documentales, confirmamos\u00a0que s\u00ed hubo <strong>di\u00e1logos<\/strong>\u00a0entre <strong>delegados de \u2018Fito\u2019<\/strong>\u00a0y <strong>autoridades colombianas<\/strong>, cuando el <strong>l\u00edder de \u2018Los Choneros\u2019<\/strong>\u00a0a\u00fan era un <strong>pr\u00f3fugo<\/strong>\u00a0de la <strong>justicia ecuatoriana<\/strong>. Esto ocurri\u00f3 a <strong><b>inicios de junio de 2025<\/b><\/strong>.<\/p>\n<p style=\"font-weight: 400;\">Estas conversaciones son consideradas por <strong>el gobierno ecuatoriano<\/strong>\u00a0como una <strong>interferencia <\/strong>en el <strong>intento de capturar<\/strong>\u00a0a <strong>Adolfo Mac\u00edas<\/strong>. \u00c9l <strong>escap\u00f3<\/strong>\u00a0de la <strong>c\u00e1rcel regional Guayas<\/strong>\u00a0en <strong>enero de 2024<\/strong>. Fue detenido el <strong>25 de junio de 2025<\/strong>, en <strong>Montecristi<\/strong>, en la provincia de <strong>Manab\u00ed<\/strong>. Se escond\u00eda en un <strong>bunker <\/strong>bajo una vivienda lujosa<strong>, <\/strong>con <strong>piscina<\/strong>\u00a0y <strong>gimnasio<\/strong><strong>.<\/strong><\/p>\n<h3 style=\"font-weight: 400; text-align: center;\"><strong>Qu\u00e9 pas\u00f3 con Gustavo Petro en Manta<\/strong><\/h3>\n<p style=\"font-weight: 400;\"><strong>Petro descendi\u00f3 <\/strong>de la nave de la <strong>Fuerza A\u00e9rea Colombiana 001<\/strong>. Es un <strong>Boeing 737 700<\/strong>. Se lo reconoce por ser uno de los pocos <strong>aviones presidenciales militarizados<\/strong>, con un estatus OTAN E4, que representa <strong>el m\u00e1ximo nivel de protecci\u00f3n<\/strong>.<\/p>\n<p style=\"font-weight: 400;\">La <strong>caravana de seguridad<\/strong>\u00a0parti\u00f3 desde la terminal a\u00e9rea con direcci\u00f3n al <strong>sur de Ma<\/strong>nta, tomando la v\u00eda <strong>puerto \u2013aeropuerto<\/strong>, para conectar con <strong>la ruta Spondylus<\/strong>, seg\u00fan documentos de Inteligencia revisados por esta alianza.<\/p>\n<figure id=\"attachment_11962\" aria-describedby=\"caption-attachment-11962\" style=\"width: 604px\" class=\"wp-caption aligncenter\"><img decoding=\"async\" class=\"wp-image-11962\" src=\"https:\/\/www.codigovidrio.com\/code\/wp-content\/uploads\/2026\/04\/IMG_8794.jpg\" alt=\"\" width=\"614\" height=\"660\" srcset=\"https:\/\/www.codigovidrio.com\/code\/wp-content\/uploads\/2026\/04\/IMG_8794.jpg 960w, https:\/\/www.codigovidrio.com\/code\/wp-content\/uploads\/2026\/04\/IMG_8794-279x300.jpg 279w, https:\/\/www.codigovidrio.com\/code\/wp-content\/uploads\/2026\/04\/IMG_8794-953x1024.jpg 953w, https:\/\/www.codigovidrio.com\/code\/wp-content\/uploads\/2026\/04\/IMG_8794-768x826.jpg 768w\" sizes=\"(max-width: 614px) 100vw, 614px\" \/><figcaption id=\"caption-attachment-11962\" class=\"wp-caption-text\"><strong>Tras su llegada a Quito, Petro declar\u00f3 que ven\u00eda a abogar por los perseguidos pol\u00edticos en Ecuador, sobre todo el exvicepresdente Jorge Glas. Foto de archivo<\/strong><\/figcaption><\/figure>\n<p style=\"font-weight: 400;\">El trayecto de <strong>13 kil\u00f3metros<\/strong>\u00a0por la zona litoral lo recorri\u00f3 con <strong>fluidez<\/strong>, gracias a la <strong>escolta oficial<\/strong>. Luego, cruz\u00f3 la ciudad de <strong>Manta<\/strong>\u00a0hacia <strong>un sitio residencial<\/strong>.<\/p>\n<p style=\"font-weight: 400;\">Finalmente, arrib\u00f3 al sector de <strong>Santa Marianita<\/strong>, en la urbanizaci\u00f3n <strong>Marina Blue<\/strong>. Eran aproximadamente las <strong>4 y 20 de la tarde<\/strong>, del s\u00e1bado <strong>24 de Mayo,<\/strong>\u00a0de acuerdo con la <strong>documentaci\u00f3n<\/strong><strong>\u00a0oficial<\/strong>.<\/p>\n<p style=\"font-weight: 400;\">Gustavo Petro permaneci\u00f3 <strong>durante tres d\u00edas<\/strong>\u00a0en la residencia Marina Blue. No realiz\u00f3 salidas oficiales entre la tarde del <strong>24 de mayo y el d\u00eda 26<\/strong>, cuando dej\u00f3 el lugar. Es decir, permaneci\u00f3 en el mismo lugar todo el tiempo.<\/p>\n<h3 style=\"font-weight: 400; text-align: center;\"><strong>C\u00f3mo fue el esquema de protecci\u00f3n de Petro en Manta<\/strong><\/h3>\n<p style=\"font-weight: 400;\">Una <strong>c\u00e1psula de protecci\u00f3n interna<\/strong>\u00a0con agentes colombianos custodiaba al mandatario. En tanto, las <strong>Fuerzas Armadas del Ecuador<\/strong>\u00a0brindaron <strong>seguridad perimetral externa<\/strong>, sin acceso al entorno pr\u00f3ximo al <strong>presidente <\/strong>del pa\u00eds<strong>\u00a0vecino<\/strong>. Agentes de inteligencia de la Polic\u00eda tambi\u00e9n vigilaban el sector.<\/p>\n<p style=\"font-weight: 400;\">Ese <strong><b>esquema de seguridad<\/b><\/strong>\u00a0es parte de un <strong><b>protocolo oficial <\/b><\/strong>para cualquier presidente que llega al pa\u00eds. En la seguridad, seg\u00fan conoci\u00f3 esta alianza, participaron <strong><b>miembros de unidades especiales de las FF.AA.<\/b><\/strong>, incluidos agentes de la Fuerza A\u00e9rea. En este caso\u00a0los militares ten\u00edan un <strong><b>equipo de reacci\u00f3n<\/b><\/strong>,\u00a0que que era el<strong><b>\u00a0anillo exterior <\/b><\/strong>fuera de la vivienda, integrado por personal uniformado y agentes que vest\u00edan de civil.<\/p>\n<p style=\"font-weight: 400;\">Autos con <strong>vidrios polarizados<\/strong>, pertenecientes a la <strong>c\u00e1psula de seguridad interna<\/strong>, ingresaban\u00a0y sal\u00edan\u00a0\u00a0con distintos <strong>visitantes<\/strong>.<\/p>\n<p style=\"font-weight: 400;\">Seg\u00fan el protocolo, el personal de FF.AA. se encarga de revisar y registrar a <strong><b>todas las personas<\/b><\/strong>\u00a0que ingresan al sitio donde est\u00e1 el mandatario y su comitiva.<\/p>\n<h3 style=\"font-weight: 400;\"><strong><span style=\"color: #ff6600;\">Un reporte de Inteligencia describe, por ejemplo, que en m\u00e1s de una ocasi\u00f3n escucharon m\u00fasica dentro de la casa, lo que suger\u00eda que hab\u00eda festejos privados. Precisamente, en uno de los informes se detalla el ingreso, en varias ocasiones, de un Jeep Jetour chino, modelo 2025, con placas identificadas (MGB5&#8230;), que ingresaba con alimentos y bebidas. El auto era conducido por Wilfrido R. M. quien es parte de una empresa, domiciliada en Manab\u00ed. Esa firma brinda servicios de log\u00edstica de alimentos y personal de servicios, incluidos camareros, cocineros, mayordomos, conductores y jardineros, entre otros.<\/span><\/strong><\/h3>\n<h3 style=\"font-weight: 400; text-align: center;\"><strong>Petro dijo que avanz\u00f3 en la escritura de su libro en Manta<\/strong><\/h3>\n<p style=\"font-weight: 400;\">La permanencia del presidente Petro en la <strong>residencia Marina Blue<\/strong>\u00a0se caracteriz\u00f3 por un <strong>hermetismo absoluto, <\/strong>refiere uno de los informes\u00a0de Inteligencia. \u201cDurante la estancia, se observaron <strong>constantes movimientos<\/strong>\u00a0de <strong>ingreso y salida<\/strong>\u00a0de los <strong>veh\u00edculos pertenecientes<\/strong>\u00a0a la <strong>c\u00e1psula de seguridad interna<\/strong>, con vidrios polarizados, impidiendo la <strong>identificaci\u00f3n de sus ocupantes<\/strong>\u201d.<\/p>\n<figure id=\"attachment_11964\" aria-describedby=\"caption-attachment-11964\" style=\"width: 1836px\" class=\"wp-caption alignleft\"><img decoding=\"async\" class=\"wp-image-11964 size-full\" src=\"https:\/\/www.codigovidrio.com\/code\/wp-content\/uploads\/2026\/04\/MARINA-BLUE.jpg\" alt=\"\" width=\"1846\" height=\"738\" srcset=\"https:\/\/www.codigovidrio.com\/code\/wp-content\/uploads\/2026\/04\/MARINA-BLUE.jpg 1846w, https:\/\/www.codigovidrio.com\/code\/wp-content\/uploads\/2026\/04\/MARINA-BLUE-300x120.jpg 300w, https:\/\/www.codigovidrio.com\/code\/wp-content\/uploads\/2026\/04\/MARINA-BLUE-1024x409.jpg 1024w, https:\/\/www.codigovidrio.com\/code\/wp-content\/uploads\/2026\/04\/MARINA-BLUE-768x307.jpg 768w, https:\/\/www.codigovidrio.com\/code\/wp-content\/uploads\/2026\/04\/MARINA-BLUE-1536x614.jpg 1536w\" sizes=\"(max-width: 1846px) 100vw, 1846px\" \/><figcaption id=\"caption-attachment-11964\" class=\"wp-caption-text\"><strong>El per\u00edmetro externo de la casa donde el presidente colombiano permaneci\u00f3 tres d\u00edas era vigilado por personal de las Fuerzas Armadas, en Manta. Foto cortes\u00eda<\/strong><\/figcaption><\/figure>\n<p style=\"font-weight: 400;\">Al momento de abandonar la residencia, \u201cPetro habr\u00eda estado <strong>acompa\u00f1ado por mujeres<\/strong>\u00a0que no formaban parte de su <strong>equipo de seguridad oficial<\/strong>\u201d, seg\u00fan la documentaci\u00f3n en poder de esta alianza.<\/p>\n<p style=\"font-weight: 400;\">El mandatario colombiano afirm\u00f3 que su viaje a Ecuador <strong>tuvo car\u00e1cter oficial<\/strong>. Asegur\u00f3 que tuvo el <strong>acompa\u00f1amiento<\/strong>\u00a0de <strong>agentes estatales ecuatorianos<\/strong>\u00a0como parte de su <strong>esquema de protecci\u00f3n.<\/strong><\/p>\n<p style=\"font-weight: 400;\"><strong>Petro<\/strong>\u00a0explic\u00f3 que <strong>aprovech\u00f3 su viaje a Manta<\/strong>\u00a0para escribir <strong>30 p\u00e1ginas de un libro<\/strong>\u00a0sobre <strong>capitalismo<\/strong>\u00a0y <strong>crisis clim\u00e1tica<\/strong>.<\/p>\n<p style=\"font-weight: 400;\">\u201cEn Manta, en un peque\u00f1o lugar muy alto, mirando el mar, que es hermoso all\u00ed, <strong>escrib\u00ed ese domingo 25<\/strong>, unas <strong>treinta p\u00e1ginas<\/strong>\u00a0de mi libro sobre la relaci\u00f3n entre la <strong>acumulaci\u00f3n de capital <\/strong>y la <strong>crisis clim\u00e1tica<\/strong>\u201d, escribi\u00f3 el mandatario colombiano en su cuenta de la red X.<\/p>\n<p style=\"font-weight: 400;\">El domingo 19 de abril\u00a0de 2026, <strong>Petro <\/strong>asegur\u00f3 que <strong>demandar\u00e1 penalmente<\/strong>\u00a0a su <strong>par ecuatoriano<\/strong>, por calumnia, al acusarlo de <strong>sostener reuniones<\/strong>\u00a0con personajes relacionados con el <strong>narcotr\u00e1fico<\/strong>. Explic\u00f3 que su <strong>gobierno<\/strong>\u00a0ha ayudado a <strong>detener a <\/strong><strong>importantes cabecillas de bandas ecuatorianas<\/strong>.<\/p>\n<h3 style=\"font-weight: 400; text-align: center;\"><strong>Fito fue pr\u00f3fugo entre enero de 2024 y junio de 2025<\/strong><\/h3>\n<p style=\"font-weight: 400;\">Fito lleg\u00f3 a dirigir una estructura criminal, <strong>\u2018Los Choneros\u2019<\/strong>, con unos <strong>12 mil miembros<\/strong>. De ellos, m\u00e1s de la mitad se encuentran tras las rejas en <strong>distintas c\u00e1rceles<\/strong>\u00a0del pa\u00eds.<\/p>\n<p style=\"font-weight: 400;\">A inicios de <strong>enero de 2024 <\/strong>escap\u00f3 de la c\u00e1rcel. Desde entonces empez\u00f3 una\u00a0<strong>b\u00fasqueda<\/strong>\u00a0de distintas unidades del Ej\u00e9rcito y la Polic\u00eda, con apoyo de agencias de Estados Unidos.<\/p>\n<p style=\"font-weight: 400;\">Entre el <strong>26 \u00a0y 27 de julio<\/strong>\u00a0de 2024 habr\u00eda permanecido en la zona colombiana de Tumaco. U<strong>n grupo armado irregular <\/strong>le habr\u00eda dado protecci\u00f3n. En concreto, el 27 de julio habr\u00eda permanecido en la vereda <strong>Mata de Pl\u00e1tano.<\/strong><\/p>\n<p style=\"font-weight: 400;\"><strong>Tumaco <\/strong>es un distrito costanero del departamento de Nari\u00f1o\u00a0que da al Pac\u00edfico, a unos 300 Km. de Pasto. Se encuentra al<strong><b>\u00a0suroccidente de Colombia,<\/b><\/strong>\u00a0cerca de la frontera con Ecuador.<\/p>\n<p style=\"font-weight: 400;\">A partir de 2024, el <strong>cerco<\/strong>\u00a0se estrech\u00f3 sobre el entorno del <strong>pr\u00f3fugo Fito<\/strong>. <strong>Bienes<\/strong>\u00a0de su familia fueron allanados. Su <strong>pareja<\/strong>\u00a0fue detenida en <strong>mayo de 2024<\/strong>, por ser considerada como figura central en un esquema\u00a0de operaciones de <strong>lavado de activos<\/strong>. Y su <strong>hermano, cu\u00f1ados y suegro<\/strong>s fueron detenidos a inicios de <strong>junio de 2025<\/strong>.<\/p>\n<figure id=\"attachment_11965\" aria-describedby=\"caption-attachment-11965\" style=\"width: 1606px\" class=\"wp-caption aligncenter\"><img loading=\"lazy\" decoding=\"async\" class=\"wp-image-11965 size-full\" src=\"https:\/\/www.codigovidrio.com\/code\/wp-content\/uploads\/2026\/04\/MARINA-BLUE-NIGHT.jpg\" alt=\"\" width=\"1616\" height=\"755\" srcset=\"https:\/\/www.codigovidrio.com\/code\/wp-content\/uploads\/2026\/04\/MARINA-BLUE-NIGHT.jpg 1616w, https:\/\/www.codigovidrio.com\/code\/wp-content\/uploads\/2026\/04\/MARINA-BLUE-NIGHT-300x140.jpg 300w, https:\/\/www.codigovidrio.com\/code\/wp-content\/uploads\/2026\/04\/MARINA-BLUE-NIGHT-1024x478.jpg 1024w, https:\/\/www.codigovidrio.com\/code\/wp-content\/uploads\/2026\/04\/MARINA-BLUE-NIGHT-768x359.jpg 768w, https:\/\/www.codigovidrio.com\/code\/wp-content\/uploads\/2026\/04\/MARINA-BLUE-NIGHT-1536x718.jpg 1536w\" sizes=\"(max-width: 1616px) 100vw, 1616px\" \/><figcaption id=\"caption-attachment-11965\" class=\"wp-caption-text\"><strong>Las Fuerzas Armadas siempre se mantuvieron siguiendo el protocolo de vigilancia y contenci\u00f3n externa del inmueble donde Petro mantuvo reuniones con varias personas que llegaron a visitarlo. El presidente Noboa dijo que se reuni\u00f3 con personajes vinculados al crimen organizado. Foto cortes\u00eda <\/strong><\/figcaption><\/figure>\n<p style=\"font-weight: 400;\">Para <strong>mayo de 2025<\/strong>, cuando Petro estuvo en Manta, Fito buscaba desesperadamente desde meses atr\u00e1s una <strong>mediaci\u00f3n externa<\/strong>\u00a0para <strong>entregarse<\/strong>\u00a0y <strong>ser extraditado<\/strong>\u00a0a <strong>Estados Unidos<\/strong>, pues <strong>tem\u00eda por su vida<\/strong>\u00a0si se <strong>quedaba en Ecuador<\/strong>.<\/p>\n<p style=\"font-weight: 400;\">\u2018Los Lobos\u2019 quer\u00edan ejecutarlo para tomar el control de las rutas que dominan \u2018Los Choneros\u2019 hace unos 15 a\u00f1os. Desde enero de ese a\u00f1o intermediarios y abogados de <strong><b>Fito<\/b><\/strong>\u00a0contactaron a funcionarios del <strong><b>gobierno ecuatoriano<\/b><\/strong>\u00a0e incluso a agentes de la Administraci\u00f3n para el Control de Drogas (DEA), en busca de una entrega segura y extradici\u00f3n a Estados Unidos, seg\u00fan tres fuentes consultadas, cercanas a estas conversaciones. Funcionarios de esta Agencia conversaron luego directamente con \u2018Fito\u2019, en una <strong><b>videollamada<\/b><\/strong>. Esto tambi\u00e9n fue corroborado por el <strong><b>cabecilla<\/b><\/strong>\u00a0de \u2018Los Choneros\u2019 despu\u00e9s de su <strong><b>captura<\/b><\/strong>\u00a0a los uniformados que lo entrevistaron, que grabaron esta <strong><b>confesi\u00f3n<\/b><\/strong>.<\/p>\n<h3 style=\"font-weight: 400; text-align: center;\"><strong>Los chats entre gente de Fito y diplom\u00e1ticos colombianos<\/strong><\/h3>\n<p style=\"font-weight: 400;\">El <strong>4 de junio de 2025<\/strong>, <strong>\u2018Fito\u2019<\/strong>\u00a0escribi\u00f3 una carta a mano, dirigida a la embajadora de Colombia en Ecuador, Mar\u00eda Antonia Velasco. En ella, afirmaba <strong>estar dispuesto a entregarse<\/strong>\u00a0a las autoridades, dejaba en claro que <strong>tem\u00eda por su vida y la de su familia<\/strong>. Y alertaba que ten\u00eda en su poder informaci\u00f3n <strong>\u2018muy valiosa\u2019<\/strong>.<\/p>\n<p style=\"font-weight: 400;\">En varias oportunidades el <strong>ministerio de Relaciones Exteriores de Colombia<\/strong>\u00a0asegur\u00f3 que la <strong>autenticidad de la carta no ha sido comprobada<\/strong>. Neg\u00f3 adem\u00e1s haber recibido informaci\u00f3n por canales oficiales.<\/p>\n<p style=\"font-weight: 400;\">Pero adem\u00e1s insisti\u00f3 que <strong><b>esa <\/b><\/strong><strong><b>Canciller\u00eda<\/b><\/strong>\u00a0no act\u00faa como <strong><b>garante de narcotraficantes<\/b><\/strong>, ni tiene competencia alguna para mediar en este tipo de situaciones.<\/p>\n<p style=\"font-weight: 400;\">Sin embargo,<strong>\u00a0el jueves 5 de junio de 2025, <\/strong>una funcionaria de esa canciller\u00eda llam\u00f3 a un delegado de <strong><b>\u2018Fito\u2019<\/b><\/strong>, que lo representaba como negociador. Esto ocurri\u00f3 a las 11h45. No tuvo respuesta. Un minuto despu\u00e9s le alert\u00f3 que le iba a llamar.<\/p>\n<p style=\"font-weight: 400;\">Tres horas m\u00e1s tarde, le escribi\u00f3 al delegado de \u2018Fito\u2019:<\/p>\n<p style=\"font-weight: 400;\"><strong>-Buenas, pudo hablar?<\/strong><\/p>\n<p style=\"font-weight: 400;\">Como recibi\u00f3 una respuesta negativa, le volvi\u00f3 a escribir, esta vez para compartirle el n\u00famero de celular del <strong><b>viceministro de Relaciones Multilaterales, Mauricio Jaramillo<\/b><\/strong>. Y le advirti\u00f3 que \u00e9l le hab\u00eda llamado, sin recibir contestaci\u00f3n. \u2018Si\u00a0est\u00e1 fuera del pa\u00eds, le agrega el indicativo 57\u2019, le explicaba.<\/p>\n<figure id=\"attachment_11966\" aria-describedby=\"caption-attachment-11966\" style=\"width: 1190px\" class=\"wp-caption alignleft\"><img loading=\"lazy\" decoding=\"async\" class=\"wp-image-11966 size-full\" src=\"https:\/\/www.codigovidrio.com\/code\/wp-content\/uploads\/2026\/04\/LA-PLAYA-.jpg\" alt=\"\" width=\"1200\" height=\"877\" srcset=\"https:\/\/www.codigovidrio.com\/code\/wp-content\/uploads\/2026\/04\/LA-PLAYA-.jpg 1200w, https:\/\/www.codigovidrio.com\/code\/wp-content\/uploads\/2026\/04\/LA-PLAYA--300x219.jpg 300w, https:\/\/www.codigovidrio.com\/code\/wp-content\/uploads\/2026\/04\/LA-PLAYA--1024x748.jpg 1024w, https:\/\/www.codigovidrio.com\/code\/wp-content\/uploads\/2026\/04\/LA-PLAYA--768x561.jpg 768w\" sizes=\"(max-width: 1200px) 100vw, 1200px\" \/><figcaption id=\"caption-attachment-11966\" class=\"wp-caption-text\"><strong>Seg\u00fan reportes de Inteligencia, en la casa tambi\u00e9n hubo festejos con la m\u00fasica a alto volumen. La log\u00edstica de alimentos y bebidas fue prove\u00edda por un proveedor ma\u00f1anita. Foto de archivo <\/strong><\/figcaption><\/figure>\n<p style=\"font-weight: 400;\"><strong>-\u00c9l est\u00e1 esperando su llamada<\/strong>, le insisti\u00f3. \u2018Escr\u00edbale si no le contesta, d\u00edgale qui\u00e9n es\u2019.<\/p>\n<p style=\"font-weight: 400;\">Hacia el fin de la tarde, el negociador de \u2018Fito\u2019 le coment\u00f3 a la funcionaria que ya le estaba escribiendo al viceministro.<\/p>\n<p style=\"font-weight: 400;\">El alto funcionario se contact\u00f3 hacia las 5 pm de ese d\u00eda<strong>\u00a0<\/strong>con el representante\u00a0y negociador de \u2018Fito\u2019. Como respuesta, recibi\u00f3 este mensaje:<\/p>\n<p style=\"font-weight: 400;\">\u201cEstoy adelantando <strong>una tarea<\/strong>\u00a0para la <strong>entrega del Sr Mac\u00edas<\/strong>\u00a0a la <strong>justicia<\/strong>\u00a0de su pa\u00eds, ha sido <strong>complejo <\/strong>porque el <strong>gobierno ecuatoriano<\/strong>, al parecer, tiene una posici\u00f3n que no les ha <strong>permitido llegar a un acuerdo<\/strong>\u201d. Y le ped\u00eda atender una llamada, para contextualizar con el tema.<\/p>\n<p style=\"font-weight: 400;\">Una periodista de Vistazo <strong>escribi\u00f3 al viceministro<\/strong>\u00a0al mismo n\u00famero que consta en el chat. Recibi\u00f3 su contestaci\u00f3n y le plante\u00f3 la pregunta, pidi\u00e9ndole <strong>su versi\u00f3n <\/strong>sobre el <strong>di\u00e1logo<\/strong><strong>\u00a0que hab\u00eda mantenido con Fito<\/strong>. En concreto se le pregunt\u00f3 <strong>si esta conversaci\u00f3n fue oficial<\/strong>. Hasta el cierre de este reportaje el Viceministro no respondi\u00f3 esta solicitud.<\/p>\n<p style=\"font-weight: 400;\">Fuentes cercanas a este proceso fallido de negociaci\u00f3n con autoridades colombianas mencionan que \u2018Fito\u2019 buscaba salir a una <strong><b>c\u00e1rcel de Estados Unidos<\/b><\/strong>, evitar ir a El Salvador, que su familia recibiera protecci\u00f3n e <strong><b>identidad <\/b><\/strong><strong><b>nueva <\/b><\/strong><strong><b>en un tercer pa\u00eds<\/b><\/strong>.<\/p>\n<p style=\"font-weight: 400;\">Fuentes de inteligencia explicaron que\u00a0\u00a0al menos <strong><b>2 mil ecuatorianos<\/b><\/strong>\u00a0en conflicto con la ley <strong><b>recibieron irregularmente documentaci\u00f3n <\/b><\/strong>como ciudadanos colombianos.<\/p>\n<p style=\"font-weight: 400;\">Esto no ocurri\u00f3. Finalmente, \u2018Fito\u2019 fue detenido el 25 de junio de 2025. Poco despu\u00e9s fue extraditado hacia Estados Unidos.<\/p>\n<h3 style=\"font-weight: 400; text-align: center;\"><strong>Petro se meti\u00f3 en la boca del lobo<\/strong><\/h3>\n<p style=\"font-weight: 400;\">Por esos d\u00edas Manta era el<strong>\u00a0epicentro de reuniones<\/strong> de distinta \u00edndole. Hacia fines de <strong>mayo de 2025<\/strong>, el <strong>tercero<\/strong>\u00a0en la <strong>l\u00ednea de mando<\/strong>\u00a0del grupo narcodelictivo, <strong>Francisco Manuel Berm\u00fadez Cagua<\/strong>\u00a0(\u2018<strong>Churr\u00f3n\u2019<\/strong>) se encontraba <strong>en<\/strong><strong>\u00a0esa ciudad.<\/strong><\/p>\n<figure id=\"attachment_11967\" aria-describedby=\"caption-attachment-11967\" style=\"width: 787px\" class=\"wp-caption aligncenter\"><img loading=\"lazy\" decoding=\"async\" class=\"wp-image-11967\" src=\"https:\/\/www.codigovidrio.com\/code\/wp-content\/uploads\/2026\/04\/FITO.jpg\" alt=\"\" width=\"797\" height=\"731\" srcset=\"https:\/\/www.codigovidrio.com\/code\/wp-content\/uploads\/2026\/04\/FITO.jpg 960w, https:\/\/www.codigovidrio.com\/code\/wp-content\/uploads\/2026\/04\/FITO-300x275.jpg 300w, https:\/\/www.codigovidrio.com\/code\/wp-content\/uploads\/2026\/04\/FITO-768x705.jpg 768w\" sizes=\"(max-width: 797px) 100vw, 797px\" \/><figcaption id=\"caption-attachment-11967\" class=\"wp-caption-text\"><strong>La visita de Petro a Manta ocurri\u00f3 en medio de una serie de operativos que Fuerzas Armadas y la Polic\u00eda realizaban en Manta y otras localidades de Manab\u00ed para capturar a Jos\u00e9 Adolfo Mac\u00edas, alias Fito, l\u00edder de Los Choneros. \u00c9l fue detenido pocas semanas despu\u00e9s de la estancia del presidente de Colombia en esa ciudad. Foto de archivo<\/strong><\/figcaption><\/figure>\n<p style=\"font-weight: 400;\">En esa ciudad se realizaban <strong>negociaciones clandestinas<\/strong>\u00a0para <strong>bajar de intensidad<\/strong>\u00a0la pugna entre \u2018<strong>Los Choneros<\/strong>\u2019 y \u2018<strong>Los Lobos<\/strong>\u2019. <strong>No progresaron<\/strong>.<\/p>\n<h3><strong><span style=\"color: #ff6600;\">Seg\u00fan fuentes de la Polic\u00eda, \u00a0Juan Fern\u00e1ndez Zapata, de 50 a\u00f1os, armador y capit\u00e1n de barcos pesqueros, estaba en la mira de \u2018Los Lobos\u2019. El hombre de mar, convertido en empresario de barcos, hab\u00eda sido relacionado con \u00a0Jorge Luis Zambrano, (\u2018Rasqui\u00f1a\u2019), por aparecer con \u00e9l en una imagen del pasado. Rasqui\u00f1a fue el l\u00edder indiscutible de \u2018Los Choneros\u2019 hasta su crimen en diciembre de 2020. El 2 de junio de 2025, cuando Fern\u00e1ndez Zapata, a quien familiarmente llamaban \u2018Capi Zapata\u2019 acud\u00eda al cementerio para despedirse de su padre, fue acribillado. Al d\u00eda siguiente deb\u00eda dejar el pa\u00eds, por amenazas. Seg\u00fan presumen fuentes de Inteligencia, \u00e9l habr\u00eda sido en alg\u00fan momento propietario de la residencia donde se aloj\u00f3 el mandatario colombiano, lo cual esta alianza period\u00edstica no pudo confirmar en los registros catastrales del Municipio de Manta. En ese cabildo <span style=\"caret-color: #ff6600;\">Los Choneros<\/span> tienen varios operadores en puestos claves desde hace muchos a\u00f1os. Seg\u00fan registros oficiales, Fern\u00e1ndez viv\u00eda en la exclusiva ciudadela Portal del Sol, en el lote 5 v\u00eda Barbasquillo, junto al hotel Howard Johnson.<\/span><\/strong><\/h3>\n<p style=\"font-weight: 400;\">A mediados de julio de 2025, <strong>Leonardo Briones Chiquito<\/strong>\u00a0(l\u00edder de <strong>\u2018Los Lobos\u2019<\/strong>\u00a0en Manta) fue <strong>acribillado<\/strong>\u00a0junto con <strong>su esposa<\/strong>.<\/p>\n<p style=\"font-weight: 400;\">Esa noche hubo un <strong>despliegue de pirotecnia; ataques violentos y una masacre en un club nocturno de Jaramij\u00f3.<\/strong><\/p>\n<p style=\"font-weight: 400;\"><strong>\u2018Churr\u00f3n\u2019<\/strong>\u00a0se mantuvo en la <strong>clandestinidad<\/strong>. Su identidad real (Francisco Manuel Berm\u00fadez Cagua) fue difundida el 11 de diciembre de 2025. El <strong>Gobierno de Estados Unidos<\/strong>\u00a0anunci\u00f3 que ofrec\u00eda una <strong>recompensa <\/strong>de <strong>5 millones de d\u00f3lares<\/strong>, por su captura. Actualmente se lo considera el <strong>tercero en la l\u00ednea <\/strong>de mando de \u2018Los Choneros\u2019. Se ubica despu\u00e9s de <strong>Dar\u00edo Javier Pe\u00f1afiel<\/strong>\u00a0(<strong>\u2018Topo\u2019<\/strong>) y de <strong>\u2018Fito\u2019<\/strong>. Topo fue detenido en septiembre de 2025, el 22 de abril de 2026, la Corte Nacional de Justicia autoriz\u00f3 su extradici\u00f3n hacia Estados Unidos.<\/p>\n<p style=\"font-weight: 400;\">Seg\u00fan fuentes militares y policiales, familiares de quienes eran cabezas de bandas locales, que han sido detenidos o han muerto desde el a\u00f1o pasado, ahora viven en Colombia, con otras identidades.<\/p>\n","protected":false},"excerpt":{"rendered":"<p>EXCLUSIVA. El presidente de Colombia, Gustavo Petro, no sali\u00f3 de la casa en Manta tres d\u00edas, pero recibi\u00f3 muchos invitados, entre el 24 y el 26 de mayo de 2025. Hubo farra. Sus visitantes ingresaban en autos con vidrios polarizados. A inicios de junio, un alto funcionario de la Canciller\u00eda colombiana se contact\u00f3 con un &#8230; <a title=\"As\u00ed fue la estad\u00eda secreta de Gustavo Petro en Manta: los detalles ocultos de la visita de 72 horas a la casa de Marina Blue\" class=\"read-more\" href=\"https:\/\/www.codigovidrio.com\/code\/asi-fue-la-estadia-secreta-de-gustavo-petro-en-manta-los-detalles-ocultos-de-la-visita-de-72-horas-a-la-casa-de-marina-blue\/\">leer m\u00e1s&#8230;<\/a><\/p>\n","protected":false},"author":2,"featured_media":11960,"comment_status":"open","ping_status":"closed","sticky":false,"template":"","format":"standard","meta":{"generate_page_header":"","footnotes":""},"categories":[211],"tags":[],"yoast_head":"<!-- This site is optimized with the Yoast SEO plugin v23.5 - https:\/\/yoast.com\/wordpress\/plugins\/seo\/ -->\n<title>As\u00ed fue la estad\u00eda secreta de Gustavo Petro en Manta: los detalles ocultos de la visita de 72 horas a la casa de Marina Blue - C\u00f3digo Vidrio<\/title>\n<meta name=\"robots\" content=\"index, follow, max-snippet:-1, max-image-preview:large, max-video-preview:-1\" \/>\n<link rel=\"canonical\" href=\"https:\/\/www.codigovidrio.com\/code\/asi-fue-la-estadia-secreta-de-gustavo-petro-en-manta-los-detalles-ocultos-de-la-visita-de-72-horas-a-la-casa-de-marina-blue\/\" \/>\n<meta property=\"og:locale\" content=\"es_ES\" \/>\n<meta property=\"og:type\" content=\"article\" \/>\n<meta property=\"og:title\" content=\"As\u00ed fue la estad\u00eda secreta de Gustavo Petro en Manta: los detalles ocultos de la visita de 72 horas a la casa de Marina Blue - C\u00f3digo Vidrio\" \/>\n<meta property=\"og:description\" content=\"EXCLUSIVA. El presidente de Colombia, Gustavo Petro, no sali\u00f3 de la casa en Manta tres d\u00edas, pero recibi\u00f3 muchos invitados, entre el 24 y el 26 de mayo de 2025. Hubo farra. Sus visitantes ingresaban en autos con vidrios polarizados. A inicios de junio, un alto funcionario de la Canciller\u00eda colombiana se contact\u00f3 con un ... leer m\u00e1s...\" \/>\n<meta property=\"og:url\" content=\"https:\/\/www.codigovidrio.com\/code\/asi-fue-la-estadia-secreta-de-gustavo-petro-en-manta-los-detalles-ocultos-de-la-visita-de-72-horas-a-la-casa-de-marina-blue\/\" \/>\n<meta property=\"og:site_name\" content=\"C\u00f3digo Vidrio\" \/>\n<meta property=\"article:published_time\" content=\"2026-04-26T15:00:37+00:00\" \/>\n<meta property=\"article:modified_time\" content=\"2026-04-27T04:10:31+00:00\" \/>\n<meta property=\"og:image\" content=\"https:\/\/www.codigovidrio.com\/code\/wp-content\/uploads\/2026\/04\/PORTADA-PETRO-1024x404.png\" \/>\n\t<meta property=\"og:image:width\" content=\"1024\" \/>\n\t<meta property=\"og:image:height\" content=\"404\" \/>\n\t<meta property=\"og:image:type\" content=\"image\/png\" \/>\n<meta name=\"author\" content=\"Codigo Vidrio Admin\" \/>\n<meta name=\"twitter:card\" content=\"summary_large_image\" \/>\n<meta name=\"twitter:label1\" content=\"Escrito por\" \/>\n\t<meta name=\"twitter:data1\" content=\"Codigo Vidrio Admin\" \/>\n\t<meta name=\"twitter:label2\" content=\"Tiempo de lectura\" \/>\n\t<meta name=\"twitter:data2\" content=\"14 minutos\" \/>\n<script type=\"application\/ld+json\" class=\"yoast-schema-graph\">{\"@context\":\"https:\/\/schema.org\",\"@graph\":[{\"@type\":\"Article\",\"@id\":\"https:\/\/www.codigovidrio.com\/code\/asi-fue-la-estadia-secreta-de-gustavo-petro-en-manta-los-detalles-ocultos-de-la-visita-de-72-horas-a-la-casa-de-marina-blue\/#article\",\"isPartOf\":{\"@id\":\"https:\/\/www.codigovidrio.com\/code\/asi-fue-la-estadia-secreta-de-gustavo-petro-en-manta-los-detalles-ocultos-de-la-visita-de-72-horas-a-la-casa-de-marina-blue\/\"},\"author\":{\"name\":\"Codigo Vidrio Admin\",\"@id\":\"https:\/\/www.codigovidrio.com\/code\/#\/schema\/person\/974bc7a5b889699d012b2343dc68fc6e\"},\"headline\":\"As\u00ed fue la estad\u00eda secreta de Gustavo Petro en Manta: los detalles ocultos de la visita de 72 horas a la casa de Marina Blue\",\"datePublished\":\"2026-04-26T15:00:37+00:00\",\"dateModified\":\"2026-04-27T04:10:31+00:00\",\"mainEntityOfPage\":{\"@id\":\"https:\/\/www.codigovidrio.com\/code\/asi-fue-la-estadia-secreta-de-gustavo-petro-en-manta-los-detalles-ocultos-de-la-visita-de-72-horas-a-la-casa-de-marina-blue\/\"},\"wordCount\":2720,\"commentCount\":0,\"publisher\":{\"@id\":\"https:\/\/www.codigovidrio.com\/code\/#organization\"},\"image\":{\"@id\":\"https:\/\/www.codigovidrio.com\/code\/asi-fue-la-estadia-secreta-de-gustavo-petro-en-manta-los-detalles-ocultos-de-la-visita-de-72-horas-a-la-casa-de-marina-blue\/#primaryimage\"},\"thumbnailUrl\":\"https:\/\/www.codigovidrio.com\/code\/wp-content\/uploads\/2026\/04\/PORTADA-PETRO.png\",\"articleSection\":[\"Especiales\"],\"inLanguage\":\"es\",\"potentialAction\":[{\"@type\":\"CommentAction\",\"name\":\"Comment\",\"target\":[\"https:\/\/www.codigovidrio.com\/code\/asi-fue-la-estadia-secreta-de-gustavo-petro-en-manta-los-detalles-ocultos-de-la-visita-de-72-horas-a-la-casa-de-marina-blue\/#respond\"]}]},{\"@type\":\"WebPage\",\"@id\":\"https:\/\/www.codigovidrio.com\/code\/asi-fue-la-estadia-secreta-de-gustavo-petro-en-manta-los-detalles-ocultos-de-la-visita-de-72-horas-a-la-casa-de-marina-blue\/\",\"url\":\"https:\/\/www.codigovidrio.com\/code\/asi-fue-la-estadia-secreta-de-gustavo-petro-en-manta-los-detalles-ocultos-de-la-visita-de-72-horas-a-la-casa-de-marina-blue\/\",\"name\":\"As\u00ed fue la estad\u00eda secreta de Gustavo Petro en Manta: los detalles ocultos de la visita de 72 horas a la casa de Marina Blue - C\u00f3digo Vidrio\",\"isPartOf\":{\"@id\":\"https:\/\/www.codigovidrio.com\/code\/#website\"},\"primaryImageOfPage\":{\"@id\":\"https:\/\/www.codigovidrio.com\/code\/asi-fue-la-estadia-secreta-de-gustavo-petro-en-manta-los-detalles-ocultos-de-la-visita-de-72-horas-a-la-casa-de-marina-blue\/#primaryimage\"},\"image\":{\"@id\":\"https:\/\/www.codigovidrio.com\/code\/asi-fue-la-estadia-secreta-de-gustavo-petro-en-manta-los-detalles-ocultos-de-la-visita-de-72-horas-a-la-casa-de-marina-blue\/#primaryimage\"},\"thumbnailUrl\":\"https:\/\/www.codigovidrio.com\/code\/wp-content\/uploads\/2026\/04\/PORTADA-PETRO.png\",\"datePublished\":\"2026-04-26T15:00:37+00:00\",\"dateModified\":\"2026-04-27T04:10:31+00:00\",\"breadcrumb\":{\"@id\":\"https:\/\/www.codigovidrio.com\/code\/asi-fue-la-estadia-secreta-de-gustavo-petro-en-manta-los-detalles-ocultos-de-la-visita-de-72-horas-a-la-casa-de-marina-blue\/#breadcrumb\"},\"inLanguage\":\"es\",\"potentialAction\":[{\"@type\":\"ReadAction\",\"target\":[\"https:\/\/www.codigovidrio.com\/code\/asi-fue-la-estadia-secreta-de-gustavo-petro-en-manta-los-detalles-ocultos-de-la-visita-de-72-horas-a-la-casa-de-marina-blue\/\"]}]},{\"@type\":\"ImageObject\",\"inLanguage\":\"es\",\"@id\":\"https:\/\/www.codigovidrio.com\/code\/asi-fue-la-estadia-secreta-de-gustavo-petro-en-manta-los-detalles-ocultos-de-la-visita-de-72-horas-a-la-casa-de-marina-blue\/#primaryimage\",\"url\":\"https:\/\/www.codigovidrio.com\/code\/wp-content\/uploads\/2026\/04\/PORTADA-PETRO.png\",\"contentUrl\":\"https:\/\/www.codigovidrio.com\/code\/wp-content\/uploads\/2026\/04\/PORTADA-PETRO.png\",\"width\":1711,\"height\":675},{\"@type\":\"BreadcrumbList\",\"@id\":\"https:\/\/www.codigovidrio.com\/code\/asi-fue-la-estadia-secreta-de-gustavo-petro-en-manta-los-detalles-ocultos-de-la-visita-de-72-horas-a-la-casa-de-marina-blue\/#breadcrumb\",\"itemListElement\":[{\"@type\":\"ListItem\",\"position\":1,\"name\":\"Portada\",\"item\":\"https:\/\/www.codigovidrio.com\/code\/\"},{\"@type\":\"ListItem\",\"position\":2,\"name\":\"As\u00ed fue la estad\u00eda secreta de Gustavo Petro en Manta: los detalles ocultos de la visita de 72 horas a la casa de Marina Blue\"}]},{\"@type\":\"WebSite\",\"@id\":\"https:\/\/www.codigovidrio.com\/code\/#website\",\"url\":\"https:\/\/www.codigovidrio.com\/code\/\",\"name\":\"C\u00f3digo Vidrio\",\"description\":\"Transparentamos las historias ocultas\",\"publisher\":{\"@id\":\"https:\/\/www.codigovidrio.com\/code\/#organization\"},\"potentialAction\":[{\"@type\":\"SearchAction\",\"target\":{\"@type\":\"EntryPoint\",\"urlTemplate\":\"https:\/\/www.codigovidrio.com\/code\/?s={search_term_string}\"},\"query-input\":{\"@type\":\"PropertyValueSpecification\",\"valueRequired\":true,\"valueName\":\"search_term_string\"}}],\"inLanguage\":\"es\"},{\"@type\":\"Organization\",\"@id\":\"https:\/\/www.codigovidrio.com\/code\/#organization\",\"name\":\"C\u00f3digo Vidrio\",\"url\":\"https:\/\/www.codigovidrio.com\/code\/\",\"logo\":{\"@type\":\"ImageObject\",\"inLanguage\":\"es\",\"@id\":\"https:\/\/www.codigovidrio.com\/code\/#\/schema\/logo\/image\/\",\"url\":\"https:\/\/www.codigovidrio.com\/code\/wp-content\/uploads\/2022\/01\/logo-horiz-08.png\",\"contentUrl\":\"https:\/\/www.codigovidrio.com\/code\/wp-content\/uploads\/2022\/01\/logo-horiz-08.png\",\"width\":817,\"height\":294,\"caption\":\"C\u00f3digo Vidrio\"},\"image\":{\"@id\":\"https:\/\/www.codigovidrio.com\/code\/#\/schema\/logo\/image\/\"}},{\"@type\":\"Person\",\"@id\":\"https:\/\/www.codigovidrio.com\/code\/#\/schema\/person\/974bc7a5b889699d012b2343dc68fc6e\",\"name\":\"Codigo Vidrio Admin\",\"url\":\"https:\/\/www.codigovidrio.com\/code\/author\/vidrio-admin\/\"}]}<\/script>\n<!-- \/ Yoast SEO plugin. -->","yoast_head_json":{"title":"As\u00ed fue la estad\u00eda secreta de Gustavo Petro en Manta: los detalles ocultos de la visita de 72 horas a la casa de Marina Blue - C\u00f3digo Vidrio","robots":{"index":"index","follow":"follow","max-snippet":"max-snippet:-1","max-image-preview":"max-image-preview:large","max-video-preview":"max-video-preview:-1"},"canonical":"https:\/\/www.codigovidrio.com\/code\/asi-fue-la-estadia-secreta-de-gustavo-petro-en-manta-los-detalles-ocultos-de-la-visita-de-72-horas-a-la-casa-de-marina-blue\/","og_locale":"es_ES","og_type":"article","og_title":"As\u00ed fue la estad\u00eda secreta de Gustavo Petro en Manta: los detalles ocultos de la visita de 72 horas a la casa de Marina Blue - C\u00f3digo Vidrio","og_description":"EXCLUSIVA. El presidente de Colombia, Gustavo Petro, no sali\u00f3 de la casa en Manta tres d\u00edas, pero recibi\u00f3 muchos invitados, entre el 24 y el 26 de mayo de 2025. Hubo farra. Sus visitantes ingresaban en autos con vidrios polarizados. A inicios de junio, un alto funcionario de la Canciller\u00eda colombiana se contact\u00f3 con un ... leer m\u00e1s...","og_url":"https:\/\/www.codigovidrio.com\/code\/asi-fue-la-estadia-secreta-de-gustavo-petro-en-manta-los-detalles-ocultos-de-la-visita-de-72-horas-a-la-casa-de-marina-blue\/","og_site_name":"C\u00f3digo Vidrio","article_published_time":"2026-04-26T15:00:37+00:00","article_modified_time":"2026-04-27T04:10:31+00:00","og_image":[{"width":1024,"height":404,"url":"https:\/\/www.codigovidrio.com\/code\/wp-content\/uploads\/2026\/04\/PORTADA-PETRO-1024x404.png","type":"image\/png"}],"author":"Codigo Vidrio Admin","twitter_card":"summary_large_image","twitter_misc":{"Escrito por":"Codigo Vidrio Admin","Tiempo de lectura":"14 minutos"},"schema":{"@context":"https:\/\/schema.org","@graph":[{"@type":"Article","@id":"https:\/\/www.codigovidrio.com\/code\/asi-fue-la-estadia-secreta-de-gustavo-petro-en-manta-los-detalles-ocultos-de-la-visita-de-72-horas-a-la-casa-de-marina-blue\/#article","isPartOf":{"@id":"https:\/\/www.codigovidrio.com\/code\/asi-fue-la-estadia-secreta-de-gustavo-petro-en-manta-los-detalles-ocultos-de-la-visita-de-72-horas-a-la-casa-de-marina-blue\/"},"author":{"name":"Codigo Vidrio Admin","@id":"https:\/\/www.codigovidrio.com\/code\/#\/schema\/person\/974bc7a5b889699d012b2343dc68fc6e"},"headline":"As\u00ed fue la estad\u00eda secreta de Gustavo Petro en Manta: los detalles ocultos de la visita de 72 horas a la casa de Marina Blue","datePublished":"2026-04-26T15:00:37+00:00","dateModified":"2026-04-27T04:10:31+00:00","mainEntityOfPage":{"@id":"https:\/\/www.codigovidrio.com\/code\/asi-fue-la-estadia-secreta-de-gustavo-petro-en-manta-los-detalles-ocultos-de-la-visita-de-72-horas-a-la-casa-de-marina-blue\/"},"wordCount":2720,"commentCount":0,"publisher":{"@id":"https:\/\/www.codigovidrio.com\/code\/#organization"},"image":{"@id":"https:\/\/www.codigovidrio.com\/code\/asi-fue-la-estadia-secreta-de-gustavo-petro-en-manta-los-detalles-ocultos-de-la-visita-de-72-horas-a-la-casa-de-marina-blue\/#primaryimage"},"thumbnailUrl":"https:\/\/www.codigovidrio.com\/code\/wp-content\/uploads\/2026\/04\/PORTADA-PETRO.png","articleSection":["Especiales"],"inLanguage":"es","potentialAction":[{"@type":"CommentAction","name":"Comment","target":["https:\/\/www.codigovidrio.com\/code\/asi-fue-la-estadia-secreta-de-gustavo-petro-en-manta-los-detalles-ocultos-de-la-visita-de-72-horas-a-la-casa-de-marina-blue\/#respond"]}]},{"@type":"WebPage","@id":"https:\/\/www.codigovidrio.com\/code\/asi-fue-la-estadia-secreta-de-gustavo-petro-en-manta-los-detalles-ocultos-de-la-visita-de-72-horas-a-la-casa-de-marina-blue\/","url":"https:\/\/www.codigovidrio.com\/code\/asi-fue-la-estadia-secreta-de-gustavo-petro-en-manta-los-detalles-ocultos-de-la-visita-de-72-horas-a-la-casa-de-marina-blue\/","name":"As\u00ed fue la estad\u00eda secreta de Gustavo Petro en Manta: los detalles ocultos de la visita de 72 horas a la casa de Marina Blue - C\u00f3digo Vidrio","isPartOf":{"@id":"https:\/\/www.codigovidrio.com\/code\/#website"},"primaryImageOfPage":{"@id":"https:\/\/www.codigovidrio.com\/code\/asi-fue-la-estadia-secreta-de-gustavo-petro-en-manta-los-detalles-ocultos-de-la-visita-de-72-horas-a-la-casa-de-marina-blue\/#primaryimage"},"image":{"@id":"https:\/\/www.codigovidrio.com\/code\/asi-fue-la-estadia-secreta-de-gustavo-petro-en-manta-los-detalles-ocultos-de-la-visita-de-72-horas-a-la-casa-de-marina-blue\/#primaryimage"},"thumbnailUrl":"https:\/\/www.codigovidrio.com\/code\/wp-content\/uploads\/2026\/04\/PORTADA-PETRO.png","datePublished":"2026-04-26T15:00:37+00:00","dateModified":"2026-04-27T04:10:31+00:00","breadcrumb":{"@id":"https:\/\/www.codigovidrio.com\/code\/asi-fue-la-estadia-secreta-de-gustavo-petro-en-manta-los-detalles-ocultos-de-la-visita-de-72-horas-a-la-casa-de-marina-blue\/#breadcrumb"},"inLanguage":"es","potentialAction":[{"@type":"ReadAction","target":["https:\/\/www.codigovidrio.com\/code\/asi-fue-la-estadia-secreta-de-gustavo-petro-en-manta-los-detalles-ocultos-de-la-visita-de-72-horas-a-la-casa-de-marina-blue\/"]}]},{"@type":"ImageObject","inLanguage":"es","@id":"https:\/\/www.codigovidrio.com\/code\/asi-fue-la-estadia-secreta-de-gustavo-petro-en-manta-los-detalles-ocultos-de-la-visita-de-72-horas-a-la-casa-de-marina-blue\/#primaryimage","url":"https:\/\/www.codigovidrio.com\/code\/wp-content\/uploads\/2026\/04\/PORTADA-PETRO.png","contentUrl":"https:\/\/www.codigovidrio.com\/code\/wp-content\/uploads\/2026\/04\/PORTADA-PETRO.png","width":1711,"height":675},{"@type":"BreadcrumbList","@id":"https:\/\/www.codigovidrio.com\/code\/asi-fue-la-estadia-secreta-de-gustavo-petro-en-manta-los-detalles-ocultos-de-la-visita-de-72-horas-a-la-casa-de-marina-blue\/#breadcrumb","itemListElement":[{"@type":"ListItem","position":1,"name":"Portada","item":"https:\/\/www.codigovidrio.com\/code\/"},{"@type":"ListItem","position":2,"name":"As\u00ed fue la estad\u00eda secreta de Gustavo Petro en Manta: los detalles ocultos de la visita de 72 horas a la casa de Marina Blue"}]},{"@type":"WebSite","@id":"https:\/\/www.codigovidrio.com\/code\/#website","url":"https:\/\/www.codigovidrio.com\/code\/","name":"C\u00f3digo Vidrio","description":"Transparentamos las historias ocultas","publisher":{"@id":"https:\/\/www.codigovidrio.com\/code\/#organization"},"potentialAction":[{"@type":"SearchAction","target":{"@type":"EntryPoint","urlTemplate":"https:\/\/www.codigovidrio.com\/code\/?s={search_term_string}"},"query-input":{"@type":"PropertyValueSpecification","valueRequired":true,"valueName":"search_term_string"}}],"inLanguage":"es"},{"@type":"Organization","@id":"https:\/\/www.codigovidrio.com\/code\/#organization","name":"C\u00f3digo Vidrio","url":"https:\/\/www.codigovidrio.com\/code\/","logo":{"@type":"ImageObject","inLanguage":"es","@id":"https:\/\/www.codigovidrio.com\/code\/#\/schema\/logo\/image\/","url":"https:\/\/www.codigovidrio.com\/code\/wp-content\/uploads\/2022\/01\/logo-horiz-08.png","contentUrl":"https:\/\/www.codigovidrio.com\/code\/wp-content\/uploads\/2022\/01\/logo-horiz-08.png","width":817,"height":294,"caption":"C\u00f3digo Vidrio"},"image":{"@id":"https:\/\/www.codigovidrio.com\/code\/#\/schema\/logo\/image\/"}},{"@type":"Person","@id":"https:\/\/www.codigovidrio.com\/code\/#\/schema\/person\/974bc7a5b889699d012b2343dc68fc6e","name":"Codigo Vidrio Admin","url":"https:\/\/www.codigovidrio.com\/code\/author\/vidrio-admin\/"}]}},"_links":{"self":[{"href":"https:\/\/www.codigovidrio.com\/code\/wp-json\/wp\/v2\/posts\/11957"}],"collection":[{"href":"https:\/\/www.codigovidrio.com\/code\/wp-json\/wp\/v2\/posts"}],"about":[{"href":"https:\/\/www.codigovidrio.com\/code\/wp-json\/wp\/v2\/types\/post"}],"author":[{"embeddable":true,"href":"https:\/\/www.codigovidrio.com\/code\/wp-json\/wp\/v2\/users\/2"}],"replies":[{"embeddable":true,"href":"https:\/\/www.codigovidrio.com\/code\/wp-json\/wp\/v2\/comments?post=11957"}],"version-history":[{"count":23,"href":"https:\/\/www.codigovidrio.com\/code\/wp-json\/wp\/v2\/posts\/11957\/revisions"}],"predecessor-version":[{"id":11972,"href":"https:\/\/www.codigovidrio.com\/code\/wp-json\/wp\/v2\/posts\/11957\/revisions\/11972"}],"wp:featuredmedia":[{"embeddable":true,"href":"https:\/\/www.codigovidrio.com\/code\/wp-json\/wp\/v2\/media\/11960"}],"wp:attachment":[{"href":"https:\/\/www.codigovidrio.com\/code\/wp-json\/wp\/v2\/media?parent=11957"}],"wp:term":[{"taxonomy":"category","embeddable":true,"href":"https:\/\/www.codigovidrio.com\/code\/wp-json\/wp\/v2\/categories?post=11957"},{"taxonomy":"post_tag","embeddable":true,"href":"https:\/\/www.codigovidrio.com\/code\/wp-json\/wp\/v2\/tags?post=11957"}],"curies":[{"name":"wp","href":"https:\/\/api.w.org\/{rel}","templated":true}]}}