{"id":11853,"date":"2026-03-26T14:31:40","date_gmt":"2026-03-26T19:31:40","guid":{"rendered":"https:\/\/www.codigovidrio.com\/code\/?p=11853"},"modified":"2026-03-26T14:37:49","modified_gmt":"2026-03-26T19:37:49","slug":"ocho-anos-despues-el-secuestro-y-asesinato-de-javier-ortega-paul-rivas-y-efrain-segarra-siguen-en-la-impunidad","status":"publish","type":"post","link":"https:\/\/www.codigovidrio.com\/code\/ocho-anos-despues-el-secuestro-y-asesinato-de-javier-ortega-paul-rivas-y-efrain-segarra-siguen-en-la-impunidad\/","title":{"rendered":"Ocho a\u00f1os despu\u00e9s, el secuestro y asesinato de Javier Ortega, Pa\u00fal Rivas y Efra\u00edn Segarra\u00a0siguen en la impunidad  \u00a0\u00a0"},"content":{"rendered":"<h3><strong><span style=\"color: #ff6600;\">Este 26 de marzo de 2026 se cumplen ocho a\u00f1os del secuestro de Javier Ortega, Pa\u00fal Rivas y Efra\u00edn Segarra, del equipo period\u00edstico de diario El Comercio, ocurrido en Mataje, Esmeraldas. Pese al tiempo transcurrido el caso sigue irresuelto, en la impunidad. Pero tiene importantes matices y diferencias en la forma en que las fiscal\u00edas de Ecuador y Colombia conducen la investigaci\u00f3n. Mientras en Colombia la Fiscal\u00eda ha avanzado con la detenci\u00f3n de cuatro involucrados por su participaci\u00f3n presunta en el asesinato de los trabajadores del diario, en Ecuador el caso est\u00e1 congelado, sigue en indagaci\u00f3n previa. <\/span><\/strong><\/h3>\n<p style=\"font-weight: 400;\"><strong>Por Mar\u00eda Bel\u00e9n Arroyo y Arturo Torres<\/strong><\/p>\n<p style=\"font-weight: 400;\">El 26 de marzo de 2018 <strong>tres miembros del equipo period\u00edstico de Diario El Comercio fueron secuestrados<\/strong>, cuando realizaban una cobertura sobre un inusitado estallido\u00a0de violencia en el norte de Esmeraldas. <strong>Javier Ortega, Pa\u00fal Rivas y Efra\u00edn Segarra no volvieron con vida<\/strong>. Hoy precisamente se cumplen ocho a\u00f1os de ese episodio, que marc\u00f3 un antes y un despu\u00e9s en el periodismo ecuatoriano y destap\u00f3, por primera vez, la magnitud de la penetraci\u00f3n acelerada del narcotr\u00e1fico en Esmeraldas, as\u00ed como la contaminaci\u00f3n de agentes estatales, lo cual los siguientes a\u00f1os se extendi\u00f3 a otras provincias del pa\u00eds, en medio de la inoperancia de los gobiernos de turno para frenarlo.<\/p>\n<p style=\"font-weight: 400;\">Al cumplirse ocho a\u00f1os de ese tr\u00e1gico episodio, el secuestro y el asesinato siguen en la impunidad; el caso sigue irresuelto, aunque con importantes matices y diferencias en la forma en que las fiscal\u00edas de Colombia y Ecuador conducen la investigaci\u00f3n. Mientras en Colombia la Fiscal\u00eda ha avanzado con la detenci\u00f3n de cuatro involucrados por su participaci\u00f3n presunta en el asesinato de los trabajadores del diario, en Ecuador el caso est\u00e1 congelado, sigue en indagaci\u00f3n previa. No hay ning\u00fan avance significativo para esclarecer las causas y responsables del secuestro, ocurrido en el poblado fronterizo de Mataje, en Esmeraldas, seg\u00fan Ricardo Rivas, parte de los familiares de las v\u00edctimas. La Fiscal\u00eda tampoco ha investigado la probable responsabilidad de agentes y autoridades estatales, como recomend\u00f3 un equipo especial de la Comisi\u00f3n Interamericana de Derechos Humanos, en vista de la serie de contradicciones que salieron a la luz sobre la fallida negociaci\u00f3n para liberar a los comunicadores. Las causas posibles de la ejecuci\u00f3n del equipo period\u00edstico y los detalles del cautiverio, as\u00ed como las actuaciones de varios funcionarios gubernamentales de diferentes organismos fueron detalladas en el libro <em><strong>Rehenes, \u00bfPor qu\u00e9 murieron los periodistas de El Comercio?, <\/strong><\/em>una investigaci\u00f3n de Mar\u00eda Bel\u00e9n Arroyo y Arturo Torres.<\/p>\n<p style=\"font-weight: 400;\">Aunque la Corte Constitucional dispuso la desclasificaci\u00f3n de las actas que registran las decisiones que tom\u00f3 el Consejo de Seguridad P\u00fablica del Estado (Cosepe), liderado por el entonces presidente Lenin Moreno, sobre la negociaci\u00f3n, los documentos fueron entregados a los familiares mutilados, incompletos y con vac\u00edos. Por ese motivo los parientes de Javier, Pa\u00fal y Efra\u00edn pidieron que la Corte haga un seguimiento al cumplimiento adecuado de la desclasificaci\u00f3n y la entrega de todo el material sin posibles adulteraciones, que a\u00fan no ha sido respondido.<\/p>\n<figure id=\"attachment_1706\" aria-describedby=\"caption-attachment-1706\" style=\"width: 1270px\" class=\"wp-caption alignleft\"><img fetchpriority=\"high\" decoding=\"async\" class=\"wp-image-1706 size-full\" src=\"https:\/\/www.codigovidrio.com\/code\/wp-content\/uploads\/2019\/07\/31-Los-tres-encadenados.jpg\" alt=\"\" width=\"1280\" height=\"960\" srcset=\"https:\/\/www.codigovidrio.com\/code\/wp-content\/uploads\/2019\/07\/31-Los-tres-encadenados.jpg 1280w, https:\/\/www.codigovidrio.com\/code\/wp-content\/uploads\/2019\/07\/31-Los-tres-encadenados-300x225.jpg 300w, https:\/\/www.codigovidrio.com\/code\/wp-content\/uploads\/2019\/07\/31-Los-tres-encadenados-768x576.jpg 768w, https:\/\/www.codigovidrio.com\/code\/wp-content\/uploads\/2019\/07\/31-Los-tres-encadenados-1024x768.jpg 1024w\" sizes=\"(max-width: 1280px) 100vw, 1280px\" \/><figcaption id=\"caption-attachment-1706\" class=\"wp-caption-text\"><strong>Alrededor de dos semanas estuvieren cautivos Pa\u00fal, Javier y Efra\u00edn en poder de disidentes de las FARC, hasta su asesimato la primera semana de abril del 2018. Foto de archivo<\/strong><\/figcaption><\/figure>\n<h3 style=\"font-weight: 400; text-align: center;\"><strong>El riesgo para los periodistas aument\u00f3\u00a0<\/strong><\/h3>\n<p style=\"font-weight: 400;\">El riesgo para el ejercicio del periodismo aument\u00f3 en el pa\u00eds. Desde 2005 se contabilizan <strong>14 periodistas asesinados<\/strong>; la mayor\u00eda en los dos \u00faltimos a\u00f1os.<\/p>\n<p style=\"font-weight: 400;\">El periodismo sufre el embate del crimen organizado en Ecuador. \u201cLos periodistas est\u00e1n en medio de un fuego cruzado, en el que no se sabe de d\u00f3nde vienen las balas\u201d, afirm\u00f3 a <strong>medios Artur Romeu<\/strong>, director para <strong>Am\u00e9rica Latina de Reporteros sin Fronteras<\/strong>. \u00c9l visit\u00f3 el pa\u00eds a mediados de marzo de este a\u00f1o. En su gira comprob\u00f3 los riesgos que entra\u00f1a el ejercicio del periodismo en Ecuador. Uno de ellos es que el periodismo es uno de los blancos del crimen organizado transnacional.<\/p>\n<p style=\"font-weight: 400;\">Reconoci\u00f3 en un di\u00e1logo con periodistas de medios nacionales que el <strong><b>punto de quiebre<\/b><\/strong>\u00a0lo marc\u00f3 el secuestro y crimen de los miembros del equipo period\u00edstico de <strong>Diario El Comercio<\/strong>. Desde Quito viajaron hacia Esmeraldas para cubrir los hechos de violencia desatados a <strong><b>inicios de 2018<\/b><\/strong>. No regresaron.<\/p>\n<p style=\"font-weight: 400;\">La violencia se <strong>multiplic\u00f3 en el pa\u00eds p<\/strong>or varios factores. \u201cFuimos ingenuos al no entender el problema en la <strong>dimensi\u00f3n <\/strong>en la que ven\u00eda\u201d, explica la catedr\u00e1tica <strong>Saudia Levoyer<\/strong>, quien es directora del doctorado de Comunicaci\u00f3n de la Universidad Andina Sim\u00f3n Bol\u00edvar.<\/p>\n<p style=\"font-weight: 400;\">\u201cEl mundo de la criminalidad es <strong>altamente cambiante<\/strong>. Pensemos lo que ocurri\u00f3 cuando en Colombia se firm\u00f3 <strong>la paz entre las Fuerzas Armadas Revolucionarias<\/strong>\u00a0(FARC) y el <strong>Gobierno<\/strong>, en 2016. Aparecieron las disidencias que siguieron operando en el tr\u00e1fico de coca\u00edna\u201d.<\/p>\n<h3 style=\"font-weight: 400; text-align: center;\"><strong>Guacho era ecuatoriano<\/strong><\/h3>\n<p style=\"font-weight: 400;\">Una de esas disidencias es el <strong>Frente Oliver Sinisterra<\/strong>, liderado por un ecuatoriano, Walther Patricio Arizala, <strong>\u2018Guacho\u2019<\/strong>. \u00c9l hab\u00eda nacido en Esmeraldas. A los <strong>15 a\u00f1os<\/strong>\u00a0se enrol\u00f3 en las <strong>filas de las FARC<\/strong>. Luego, pas\u00f3 a dirigir esa disidencia, dedicada al transporte de coca\u00edna por la frontera entre Colombia y Ecuador. Y al env\u00edo de la droga por <strong>narcosumergibles <\/strong>desde las costas de Esmeraldas.<\/p>\n<p style=\"font-weight: 400;\">\u201cSe dio la paz y el debate p\u00fablico cuestionaba qu\u00e9 iba a pasar con la gente que no se iba a desmovilizar. <strong>Pero hubo ciegos y sordos<\/strong>, cuando sab\u00edamos que frente a la zona de Sucumb\u00edos limit\u00e1bamos con el frente 48, de las FARC, vinculado al narcotr\u00e1fico\u201d, advierte Levoyer. Frente a Esmeraldas hay extensas superficies de cultivo de hoja de coca y laboratorios para producir coca\u00edna.<\/p>\n<p style=\"font-weight: 400;\">Por el lado colombiano se encuentra el distrito de <strong><b>Tumaco<\/b><\/strong>, en el departamento de <strong><b>Nari\u00f1o<\/b><\/strong>.<\/p>\n<p style=\"font-weight: 400;\">Seg\u00fan la investigadora, como pa\u00eds \u201cNo logramos visibilizar la magnitud del problema hasta que se produjo <strong>la explosi\u00f3n del coche bomba<\/strong>\u00a0en la estaci\u00f3n de polic\u00eda en <strong>San Lorenzo<\/strong>, a fines de enero de 2018. \u00c9se es el hito que debi\u00f3 hacer al pa\u00eds reaccionar, por lo que ocurri\u00f3 despu\u00e9s, que incluye las muertes de periodistas que fueron a reportear en la zona\u201d.<\/p>\n<figure id=\"attachment_11856\" aria-describedby=\"caption-attachment-11856\" style=\"width: 4022px\" class=\"wp-caption alignleft\"><a href=\"https:\/\/www.codigovidrio.com\/code\/wp-content\/uploads\/2026\/03\/IMG_0933.heic\"><img decoding=\"async\" class=\"wp-image-11856 size-full\" src=\"https:\/\/www.codigovidrio.com\/code\/wp-content\/uploads\/2026\/03\/IMG_0933.heic\" alt=\"\" width=\"4032\" height=\"3024\" \/><\/a><figcaption id=\"caption-attachment-11856\" class=\"wp-caption-text\"><strong>Por este lugar, en Mataje, se presume que fueron trasladados desde Ecuador a Colombia, los tres miembros del equipo de El Comercio. Foto de archivo <\/strong><\/figcaption><\/figure>\n<h3 style=\"font-weight: 400; text-align: center;\"><strong>C\u00f3mo ocurri\u00f3 el secuestro<\/strong><\/h3>\n<p style=\"font-weight: 400;\"><strong>\u00a0<\/strong>El equipo de El Comercio pas\u00f3 a <strong>las 09h03 del 26 de marzo de 2018<\/strong>\u00a0por el destacamento de la Marina. Ten\u00eda la <strong>autorizaci\u00f3n del comandante<\/strong>\u00a0a cargo del <strong>mando unificado<\/strong>\u00a0que era responsable del control de los dos cantones conflictivos de Esmeraldas: <strong>San Lorenzo y Eloy Alfar<\/strong>o.<\/p>\n<p style=\"font-weight: 400;\">Minutos despu\u00e9s, Javier Ortega, Pa\u00fal Rivas y Efra\u00edn Segarra, los miembros del equipo period\u00edstico de Diario El Comercio, llegaron a <strong>Mataje Nuevo<\/strong>, que estaba semidesierto. Mientras se dirig\u00edan a <strong>Mataje Viejo<\/strong>\u00a0fueron interceptados por <strong>tres ecuatorianos<\/strong>\u00a0que les apuntaron con armas de fuego y les obligaron a bajarse de la camioneta.<\/p>\n<p style=\"font-weight: 400;\">\u2018Guacho\u2019 (Walther Arizala Vernaza) hab\u00eda ordenado <strong>matar a \u201ccualquier equipo de periodistas, vendedores ambulantes o investigadores\u201d q<\/strong>ue aparecieran por ese sector. Y hab\u00eda advertido a un <strong>mayor de la polic\u00ed<\/strong>a, con quien <strong>manten\u00eda mensajes de chat<\/strong>, que asesinar\u00eda a civiles extra\u00f1os si llegaran a esa zona de Esmeraldas.<\/p>\n<p style=\"font-weight: 400;\">El <strong>mayor de polic\u00eda <\/strong>intercambiaba mensajes con colaboradores del frente Oliver Sinisterra (FOS) desde enero de 2018. \u00c9l estaba al tanto de la gravedad de las amenazas contra civiles y uniformados.<\/p>\n<p style=\"font-weight: 400;\">La explosi\u00f3n de un coche bomba frente al cuartel de polic\u00eda de San Lorenzo, en la provincia de Esmeraldas, a fines de enero, hab\u00eda sido una advertencia.<\/p>\n<p style=\"font-weight: 400;\">Sin embargo, el mando \u00fanico que estaba al frente de la seguridad en la zona asegur\u00f3 que <strong>no conoc\u00eda<\/strong>\u00a0sobre los <strong>mensajes amenazantes<\/strong>. Por eso autoriz\u00f3 al equipo period\u00edstico de Diario El Comercio a ingresar en la zona de Mataje, ese 26 de marzo de 2018. D\u00edas antes un <strong>artefacto explosivo<\/strong>\u00a0hab\u00eda detonado frente a un <strong>grupo de infantes de Marina<\/strong>\u00a0que recorr\u00edan la zona, dejando <strong>una docena de muertos y heridos.<\/strong><\/p>\n<p style=\"font-weight: 400;\">Los medios nacionales buscaban documentar las razones de la violencia en esa provincia. A\u00fan se desconoc\u00eda que el <strong>12 de enero de 2018, en Mataje<\/strong>, tres hombres fueron detenidos, con cargos de tenencia de armas y explosivos. <strong>Patrocinio Cort\u00e9s (Cuco), Diego Tob\u00f3n y James Cuajiboy<\/strong>\u00a0eran hombres de confianza de \u2018Guacho\u2019. \u00c9l exig\u00eda su liberaci\u00f3n. Por eso, el grupo armado deton\u00f3 el coche bomba dos semanas despu\u00e9s, frente al cuartel de la polic\u00eda de San Lorenzo. Era una represalia.<\/p>\n<h3 style=\"font-weight: 400; text-align: center;\"><strong>Los chats entre un polic\u00eda y Guacho<\/strong><\/h3>\n<figure id=\"attachment_11858\" aria-describedby=\"caption-attachment-11858\" style=\"width: 1665px\" class=\"wp-caption alignleft\"><img decoding=\"async\" class=\"wp-image-11858 size-full\" src=\"https:\/\/www.codigovidrio.com\/code\/wp-content\/uploads\/2026\/03\/IMG_1173.jpg\" alt=\"\" width=\"1675\" height=\"960\" srcset=\"https:\/\/www.codigovidrio.com\/code\/wp-content\/uploads\/2026\/03\/IMG_1173.jpg 1675w, https:\/\/www.codigovidrio.com\/code\/wp-content\/uploads\/2026\/03\/IMG_1173-300x172.jpg 300w, https:\/\/www.codigovidrio.com\/code\/wp-content\/uploads\/2026\/03\/IMG_1173-1024x587.jpg 1024w, https:\/\/www.codigovidrio.com\/code\/wp-content\/uploads\/2026\/03\/IMG_1173-768x440.jpg 768w, https:\/\/www.codigovidrio.com\/code\/wp-content\/uploads\/2026\/03\/IMG_1173-1536x880.jpg 1536w\" sizes=\"(max-width: 1675px) 100vw, 1675px\" \/><figcaption id=\"caption-attachment-11858\" class=\"wp-caption-text\"><strong>En la parte izquierda se observa la casa de la familia de Guacho, en Mataje, que orden\u00f3 el secuestro del equipo period\u00edstico. Foto C\u00f3digo Vidrio<\/strong><\/figcaption><\/figure>\n<p style=\"font-weight: 400;\"><strong>\u00a0<\/strong>El <strong>oficial de la polic\u00eda <\/strong>mantuvo varios contactos con <strong>el integrante del frente Oliver Sinisterr<\/strong>a, desde ese mes de enero.<\/p>\n<p style=\"font-weight: 400;\">-\u201cLa guerra es al frente, es contra Colombia y pa\u2019 <strong>qu\u00e9 se meten con nosotros<\/strong>\u00a0ustedes\u2026 Inf\u00f3rmale eso a tu comandante, inf\u00f3rmale eso a tu presidente. Y no se metan con la gente de <strong>nosotros porque les va a llover bala y bomba<\/strong>\u201d, seg\u00fan el registro de la llamada que recibi\u00f3 el uniformado, por parte de \u2018Guacho\u2019.<\/p>\n<p style=\"font-weight: 400;\">\u00c9l ped\u00eda tener una negociaci\u00f3n directa con autoridades ecuatorianas.<\/p>\n<p style=\"font-weight: 400;\">-\u201cHabla con tu comandante pa\u2019 que mande un delegado, aqu\u00ed lo atendemos. Somos una organizaci\u00f3n de car\u00e1cter pac\u00edfico, pero ustedes nos est\u00e1n atacando a la gente nuestra, y la <strong>guerra no es con ustedes, es con Colombia<\/strong>, hombre\u201d.<\/p>\n<p style=\"font-weight: 400;\">Cuando los periodistas de diario El Comercio pasaron por el control militarizado hacia Mataje, la ma\u00f1ana del 26 de marzo de 2018, desconoc\u00edan que se <strong>convertir\u00edan en moneda de canje.<\/strong><\/p>\n<p style=\"font-weight: 400;\">\u2018Guacho\u2019 <strong>quer\u00eda liberar a sus tres colaboradores detenidos en enero,<\/strong> y canjearlos por los tres miembros del equipo period\u00edstico enviados desde Quito para la cobertura en Mataje, seg\u00fan se revel\u00f3 en <strong>Rehenes<\/strong>. Eso no ocurri\u00f3. Ellos fueron conducidos a territorio colombiano, sometidos a cautiverio. Y finalmente asesinados. <strong>Sus cuerpos fueron hallados en fosas<\/strong>, en junio de 2018.<\/p>\n<p style=\"font-weight: 400;\">Desde entonces, la investigaci\u00f3n judicial sobre el crimen no progres\u00f3. En un operativo armado \u2018Guacho\u2019 fue abatido en diciembre de ese mismo a\u00f1o. Sin embargo, el Frente Oliver Sinisterra <strong>contin\u00faa activo<\/strong>, dedicado al tr\u00e1fico de coca\u00edna por la frontera entre ambos pa\u00edses.<\/p>\n<p style=\"font-weight: 400;\">Los chats del 26 de marzo de 2018<\/p>\n<p style=\"font-weight: 400;\">La tarde del <strong><b>lunes 26 de marzo de 2018<\/b><\/strong>, Guacho escribi\u00f3 al <strong><b>oficial<\/b><\/strong>:<\/p>\n<p style=\"font-weight: 400;\">\u201cHola hola\u2026 <strong><b>Tengo tres personas retenidas ecuatorianas,<\/b><\/strong>\u00a0dos periodistas de Quito y el chofer. <strong><b>En sus manos<\/b><\/strong>\u00a0est\u00e1 la vida de esas personas. Hola hola, qu\u00e9 m\u00e1s cuenta. En diez minutos t\u00e9ngame respuesta o desaparecer\u00e1n esos se\u00f1ores\u201d.<\/p>\n<p style=\"font-weight: 400;\">-\u201cSaludos <strong><b>Guacho<\/b><\/strong>, buenas tardes. \u00bfTe puedo llamar?\u201d, respondi\u00f3 el polic\u00eda.<\/p>\n<p style=\"font-weight: 400;\">-\u201cUsted sabe, <strong><b>no recibo llamadas<\/b><\/strong>\u201d, dijo &#8216;Guacho&#8217;.<\/p>\n<p style=\"font-weight: 400;\">-\u201cMe gustar\u00eda hablar contigo\u201d, replic\u00f3 el oficial.<\/p>\n<p style=\"font-weight: 400;\">.-\u201cEn esos minutos no tiene respuesta clara, d\u00eda a d\u00eda van a tener bajas, como militares y civiles, <strong><b>ustedes provocaron<\/b><\/strong>. Chaooo pues\u201d.<\/p>\n<h3 style=\"font-weight: 400; text-align: center;\"><strong><b>Los cr\u00edmenes de periodistas crecieron<\/b><\/strong><\/h3>\n<p style=\"font-weight: 400;\">Desde 2005, al menos<strong><b>\u00a014 periodistas<\/b><\/strong>\u00a0han muerto en el ejercicio de su profesi\u00f3n en el pa\u00eds, seg\u00fan reportes de <strong><b>Fundamedios<\/b><\/strong>.<\/p>\n<p style=\"font-weight: 400;\">La violencia <strong><b>aument\u00f3 exponencialmente desde 2021,<\/b><\/strong>\u00a0con un denominador com\u00fan: <strong><b>la impunidad en todos los casos<\/b><\/strong>.<\/p>\n<p style=\"font-weight: 400;\">En 2022 fueron asesinados <strong><b>3 periodistas<\/b><\/strong>.<strong><b>\u00a0Gerardo Delgado<\/b><\/strong>\u00a0es uno de ellos. Ten\u00eda 39 a\u00f1os. Su pasi\u00f3n era reportar y transmitir en vivo para su propio medio digital, Ola Manta TV.<\/p>\n<p style=\"font-weight: 400;\">Era carism\u00e1tico; conectaba con la gente, con sus necesidades y sus problemas. Naci\u00f3 en<strong><b>\u00a0Cojim\u00ede<\/b><\/strong>s, una parroquia rural del cant\u00f3n de <strong><b>Pedernales<\/b><\/strong>, al norte de <strong><b>Manab\u00ed.<\/b><\/strong><\/p>\n<p style=\"font-weight: 400;\"><strong><b>El 10 de agosto de 2022 <\/b><\/strong>recibi\u00f3 la alerta <strong><b>de un suicidio <\/b><\/strong>y acudi\u00f3 a reportar el hecho. Fue recibido a tiros. La investigaci\u00f3n posterior detect\u00f3 que el grupo criminal que estaba vinculado al narco lavador <strong><b>Leandro Norero<\/b><\/strong>\u00a0lo mat\u00f3 <strong><b>por error<\/b><\/strong>.<\/p>\n<p style=\"font-weight: 400;\">El <strong><b>20 de noviembre de 2025<\/b><\/strong>, el periodista <strong><b>Robinson del Pezo<\/b><\/strong>\u00a0fue asesinado en su negocio de venta de carnes, cerca del mercado n\u00famero 4 de <strong><b>La Libertad<\/b><\/strong>.<\/p>\n<p style=\"font-weight: 400;\">Un informe exhaustivo del caso fue elaborado por la organizaci\u00f3n de la sociedad civil <strong><b>Fundamedios. <\/b><\/strong>El crimen tiene relaci\u00f3n<strong><b>\u00a0con las denuncias <\/b><\/strong>que \u00e9l realizaba desde su espacio <strong><b>La Voz del Pueblo<\/b><\/strong>. En este medio local expon\u00eda casos de corrupci\u00f3n. Fundamedios, en su informe, lleg\u00f3 a recopilar <strong><b>80 posts de denuncias<\/b><\/strong>, desde 2023. El periodista denunci\u00f3 <strong><b>extorsiones y amenazas<\/b><\/strong>\u00a0por parte de las autoridades a quienes hab\u00eda expuesto. Por tanto, <strong><b>el Estado<\/b><\/strong>\u00a0debi\u00f3 brindarle protecci\u00f3n.<\/p>\n","protected":false},"excerpt":{"rendered":"<p>Este 26 de marzo de 2026 se cumplen ocho a\u00f1os del secuestro de Javier Ortega, Pa\u00fal Rivas y Efra\u00edn Segarra, del equipo period\u00edstico de diario El Comercio, ocurrido en Mataje, Esmeraldas. Pese al tiempo transcurrido el caso sigue irresuelto, en la impunidad. Pero tiene importantes matices y diferencias en la forma en que las fiscal\u00edas &#8230; <a title=\"Ocho a\u00f1os despu\u00e9s, el secuestro y asesinato de Javier Ortega, Pa\u00fal Rivas y Efra\u00edn Segarra\u00a0siguen en la impunidad  \u00a0\u00a0\" class=\"read-more\" href=\"https:\/\/www.codigovidrio.com\/code\/ocho-anos-despues-el-secuestro-y-asesinato-de-javier-ortega-paul-rivas-y-efrain-segarra-siguen-en-la-impunidad\/\">leer m\u00e1s&#8230;<\/a><\/p>\n","protected":false},"author":2,"featured_media":11860,"comment_status":"open","ping_status":"closed","sticky":false,"template":"","format":"standard","meta":{"generate_page_header":"","footnotes":""},"categories":[211],"tags":[],"yoast_head":"<!-- This site is optimized with the Yoast SEO plugin v23.5 - https:\/\/yoast.com\/wordpress\/plugins\/seo\/ -->\n<title>Ocho a\u00f1os despu\u00e9s, el secuestro y asesinato de Javier Ortega, Pa\u00fal Rivas y Efra\u00edn Segarra\u00a0siguen en la impunidad \u00a0\u00a0 - C\u00f3digo Vidrio<\/title>\n<meta name=\"robots\" content=\"index, follow, max-snippet:-1, max-image-preview:large, max-video-preview:-1\" \/>\n<link rel=\"canonical\" href=\"https:\/\/www.codigovidrio.com\/code\/ocho-anos-despues-el-secuestro-y-asesinato-de-javier-ortega-paul-rivas-y-efrain-segarra-siguen-en-la-impunidad\/\" \/>\n<meta property=\"og:locale\" content=\"es_ES\" \/>\n<meta property=\"og:type\" content=\"article\" \/>\n<meta property=\"og:title\" content=\"Ocho a\u00f1os despu\u00e9s, el secuestro y asesinato de Javier Ortega, Pa\u00fal Rivas y Efra\u00edn Segarra\u00a0siguen en la impunidad \u00a0\u00a0 - C\u00f3digo Vidrio\" \/>\n<meta property=\"og:description\" content=\"Este 26 de marzo de 2026 se cumplen ocho a\u00f1os del secuestro de Javier Ortega, Pa\u00fal Rivas y Efra\u00edn Segarra, del equipo period\u00edstico de diario El Comercio, ocurrido en Mataje, Esmeraldas. Pese al tiempo transcurrido el caso sigue irresuelto, en la impunidad. Pero tiene importantes matices y diferencias en la forma en que las fiscal\u00edas ... leer m\u00e1s...\" \/>\n<meta property=\"og:url\" content=\"https:\/\/www.codigovidrio.com\/code\/ocho-anos-despues-el-secuestro-y-asesinato-de-javier-ortega-paul-rivas-y-efrain-segarra-siguen-en-la-impunidad\/\" \/>\n<meta property=\"og:site_name\" content=\"C\u00f3digo Vidrio\" \/>\n<meta property=\"article:published_time\" content=\"2026-03-26T19:31:40+00:00\" \/>\n<meta property=\"article:modified_time\" content=\"2026-03-26T19:37:49+00:00\" \/>\n<meta property=\"og:image\" content=\"https:\/\/www.codigovidrio.com\/code\/wp-content\/uploads\/2026\/03\/Captura-de-pantalla-2026-03-26-a-las-14.33.59-1024x491.png\" \/>\n\t<meta property=\"og:image:width\" content=\"1024\" \/>\n\t<meta property=\"og:image:height\" content=\"491\" \/>\n\t<meta property=\"og:image:type\" content=\"image\/png\" \/>\n<meta name=\"author\" content=\"Codigo Vidrio Admin\" \/>\n<meta name=\"twitter:card\" content=\"summary_large_image\" \/>\n<meta name=\"twitter:label1\" content=\"Escrito por\" \/>\n\t<meta name=\"twitter:data1\" content=\"Codigo Vidrio Admin\" \/>\n\t<meta name=\"twitter:label2\" content=\"Tiempo de lectura\" \/>\n\t<meta name=\"twitter:data2\" content=\"11 minutos\" \/>\n<script type=\"application\/ld+json\" class=\"yoast-schema-graph\">{\"@context\":\"https:\/\/schema.org\",\"@graph\":[{\"@type\":\"Article\",\"@id\":\"https:\/\/www.codigovidrio.com\/code\/ocho-anos-despues-el-secuestro-y-asesinato-de-javier-ortega-paul-rivas-y-efrain-segarra-siguen-en-la-impunidad\/#article\",\"isPartOf\":{\"@id\":\"https:\/\/www.codigovidrio.com\/code\/ocho-anos-despues-el-secuestro-y-asesinato-de-javier-ortega-paul-rivas-y-efrain-segarra-siguen-en-la-impunidad\/\"},\"author\":{\"name\":\"Codigo Vidrio Admin\",\"@id\":\"https:\/\/www.codigovidrio.com\/code\/#\/schema\/person\/974bc7a5b889699d012b2343dc68fc6e\"},\"headline\":\"Ocho a\u00f1os despu\u00e9s, el secuestro y asesinato de Javier Ortega, Pa\u00fal Rivas y Efra\u00edn Segarra\u00a0siguen en la impunidad \u00a0\u00a0\",\"datePublished\":\"2026-03-26T19:31:40+00:00\",\"dateModified\":\"2026-03-26T19:37:49+00:00\",\"mainEntityOfPage\":{\"@id\":\"https:\/\/www.codigovidrio.com\/code\/ocho-anos-despues-el-secuestro-y-asesinato-de-javier-ortega-paul-rivas-y-efrain-segarra-siguen-en-la-impunidad\/\"},\"wordCount\":2190,\"commentCount\":0,\"publisher\":{\"@id\":\"https:\/\/www.codigovidrio.com\/code\/#organization\"},\"image\":{\"@id\":\"https:\/\/www.codigovidrio.com\/code\/ocho-anos-despues-el-secuestro-y-asesinato-de-javier-ortega-paul-rivas-y-efrain-segarra-siguen-en-la-impunidad\/#primaryimage\"},\"thumbnailUrl\":\"https:\/\/www.codigovidrio.com\/code\/wp-content\/uploads\/2026\/03\/Captura-de-pantalla-2026-03-26-a-las-14.33.59.png\",\"articleSection\":[\"Especiales\"],\"inLanguage\":\"es\",\"potentialAction\":[{\"@type\":\"CommentAction\",\"name\":\"Comment\",\"target\":[\"https:\/\/www.codigovidrio.com\/code\/ocho-anos-despues-el-secuestro-y-asesinato-de-javier-ortega-paul-rivas-y-efrain-segarra-siguen-en-la-impunidad\/#respond\"]}]},{\"@type\":\"WebPage\",\"@id\":\"https:\/\/www.codigovidrio.com\/code\/ocho-anos-despues-el-secuestro-y-asesinato-de-javier-ortega-paul-rivas-y-efrain-segarra-siguen-en-la-impunidad\/\",\"url\":\"https:\/\/www.codigovidrio.com\/code\/ocho-anos-despues-el-secuestro-y-asesinato-de-javier-ortega-paul-rivas-y-efrain-segarra-siguen-en-la-impunidad\/\",\"name\":\"Ocho a\u00f1os despu\u00e9s, el secuestro y asesinato de Javier Ortega, Pa\u00fal Rivas y Efra\u00edn Segarra\u00a0siguen en la impunidad \u00a0\u00a0 - C\u00f3digo Vidrio\",\"isPartOf\":{\"@id\":\"https:\/\/www.codigovidrio.com\/code\/#website\"},\"primaryImageOfPage\":{\"@id\":\"https:\/\/www.codigovidrio.com\/code\/ocho-anos-despues-el-secuestro-y-asesinato-de-javier-ortega-paul-rivas-y-efrain-segarra-siguen-en-la-impunidad\/#primaryimage\"},\"image\":{\"@id\":\"https:\/\/www.codigovidrio.com\/code\/ocho-anos-despues-el-secuestro-y-asesinato-de-javier-ortega-paul-rivas-y-efrain-segarra-siguen-en-la-impunidad\/#primaryimage\"},\"thumbnailUrl\":\"https:\/\/www.codigovidrio.com\/code\/wp-content\/uploads\/2026\/03\/Captura-de-pantalla-2026-03-26-a-las-14.33.59.png\",\"datePublished\":\"2026-03-26T19:31:40+00:00\",\"dateModified\":\"2026-03-26T19:37:49+00:00\",\"breadcrumb\":{\"@id\":\"https:\/\/www.codigovidrio.com\/code\/ocho-anos-despues-el-secuestro-y-asesinato-de-javier-ortega-paul-rivas-y-efrain-segarra-siguen-en-la-impunidad\/#breadcrumb\"},\"inLanguage\":\"es\",\"potentialAction\":[{\"@type\":\"ReadAction\",\"target\":[\"https:\/\/www.codigovidrio.com\/code\/ocho-anos-despues-el-secuestro-y-asesinato-de-javier-ortega-paul-rivas-y-efrain-segarra-siguen-en-la-impunidad\/\"]}]},{\"@type\":\"ImageObject\",\"inLanguage\":\"es\",\"@id\":\"https:\/\/www.codigovidrio.com\/code\/ocho-anos-despues-el-secuestro-y-asesinato-de-javier-ortega-paul-rivas-y-efrain-segarra-siguen-en-la-impunidad\/#primaryimage\",\"url\":\"https:\/\/www.codigovidrio.com\/code\/wp-content\/uploads\/2026\/03\/Captura-de-pantalla-2026-03-26-a-las-14.33.59.png\",\"contentUrl\":\"https:\/\/www.codigovidrio.com\/code\/wp-content\/uploads\/2026\/03\/Captura-de-pantalla-2026-03-26-a-las-14.33.59.png\",\"width\":2884,\"height\":1384},{\"@type\":\"BreadcrumbList\",\"@id\":\"https:\/\/www.codigovidrio.com\/code\/ocho-anos-despues-el-secuestro-y-asesinato-de-javier-ortega-paul-rivas-y-efrain-segarra-siguen-en-la-impunidad\/#breadcrumb\",\"itemListElement\":[{\"@type\":\"ListItem\",\"position\":1,\"name\":\"Portada\",\"item\":\"https:\/\/www.codigovidrio.com\/code\/\"},{\"@type\":\"ListItem\",\"position\":2,\"name\":\"Ocho a\u00f1os despu\u00e9s, el secuestro y asesinato de Javier Ortega, Pa\u00fal Rivas y Efra\u00edn Segarra\u00a0siguen en la impunidad \u00a0\u00a0\"}]},{\"@type\":\"WebSite\",\"@id\":\"https:\/\/www.codigovidrio.com\/code\/#website\",\"url\":\"https:\/\/www.codigovidrio.com\/code\/\",\"name\":\"C\u00f3digo Vidrio\",\"description\":\"Transparentamos las historias ocultas\",\"publisher\":{\"@id\":\"https:\/\/www.codigovidrio.com\/code\/#organization\"},\"potentialAction\":[{\"@type\":\"SearchAction\",\"target\":{\"@type\":\"EntryPoint\",\"urlTemplate\":\"https:\/\/www.codigovidrio.com\/code\/?s={search_term_string}\"},\"query-input\":{\"@type\":\"PropertyValueSpecification\",\"valueRequired\":true,\"valueName\":\"search_term_string\"}}],\"inLanguage\":\"es\"},{\"@type\":\"Organization\",\"@id\":\"https:\/\/www.codigovidrio.com\/code\/#organization\",\"name\":\"C\u00f3digo Vidrio\",\"url\":\"https:\/\/www.codigovidrio.com\/code\/\",\"logo\":{\"@type\":\"ImageObject\",\"inLanguage\":\"es\",\"@id\":\"https:\/\/www.codigovidrio.com\/code\/#\/schema\/logo\/image\/\",\"url\":\"https:\/\/www.codigovidrio.com\/code\/wp-content\/uploads\/2022\/01\/logo-horiz-08.png\",\"contentUrl\":\"https:\/\/www.codigovidrio.com\/code\/wp-content\/uploads\/2022\/01\/logo-horiz-08.png\",\"width\":817,\"height\":294,\"caption\":\"C\u00f3digo Vidrio\"},\"image\":{\"@id\":\"https:\/\/www.codigovidrio.com\/code\/#\/schema\/logo\/image\/\"}},{\"@type\":\"Person\",\"@id\":\"https:\/\/www.codigovidrio.com\/code\/#\/schema\/person\/974bc7a5b889699d012b2343dc68fc6e\",\"name\":\"Codigo Vidrio Admin\",\"url\":\"https:\/\/www.codigovidrio.com\/code\/author\/vidrio-admin\/\"}]}<\/script>\n<!-- \/ Yoast SEO plugin. -->","yoast_head_json":{"title":"Ocho a\u00f1os despu\u00e9s, el secuestro y asesinato de Javier Ortega, Pa\u00fal Rivas y Efra\u00edn Segarra\u00a0siguen en la impunidad \u00a0\u00a0 - C\u00f3digo Vidrio","robots":{"index":"index","follow":"follow","max-snippet":"max-snippet:-1","max-image-preview":"max-image-preview:large","max-video-preview":"max-video-preview:-1"},"canonical":"https:\/\/www.codigovidrio.com\/code\/ocho-anos-despues-el-secuestro-y-asesinato-de-javier-ortega-paul-rivas-y-efrain-segarra-siguen-en-la-impunidad\/","og_locale":"es_ES","og_type":"article","og_title":"Ocho a\u00f1os despu\u00e9s, el secuestro y asesinato de Javier Ortega, Pa\u00fal Rivas y Efra\u00edn Segarra\u00a0siguen en la impunidad \u00a0\u00a0 - C\u00f3digo Vidrio","og_description":"Este 26 de marzo de 2026 se cumplen ocho a\u00f1os del secuestro de Javier Ortega, Pa\u00fal Rivas y Efra\u00edn Segarra, del equipo period\u00edstico de diario El Comercio, ocurrido en Mataje, Esmeraldas. Pese al tiempo transcurrido el caso sigue irresuelto, en la impunidad. Pero tiene importantes matices y diferencias en la forma en que las fiscal\u00edas ... leer m\u00e1s...","og_url":"https:\/\/www.codigovidrio.com\/code\/ocho-anos-despues-el-secuestro-y-asesinato-de-javier-ortega-paul-rivas-y-efrain-segarra-siguen-en-la-impunidad\/","og_site_name":"C\u00f3digo Vidrio","article_published_time":"2026-03-26T19:31:40+00:00","article_modified_time":"2026-03-26T19:37:49+00:00","og_image":[{"width":1024,"height":491,"url":"https:\/\/www.codigovidrio.com\/code\/wp-content\/uploads\/2026\/03\/Captura-de-pantalla-2026-03-26-a-las-14.33.59-1024x491.png","type":"image\/png"}],"author":"Codigo Vidrio Admin","twitter_card":"summary_large_image","twitter_misc":{"Escrito por":"Codigo Vidrio Admin","Tiempo de lectura":"11 minutos"},"schema":{"@context":"https:\/\/schema.org","@graph":[{"@type":"Article","@id":"https:\/\/www.codigovidrio.com\/code\/ocho-anos-despues-el-secuestro-y-asesinato-de-javier-ortega-paul-rivas-y-efrain-segarra-siguen-en-la-impunidad\/#article","isPartOf":{"@id":"https:\/\/www.codigovidrio.com\/code\/ocho-anos-despues-el-secuestro-y-asesinato-de-javier-ortega-paul-rivas-y-efrain-segarra-siguen-en-la-impunidad\/"},"author":{"name":"Codigo Vidrio Admin","@id":"https:\/\/www.codigovidrio.com\/code\/#\/schema\/person\/974bc7a5b889699d012b2343dc68fc6e"},"headline":"Ocho a\u00f1os despu\u00e9s, el secuestro y asesinato de Javier Ortega, Pa\u00fal Rivas y Efra\u00edn Segarra\u00a0siguen en la impunidad \u00a0\u00a0","datePublished":"2026-03-26T19:31:40+00:00","dateModified":"2026-03-26T19:37:49+00:00","mainEntityOfPage":{"@id":"https:\/\/www.codigovidrio.com\/code\/ocho-anos-despues-el-secuestro-y-asesinato-de-javier-ortega-paul-rivas-y-efrain-segarra-siguen-en-la-impunidad\/"},"wordCount":2190,"commentCount":0,"publisher":{"@id":"https:\/\/www.codigovidrio.com\/code\/#organization"},"image":{"@id":"https:\/\/www.codigovidrio.com\/code\/ocho-anos-despues-el-secuestro-y-asesinato-de-javier-ortega-paul-rivas-y-efrain-segarra-siguen-en-la-impunidad\/#primaryimage"},"thumbnailUrl":"https:\/\/www.codigovidrio.com\/code\/wp-content\/uploads\/2026\/03\/Captura-de-pantalla-2026-03-26-a-las-14.33.59.png","articleSection":["Especiales"],"inLanguage":"es","potentialAction":[{"@type":"CommentAction","name":"Comment","target":["https:\/\/www.codigovidrio.com\/code\/ocho-anos-despues-el-secuestro-y-asesinato-de-javier-ortega-paul-rivas-y-efrain-segarra-siguen-en-la-impunidad\/#respond"]}]},{"@type":"WebPage","@id":"https:\/\/www.codigovidrio.com\/code\/ocho-anos-despues-el-secuestro-y-asesinato-de-javier-ortega-paul-rivas-y-efrain-segarra-siguen-en-la-impunidad\/","url":"https:\/\/www.codigovidrio.com\/code\/ocho-anos-despues-el-secuestro-y-asesinato-de-javier-ortega-paul-rivas-y-efrain-segarra-siguen-en-la-impunidad\/","name":"Ocho a\u00f1os despu\u00e9s, el secuestro y asesinato de Javier Ortega, Pa\u00fal Rivas y Efra\u00edn Segarra\u00a0siguen en la impunidad \u00a0\u00a0 - C\u00f3digo Vidrio","isPartOf":{"@id":"https:\/\/www.codigovidrio.com\/code\/#website"},"primaryImageOfPage":{"@id":"https:\/\/www.codigovidrio.com\/code\/ocho-anos-despues-el-secuestro-y-asesinato-de-javier-ortega-paul-rivas-y-efrain-segarra-siguen-en-la-impunidad\/#primaryimage"},"image":{"@id":"https:\/\/www.codigovidrio.com\/code\/ocho-anos-despues-el-secuestro-y-asesinato-de-javier-ortega-paul-rivas-y-efrain-segarra-siguen-en-la-impunidad\/#primaryimage"},"thumbnailUrl":"https:\/\/www.codigovidrio.com\/code\/wp-content\/uploads\/2026\/03\/Captura-de-pantalla-2026-03-26-a-las-14.33.59.png","datePublished":"2026-03-26T19:31:40+00:00","dateModified":"2026-03-26T19:37:49+00:00","breadcrumb":{"@id":"https:\/\/www.codigovidrio.com\/code\/ocho-anos-despues-el-secuestro-y-asesinato-de-javier-ortega-paul-rivas-y-efrain-segarra-siguen-en-la-impunidad\/#breadcrumb"},"inLanguage":"es","potentialAction":[{"@type":"ReadAction","target":["https:\/\/www.codigovidrio.com\/code\/ocho-anos-despues-el-secuestro-y-asesinato-de-javier-ortega-paul-rivas-y-efrain-segarra-siguen-en-la-impunidad\/"]}]},{"@type":"ImageObject","inLanguage":"es","@id":"https:\/\/www.codigovidrio.com\/code\/ocho-anos-despues-el-secuestro-y-asesinato-de-javier-ortega-paul-rivas-y-efrain-segarra-siguen-en-la-impunidad\/#primaryimage","url":"https:\/\/www.codigovidrio.com\/code\/wp-content\/uploads\/2026\/03\/Captura-de-pantalla-2026-03-26-a-las-14.33.59.png","contentUrl":"https:\/\/www.codigovidrio.com\/code\/wp-content\/uploads\/2026\/03\/Captura-de-pantalla-2026-03-26-a-las-14.33.59.png","width":2884,"height":1384},{"@type":"BreadcrumbList","@id":"https:\/\/www.codigovidrio.com\/code\/ocho-anos-despues-el-secuestro-y-asesinato-de-javier-ortega-paul-rivas-y-efrain-segarra-siguen-en-la-impunidad\/#breadcrumb","itemListElement":[{"@type":"ListItem","position":1,"name":"Portada","item":"https:\/\/www.codigovidrio.com\/code\/"},{"@type":"ListItem","position":2,"name":"Ocho a\u00f1os despu\u00e9s, el secuestro y asesinato de Javier Ortega, Pa\u00fal Rivas y Efra\u00edn Segarra\u00a0siguen en la impunidad \u00a0\u00a0"}]},{"@type":"WebSite","@id":"https:\/\/www.codigovidrio.com\/code\/#website","url":"https:\/\/www.codigovidrio.com\/code\/","name":"C\u00f3digo Vidrio","description":"Transparentamos las historias ocultas","publisher":{"@id":"https:\/\/www.codigovidrio.com\/code\/#organization"},"potentialAction":[{"@type":"SearchAction","target":{"@type":"EntryPoint","urlTemplate":"https:\/\/www.codigovidrio.com\/code\/?s={search_term_string}"},"query-input":{"@type":"PropertyValueSpecification","valueRequired":true,"valueName":"search_term_string"}}],"inLanguage":"es"},{"@type":"Organization","@id":"https:\/\/www.codigovidrio.com\/code\/#organization","name":"C\u00f3digo Vidrio","url":"https:\/\/www.codigovidrio.com\/code\/","logo":{"@type":"ImageObject","inLanguage":"es","@id":"https:\/\/www.codigovidrio.com\/code\/#\/schema\/logo\/image\/","url":"https:\/\/www.codigovidrio.com\/code\/wp-content\/uploads\/2022\/01\/logo-horiz-08.png","contentUrl":"https:\/\/www.codigovidrio.com\/code\/wp-content\/uploads\/2022\/01\/logo-horiz-08.png","width":817,"height":294,"caption":"C\u00f3digo Vidrio"},"image":{"@id":"https:\/\/www.codigovidrio.com\/code\/#\/schema\/logo\/image\/"}},{"@type":"Person","@id":"https:\/\/www.codigovidrio.com\/code\/#\/schema\/person\/974bc7a5b889699d012b2343dc68fc6e","name":"Codigo Vidrio Admin","url":"https:\/\/www.codigovidrio.com\/code\/author\/vidrio-admin\/"}]}},"_links":{"self":[{"href":"https:\/\/www.codigovidrio.com\/code\/wp-json\/wp\/v2\/posts\/11853"}],"collection":[{"href":"https:\/\/www.codigovidrio.com\/code\/wp-json\/wp\/v2\/posts"}],"about":[{"href":"https:\/\/www.codigovidrio.com\/code\/wp-json\/wp\/v2\/types\/post"}],"author":[{"embeddable":true,"href":"https:\/\/www.codigovidrio.com\/code\/wp-json\/wp\/v2\/users\/2"}],"replies":[{"embeddable":true,"href":"https:\/\/www.codigovidrio.com\/code\/wp-json\/wp\/v2\/comments?post=11853"}],"version-history":[{"count":4,"href":"https:\/\/www.codigovidrio.com\/code\/wp-json\/wp\/v2\/posts\/11853\/revisions"}],"predecessor-version":[{"id":11862,"href":"https:\/\/www.codigovidrio.com\/code\/wp-json\/wp\/v2\/posts\/11853\/revisions\/11862"}],"wp:featuredmedia":[{"embeddable":true,"href":"https:\/\/www.codigovidrio.com\/code\/wp-json\/wp\/v2\/media\/11860"}],"wp:attachment":[{"href":"https:\/\/www.codigovidrio.com\/code\/wp-json\/wp\/v2\/media?parent=11853"}],"wp:term":[{"taxonomy":"category","embeddable":true,"href":"https:\/\/www.codigovidrio.com\/code\/wp-json\/wp\/v2\/categories?post=11853"},{"taxonomy":"post_tag","embeddable":true,"href":"https:\/\/www.codigovidrio.com\/code\/wp-json\/wp\/v2\/tags?post=11853"}],"curies":[{"name":"wp","href":"https:\/\/api.w.org\/{rel}","templated":true}]}}