{"id":11838,"date":"2026-03-25T00:00:33","date_gmt":"2026-03-25T05:00:33","guid":{"rendered":"https:\/\/www.codigovidrio.com\/code\/?p=11838"},"modified":"2026-03-24T22:50:19","modified_gmt":"2026-03-25T03:50:19","slug":"el-gobierno-ha-consolidado-practicas-represivas-y-restricciones-sistematicas-a-los-derechos-humanos","status":"publish","type":"post","link":"https:\/\/www.codigovidrio.com\/code\/el-gobierno-ha-consolidado-practicas-represivas-y-restricciones-sistematicas-a-los-derechos-humanos\/","title":{"rendered":"\u2018El Gobierno ha consolidado pr\u00e1cticas represivas y restricciones sistem\u00e1ticas a los derechos humanos\u2019"},"content":{"rendered":"<ul>\n<li>\n<h3><strong><span style=\"color: #ff6600;\">Ecuador entr\u00f3 en la lista de vigilancia por deterioro de derechos humanos y represi\u00f3n de la sociedad civil de la organizaci\u00f3n internacional CIVICUS. En un informe publicado este 25 de marzo esta entidad de monitoreo destac\u00f3 que el r\u00e9gimen de Daniel Noboa ha persistido en el empleo de fuerza letal y excesiva contra protestas pac\u00edficas, lideradas por pueblos ind\u00edgenas, lo cual evidencia un patr\u00f3n de represi\u00f3n estatal. <\/span><\/strong><\/h3>\n<\/li>\n<li>\n<h3><strong><span style=\"color: #ff6600;\">Adem\u00e1s document\u00f3 casos sistem\u00e1ticos de personas defensoras, periodistas y medios de comunicaci\u00f3n bajo creciente presi\u00f3n en un contexto de debilitamiento de la independencia judicial. Y la aplicaci\u00f3n de estados de excepci\u00f3n, leyes restrictivas y bloqueo arbitrario de cuentas bancarias, que profundizaron el cerco a la sociedad civil. <\/span><\/strong><\/h3>\n<\/li>\n<li>\n<h3><strong><span style=\"color: #ff6600;\">El gobierno, de su lado, mantiene una postura de \u00abguerra\u00bb directa contra el crimen organizado y el narcoterrorismo, bajo la consigna de no retroceder (\u00absi nos golpean una vez, golpeamos cinco\u00bb, dijo recientemente el Presidente). Basado en la cooperaci\u00f3n internacional en especial de Estados Unidos, el aumento de la fuerza p\u00fablica y la intervenci\u00f3n en zonas de alto riesgo, el r\u00e9gimen asegura haber reducido la violencia y busca afectar las econom\u00edas ilegales, se\u00f1alando que la lucha incluye a pol\u00edticos que protegen a las mafias, minimizando las denuncias y observaciones de organismos <span style=\"caret-color: #ff6600;\">nacionales<\/span> e internacionales de DD.HH. Incluida la Organizaci\u00f3n de Naciones Unidas. <\/span><span class=\"uJ19be notranslate\" style=\"color: #ff6600;\" data-sfc-root=\"c\" data-wiz-uids=\"mpwxqb_g,mpwxqb_h\" data-sfc-cb=\"\" data-processed=\"true\"><span class=\"vKEkVd\" data-animation-atomic=\"\" data-wiz-attrbind=\"class=mpwxqb_f\/TKHnVd\" data-processed=\"true\"><span aria-hidden=\"true\" data-processed=\"true\">\u00a0<\/span><\/span><\/span><\/strong><\/h3>\n<\/li>\n<\/ul>\n<p style=\"font-weight: 400;\"><strong><b>\u00a0Redacci\u00f3n C\u00f3digo Vidrio<\/b><\/strong><\/p>\n<p style=\"font-weight: 400;\">Bajo el pretexto de combatir el crimen organizado, el <strong>gobierno de Daniel Noboa<\/strong> ha consolidado pr\u00e1cticas represivas y restricciones sistem\u00e1ticas a los derechos humanos, seg\u00fan concluye el \u00faltimo informe de <strong>CIVICUS<\/strong>, que es una alianza global dedicada a fortalecer la acci\u00f3n ciudadana y la sociedad civil desde 1992. La organizaci\u00f3n est\u00e1 integrada por m\u00e1s de 17.000 miembros en m\u00e1s de 175 pa\u00edses.<\/p>\n<p>Por el deterioro acelerado de los derechos humanos y la represi\u00f3n creciente de la sociedad civil Ecuador entr\u00f3 en la lista de vigilancia de esta organizaci\u00f3n internacional, que tiene su sede en Johannesburgo, Sud\u00e1frica.<\/p>\n<p style=\"font-weight: 400;\">El <strong>CIVICUS Monitor<\/strong> clasifica actualmente a Ecuador \u00a0como<strong> \u201cobstruido\u201d<\/strong>. Esta categor\u00eda refleja serias limitaciones al ejercicio de las libertades de expresi\u00f3n, reuni\u00f3n pac\u00edfica y asociaci\u00f3n. La inclusi\u00f3n en la lista de vigilancia responde a un deterioro r\u00e1pido y sostenido de estas libertades, un proceso que se ha intensificado en el \u00faltimo a\u00f1o, destaca el informe difundido este 25 de marzo.<\/p>\n<p>Pese a observaciones y alertas de organismos nacionales e internacionales de DD.HH., el gobierno de Noboa mantiene una postura de \u00abguerra\u00bb directa contra el crimen organizado y el narcoterrorismo, bajo la consigna de no retroceder (\u00absi nos golpean una vez, golpeamos cinco\u00bb). Basado en la cooperaci\u00f3n internacional, el aumento de la fuerza p\u00fablica y la intervenci\u00f3n en zonas de alto riesgo, el r\u00e9gimen asegura haber reducido la violencia y busca afectar las econom\u00edas ilegales, se\u00f1alando que la lucha incluye a pol\u00edticos que protegen a las mafias. <span class=\"T286Pc\" data-sfc-cp=\"\" data-sfc-root=\"c\" data-sfc-cb=\"\" data-processed=\"true\">En esa l\u00ednea el discurso oficial subraya que no habr\u00e1 tregua ni negociaci\u00f3n con grupos delictivos, calificando las acciones como \u00ablimpieza\u00bb y fortalecimiento de la seguridad nacional. Esto tambi\u00e9n incluye seg\u00fan ha enfatizado <\/span><span class=\"T286Pc\" data-sfc-cp=\"\" data-sfc-root=\"c\" data-sfc-cb=\"\" data-processed=\"true\">Noboa la lucha contra el lavado de activos, utilizando la Unidad de An\u00e1lisis Financiero y Econ\u00f3mico (UAFE) para golpear el financiamiento de las mafias, aunque en general estas operaciones son limitadas en relaci\u00f3n al n\u00famero de casos evidenciados.\u00a0<\/span><\/p>\n<p style=\"text-align: center;\"><strong>EL ESPECIO C\u00cdVICO EN ECUADOR EST\u00c1 OBSTRUIDO SEG\u00daN EL MONITOR DE CIVICUS<\/strong><\/p>\n<p><img fetchpriority=\"high\" decoding=\"async\" class=\"alignleft size-full wp-image-11842\" src=\"https:\/\/www.codigovidrio.com\/code\/wp-content\/uploads\/2026\/03\/Monitor-con-score-de-Ecuador.png\" alt=\"\" width=\"1770\" height=\"1272\" srcset=\"https:\/\/www.codigovidrio.com\/code\/wp-content\/uploads\/2026\/03\/Monitor-con-score-de-Ecuador.png 1770w, https:\/\/www.codigovidrio.com\/code\/wp-content\/uploads\/2026\/03\/Monitor-con-score-de-Ecuador-300x216.png 300w, https:\/\/www.codigovidrio.com\/code\/wp-content\/uploads\/2026\/03\/Monitor-con-score-de-Ecuador-1024x736.png 1024w, https:\/\/www.codigovidrio.com\/code\/wp-content\/uploads\/2026\/03\/Monitor-con-score-de-Ecuador-768x552.png 768w, https:\/\/www.codigovidrio.com\/code\/wp-content\/uploads\/2026\/03\/Monitor-con-score-de-Ecuador-1536x1104.png 1536w\" sizes=\"(max-width: 1770px) 100vw, 1770px\" \/><\/p>\n<p style=\"font-weight: 400;\">La respuesta estatal, basada en la adopci\u00f3n de medidas excepcionales y la militarizaci\u00f3n de la seguridad p\u00fablica, indica el reporte, ha derivado en la represi\u00f3n violenta de protestas pac\u00edficas lideradas por pueblos ind\u00edgenas. En septiembre y octubre de 2025, fuerzas de seguridad recurrieron al uso excesivo y letal de la fuerza, provocando la muerte de tres personas kichwas en Imbabura. 500 personas fueron heridas y m\u00e1s de 200 fueron detenidas de manera arbitraria.<\/p>\n<p style=\"font-weight: 400;\">Organizaciones de derechos humanos documentaron al menos 16 casos de desaparici\u00f3n forzada de corta duraci\u00f3n en este episodio, as\u00ed como interrupciones deliberadas de servicios de internet y telefon\u00eda m\u00f3vil en varias localidades.<\/p>\n<p style=\"font-weight: 400;\">\u201cEl despliegue de fuerzas militares para contener la protesta social, acompa\u00f1ado de discursos como amenazas a la seguridad es desproporcionado y es una deriva peligrosa y represiva\u201d, dijo Ana Mar\u00eda Palacios, investigadora para las Am\u00e9ricas del CIVICUS Monitor. \u201cEste enfoque criminaliza a la sociedad civil y legitima la violencia contra comunidades que defienden sus derechos\u201d.<\/p>\n<hr \/>\n<h3><em><span style=\"color: #ff6600;\">\u21d2La\u00a0calificaci\u00f3n del espacio c\u00edvico de Ecuador como obstruido se asigna a pa\u00edses diferentes sectores sociales y est\u00e1n\u00a0fuertemente atacados\u00a0por quienes detentan el poder, quienes imponen una combinaci\u00f3n de imposiciones legales y pr\u00e1cticas que limitan el pleno ejercicio de los derechos fundamentales. 39 pa\u00edses en el mundo se ubican en esta calificaci\u00f3n.<\/span><\/em><\/h3>\n<hr \/>\n<p style=\"font-weight: 400;\">De forma paralela -agrega el Monitor- autoridades p\u00fablicas y ciertos medios de comunicaci\u00f3n han impulsado narrativas que asocian a organizaciones ind\u00edgenas y a las guardias comunitarias con el terrorismo y el crimen organizado, lo que refuerza su estigmatizaci\u00f3n. Al menos 61 l\u00edderes ind\u00edgenas y personas defensoras del ambiente enfrentan investigaciones por delitos como terrorismo, financiamiento del terrorismo y enriquecimiento il\u00edcito. En muchos casos han sido vinculadas al paro nacional de 31 d\u00edas contra la eliminaci\u00f3n del subsidio al di\u00e9sel, que elev\u00f3 los precios en m\u00e1s de un 50%. Desde 2025, este patr\u00f3n de criminalizaci\u00f3n se ha profundizado, con m\u00e1s de 200 liderazgos sociales investigados o procesados en distintas provincias, alerta el informe.<\/p>\n<p style=\"font-weight: 400;\">El derecho a la libertad de asociaci\u00f3n tambi\u00e9n enfrenta crecientes restricciones. La legislaci\u00f3n adoptada en 2025, incluida la llamada Ley de Transparencia Social, ampl\u00eda de manera significativa las facultades de control estatal sobre las organizaciones de la sociedad civil. Entre otras medidas, \u00abimpone obligaciones de reporte excesivas, habilita el congelamiento de cuentas bancarias y limita la acci\u00f3n de organizaciones que leg\u00edtimamente se oponen a proyectos extractivos aprobados por el Estado. Aunque existen acciones de inconstitucionalidad en tr\u00e1mite, la normativa sigue vigente y en aplicaci\u00f3n\u00bb.<\/p>\n<figure id=\"attachment_11843\" aria-describedby=\"caption-attachment-11843\" style=\"width: 2812px\" class=\"wp-caption alignleft\"><img decoding=\"async\" class=\"wp-image-11843 size-full\" src=\"https:\/\/www.codigovidrio.com\/code\/wp-content\/uploads\/2026\/03\/Captura-de-pantalla-2026-03-24-a-las-19.14.10.png\" alt=\"\" width=\"2822\" height=\"1340\" srcset=\"https:\/\/www.codigovidrio.com\/code\/wp-content\/uploads\/2026\/03\/Captura-de-pantalla-2026-03-24-a-las-19.14.10.png 2822w, https:\/\/www.codigovidrio.com\/code\/wp-content\/uploads\/2026\/03\/Captura-de-pantalla-2026-03-24-a-las-19.14.10-300x142.png 300w, https:\/\/www.codigovidrio.com\/code\/wp-content\/uploads\/2026\/03\/Captura-de-pantalla-2026-03-24-a-las-19.14.10-1024x486.png 1024w, https:\/\/www.codigovidrio.com\/code\/wp-content\/uploads\/2026\/03\/Captura-de-pantalla-2026-03-24-a-las-19.14.10-768x365.png 768w, https:\/\/www.codigovidrio.com\/code\/wp-content\/uploads\/2026\/03\/Captura-de-pantalla-2026-03-24-a-las-19.14.10-1536x729.png 1536w, https:\/\/www.codigovidrio.com\/code\/wp-content\/uploads\/2026\/03\/Captura-de-pantalla-2026-03-24-a-las-19.14.10-2048x972.png 2048w\" sizes=\"(max-width: 2822px) 100vw, 2822px\" \/><figcaption id=\"caption-attachment-11843\" class=\"wp-caption-text\"><strong>Ecuador atraviesa un deterioro acelerado y enfrenta un alto riesgo de consolidar un entorno a\u00fan m\u00e1s restrictivo para las libertades c\u00edvicas si no se adoptan medidas urgentes para revertir este curso. Foto cortes\u00eda CIVICUS<\/strong><\/figcaption><\/figure>\n<p style=\"font-weight: 400;\">Desde septiembre de 2025, diversas organizaciones han sido objeto de bloqueos arbitrarios de sus cuentas bancarias en el marco de investigaciones de la UAFE basadas en informaci\u00f3n confidencial a la que no tienen acceso ni posibilidad de impugnaci\u00f3n, lo que vulnera garant\u00edas b\u00e1sicas de debido proceso. En diciembre de 2025, Human Rights Watch alert\u00f3 que estas acciones ya afectaban gravemente la capacidad operativa de la sociedad civil.<\/p>\n<h3 style=\"font-weight: 400; text-align: center;\"><strong>Libertad de expresi\u00f3n atenazada<\/strong><\/h3>\n<p style=\"font-weight: 400;\">Las restricciones a la libertad de expresi\u00f3n tambi\u00e9n se han intensificado. Al menos cinco periodistas fueron asesinados en 2025. El 20 de noviembre , el periodista Robinson del Pezo fue asesinado en La Libertad (provincia de Santa Elena) tras publicar investigaciones sobre presuntos casos de corrupci\u00f3n local. Durante el paro nacional de 2025, organizaciones de prensa documentaron 55 ataques contra periodistas en al menos cinco provincias. A ello se suma la suspensi\u00f3n de emisoras de radio, la paralizaci\u00f3n de los procesos de asignaci\u00f3n de frecuencias y el uso de mecanismos regulatorios que afectan la sostenibilidad de medios independientes.<\/p>\n<p style=\"font-weight: 400;\">Estos hechos se producen en un escenario de debilitamiento de la independencia judicial y aumento de la violencia contra operadores de justicia. El Observatorio de Derechos y Justicia (ODJ) ha documentado injerencias pol\u00edticas, corrupci\u00f3n y la infiltraci\u00f3n del crimen organizado en el sistema judicial. Entre 2020 y 2025 se registraron al menos 40 ataques contra funcionarios judiciales, incluidos los asesinatos de 12 fiscales y tres jueces.<\/p>\n<figure id=\"attachment_11845\" aria-describedby=\"caption-attachment-11845\" style=\"width: 569px\" class=\"wp-caption aligncenter\"><img decoding=\"async\" class=\"wp-image-11845\" src=\"https:\/\/www.codigovidrio.com\/code\/wp-content\/uploads\/2026\/03\/Protesta-social-mapa.png\" alt=\"\" width=\"579\" height=\"676\" srcset=\"https:\/\/www.codigovidrio.com\/code\/wp-content\/uploads\/2026\/03\/Protesta-social-mapa.png 1076w, https:\/\/www.codigovidrio.com\/code\/wp-content\/uploads\/2026\/03\/Protesta-social-mapa-257x300.png 257w, https:\/\/www.codigovidrio.com\/code\/wp-content\/uploads\/2026\/03\/Protesta-social-mapa-877x1024.png 877w, https:\/\/www.codigovidrio.com\/code\/wp-content\/uploads\/2026\/03\/Protesta-social-mapa-768x896.png 768w\" sizes=\"(max-width: 579px) 100vw, 579px\" \/><figcaption id=\"caption-attachment-11845\" class=\"wp-caption-text\"><strong>Fuente: Informe CIVICUS<\/strong><\/figcaption><\/figure>\n<p>&nbsp;<\/p>\n<hr \/>\n<h3><em><strong><span style=\"color: #ff6600;\">\u21d2La Lista de Vigilancia es publicada por CIVICUS Monitor, una plataforma digital que monitorea las libertades c\u00edvicas -como las libertades de expresi\u00f3n, asociaci\u00f3n y reuni\u00f3n pac\u00edfica- en 198 pa\u00edses y territorios. Las calificaciones del espacio c\u00edvico son: \u00abcerrado\u00bb, \u00abrepresivo\u00bb, \u00abobstruido\u00bb, \u00abestrecho\u00bb o \u00ababierto\u00bb, seg\u00fan una metodolog\u00eda basada en m\u00faltiples fuentes de datos. M\u00e1s de veinte organizaciones contribuyen con evidencias y an\u00e1lisis con el objetivo de respaldar acciones globales en defensa del espacio c\u00edvico.<\/span><\/strong><\/em><\/h3>\n<hr \/>\n<p>&nbsp;<\/p>\n<p style=\"font-weight: 400;\">\u201cEl sistema de justicia, incluida la Corte Constitucional, ha sido objeto de presiones indebidas por parte de los poderes Ejecutivo y Legislativo\u201d, afirm\u00f3 Vivian Idrovo, de la Alianza por los Derechos Humanos Ecuador. \u201cJueces y autoridades encargadas de la administraci\u00f3n judicial enfrentan niveles alarmantes de interferencia pol\u00edtica. La ciudadan\u00eda ecuatoriana ya ha demostrado su compromiso con la defensa del orden constitucional, incluso mediante el refer\u00e9ndum de noviembre de 2025. Hoy espera que las instituciones respeten su voluntad y garanticen los derechos consagrados en la Constituci\u00f3n\u201d, agreg\u00f3.<\/p>\n<figure id=\"attachment_11844\" aria-describedby=\"caption-attachment-11844\" style=\"width: 2732px\" class=\"wp-caption alignleft\"><img loading=\"lazy\" decoding=\"async\" class=\"wp-image-11844 size-full\" src=\"https:\/\/www.codigovidrio.com\/code\/wp-content\/uploads\/2026\/03\/Preesos-y-milicos.png\" alt=\"\" width=\"2742\" height=\"934\" srcset=\"https:\/\/www.codigovidrio.com\/code\/wp-content\/uploads\/2026\/03\/Preesos-y-milicos.png 2742w, https:\/\/www.codigovidrio.com\/code\/wp-content\/uploads\/2026\/03\/Preesos-y-milicos-300x102.png 300w, https:\/\/www.codigovidrio.com\/code\/wp-content\/uploads\/2026\/03\/Preesos-y-milicos-1024x349.png 1024w, https:\/\/www.codigovidrio.com\/code\/wp-content\/uploads\/2026\/03\/Preesos-y-milicos-768x262.png 768w, https:\/\/www.codigovidrio.com\/code\/wp-content\/uploads\/2026\/03\/Preesos-y-milicos-1536x523.png 1536w, https:\/\/www.codigovidrio.com\/code\/wp-content\/uploads\/2026\/03\/Preesos-y-milicos-2048x698.png 2048w\" sizes=\"(max-width: 2742px) 100vw, 2742px\" \/><figcaption id=\"caption-attachment-11844\" class=\"wp-caption-text\"><strong>Militares y reclusos en el Centro de Detenci\u00f3n de Manab\u00ed, Ecuador, conocido como la c\u00e1rcel El Rodeo, en Portoviejo, Manab\u00ed, el 5 de junio de 2024. Fotograf\u00eda de Gerardo Menoscal\/AFP v\u00eda Getty Images. Tomada del informe de INVICTUS<\/strong><\/figcaption><\/figure>\n<p style=\"font-weight: 400;\">El agravamiento de la situaci\u00f3n ha encendido alertas a nivel internacional. Una misi\u00f3n de observaci\u00f3n de derechos humanos integrada por organizaciones globales y regionales advirti\u00f3\u00a0recientemente que Ecuador atraviesa un deterioro acelerado y enfrenta un alto riesgo de consolidar un entorno a\u00fan m\u00e1s restrictivo para las libertades c\u00edvicas si no se adoptan medidas urgentes para revertir este curso.<\/p>\n<h3 style=\"text-align: center;\"><strong>El contexto: Deterioro generalizado en toda la regi\u00f3n<\/strong><\/h3>\n<p style=\"font-weight: 400;\">La sociedad civil se enfrent\u00f3 a una dura prueba en 2025, debido al retroceso generalizado de las libertades c\u00edvicas en todo el continente americano. La mayor\u00eda de la poblaci\u00f3n vive ahora en entornos con espacios c\u00edvicos restringidos (alrededor del 60%), mientras que otro 30% se encuentra expuesto a las peores condiciones: espacios c\u00edvicos cerrados o reprimidos. <strong>De 35 pa\u00edses, el espacio c\u00edvico se considera cerrado en tres, reprimido en siete, restringido en seis, limitado en nueve y abierto en diez.<\/strong><\/p>\n<p style=\"font-weight: 400;\">En medio de este declive, las democracias de larga tradici\u00f3n muestran signos de un r\u00e1pido giro autoritario, caracterizado por el debilitamiento del Estado de derecho y las crecientes restricciones a la sociedad civil independiente. Argentina y Estados Unidos ejemplifican esta tendencia.<\/p>\n<p style=\"font-weight: 400;\">Estados\u00a0<a href=\"https:\/\/monitor.civicus.org\/country\/united-states-america\/\">Unidos\u2002<\/a><a href=\"https:\/\/monitor.civicus.org\/watchlist-july-2025\/\">figur\u00f3 dos veces<\/a> en la lista de vigilancia de CIVICUS Monitor, que alerta sobre pa\u00edses que experimentan un r\u00e1pido declive en las libertades c\u00edvicas, en 2025. Tras el regreso de Donald Trump a la presidencia, en enero de 2025, su calificaci\u00f3n pas\u00f3 de un espacio c\u00edvico restringido a uno obstruido. Trump emiti\u00f3\u00a0<a href=\"https:\/\/monitor.civicus.org\/watchlist-march-2025\/USA\/\">\u00f3rdenes<\/a>\u00a0ejecutivas sin precedentes\u00a0<a href=\"https:\/\/www.civicus.org\/index.php\/media-resources\/news\/7767-united-states-of-america-sanctions-on-the-united-nations-special-rapporteur-an-assault-on-human-rights\">dise\u00f1adas<\/a>\u00a0para desmantelar las instituciones democr\u00e1ticas, la cooperaci\u00f3n global y la justicia internacional. Las autoridades\u00a0<a href=\"https:\/\/monitor.civicus.org\/explore\/expansion-of-law-enforcement-and-continued-suppression-of-critical-voices\/\">adoptaron<\/a>\u00a0una respuesta militarizada a las protestas masivas provocadas por operaciones federales agresivas y racistas dirigidas contra las comunidades migrantes.<\/p>\n","protected":false},"excerpt":{"rendered":"<p>Ecuador entr\u00f3 en la lista de vigilancia por deterioro de derechos humanos y represi\u00f3n de la sociedad civil de la organizaci\u00f3n internacional CIVICUS. En un informe publicado este 25 de marzo esta entidad de monitoreo destac\u00f3 que el r\u00e9gimen de Daniel Noboa ha persistido en el empleo de fuerza letal y excesiva contra protestas pac\u00edficas, &#8230; <a title=\"\u2018El Gobierno ha consolidado pr\u00e1cticas represivas y restricciones sistem\u00e1ticas a los derechos humanos\u2019\" class=\"read-more\" href=\"https:\/\/www.codigovidrio.com\/code\/el-gobierno-ha-consolidado-practicas-represivas-y-restricciones-sistematicas-a-los-derechos-humanos\/\">leer m\u00e1s&#8230;<\/a><\/p>\n","protected":false},"author":2,"featured_media":11840,"comment_status":"open","ping_status":"closed","sticky":false,"template":"","format":"standard","meta":{"generate_page_header":"","footnotes":""},"categories":[211],"tags":[],"yoast_head":"<!-- This site is optimized with the Yoast SEO plugin v23.5 - https:\/\/yoast.com\/wordpress\/plugins\/seo\/ -->\n<title>\u2018El Gobierno ha consolidado pr\u00e1cticas represivas y restricciones sistem\u00e1ticas a los derechos humanos\u2019 - C\u00f3digo Vidrio<\/title>\n<meta name=\"robots\" content=\"index, follow, max-snippet:-1, max-image-preview:large, max-video-preview:-1\" \/>\n<link rel=\"canonical\" href=\"https:\/\/www.codigovidrio.com\/code\/el-gobierno-ha-consolidado-practicas-represivas-y-restricciones-sistematicas-a-los-derechos-humanos\/\" \/>\n<meta property=\"og:locale\" content=\"es_ES\" \/>\n<meta property=\"og:type\" content=\"article\" \/>\n<meta property=\"og:title\" content=\"\u2018El Gobierno ha consolidado pr\u00e1cticas represivas y restricciones sistem\u00e1ticas a los derechos humanos\u2019 - C\u00f3digo Vidrio\" \/>\n<meta property=\"og:description\" content=\"Ecuador entr\u00f3 en la lista de vigilancia por deterioro de derechos humanos y represi\u00f3n de la sociedad civil de la organizaci\u00f3n internacional CIVICUS. En un informe publicado este 25 de marzo esta entidad de monitoreo destac\u00f3 que el r\u00e9gimen de Daniel Noboa ha persistido en el empleo de fuerza letal y excesiva contra protestas pac\u00edficas, ... leer m\u00e1s...\" \/>\n<meta property=\"og:url\" content=\"https:\/\/www.codigovidrio.com\/code\/el-gobierno-ha-consolidado-practicas-represivas-y-restricciones-sistematicas-a-los-derechos-humanos\/\" \/>\n<meta property=\"og:site_name\" content=\"C\u00f3digo Vidrio\" \/>\n<meta property=\"article:published_time\" content=\"2026-03-25T05:00:33+00:00\" \/>\n<meta property=\"article:modified_time\" content=\"2026-03-25T03:50:19+00:00\" \/>\n<meta property=\"og:image\" content=\"https:\/\/www.codigovidrio.com\/code\/wp-content\/uploads\/2026\/03\/POrtada-milicos-1024x495.png\" \/>\n\t<meta property=\"og:image:width\" content=\"1024\" \/>\n\t<meta property=\"og:image:height\" content=\"495\" \/>\n\t<meta property=\"og:image:type\" content=\"image\/png\" \/>\n<meta name=\"author\" content=\"Codigo Vidrio Admin\" \/>\n<meta name=\"twitter:card\" content=\"summary_large_image\" \/>\n<meta name=\"twitter:label1\" content=\"Escrito por\" \/>\n\t<meta name=\"twitter:data1\" content=\"Codigo Vidrio Admin\" \/>\n\t<meta name=\"twitter:label2\" content=\"Tiempo de lectura\" \/>\n\t<meta name=\"twitter:data2\" content=\"9 minutos\" \/>\n<script type=\"application\/ld+json\" class=\"yoast-schema-graph\">{\"@context\":\"https:\/\/schema.org\",\"@graph\":[{\"@type\":\"Article\",\"@id\":\"https:\/\/www.codigovidrio.com\/code\/el-gobierno-ha-consolidado-practicas-represivas-y-restricciones-sistematicas-a-los-derechos-humanos\/#article\",\"isPartOf\":{\"@id\":\"https:\/\/www.codigovidrio.com\/code\/el-gobierno-ha-consolidado-practicas-represivas-y-restricciones-sistematicas-a-los-derechos-humanos\/\"},\"author\":{\"name\":\"Codigo Vidrio Admin\",\"@id\":\"https:\/\/www.codigovidrio.com\/code\/#\/schema\/person\/974bc7a5b889699d012b2343dc68fc6e\"},\"headline\":\"\u2018El Gobierno ha consolidado pr\u00e1cticas represivas y restricciones sistem\u00e1ticas a los derechos humanos\u2019\",\"datePublished\":\"2026-03-25T05:00:33+00:00\",\"dateModified\":\"2026-03-25T03:50:19+00:00\",\"mainEntityOfPage\":{\"@id\":\"https:\/\/www.codigovidrio.com\/code\/el-gobierno-ha-consolidado-practicas-represivas-y-restricciones-sistematicas-a-los-derechos-humanos\/\"},\"wordCount\":1873,\"commentCount\":0,\"publisher\":{\"@id\":\"https:\/\/www.codigovidrio.com\/code\/#organization\"},\"image\":{\"@id\":\"https:\/\/www.codigovidrio.com\/code\/el-gobierno-ha-consolidado-practicas-represivas-y-restricciones-sistematicas-a-los-derechos-humanos\/#primaryimage\"},\"thumbnailUrl\":\"https:\/\/www.codigovidrio.com\/code\/wp-content\/uploads\/2026\/03\/POrtada-milicos.png\",\"articleSection\":[\"Especiales\"],\"inLanguage\":\"es\",\"potentialAction\":[{\"@type\":\"CommentAction\",\"name\":\"Comment\",\"target\":[\"https:\/\/www.codigovidrio.com\/code\/el-gobierno-ha-consolidado-practicas-represivas-y-restricciones-sistematicas-a-los-derechos-humanos\/#respond\"]}]},{\"@type\":\"WebPage\",\"@id\":\"https:\/\/www.codigovidrio.com\/code\/el-gobierno-ha-consolidado-practicas-represivas-y-restricciones-sistematicas-a-los-derechos-humanos\/\",\"url\":\"https:\/\/www.codigovidrio.com\/code\/el-gobierno-ha-consolidado-practicas-represivas-y-restricciones-sistematicas-a-los-derechos-humanos\/\",\"name\":\"\u2018El Gobierno ha consolidado pr\u00e1cticas represivas y restricciones sistem\u00e1ticas a los derechos humanos\u2019 - C\u00f3digo Vidrio\",\"isPartOf\":{\"@id\":\"https:\/\/www.codigovidrio.com\/code\/#website\"},\"primaryImageOfPage\":{\"@id\":\"https:\/\/www.codigovidrio.com\/code\/el-gobierno-ha-consolidado-practicas-represivas-y-restricciones-sistematicas-a-los-derechos-humanos\/#primaryimage\"},\"image\":{\"@id\":\"https:\/\/www.codigovidrio.com\/code\/el-gobierno-ha-consolidado-practicas-represivas-y-restricciones-sistematicas-a-los-derechos-humanos\/#primaryimage\"},\"thumbnailUrl\":\"https:\/\/www.codigovidrio.com\/code\/wp-content\/uploads\/2026\/03\/POrtada-milicos.png\",\"datePublished\":\"2026-03-25T05:00:33+00:00\",\"dateModified\":\"2026-03-25T03:50:19+00:00\",\"breadcrumb\":{\"@id\":\"https:\/\/www.codigovidrio.com\/code\/el-gobierno-ha-consolidado-practicas-represivas-y-restricciones-sistematicas-a-los-derechos-humanos\/#breadcrumb\"},\"inLanguage\":\"es\",\"potentialAction\":[{\"@type\":\"ReadAction\",\"target\":[\"https:\/\/www.codigovidrio.com\/code\/el-gobierno-ha-consolidado-practicas-represivas-y-restricciones-sistematicas-a-los-derechos-humanos\/\"]}]},{\"@type\":\"ImageObject\",\"inLanguage\":\"es\",\"@id\":\"https:\/\/www.codigovidrio.com\/code\/el-gobierno-ha-consolidado-practicas-represivas-y-restricciones-sistematicas-a-los-derechos-humanos\/#primaryimage\",\"url\":\"https:\/\/www.codigovidrio.com\/code\/wp-content\/uploads\/2026\/03\/POrtada-milicos.png\",\"contentUrl\":\"https:\/\/www.codigovidrio.com\/code\/wp-content\/uploads\/2026\/03\/POrtada-milicos.png\",\"width\":2974,\"height\":1438},{\"@type\":\"BreadcrumbList\",\"@id\":\"https:\/\/www.codigovidrio.com\/code\/el-gobierno-ha-consolidado-practicas-represivas-y-restricciones-sistematicas-a-los-derechos-humanos\/#breadcrumb\",\"itemListElement\":[{\"@type\":\"ListItem\",\"position\":1,\"name\":\"Portada\",\"item\":\"https:\/\/www.codigovidrio.com\/code\/\"},{\"@type\":\"ListItem\",\"position\":2,\"name\":\"\u2018El Gobierno ha consolidado pr\u00e1cticas represivas y restricciones sistem\u00e1ticas a los derechos humanos\u2019\"}]},{\"@type\":\"WebSite\",\"@id\":\"https:\/\/www.codigovidrio.com\/code\/#website\",\"url\":\"https:\/\/www.codigovidrio.com\/code\/\",\"name\":\"C\u00f3digo Vidrio\",\"description\":\"Transparentamos las historias ocultas\",\"publisher\":{\"@id\":\"https:\/\/www.codigovidrio.com\/code\/#organization\"},\"potentialAction\":[{\"@type\":\"SearchAction\",\"target\":{\"@type\":\"EntryPoint\",\"urlTemplate\":\"https:\/\/www.codigovidrio.com\/code\/?s={search_term_string}\"},\"query-input\":{\"@type\":\"PropertyValueSpecification\",\"valueRequired\":true,\"valueName\":\"search_term_string\"}}],\"inLanguage\":\"es\"},{\"@type\":\"Organization\",\"@id\":\"https:\/\/www.codigovidrio.com\/code\/#organization\",\"name\":\"C\u00f3digo Vidrio\",\"url\":\"https:\/\/www.codigovidrio.com\/code\/\",\"logo\":{\"@type\":\"ImageObject\",\"inLanguage\":\"es\",\"@id\":\"https:\/\/www.codigovidrio.com\/code\/#\/schema\/logo\/image\/\",\"url\":\"https:\/\/www.codigovidrio.com\/code\/wp-content\/uploads\/2022\/01\/logo-horiz-08.png\",\"contentUrl\":\"https:\/\/www.codigovidrio.com\/code\/wp-content\/uploads\/2022\/01\/logo-horiz-08.png\",\"width\":817,\"height\":294,\"caption\":\"C\u00f3digo Vidrio\"},\"image\":{\"@id\":\"https:\/\/www.codigovidrio.com\/code\/#\/schema\/logo\/image\/\"}},{\"@type\":\"Person\",\"@id\":\"https:\/\/www.codigovidrio.com\/code\/#\/schema\/person\/974bc7a5b889699d012b2343dc68fc6e\",\"name\":\"Codigo Vidrio Admin\",\"url\":\"https:\/\/www.codigovidrio.com\/code\/author\/vidrio-admin\/\"}]}<\/script>\n<!-- \/ Yoast SEO plugin. -->","yoast_head_json":{"title":"\u2018El Gobierno ha consolidado pr\u00e1cticas represivas y restricciones sistem\u00e1ticas a los derechos humanos\u2019 - C\u00f3digo Vidrio","robots":{"index":"index","follow":"follow","max-snippet":"max-snippet:-1","max-image-preview":"max-image-preview:large","max-video-preview":"max-video-preview:-1"},"canonical":"https:\/\/www.codigovidrio.com\/code\/el-gobierno-ha-consolidado-practicas-represivas-y-restricciones-sistematicas-a-los-derechos-humanos\/","og_locale":"es_ES","og_type":"article","og_title":"\u2018El Gobierno ha consolidado pr\u00e1cticas represivas y restricciones sistem\u00e1ticas a los derechos humanos\u2019 - C\u00f3digo Vidrio","og_description":"Ecuador entr\u00f3 en la lista de vigilancia por deterioro de derechos humanos y represi\u00f3n de la sociedad civil de la organizaci\u00f3n internacional CIVICUS. En un informe publicado este 25 de marzo esta entidad de monitoreo destac\u00f3 que el r\u00e9gimen de Daniel Noboa ha persistido en el empleo de fuerza letal y excesiva contra protestas pac\u00edficas, ... leer m\u00e1s...","og_url":"https:\/\/www.codigovidrio.com\/code\/el-gobierno-ha-consolidado-practicas-represivas-y-restricciones-sistematicas-a-los-derechos-humanos\/","og_site_name":"C\u00f3digo Vidrio","article_published_time":"2026-03-25T05:00:33+00:00","article_modified_time":"2026-03-25T03:50:19+00:00","og_image":[{"width":1024,"height":495,"url":"https:\/\/www.codigovidrio.com\/code\/wp-content\/uploads\/2026\/03\/POrtada-milicos-1024x495.png","type":"image\/png"}],"author":"Codigo Vidrio Admin","twitter_card":"summary_large_image","twitter_misc":{"Escrito por":"Codigo Vidrio Admin","Tiempo de lectura":"9 minutos"},"schema":{"@context":"https:\/\/schema.org","@graph":[{"@type":"Article","@id":"https:\/\/www.codigovidrio.com\/code\/el-gobierno-ha-consolidado-practicas-represivas-y-restricciones-sistematicas-a-los-derechos-humanos\/#article","isPartOf":{"@id":"https:\/\/www.codigovidrio.com\/code\/el-gobierno-ha-consolidado-practicas-represivas-y-restricciones-sistematicas-a-los-derechos-humanos\/"},"author":{"name":"Codigo Vidrio Admin","@id":"https:\/\/www.codigovidrio.com\/code\/#\/schema\/person\/974bc7a5b889699d012b2343dc68fc6e"},"headline":"\u2018El Gobierno ha consolidado pr\u00e1cticas represivas y restricciones sistem\u00e1ticas a los derechos humanos\u2019","datePublished":"2026-03-25T05:00:33+00:00","dateModified":"2026-03-25T03:50:19+00:00","mainEntityOfPage":{"@id":"https:\/\/www.codigovidrio.com\/code\/el-gobierno-ha-consolidado-practicas-represivas-y-restricciones-sistematicas-a-los-derechos-humanos\/"},"wordCount":1873,"commentCount":0,"publisher":{"@id":"https:\/\/www.codigovidrio.com\/code\/#organization"},"image":{"@id":"https:\/\/www.codigovidrio.com\/code\/el-gobierno-ha-consolidado-practicas-represivas-y-restricciones-sistematicas-a-los-derechos-humanos\/#primaryimage"},"thumbnailUrl":"https:\/\/www.codigovidrio.com\/code\/wp-content\/uploads\/2026\/03\/POrtada-milicos.png","articleSection":["Especiales"],"inLanguage":"es","potentialAction":[{"@type":"CommentAction","name":"Comment","target":["https:\/\/www.codigovidrio.com\/code\/el-gobierno-ha-consolidado-practicas-represivas-y-restricciones-sistematicas-a-los-derechos-humanos\/#respond"]}]},{"@type":"WebPage","@id":"https:\/\/www.codigovidrio.com\/code\/el-gobierno-ha-consolidado-practicas-represivas-y-restricciones-sistematicas-a-los-derechos-humanos\/","url":"https:\/\/www.codigovidrio.com\/code\/el-gobierno-ha-consolidado-practicas-represivas-y-restricciones-sistematicas-a-los-derechos-humanos\/","name":"\u2018El Gobierno ha consolidado pr\u00e1cticas represivas y restricciones sistem\u00e1ticas a los derechos humanos\u2019 - C\u00f3digo Vidrio","isPartOf":{"@id":"https:\/\/www.codigovidrio.com\/code\/#website"},"primaryImageOfPage":{"@id":"https:\/\/www.codigovidrio.com\/code\/el-gobierno-ha-consolidado-practicas-represivas-y-restricciones-sistematicas-a-los-derechos-humanos\/#primaryimage"},"image":{"@id":"https:\/\/www.codigovidrio.com\/code\/el-gobierno-ha-consolidado-practicas-represivas-y-restricciones-sistematicas-a-los-derechos-humanos\/#primaryimage"},"thumbnailUrl":"https:\/\/www.codigovidrio.com\/code\/wp-content\/uploads\/2026\/03\/POrtada-milicos.png","datePublished":"2026-03-25T05:00:33+00:00","dateModified":"2026-03-25T03:50:19+00:00","breadcrumb":{"@id":"https:\/\/www.codigovidrio.com\/code\/el-gobierno-ha-consolidado-practicas-represivas-y-restricciones-sistematicas-a-los-derechos-humanos\/#breadcrumb"},"inLanguage":"es","potentialAction":[{"@type":"ReadAction","target":["https:\/\/www.codigovidrio.com\/code\/el-gobierno-ha-consolidado-practicas-represivas-y-restricciones-sistematicas-a-los-derechos-humanos\/"]}]},{"@type":"ImageObject","inLanguage":"es","@id":"https:\/\/www.codigovidrio.com\/code\/el-gobierno-ha-consolidado-practicas-represivas-y-restricciones-sistematicas-a-los-derechos-humanos\/#primaryimage","url":"https:\/\/www.codigovidrio.com\/code\/wp-content\/uploads\/2026\/03\/POrtada-milicos.png","contentUrl":"https:\/\/www.codigovidrio.com\/code\/wp-content\/uploads\/2026\/03\/POrtada-milicos.png","width":2974,"height":1438},{"@type":"BreadcrumbList","@id":"https:\/\/www.codigovidrio.com\/code\/el-gobierno-ha-consolidado-practicas-represivas-y-restricciones-sistematicas-a-los-derechos-humanos\/#breadcrumb","itemListElement":[{"@type":"ListItem","position":1,"name":"Portada","item":"https:\/\/www.codigovidrio.com\/code\/"},{"@type":"ListItem","position":2,"name":"\u2018El Gobierno ha consolidado pr\u00e1cticas represivas y restricciones sistem\u00e1ticas a los derechos humanos\u2019"}]},{"@type":"WebSite","@id":"https:\/\/www.codigovidrio.com\/code\/#website","url":"https:\/\/www.codigovidrio.com\/code\/","name":"C\u00f3digo Vidrio","description":"Transparentamos las historias ocultas","publisher":{"@id":"https:\/\/www.codigovidrio.com\/code\/#organization"},"potentialAction":[{"@type":"SearchAction","target":{"@type":"EntryPoint","urlTemplate":"https:\/\/www.codigovidrio.com\/code\/?s={search_term_string}"},"query-input":{"@type":"PropertyValueSpecification","valueRequired":true,"valueName":"search_term_string"}}],"inLanguage":"es"},{"@type":"Organization","@id":"https:\/\/www.codigovidrio.com\/code\/#organization","name":"C\u00f3digo Vidrio","url":"https:\/\/www.codigovidrio.com\/code\/","logo":{"@type":"ImageObject","inLanguage":"es","@id":"https:\/\/www.codigovidrio.com\/code\/#\/schema\/logo\/image\/","url":"https:\/\/www.codigovidrio.com\/code\/wp-content\/uploads\/2022\/01\/logo-horiz-08.png","contentUrl":"https:\/\/www.codigovidrio.com\/code\/wp-content\/uploads\/2022\/01\/logo-horiz-08.png","width":817,"height":294,"caption":"C\u00f3digo Vidrio"},"image":{"@id":"https:\/\/www.codigovidrio.com\/code\/#\/schema\/logo\/image\/"}},{"@type":"Person","@id":"https:\/\/www.codigovidrio.com\/code\/#\/schema\/person\/974bc7a5b889699d012b2343dc68fc6e","name":"Codigo Vidrio Admin","url":"https:\/\/www.codigovidrio.com\/code\/author\/vidrio-admin\/"}]}},"_links":{"self":[{"href":"https:\/\/www.codigovidrio.com\/code\/wp-json\/wp\/v2\/posts\/11838"}],"collection":[{"href":"https:\/\/www.codigovidrio.com\/code\/wp-json\/wp\/v2\/posts"}],"about":[{"href":"https:\/\/www.codigovidrio.com\/code\/wp-json\/wp\/v2\/types\/post"}],"author":[{"embeddable":true,"href":"https:\/\/www.codigovidrio.com\/code\/wp-json\/wp\/v2\/users\/2"}],"replies":[{"embeddable":true,"href":"https:\/\/www.codigovidrio.com\/code\/wp-json\/wp\/v2\/comments?post=11838"}],"version-history":[{"count":9,"href":"https:\/\/www.codigovidrio.com\/code\/wp-json\/wp\/v2\/posts\/11838\/revisions"}],"predecessor-version":[{"id":11852,"href":"https:\/\/www.codigovidrio.com\/code\/wp-json\/wp\/v2\/posts\/11838\/revisions\/11852"}],"wp:featuredmedia":[{"embeddable":true,"href":"https:\/\/www.codigovidrio.com\/code\/wp-json\/wp\/v2\/media\/11840"}],"wp:attachment":[{"href":"https:\/\/www.codigovidrio.com\/code\/wp-json\/wp\/v2\/media?parent=11838"}],"wp:term":[{"taxonomy":"category","embeddable":true,"href":"https:\/\/www.codigovidrio.com\/code\/wp-json\/wp\/v2\/categories?post=11838"},{"taxonomy":"post_tag","embeddable":true,"href":"https:\/\/www.codigovidrio.com\/code\/wp-json\/wp\/v2\/tags?post=11838"}],"curies":[{"name":"wp","href":"https:\/\/api.w.org\/{rel}","templated":true}]}}