{"id":11811,"date":"2026-03-17T14:26:10","date_gmt":"2026-03-17T19:26:10","guid":{"rendered":"https:\/\/www.codigovidrio.com\/code\/?p=11811"},"modified":"2026-03-17T21:36:09","modified_gmt":"2026-03-18T02:36:09","slug":"el-narco-serbio-jezdimir-srdan-quiere-cooperar-con-la-fiscalia-para-que-se-le-reduzca-su-condena","status":"publish","type":"post","link":"https:\/\/www.codigovidrio.com\/code\/el-narco-serbio-jezdimir-srdan-quiere-cooperar-con-la-fiscalia-para-que-se-le-reduzca-su-condena\/","title":{"rendered":"El narco serbio Jezdimir Srdan quiere cooperar con la Fiscal\u00eda para que se le reduzca su condena"},"content":{"rendered":"<h3><strong><span style=\"color: #ff6600;\">El narco serbio Jezdimir Srdan decidi\u00f3 acogerse a un procedimiento de cooperaci\u00f3n eficaz con la\u00a0 Fiscal\u00eda en el proceso por presunta delincuencia organizada. As\u00ed busca negociar una reducci\u00f3n de su pena que en su caso puede llegar a diez a\u00f1os de prisi\u00f3n. En este caso la <span style=\"caret-color: #ff6600;\">fiscal<\/span> Janneth Cueva pedir\u00e1 que sean llevados a juicio nueve procesados en una audiencia prevista para abril.<\/span><\/strong><\/h3>\n<p style=\"font-weight: 400;\"><strong>Redacci\u00f3n C\u00f3digo Vidrio<\/strong><\/p>\n<p style=\"font-weight: 400;\">El narcotraficante serbio <strong><b>Jezdimir Srdan <\/b><\/strong>entr\u00f3 en un callej\u00f3n sin salida. Ante las pruebas abundantes de diferentes organismos policiales, dentro y fuera del pa\u00eds, en el juicio que enfrenta por delincuencia organizada, decidi\u00f3 acogerse a un procedimiento de cooperaci\u00f3n eficaz con la Fiscal\u00eda. As\u00ed busca negociar una reducci\u00f3n de su pena que en su caso puede llegar a diez a\u00f1os de prisi\u00f3n.<\/p>\n<p style=\"font-weight: 400;\">Para acceder a este beneficio Srdan deber\u00e1 aportar nuevos elementos y evidencias que le permitan a la Fiscal\u00eda identificar a m\u00e1s integrantes de esta red criminal, que operaba para un clan de la mafia serbia. Entre 2019 y 2021 este grupo envi\u00f3 desde Ecuador unas 10 toneladas de coca\u00edna hacia pa\u00edses europeos<strong><b>.<\/b><\/strong><strong><b><br \/>\n<\/b><\/strong><\/p>\n<p style=\"font-weight: 400;\">En este caso, la fiscal Janneth Cueva present\u00f3, el 26 de febrero pasado, un dictamen abstentivo para siete involucrados m\u00e1s. Emiti\u00f3 este pronunciamiento -seg\u00fan afirm\u00f3- por falta de evidencias que prueben la participaci\u00f3n de los siete de forma permanente y reiterativa en las once materialidades (hechos delictivos), que la Polic\u00eda Antidrogas de Ecuador descubri\u00f3 para pedir el inicio de la indagaci\u00f3n, el a\u00f1o pasado. Si bien los siete intervinieron en tareas log\u00edsticas y est\u00e1n pagando penas por narcotr\u00e1fico, no ten\u00edan ninguna comunicaci\u00f3n sistem\u00e1tica con los nueve integrantes de la organizaci\u00f3n que siguen procesados, recalc\u00f3 la fiscal, cuyo dictamen fue examinado y pas\u00f3 el control interno que determin\u00f3 su legalidad y argumentaci\u00f3n jur\u00eddica.<\/p>\n<p style=\"font-weight: 400;\">En entrevista con C\u00f3digo Vidrio, la fiscal Cueva, de la <strong><b>Unidad Nacional Especializada de Investigaci\u00f3n contra la Delincuencia Organizada Transnacional\u00a0UNIDOT (10), <\/b><\/strong>dijo que durante su \u00faltima versi\u00f3n en este caso, Srdan acept\u00f3 su responsabilidad y reconoci\u00f3 la veracidad de los miles de mensajes que mantuvo, a trav\u00e9s de la plataforma SKY, para coordinar el env\u00edo de coca\u00edna desde varios puertos de Guayaquil.<\/p>\n<p style=\"font-weight: 400;\">Esos chats fueron desencriptados por la Polic\u00eda de Francia, luego de acceder a unos c\u00f3digos que agentes de Ecuador les remitieron para descifrar las identidades de los miembros de la organizaci\u00f3n.<\/p>\n<p style=\"font-weight: 400;\">Esencialmente, el l\u00edder de ese clan serbio en Ecuador habr\u00eda aceptado su participaci\u00f3n y asumi\u00f3 su responsabilidad en los hechos, por lo cual le pidi\u00f3 a la fiscal acogerse a una cooperaci\u00f3n eficaz, que le permita acceder a una reducci\u00f3n de su pena. Esta colaboraci\u00f3n est\u00e1 facultada por el C\u00f3digo Integral Penal, vigente en la \u00e9poca cuando ocurri\u00f3 el delito, entre 2019 y 2022, siempre y cuando aporte con pruebas s\u00f3lidas para la investigaci\u00f3n.<\/p>\n<p style=\"font-weight: 400;\">El serbio a\u00fan no ha formalizado el pedido de cooperaci\u00f3n, porque no se ha comunicado con su abogado, que no ha podido ingresar al centro de rehabilitaci\u00f3n donde est\u00e1 preso, indic\u00f3 la fiscal Cueva.<\/p>\n<p style=\"font-weight: 400;\">Por ese motivo a\u00fan no puede iniciar el tr\u00e1mite para acogerse a una rebaja de penas, si llega a un acuerdo de cooperaci\u00f3n voluntaria con la Fiscal\u00eda. Este procedimiento pasa por un control constitucional y aprobaci\u00f3n del juez de la causa.<\/p>\n<p style=\"font-weight: 400;\">\u00a0Si el juez acepta la cooperaci\u00f3n el serbio recibir\u00eda un beneficio con la reducci\u00f3n de una tercera parte de su pena, que estaba vigente cuando cometi\u00f3 el delito. Para entonces la condena era de\u00a0<strong><b>7 a 10 a\u00f1os<\/b><\/strong>\u00a0de privaci\u00f3n de libertad para los l\u00edderes o cabecillas. No fue hasta las reformas de 2024 que estas penas se incrementaron dr\u00e1sticamente a rangos de 22 a 26 a\u00f1os.<\/p>\n<p style=\"font-weight: 400;\">Las investigaciones de la organizaci\u00f3n que lideraba el serbio desembocaron en tres procesos: narcotr\u00e1fico, lavado de activos y delincuencia organizada.<\/p>\n<p style=\"font-weight: 400;\">El caso m\u00e1s reciente, que alert\u00f3 los alcances del serbio para presionar a las autoridades y lograr favores en la justicia sali\u00f3 a la luz en noviembre pasado, cuando Srdan fue sentenciado a diez a\u00f1os de prisi\u00f3n por lavado de activos por un tribunal anticorrupci\u00f3n, del que era parte el juez Carlos Serrano. \u00c9l denunci\u00f3 que semanas antes fue presionado por el entonces director provincial del Consejo de la Judicatura, <strong>Henry Gaibor<\/strong>, para fallar a favor del serbio. Este episodio tambi\u00e9n provoc\u00f3 la destituci\u00f3n del presidente del organismo, Mario Godoy, y la renuncia de Serrano, que abandon\u00f3 el pa\u00eds, por amenazas contra su vida.<\/p>\n<h3 style=\"font-weight: 400; text-align: center;\"><strong>La fiscal pedir\u00e1 llamar a juicio a nueve implicados\u00a0<\/strong><\/h3>\n<p style=\"font-weight: 400;\">Entre tanto, la fiscal Janeth Cueva, que asumi\u00f3 la direcci\u00f3n de la investigaci\u00f3n en diciembre, hab\u00eda avanzado con la instrucci\u00f3n fiscal por delincuencia organizada vinculando a cuatro personas m\u00e1s. Y los d\u00edas siguientes emiti\u00f3 un dictamen abstentivo a favor de siete implicados, todos del nivel log\u00edstico, con excepci\u00f3n del propietario de una empresa empacadora de at\u00fan para exportaci\u00f3n. Los beneficiados de esa decisi\u00f3n, avalada por el juez Sebasti\u00e1n Cornejo, son Luis Elisaul L. P., Gabriel Francisco P. V., Ram\u00f3n Alonso Z. R., Darwin Javier T. A., Miguel Fernando F. V., William Andr\u00e9s T. L. y Miguel \u00c1ngel A. O.<\/p>\n<p style=\"font-weight: 400;\">Los agentes Antinarc\u00f3ticos que participaron en la investigaci\u00f3n no estuvieren de acuerdo con el dictamen abstentivo de Miguel A. No obstante, seg\u00fan la Fiscal en ning\u00fan chat, informe o versi\u00f3n, se identifica la participaci\u00f3n de Miguel A. con su identidad; solo se interpreta que corresponde a un alias o sobrenombre, lo cual no es suficiente para atribuirle su participaci\u00f3n en este delito. \u00abAcusarlo sin suficientes elementos probatorios implicar\u00eda una vulneraci\u00f3n de sus derechos\u00bb, recalca Cueva.<\/p>\n<p style=\"font-weight: 400;\">La siguiente etapa en este caso es la audiencia preparatoria, en la cual la fiscal pedir\u00e1 que sean llamados a juicio nueve acusados. Esa diligencia se realizar\u00e1 a fines de abril pr\u00f3ximo.<\/p>\n","protected":false},"excerpt":{"rendered":"<p>El narco serbio Jezdimir Srdan decidi\u00f3 acogerse a un procedimiento de cooperaci\u00f3n eficaz con la\u00a0 Fiscal\u00eda en el proceso por presunta delincuencia organizada. As\u00ed busca negociar una reducci\u00f3n de su pena que en su caso puede llegar a diez a\u00f1os de prisi\u00f3n. En este caso la fiscal Janneth Cueva pedir\u00e1 que sean llevados a juicio &#8230; <a title=\"El narco serbio Jezdimir Srdan quiere cooperar con la Fiscal\u00eda para que se le reduzca su condena\" class=\"read-more\" href=\"https:\/\/www.codigovidrio.com\/code\/el-narco-serbio-jezdimir-srdan-quiere-cooperar-con-la-fiscalia-para-que-se-le-reduzca-su-condena\/\">leer m\u00e1s&#8230;<\/a><\/p>\n","protected":false},"author":2,"featured_media":11820,"comment_status":"open","ping_status":"closed","sticky":false,"template":"","format":"standard","meta":{"generate_page_header":"","footnotes":""},"categories":[211],"tags":[],"yoast_head":"<!-- This site is optimized with the Yoast SEO plugin v23.5 - https:\/\/yoast.com\/wordpress\/plugins\/seo\/ -->\n<title>El narco serbio Jezdimir Srdan quiere cooperar con la Fiscal\u00eda para que se le reduzca su condena - C\u00f3digo Vidrio<\/title>\n<meta name=\"robots\" content=\"index, follow, max-snippet:-1, max-image-preview:large, max-video-preview:-1\" \/>\n<link rel=\"canonical\" href=\"https:\/\/www.codigovidrio.com\/code\/el-narco-serbio-jezdimir-srdan-quiere-cooperar-con-la-fiscalia-para-que-se-le-reduzca-su-condena\/\" \/>\n<meta property=\"og:locale\" content=\"es_ES\" \/>\n<meta property=\"og:type\" content=\"article\" \/>\n<meta property=\"og:title\" content=\"El narco serbio Jezdimir Srdan quiere cooperar con la Fiscal\u00eda para que se le reduzca su condena - C\u00f3digo Vidrio\" \/>\n<meta property=\"og:description\" content=\"El narco serbio Jezdimir Srdan decidi\u00f3 acogerse a un procedimiento de cooperaci\u00f3n eficaz con la\u00a0 Fiscal\u00eda en el proceso por presunta delincuencia organizada. As\u00ed busca negociar una reducci\u00f3n de su pena que en su caso puede llegar a diez a\u00f1os de prisi\u00f3n. En este caso la fiscal Janneth Cueva pedir\u00e1 que sean llevados a juicio ... leer m\u00e1s...\" \/>\n<meta property=\"og:url\" content=\"https:\/\/www.codigovidrio.com\/code\/el-narco-serbio-jezdimir-srdan-quiere-cooperar-con-la-fiscalia-para-que-se-le-reduzca-su-condena\/\" \/>\n<meta property=\"og:site_name\" content=\"C\u00f3digo Vidrio\" \/>\n<meta property=\"article:published_time\" content=\"2026-03-17T19:26:10+00:00\" \/>\n<meta property=\"article:modified_time\" content=\"2026-03-18T02:36:09+00:00\" \/>\n<meta property=\"og:image\" content=\"https:\/\/www.codigovidrio.com\/code\/wp-content\/uploads\/2026\/03\/portada-serbio-vale--1024x484.png\" \/>\n\t<meta property=\"og:image:width\" content=\"1024\" \/>\n\t<meta property=\"og:image:height\" content=\"484\" \/>\n\t<meta property=\"og:image:type\" content=\"image\/png\" \/>\n<meta name=\"author\" content=\"Codigo Vidrio Admin\" \/>\n<meta name=\"twitter:card\" content=\"summary_large_image\" \/>\n<meta name=\"twitter:label1\" content=\"Escrito por\" \/>\n\t<meta name=\"twitter:data1\" content=\"Codigo Vidrio Admin\" \/>\n\t<meta name=\"twitter:label2\" content=\"Tiempo de lectura\" \/>\n\t<meta name=\"twitter:data2\" content=\"5 minutos\" \/>\n<script type=\"application\/ld+json\" class=\"yoast-schema-graph\">{\"@context\":\"https:\/\/schema.org\",\"@graph\":[{\"@type\":\"Article\",\"@id\":\"https:\/\/www.codigovidrio.com\/code\/el-narco-serbio-jezdimir-srdan-quiere-cooperar-con-la-fiscalia-para-que-se-le-reduzca-su-condena\/#article\",\"isPartOf\":{\"@id\":\"https:\/\/www.codigovidrio.com\/code\/el-narco-serbio-jezdimir-srdan-quiere-cooperar-con-la-fiscalia-para-que-se-le-reduzca-su-condena\/\"},\"author\":{\"name\":\"Codigo Vidrio Admin\",\"@id\":\"https:\/\/www.codigovidrio.com\/code\/#\/schema\/person\/974bc7a5b889699d012b2343dc68fc6e\"},\"headline\":\"El narco serbio Jezdimir Srdan quiere cooperar con la Fiscal\u00eda para que se le reduzca su condena\",\"datePublished\":\"2026-03-17T19:26:10+00:00\",\"dateModified\":\"2026-03-18T02:36:09+00:00\",\"mainEntityOfPage\":{\"@id\":\"https:\/\/www.codigovidrio.com\/code\/el-narco-serbio-jezdimir-srdan-quiere-cooperar-con-la-fiscalia-para-que-se-le-reduzca-su-condena\/\"},\"wordCount\":1048,\"commentCount\":0,\"publisher\":{\"@id\":\"https:\/\/www.codigovidrio.com\/code\/#organization\"},\"image\":{\"@id\":\"https:\/\/www.codigovidrio.com\/code\/el-narco-serbio-jezdimir-srdan-quiere-cooperar-con-la-fiscalia-para-que-se-le-reduzca-su-condena\/#primaryimage\"},\"thumbnailUrl\":\"https:\/\/www.codigovidrio.com\/code\/wp-content\/uploads\/2026\/03\/portada-serbio-vale-.png\",\"articleSection\":[\"Especiales\"],\"inLanguage\":\"es\",\"potentialAction\":[{\"@type\":\"CommentAction\",\"name\":\"Comment\",\"target\":[\"https:\/\/www.codigovidrio.com\/code\/el-narco-serbio-jezdimir-srdan-quiere-cooperar-con-la-fiscalia-para-que-se-le-reduzca-su-condena\/#respond\"]}]},{\"@type\":\"WebPage\",\"@id\":\"https:\/\/www.codigovidrio.com\/code\/el-narco-serbio-jezdimir-srdan-quiere-cooperar-con-la-fiscalia-para-que-se-le-reduzca-su-condena\/\",\"url\":\"https:\/\/www.codigovidrio.com\/code\/el-narco-serbio-jezdimir-srdan-quiere-cooperar-con-la-fiscalia-para-que-se-le-reduzca-su-condena\/\",\"name\":\"El narco serbio Jezdimir Srdan quiere cooperar con la Fiscal\u00eda para que se le reduzca su condena - C\u00f3digo Vidrio\",\"isPartOf\":{\"@id\":\"https:\/\/www.codigovidrio.com\/code\/#website\"},\"primaryImageOfPage\":{\"@id\":\"https:\/\/www.codigovidrio.com\/code\/el-narco-serbio-jezdimir-srdan-quiere-cooperar-con-la-fiscalia-para-que-se-le-reduzca-su-condena\/#primaryimage\"},\"image\":{\"@id\":\"https:\/\/www.codigovidrio.com\/code\/el-narco-serbio-jezdimir-srdan-quiere-cooperar-con-la-fiscalia-para-que-se-le-reduzca-su-condena\/#primaryimage\"},\"thumbnailUrl\":\"https:\/\/www.codigovidrio.com\/code\/wp-content\/uploads\/2026\/03\/portada-serbio-vale-.png\",\"datePublished\":\"2026-03-17T19:26:10+00:00\",\"dateModified\":\"2026-03-18T02:36:09+00:00\",\"breadcrumb\":{\"@id\":\"https:\/\/www.codigovidrio.com\/code\/el-narco-serbio-jezdimir-srdan-quiere-cooperar-con-la-fiscalia-para-que-se-le-reduzca-su-condena\/#breadcrumb\"},\"inLanguage\":\"es\",\"potentialAction\":[{\"@type\":\"ReadAction\",\"target\":[\"https:\/\/www.codigovidrio.com\/code\/el-narco-serbio-jezdimir-srdan-quiere-cooperar-con-la-fiscalia-para-que-se-le-reduzca-su-condena\/\"]}]},{\"@type\":\"ImageObject\",\"inLanguage\":\"es\",\"@id\":\"https:\/\/www.codigovidrio.com\/code\/el-narco-serbio-jezdimir-srdan-quiere-cooperar-con-la-fiscalia-para-que-se-le-reduzca-su-condena\/#primaryimage\",\"url\":\"https:\/\/www.codigovidrio.com\/code\/wp-content\/uploads\/2026\/03\/portada-serbio-vale-.png\",\"contentUrl\":\"https:\/\/www.codigovidrio.com\/code\/wp-content\/uploads\/2026\/03\/portada-serbio-vale-.png\",\"width\":1600,\"height\":757},{\"@type\":\"BreadcrumbList\",\"@id\":\"https:\/\/www.codigovidrio.com\/code\/el-narco-serbio-jezdimir-srdan-quiere-cooperar-con-la-fiscalia-para-que-se-le-reduzca-su-condena\/#breadcrumb\",\"itemListElement\":[{\"@type\":\"ListItem\",\"position\":1,\"name\":\"Portada\",\"item\":\"https:\/\/www.codigovidrio.com\/code\/\"},{\"@type\":\"ListItem\",\"position\":2,\"name\":\"El narco serbio Jezdimir Srdan quiere cooperar con la Fiscal\u00eda para que se le reduzca su condena\"}]},{\"@type\":\"WebSite\",\"@id\":\"https:\/\/www.codigovidrio.com\/code\/#website\",\"url\":\"https:\/\/www.codigovidrio.com\/code\/\",\"name\":\"C\u00f3digo Vidrio\",\"description\":\"Transparentamos las historias ocultas\",\"publisher\":{\"@id\":\"https:\/\/www.codigovidrio.com\/code\/#organization\"},\"potentialAction\":[{\"@type\":\"SearchAction\",\"target\":{\"@type\":\"EntryPoint\",\"urlTemplate\":\"https:\/\/www.codigovidrio.com\/code\/?s={search_term_string}\"},\"query-input\":{\"@type\":\"PropertyValueSpecification\",\"valueRequired\":true,\"valueName\":\"search_term_string\"}}],\"inLanguage\":\"es\"},{\"@type\":\"Organization\",\"@id\":\"https:\/\/www.codigovidrio.com\/code\/#organization\",\"name\":\"C\u00f3digo Vidrio\",\"url\":\"https:\/\/www.codigovidrio.com\/code\/\",\"logo\":{\"@type\":\"ImageObject\",\"inLanguage\":\"es\",\"@id\":\"https:\/\/www.codigovidrio.com\/code\/#\/schema\/logo\/image\/\",\"url\":\"https:\/\/www.codigovidrio.com\/code\/wp-content\/uploads\/2022\/01\/logo-horiz-08.png\",\"contentUrl\":\"https:\/\/www.codigovidrio.com\/code\/wp-content\/uploads\/2022\/01\/logo-horiz-08.png\",\"width\":817,\"height\":294,\"caption\":\"C\u00f3digo Vidrio\"},\"image\":{\"@id\":\"https:\/\/www.codigovidrio.com\/code\/#\/schema\/logo\/image\/\"}},{\"@type\":\"Person\",\"@id\":\"https:\/\/www.codigovidrio.com\/code\/#\/schema\/person\/974bc7a5b889699d012b2343dc68fc6e\",\"name\":\"Codigo Vidrio Admin\",\"url\":\"https:\/\/www.codigovidrio.com\/code\/author\/vidrio-admin\/\"}]}<\/script>\n<!-- \/ Yoast SEO plugin. -->","yoast_head_json":{"title":"El narco serbio Jezdimir Srdan quiere cooperar con la Fiscal\u00eda para que se le reduzca su condena - C\u00f3digo Vidrio","robots":{"index":"index","follow":"follow","max-snippet":"max-snippet:-1","max-image-preview":"max-image-preview:large","max-video-preview":"max-video-preview:-1"},"canonical":"https:\/\/www.codigovidrio.com\/code\/el-narco-serbio-jezdimir-srdan-quiere-cooperar-con-la-fiscalia-para-que-se-le-reduzca-su-condena\/","og_locale":"es_ES","og_type":"article","og_title":"El narco serbio Jezdimir Srdan quiere cooperar con la Fiscal\u00eda para que se le reduzca su condena - C\u00f3digo Vidrio","og_description":"El narco serbio Jezdimir Srdan decidi\u00f3 acogerse a un procedimiento de cooperaci\u00f3n eficaz con la\u00a0 Fiscal\u00eda en el proceso por presunta delincuencia organizada. As\u00ed busca negociar una reducci\u00f3n de su pena que en su caso puede llegar a diez a\u00f1os de prisi\u00f3n. En este caso la fiscal Janneth Cueva pedir\u00e1 que sean llevados a juicio ... leer m\u00e1s...","og_url":"https:\/\/www.codigovidrio.com\/code\/el-narco-serbio-jezdimir-srdan-quiere-cooperar-con-la-fiscalia-para-que-se-le-reduzca-su-condena\/","og_site_name":"C\u00f3digo Vidrio","article_published_time":"2026-03-17T19:26:10+00:00","article_modified_time":"2026-03-18T02:36:09+00:00","og_image":[{"width":1024,"height":484,"url":"https:\/\/www.codigovidrio.com\/code\/wp-content\/uploads\/2026\/03\/portada-serbio-vale--1024x484.png","type":"image\/png"}],"author":"Codigo Vidrio Admin","twitter_card":"summary_large_image","twitter_misc":{"Escrito por":"Codigo Vidrio Admin","Tiempo de lectura":"5 minutos"},"schema":{"@context":"https:\/\/schema.org","@graph":[{"@type":"Article","@id":"https:\/\/www.codigovidrio.com\/code\/el-narco-serbio-jezdimir-srdan-quiere-cooperar-con-la-fiscalia-para-que-se-le-reduzca-su-condena\/#article","isPartOf":{"@id":"https:\/\/www.codigovidrio.com\/code\/el-narco-serbio-jezdimir-srdan-quiere-cooperar-con-la-fiscalia-para-que-se-le-reduzca-su-condena\/"},"author":{"name":"Codigo Vidrio Admin","@id":"https:\/\/www.codigovidrio.com\/code\/#\/schema\/person\/974bc7a5b889699d012b2343dc68fc6e"},"headline":"El narco serbio Jezdimir Srdan quiere cooperar con la Fiscal\u00eda para que se le reduzca su condena","datePublished":"2026-03-17T19:26:10+00:00","dateModified":"2026-03-18T02:36:09+00:00","mainEntityOfPage":{"@id":"https:\/\/www.codigovidrio.com\/code\/el-narco-serbio-jezdimir-srdan-quiere-cooperar-con-la-fiscalia-para-que-se-le-reduzca-su-condena\/"},"wordCount":1048,"commentCount":0,"publisher":{"@id":"https:\/\/www.codigovidrio.com\/code\/#organization"},"image":{"@id":"https:\/\/www.codigovidrio.com\/code\/el-narco-serbio-jezdimir-srdan-quiere-cooperar-con-la-fiscalia-para-que-se-le-reduzca-su-condena\/#primaryimage"},"thumbnailUrl":"https:\/\/www.codigovidrio.com\/code\/wp-content\/uploads\/2026\/03\/portada-serbio-vale-.png","articleSection":["Especiales"],"inLanguage":"es","potentialAction":[{"@type":"CommentAction","name":"Comment","target":["https:\/\/www.codigovidrio.com\/code\/el-narco-serbio-jezdimir-srdan-quiere-cooperar-con-la-fiscalia-para-que-se-le-reduzca-su-condena\/#respond"]}]},{"@type":"WebPage","@id":"https:\/\/www.codigovidrio.com\/code\/el-narco-serbio-jezdimir-srdan-quiere-cooperar-con-la-fiscalia-para-que-se-le-reduzca-su-condena\/","url":"https:\/\/www.codigovidrio.com\/code\/el-narco-serbio-jezdimir-srdan-quiere-cooperar-con-la-fiscalia-para-que-se-le-reduzca-su-condena\/","name":"El narco serbio Jezdimir Srdan quiere cooperar con la Fiscal\u00eda para que se le reduzca su condena - C\u00f3digo Vidrio","isPartOf":{"@id":"https:\/\/www.codigovidrio.com\/code\/#website"},"primaryImageOfPage":{"@id":"https:\/\/www.codigovidrio.com\/code\/el-narco-serbio-jezdimir-srdan-quiere-cooperar-con-la-fiscalia-para-que-se-le-reduzca-su-condena\/#primaryimage"},"image":{"@id":"https:\/\/www.codigovidrio.com\/code\/el-narco-serbio-jezdimir-srdan-quiere-cooperar-con-la-fiscalia-para-que-se-le-reduzca-su-condena\/#primaryimage"},"thumbnailUrl":"https:\/\/www.codigovidrio.com\/code\/wp-content\/uploads\/2026\/03\/portada-serbio-vale-.png","datePublished":"2026-03-17T19:26:10+00:00","dateModified":"2026-03-18T02:36:09+00:00","breadcrumb":{"@id":"https:\/\/www.codigovidrio.com\/code\/el-narco-serbio-jezdimir-srdan-quiere-cooperar-con-la-fiscalia-para-que-se-le-reduzca-su-condena\/#breadcrumb"},"inLanguage":"es","potentialAction":[{"@type":"ReadAction","target":["https:\/\/www.codigovidrio.com\/code\/el-narco-serbio-jezdimir-srdan-quiere-cooperar-con-la-fiscalia-para-que-se-le-reduzca-su-condena\/"]}]},{"@type":"ImageObject","inLanguage":"es","@id":"https:\/\/www.codigovidrio.com\/code\/el-narco-serbio-jezdimir-srdan-quiere-cooperar-con-la-fiscalia-para-que-se-le-reduzca-su-condena\/#primaryimage","url":"https:\/\/www.codigovidrio.com\/code\/wp-content\/uploads\/2026\/03\/portada-serbio-vale-.png","contentUrl":"https:\/\/www.codigovidrio.com\/code\/wp-content\/uploads\/2026\/03\/portada-serbio-vale-.png","width":1600,"height":757},{"@type":"BreadcrumbList","@id":"https:\/\/www.codigovidrio.com\/code\/el-narco-serbio-jezdimir-srdan-quiere-cooperar-con-la-fiscalia-para-que-se-le-reduzca-su-condena\/#breadcrumb","itemListElement":[{"@type":"ListItem","position":1,"name":"Portada","item":"https:\/\/www.codigovidrio.com\/code\/"},{"@type":"ListItem","position":2,"name":"El narco serbio Jezdimir Srdan quiere cooperar con la Fiscal\u00eda para que se le reduzca su condena"}]},{"@type":"WebSite","@id":"https:\/\/www.codigovidrio.com\/code\/#website","url":"https:\/\/www.codigovidrio.com\/code\/","name":"C\u00f3digo Vidrio","description":"Transparentamos las historias ocultas","publisher":{"@id":"https:\/\/www.codigovidrio.com\/code\/#organization"},"potentialAction":[{"@type":"SearchAction","target":{"@type":"EntryPoint","urlTemplate":"https:\/\/www.codigovidrio.com\/code\/?s={search_term_string}"},"query-input":{"@type":"PropertyValueSpecification","valueRequired":true,"valueName":"search_term_string"}}],"inLanguage":"es"},{"@type":"Organization","@id":"https:\/\/www.codigovidrio.com\/code\/#organization","name":"C\u00f3digo Vidrio","url":"https:\/\/www.codigovidrio.com\/code\/","logo":{"@type":"ImageObject","inLanguage":"es","@id":"https:\/\/www.codigovidrio.com\/code\/#\/schema\/logo\/image\/","url":"https:\/\/www.codigovidrio.com\/code\/wp-content\/uploads\/2022\/01\/logo-horiz-08.png","contentUrl":"https:\/\/www.codigovidrio.com\/code\/wp-content\/uploads\/2022\/01\/logo-horiz-08.png","width":817,"height":294,"caption":"C\u00f3digo Vidrio"},"image":{"@id":"https:\/\/www.codigovidrio.com\/code\/#\/schema\/logo\/image\/"}},{"@type":"Person","@id":"https:\/\/www.codigovidrio.com\/code\/#\/schema\/person\/974bc7a5b889699d012b2343dc68fc6e","name":"Codigo Vidrio Admin","url":"https:\/\/www.codigovidrio.com\/code\/author\/vidrio-admin\/"}]}},"_links":{"self":[{"href":"https:\/\/www.codigovidrio.com\/code\/wp-json\/wp\/v2\/posts\/11811"}],"collection":[{"href":"https:\/\/www.codigovidrio.com\/code\/wp-json\/wp\/v2\/posts"}],"about":[{"href":"https:\/\/www.codigovidrio.com\/code\/wp-json\/wp\/v2\/types\/post"}],"author":[{"embeddable":true,"href":"https:\/\/www.codigovidrio.com\/code\/wp-json\/wp\/v2\/users\/2"}],"replies":[{"embeddable":true,"href":"https:\/\/www.codigovidrio.com\/code\/wp-json\/wp\/v2\/comments?post=11811"}],"version-history":[{"count":10,"href":"https:\/\/www.codigovidrio.com\/code\/wp-json\/wp\/v2\/posts\/11811\/revisions"}],"predecessor-version":[{"id":11823,"href":"https:\/\/www.codigovidrio.com\/code\/wp-json\/wp\/v2\/posts\/11811\/revisions\/11823"}],"wp:featuredmedia":[{"embeddable":true,"href":"https:\/\/www.codigovidrio.com\/code\/wp-json\/wp\/v2\/media\/11820"}],"wp:attachment":[{"href":"https:\/\/www.codigovidrio.com\/code\/wp-json\/wp\/v2\/media?parent=11811"}],"wp:term":[{"taxonomy":"category","embeddable":true,"href":"https:\/\/www.codigovidrio.com\/code\/wp-json\/wp\/v2\/categories?post=11811"},{"taxonomy":"post_tag","embeddable":true,"href":"https:\/\/www.codigovidrio.com\/code\/wp-json\/wp\/v2\/tags?post=11811"}],"curies":[{"name":"wp","href":"https:\/\/api.w.org\/{rel}","templated":true}]}}