{"id":11759,"date":"2026-03-17T00:54:26","date_gmt":"2026-03-17T05:54:26","guid":{"rendered":"https:\/\/www.codigovidrio.com\/code\/?p=11759"},"modified":"2026-03-17T08:01:07","modified_gmt":"2026-03-17T13:01:07","slug":"la-corrupcion-en-el-estado-es-un-gran-obstaculo-para-enfrentar-al-crimen-en-ecuador-segun-la-embajadora-de-la-union-europea","status":"publish","type":"post","link":"https:\/\/www.codigovidrio.com\/code\/la-corrupcion-en-el-estado-es-un-gran-obstaculo-para-enfrentar-al-crimen-en-ecuador-segun-la-embajadora-de-la-union-europea\/","title":{"rendered":"Seg\u00fan la Embajadora de la Uni\u00f3n Europea: \u201cSe debe reforzar el combate al crimen organizado de forma integral, no solo militar\u201d"},"content":{"rendered":"<h3><span style=\"color: #00ccff;\">ENTREVISTA \u25ca<\/span> <strong><span style=\"color: #ff6600;\">La embajadora de la Uni\u00f3n Europea en Ecuador, Jekaterina Dor\u00f3dnova, vaticina un escenario cada vez m\u00e1s complejo en la lucha contra el crimen organizado que sigue creciendo a nivel global, con una repercusi\u00f3n directa por el aumento de los env\u00edos de coca\u00edna desde Ecuador. No obstante, asegura que la cooperaci\u00f3n internacional y la coordinaci\u00f3n han mejorado y son claves para enfrentar a las organizaciones delictivas. <\/span><\/strong><\/h3>\n<h3><strong><span style=\"color: #ff6600;\">Destaca que la corrupci\u00f3n en algunas entidades estatales es un obst\u00e1culo para que los proyectos financiados por la UE, que llegan a 30 millones de euros, tengan m\u00e1s impacto, pero que hay esfuerzos <span style=\"caret-color: #ff6600;\">importantes<\/span> desde el gobierno para enfrentarla. <\/span><\/strong><\/h3>\n<h3><strong><span style=\"color: #ff6600;\">Para <\/span><\/strong><strong><span style=\"color: #ff6600;\">Dor\u00f3dnova, <\/span><\/strong><strong><span style=\"color: #ff6600;\">la respuesta al fen\u00f3meno criminal necesita de un enfoque integral, no solo militar, con el soporte de proyectos sociales y econ\u00f3micos, de apoyo a las instituciones, sostenidos a largo plazo. Un ejemplo es la reciente inauguraci\u00f3n del Centro de Fusi\u00f3n de <\/span><span style=\"caret-color: #ff6600; color: #ff6600;\">informaci\u00f3n<\/span><span style=\"color: #ff6600;\"> en Guayaquil, financiado con fondos europeos. \u00a0<\/span><\/strong><\/h3>\n<p><strong>Por Arturo Torres<br \/>\n<img decoding=\"async\" class=\"alignleft wp-image-11784\" src=\"https:\/\/www.codigovidrio.com\/code\/wp-content\/uploads\/2026\/03\/Captura-de-pantalla-2026-03-15-a-las-13.06.16.png\" alt=\"\" width=\"31\" height=\"30\" srcset=\"https:\/\/www.codigovidrio.com\/code\/wp-content\/uploads\/2026\/03\/Captura-de-pantalla-2026-03-15-a-las-13.06.16.png 500w, https:\/\/www.codigovidrio.com\/code\/wp-content\/uploads\/2026\/03\/Captura-de-pantalla-2026-03-15-a-las-13.06.16-300x288.png 300w, https:\/\/www.codigovidrio.com\/code\/wp-content\/uploads\/2026\/03\/Captura-de-pantalla-2026-03-15-a-las-13.06.16-150x150.png 150w\" sizes=\"(max-width: 31px) 100vw, 31px\" \/><\/strong><strong>@Cascabelito09<\/strong><strong><br \/>\n<\/strong><\/p>\n<p style=\"font-weight: 400;\"><strong><b>&#8211;<\/b><\/strong><strong><b>\u00bfPor qu\u00e9 es tan importante para la Uni\u00f3n Europea cooperar con Ecuador, especialmente en el campo de la seguridad<\/b><\/strong><strong><b>\u00a0y el lavado de activos<\/b><\/strong><strong><b>? <\/b><\/strong><strong><b><br \/>\n<\/b><\/strong>-La Uni\u00f3n Europea est\u00e1 sufriendo tambi\u00e9n por todo lo que est\u00e1 pasando en Ecuador. Nosotros recibimos cada vez m\u00e1s coca\u00edna y la mayor parte de esta droga,\u00a0que entra a nuestros pa\u00edses pasa,\u00a0por los puertos de Ecuador. Esto lo sabemos, estamos empe\u00f1ados a colaborar con las instituciones ecuatorianas, con el gobierno. Porque por supuesto nos interesa disminuir el narcotr\u00e1fico, bajar la cantidad de droga que ingresa por nuestros puertos. Porque es cuesti\u00f3n de seguridad tambi\u00e9n para nosotros, de la salud p\u00fablica de nuestras sociedades. Y desde el punto de vista del inter\u00e9s puro y duro de la UE, tenemos que ayudar a Ecuador, tenemos que trabajar trascendiendo fronteras para ser m\u00e1s fuertes frente a estas mafias.<\/p>\n<p style=\"font-weight: 400;\"><strong><b>-\u00bfEs decir que hay un \u00e9nfasis en una estrategia transnacional?-<br \/>\n<\/b><\/strong>S\u00ed. Porque las mafias son internacionales, hay operadores europeos tambi\u00e9n en estas redes. As\u00ed que tenemos que juntar esfuerzos, ha-cer investigaciones y operaciones conjuntas, intercambiar datos, informaci\u00f3n para hacer frente a este fen\u00f3meno, que nos afecta a todos.<\/p>\n<p style=\"font-weight: 400;\"><strong><b>-Hasta ahora, el gobierno ha puesto \u00e9nfasis en el tema punitivo, militar<\/b><\/strong><strong><b>\u00a0y policial<\/b><\/strong><strong><b>, para enfrentar la inseguridad. <\/b><\/strong><strong><b>Todav\u00eda n<\/b><\/strong><strong><b>o ha <\/b><\/strong><strong><b>priorizado, con esa misma intensidad, <\/b><\/strong><strong><b>el fortalecimiento del sistema judicial y penitenciario, <\/b><\/strong><strong><b>la disminuci\u00f3n de <\/b><\/strong><strong><b>la pobreza estructural en los barrios controlados por las bandas.<\/b><\/strong><strong><b>..<\/b><\/strong><strong><b>\u00a0No hay <\/b><\/strong><strong><b>en este caso una estrategia <\/b><\/strong><strong><b>integral. Por la experiencia que usted <\/b><\/strong><strong><b>ha <\/b><\/strong><strong><b>tenido en el cargo, \u00bfcu\u00e1les cree que deber\u00edan ser los abordajes y la focalizaci\u00f3n del poyo de la UE<\/b><\/strong><strong><b>,<\/b><\/strong><strong><b> que ya suma m\u00e1s de 30 millones de euros?<br \/>\n<\/b><\/strong><span style=\"color: #000000;\">-Claro, la respuesta al fen\u00f3meno criminal necesita de un enfoque integral, esto est\u00e1 clar\u00edsimo. Y nosotros hemos analizado aqu\u00ed en profundidad la situaci\u00f3n desde todos los puntos de vista. Hemos hecho un an\u00e1lisis t\u00e9cnico con nuestros expertos de c\u00f3mo es la situaci\u00f3n en Ecuador desde el punto de vista, por ejemplo, de la institucionalidad. Y hemos concluido que la institucionalidad es d\u00e9bil.\u00a0Hemos analizado las causas estructurales del fen\u00f3meno y tambi\u00e9n hemos visto que hay insuficiente, digamos, estructura para la integraci\u00f3n de los j\u00f3venes, que f\u00e1cilmente caen\u00a0en las manos del crimen organizado. Y en eso tambi\u00e9n estamos trabajando.<\/span><\/p>\n<p style=\"font-weight: 400;\"><strong><b>-\u00bfOtro problema grave, que impide una lucha eficaz contra el crimen organizado, es la corrupci\u00f3n?-<br \/>\n<\/b><\/strong><span style=\"color: #000000;\">-S\u00ed. Hemos detectado altos niveles de corrupci\u00f3n, lo sabemos, el gobierno tambi\u00e9n lo sabe y est\u00e1 actuando. Hay altos niveles de contaminaci\u00f3n institucional, especialmente en los puertos, lo cual ocurre tambi\u00e9n en otros pa\u00edses. Por eso, los ejes principales de nuestra cooperaci\u00f3n son: seguridad portuaria, intercambio de inteligencia, el tema penitenciario, porque usted sabe mejor que yo que los centros penitenciarios se han vuelto centros de mando del crimen organizado. Adem\u00e1s apoyamos al abordaje de temas estructurales, como frenar el reclutamiento de los j\u00f3venes.<\/span><\/p>\n<p style=\"font-weight: 400;\"><strong><b>-\u00bfY en el campo de capacitaci\u00f3n, d\u00f3nde est\u00e1n apoyando?<\/b><\/strong><br \/>\n-Nos estamos empe\u00f1ando mucho en capacitar a funcionarios de las instituciones clave. Y ayudar a las Fuerzas Armadas, a la Polic\u00eda, a sus unidades especializadas, a UAFE, al Consejo de Judicatura, al sistema penitenciario, a las municipalidades, tambi\u00e9n a fortalecer sus capacidades y a coordinarse mejor.<\/p>\n<h4 class=\"Y3BBE\" style=\"text-align: center;\" data-hveid=\"CAEQAA\" data-processed=\"true\"><span style=\"color: #ff6600;\"><em><span style=\"color: #000000;\"><img fetchpriority=\"high\" decoding=\"async\" class=\"wp-image-11770 aligncenter\" src=\"https:\/\/www.codigovidrio.com\/code\/wp-content\/uploads\/2026\/03\/foto-embajadfora-ue.png\" alt=\"\" width=\"279\" height=\"302\" srcset=\"https:\/\/www.codigovidrio.com\/code\/wp-content\/uploads\/2026\/03\/foto-embajadfora-ue.png 1408w, https:\/\/www.codigovidrio.com\/code\/wp-content\/uploads\/2026\/03\/foto-embajadfora-ue-277x300.png 277w, https:\/\/www.codigovidrio.com\/code\/wp-content\/uploads\/2026\/03\/foto-embajadfora-ue-946x1024.png 946w, https:\/\/www.codigovidrio.com\/code\/wp-content\/uploads\/2026\/03\/foto-embajadfora-ue-768x831.png 768w\" sizes=\"(max-width: 279px) 100vw, 279px\" \/>La actual Embajadora de la Uni\u00f3n Europea en Ecuador es <mark class=\"HxTRcb\" data-sfc-cb=\"\" data-processed=\"true\"><strong class=\"Yjhzub\" data-sfc-cb=\"\" data-processed=\"true\"><a class=\"GI370e\" style=\"color: #000000;\" href=\"https:\/\/www.google.com\/search?q=Jekaterina+Dor%C3%B3dnova&amp;rlz=1C5OZZY_enEC1136EC1136&amp;oq=Quien+es+la+embajadora+de+la+Uni%C3%B3n+Europea+en+Ecuador&amp;gs_lcrp=EgZjaHJvbWUyBggAEEUYOTIICAEQABgWGB7SAQkyMTI5NWowajeoAgiwAgHxBVZfdf-Yxu-J&amp;sourceid=chrome&amp;ie=UTF-8&amp;mstk=AUtExfBn9-Nfr1LLJvu55SWz6O5oLR6RkQB95ojwPFlZ0WaKJiusfmaDmOS3pnxi7TAAgTdWAL5_v2ltxFmULex7RkVeLZ4U_m2EKxu1kur_Fd5zY2-W4Nu_rI51AgNgZfpxmOrIM2mAlVO-b6vKsiXb7I3DbwEmxr9rG7s4mtC9ce_G7sw&amp;csui=3&amp;ved=2ahUKEwjxhJjJ2qCTAxX_ZjABHcq2LxMQgK4QegQIARAC\" data-ved=\"2ahUKEwjxhJjJ2qCTAxX_ZjABHcq2LxMQgK4QegQIARAC\" data-hveid=\"CAEQAg\" data-processed=\"true\">Jekaterina Dor\u00f3dnova<\/a><\/strong><\/mark>, quien asumi\u00f3 funciones en septiembre de 2024. Ha destacado por su trabajo en seguridad, cooperaci\u00f3n bilateral y fortalecimiento de relaciones comerciales. <\/span><\/em><\/span><span style=\"color: #ff6600;\"><em><span style=\"color: #000000;\">Tiene m\u00e1s de<br \/>\nveinte <\/span><\/em><\/span><span style=\"color: #ff6600;\"><em><span style=\"color: #000000;\">a\u00f1os de experiencia en las relaciones exteriores de la UE: cinco han sido<br \/>\ntrabajando <\/span><\/em><\/span><span style=\"color: #ff6600;\"><em><span style=\"color: #000000;\">con los pa\u00edses de Am\u00e9rica Latina y el Caribe.<\/span><\/em><\/span><\/h4>\n<div data-sfc-cp=\"\" data-sfc-cb=\"\" data-hveid=\"CAEQAA\" data-processed=\"true\"><\/div>\n<div class=\"Y3BBE\" data-sfc-cp=\"\" data-sfc-cb=\"\" data-hveid=\"CAEQAA\" data-processed=\"true\"><strong><b>-\u00bfPero qu\u00e9 incidencia puede tener el apoyo internacional si no hay una articulaci\u00f3n apropiada entre las instituciones, ni una coordinaci\u00f3n \u00a0y cooperaci\u00f3n estrat\u00e9gica del Gobierno?<br \/>\n<\/b><\/strong>-Sobre la desarticulaci\u00f3n entre las instituciones, un ejemplo que contemplamos en la cooperaci\u00f3n est\u00e1 en el componente 3 de nuestro programa Serpaz, donde facilitamos el di\u00e1logo entre empresas y representantes del sector privado y el sector p\u00fablico. All\u00ed est\u00e1n sentados en la mesa funcionarios de la Aduana, el Ministerio del Interior, la Marina, la Subsecretar\u00eda de Puertos, de la sociedad civil. Eso es muy necesario.<\/div>\n<p style=\"font-weight: 400;\"><strong><b>-Entiendo que como parte de los acuerdos tambi\u00e9n hay un componente regional porque el impacto del crimen es transnacional.<\/b><\/strong><strong><b><br \/>\n<\/b><\/strong>-As\u00ed es, aparte de toda la cooperaci\u00f3n bilateral que tenemos con Ecuador, tenemos tambi\u00e9n programas regionales, que impulsan intercambios a nivel de Am\u00e9rica del Sur y el Caribe, porque la regi\u00f3n entera est\u00e1 afectada por estas redes criminales. Otro eje importante como contraparte es el del lavado de activos.<\/p>\n<p style=\"font-weight: 400;\"><strong><b>-En lavado de activos, \u00bfhay alg\u00fan apoyo en capacitaci\u00f3n? <\/b><\/strong><strong><b><br \/>\n<\/b><span style=\"color: #ff6600;\">-S\u00ed, es el componente uno de nuestro programa Serpaz, que es central, de cooperaci\u00f3n bilateral con el Ecuador. Quiere decir seguridad, esperanza y resiliencia para la paz. Es un nombre que refleja los objetivos que queremos alcanzar. Y ese programa tiene cuatro componentes. El primero est\u00e1 enfocado en el lavado de activos. Y ah\u00ed trabajamos con las instituciones del Estado. He mencionado a UAFE, pero tambi\u00e9n entra el Consejo de Judicatura y el poder judicial, con capacitaci\u00f3n para identificar y desmantelar las estructuras econ\u00f3micas con investigaciones financieras s\u00f3lidas. Tambi\u00e9n est\u00e1n los componentes de seguridad penitenciaria, seguridad portuaria, y prevenci\u00f3n de reclutamiento a j\u00f3venes articulado con las instituciones del Estado y socios del sector privado y de la sociedad civil.<\/span><\/strong><\/p>\n<p style=\"font-weight: 400;\"><strong><b>\u00bfC\u00f3mo se ejecuta esto en t\u00e9rminos concretos?<\/b><\/strong><br \/>\n-La cooperaci\u00f3n europea se caracteriza por la entrega de asistencia t\u00e9cnica, que incluye capacitaciones, expertos europeos y talleres de intercambio de experiencia.<\/p>\n<p><strong style=\"font-weight: 400;\"><b>&#8211;<\/b><\/strong><strong style=\"font-weight: 400;\"><b>Ecuador enfrenta un problema de corrupci\u00f3n sist\u00e9mica, que ha permeado a todas las instituciones, sobre todo las de control y fuerza p\u00fablica. Esto les ha permitido a las redes criminales, a trav\u00e9s de sus operadores del sector p\u00fablico, boicotear cualquier iniciativa importante para golpear al crimen organizado. \u00bfUstedes como cooperantes han tomado en cuenta que si no se erradica o frena la corrupci\u00f3n, su apoyo resultar\u00eda infructuoso, y tendr\u00eda poco impacto? \u00a0\u00a0\u00a0<\/b><\/strong><b style=\"font-weight: 400;\"><br \/>\n<\/b><strong><span style=\"color: #ff6600;\">-S\u00ed, es un gran obst\u00e1culo, por supuesto, y nosotros tambi\u00e9n estamos trabajando con el gobierno en este sentido, siempre destacando la importancia de combatir la corrupci\u00f3n. Esto no se hace de un d\u00eda para otro. Estamos muy conscientes de este fen\u00f3meno de la contaminaci\u00f3n de los puertos, pero ese es sobre todo un trabajo interno de Ecuador. Podemos ofrecer toda nuestra experiencia, expertos, herramientas y metodolog\u00edas para enfrentar la corrupci\u00f3n, que se <span style=\"caret-color: #ff6600;\">remonta<\/span> a muchos a\u00f1os atr\u00e1s. Tambi\u00e9n estamos muy comprometidos con el fortalecimiento institucional. Estamos trabajando con las entidades del gobierno para ayudar a mejorarlas. No tenemos ahora mismo otra opci\u00f3n. Tambi\u00e9n creo que el gobierno est\u00e1 muy consciente de la problem\u00e1tica de la corrupci\u00f3n y est\u00e1 haciendo grandes esfuerzos que apoyamos. E<\/span><span style=\"color: #ff6600;\">n el tema de lavado de activos, la UAFE trabaja con diferentes contrapartes, tiene una alta carga de trabajo que por consecuencia hace que necesite m\u00e1s recursos.<\/span><\/strong><\/p>\n<figure id=\"attachment_11763\" aria-describedby=\"caption-attachment-11763\" style=\"width: 1403px\" class=\"wp-caption alignleft\"><img decoding=\"async\" class=\"wp-image-11763 size-full\" src=\"https:\/\/www.codigovidrio.com\/code\/wp-content\/uploads\/2026\/03\/IMG_8038.jpg\" alt=\"\" width=\"1413\" height=\"912\" srcset=\"https:\/\/www.codigovidrio.com\/code\/wp-content\/uploads\/2026\/03\/IMG_8038.jpg 1413w, https:\/\/www.codigovidrio.com\/code\/wp-content\/uploads\/2026\/03\/IMG_8038-300x194.jpg 300w, https:\/\/www.codigovidrio.com\/code\/wp-content\/uploads\/2026\/03\/IMG_8038-1024x661.jpg 1024w, https:\/\/www.codigovidrio.com\/code\/wp-content\/uploads\/2026\/03\/IMG_8038-768x496.jpg 768w\" sizes=\"(max-width: 1413px) 100vw, 1413px\" \/><figcaption id=\"caption-attachment-11763\" class=\"wp-caption-text\"><strong>La embajadora se ha especializado en temas de resoluci\u00f3n de conflictos y mediaci\u00f3n. Ha trabajado en el Servicio Europeo de Acci\u00f3n Exterior; la Comisi\u00f3n Europea y el Parlamento Europeo. Foto UE<\/strong><\/figcaption><\/figure>\n<p><strong><b>-En general hay observaciones a la capacidad real y eficacia del control del lavado, con demasiada carga en la UAFE.<br \/>\n<\/b><\/strong>-El componente 1 de SERPAZ trabaja con todos los actores y las instituciones del CONCLAFT para un fortalecimiento sist\u00e9mico. P<span style=\"color: #000000;\">ara un control efectivo del lavado de activos se necesita la participaci\u00f3n y coordinaci\u00f3n de, al menos, una docena de instituciones, adem\u00e1s de la UAFE. Porque al final todas estas problem\u00e1ticas son como la democracia, es un tema de contrapesos. S<\/span>iempre hay socios complementarios como ser\u00eda el SRI. <span style=\"color: #000000;\">Es decir, ese es el enfoque integral en todas las \u00e1reas de cooperaci\u00f3n.<\/span><\/p>\n<p style=\"font-weight: 400;\"><strong><b>&#8211;<\/b><\/strong><strong><b>\u00bfH<\/b><\/strong><strong><b>ay<\/b><\/strong><strong><b>\u00a0alg\u00fan<\/b><\/strong><strong><b>\u00a0mecanismo de rendici\u00f3n de cuentas del gobierno como receptor de ayuda econ\u00f3mica o de capacitaci\u00f3n<\/b><\/strong><strong><b>, con resultados concretos<\/b><\/strong><strong><b>, medibles<\/b><\/strong><strong><b>?<\/b><\/strong><strong><b>\u00a0<\/b><\/strong><strong><b>Por ejemplo, si hay un problema recurrente de corrupci\u00f3n en los puertos, un patr\u00f3n, \u00a0ustedes no pueden sugerir la aplicaci\u00f3n de protocolos que deben aplicar las autoridades de control, como pruebas de confianza constantes, por ejemplo?<\/b><\/strong><br \/>\n-Sobre la base de un programa de cooperaci\u00f3n hay evaluaciones que se realizan al final de los convenios. Lo que he descrito es una nueva generaci\u00f3n de proyectos que arranc\u00f3 en el 2024. Entonces, por ejemplo, uno de estos proyectos termina su primera fase este a\u00f1o, y ah\u00ed obviamente en los mecanismos internos de los programas de cooperaci\u00f3n existen mecanismos de evaluaci\u00f3n. Ah\u00ed se pueden pedir justamente estas cifras comparativas y hacer recomendaciones.<\/p>\n<p style=\"font-weight: 400;\"><strong><b>-\u00bfPero en las actuales circunstancias no es el momento de replantear ese enfoque porque vivimos una situaci\u00f3n <\/b><\/strong><strong><b>estructural <\/b><\/strong><strong><b>de criminalidad y violencia sin precedentes<\/b><\/strong><strong><b>. Adem\u00e1s las incautaciones en puertos de destino aumentaron en la UE y en puertos de Ecuador disminuyeron<\/b><\/strong><strong><b>? <\/b><\/strong><strong><b><br \/>\n<\/b><\/strong><strong><b>&#8211;<\/b><\/strong>El aspecto estructural de las drogas, del narcotr\u00e1fico, es un problema compartido. Nosotros creemos que nuestra cooperaci\u00f3n es parte de nuestra corresponsabilidad. Cuando nosotros iniciamos con el tema penitenciario fue a pedido del Gobierno y la Uni\u00f3n Europea lider\u00f3 esta causa con su estado miembro Italia. Es otro proyecto que ejecutamos entre el 2022 y 2024. Y el resultado concreto fue que el nivel de los asesinatos en los centros penitenciarios hab\u00eda bajado, a un 17%.<\/p>\n<p style=\"font-weight: 400;\"><strong><b>&#8211;<\/b><\/strong><strong><b>\u00bfDesde el 21 cuando se desataron las matanzas?<\/b><\/strong><strong><b><br \/>\n<\/b><\/strong><strong><b>&#8211;<\/b><\/strong>Exactamente. Entonces, nuestra respuesta fue r\u00e1pida y fue, bueno, como equipo Europa, involucrando a nuestros estados miembros, a su experiencia, a sus expertos, trabajando mano a mano con el gobierno de Ecuador. Aunque este tipo de resultado es muy dif\u00edcil medir si hubo una disminuci\u00f3n del 17% en los homicidios los \u00faltimos a\u00f1os en los centros. Hay aspectos muy internos en los cuales nosotros, como actores externos, no podemos interferir, pero hemos apoyado en todo lo que hemos podido, con toda nuestra experiencia.<\/p>\n<figure id=\"attachment_11764\" aria-describedby=\"caption-attachment-11764\" style=\"width: 1806px\" class=\"wp-caption alignleft\"><img loading=\"lazy\" decoding=\"async\" class=\"wp-image-11764 size-full\" src=\"https:\/\/www.codigovidrio.com\/code\/wp-content\/uploads\/2026\/03\/Captura-de-pantalla-2026-03-14-a-las-20.08.02.png\" alt=\"\" width=\"1816\" height=\"1228\" srcset=\"https:\/\/www.codigovidrio.com\/code\/wp-content\/uploads\/2026\/03\/Captura-de-pantalla-2026-03-14-a-las-20.08.02.png 1816w, https:\/\/www.codigovidrio.com\/code\/wp-content\/uploads\/2026\/03\/Captura-de-pantalla-2026-03-14-a-las-20.08.02-300x203.png 300w, https:\/\/www.codigovidrio.com\/code\/wp-content\/uploads\/2026\/03\/Captura-de-pantalla-2026-03-14-a-las-20.08.02-1024x692.png 1024w, https:\/\/www.codigovidrio.com\/code\/wp-content\/uploads\/2026\/03\/Captura-de-pantalla-2026-03-14-a-las-20.08.02-768x519.png 768w, https:\/\/www.codigovidrio.com\/code\/wp-content\/uploads\/2026\/03\/Captura-de-pantalla-2026-03-14-a-las-20.08.02-1536x1039.png 1536w\" sizes=\"(max-width: 1816px) 100vw, 1816px\" \/><figcaption id=\"caption-attachment-11764\" class=\"wp-caption-text\"><strong>El 11 de septiembre, la Embajadora Jekaterina Dorodnova present\u00f3 copia de sus cartas credenciales ante la Ministra de Relaciones Exteriores y Movilidad Humana, Gabriela Sommerfeld, en una reuni\u00f3n que se llev\u00f3 a cabo en la Canciller\u00eda. Foto de archivo<\/strong><\/figcaption><\/figure>\n<p style=\"font-weight: 400;\">&#8211;<strong><b>Claro, y tambi\u00e9n la responsabilidad principal es del Gobierno.<\/b><\/strong><strong><b><br \/>\n<\/b><\/strong>-Y hay tareas puramente nacionales del gobierno de Ecuador que tiene que enfrentar. Pero cuando solicita Ecuador esa cooperaci\u00f3n en un sector tan sensible, tan delicado, tan importante, que tambi\u00e9n es de nuestro inter\u00e9s, nosotros intervenimos.<\/p>\n<p style=\"font-weight: 400;\"><strong><b>-\u00bfExiste un seguimiento del proceso de lo que est\u00e1 pasando dentro de las c\u00e1rceles, aparte de los homicidios? Porque lo que hemos visto es, en cambio, que aumentaron las torturas y maltratos, la salud se deterior\u00f3. Hay muchos m\u00e1s casos de tuberculosis, muertes por enfermedades cr\u00f3nicas?<\/b><\/strong><strong><b><br \/>\n<\/b><\/strong>-Lo que est\u00e1 pasando en los otros centros penitenciarios sigue siendo m\u00e1s o menos el modelo de gobernanza criminal, no ha cambiado en varias c\u00e1rceles. Entendemos que el modelo en el que se est\u00e1n cambiando esas l\u00f3gicas de crisis es la c\u00e1rcel de El Encuentro. Pero precisamente desde 2022 estamos trabajando a fondo en las c\u00e1rceles, somos la \u00fanica cooperaci\u00f3n internacional que est\u00e1 abordando los problemas penitenciarios de manera bilateral y continua hace cuatro a\u00f1os. Nuestro \u00e9nfasis es en seguridad e inteligencia penitenciaria.<\/p>\n<p style=\"font-weight: 400;\"><strong><b>\u00bfPero en estos otros problemas por el deterioro de la salud, malos tratos, torturas denunciadas por derechos humanos, ustedes est\u00e1n haciendo alg\u00fan seguimiento, a\u00fan existe el apoyo de la UE?<br \/>\n<\/b><\/strong>-Tenemos la segunda fase que se ve reflejada en el componente n\u00famero 2 del programa SERPAZ, el cu\u00e1l arrancamos oficialmente en julio del a\u00f1o pasado. Estamos abordando la problem\u00e1tica de los centros penitenciarios en el Ecuador tomando en cuenta el enfoque de Derechos Humanos.<\/p>\n<p style=\"font-weight: 400;\"><strong><b>\u00bfCu\u00e1les son las prioridades de la cooperaci\u00f3n de la UE con Ecuador? <\/b><\/strong><strong><b><br \/>\n<\/b><\/strong>-Una de ellas es el Centro de Fusi\u00f3n de Inteligencia. Nuestra cooperaci\u00f3n se enfoca en planificaci\u00f3n a largo plazo para que a nivel nacional luego el Gobierno pueda seguir avanzando de manera sostenible. El objetivo final de la cooperaci\u00f3n internacional es que al final el Estado asuma totalmente esas competencias. Francia est\u00e1 liderando este centro de fusi\u00f3n, B\u00e9lgica nos brind\u00f3 un experto de su polic\u00eda federal, Portugal un experto de su polic\u00eda judicial.<\/p>\n<p><strong><b>-\u00bfHasta d\u00f3nde lleg\u00f3 el apoyo de la UE para la operatividad del centro?<\/b><\/strong><strong><b><br \/>\n<\/b><\/strong>-Total.<strong><b>\u00a0<\/b><\/strong>As\u00ed que, este centro lo establecimos\u00a0completamente con fondos de la UE, pagamos las instalaciones, el software, los ordenadores, los expertos, su estancia, la seguridad del centro. Pero, a largo plazo, queremos que ese complejo de acopio y procesamiento de informaci\u00f3n sea del gobierno, que sea puramente ecuatoriano, porque ah\u00ed est\u00e1n sentados, coordinando, intercambiando datos\u00a0las Fuerzas Armadas, Antinarc\u00f3ticos,\u00a0el Ministerio del Interior. Est\u00e1n todas esas autoridades de seguridad de Guayaquil sentadas en la misma mesa, hablando, coordinando, integrando datos para luego hacer operativos en tiempo real. Nosotros tambi\u00e9n accedemos\u00a0a esa informaci\u00f3n, para ayudar en las incautaciones, en las investigaciones\u00a0y operativos. Por eso, yo creo que este centro que hemos impulsado\u00a0es\u00a0estrat\u00e9gico para el estado ecuatoriano.<\/p>\n<p style=\"font-weight: 400;\"><strong><b>-Vuelvo a lo de los puertos y el tema que es un inter\u00e9s fundamental para la Uni\u00f3n Europea porque se volvi\u00f3 el principal destino de la coca\u00edna que sale por Ecuador. \u00bfQu\u00e9 escenario prev\u00e9n ustedes porque todas las previsiones indican que la demanda y producci\u00f3n seguir\u00e1n aument<\/b><\/strong><strong><b>ando, hay nuevos mercados, no solo el europeo sino asi\u00e1tico, Australia, Rusia?<\/b><\/strong><strong><b><br \/>\n<\/b><\/strong>-Bueno, nosotros nos damos cuenta de que la capacidad operativa del crimen organizado es muy alta y ha aumentando. Tenemos que ser m\u00e1s eficaces, m\u00e1s r\u00e1pidos. La tendencia es que aumentar\u00e1n los intentos de contaminar las exportaciones del narcotr\u00e1fico desde Ecuador. Y creo tambi\u00e9n que una mejor cooperaci\u00f3n internacional, cuyos frutos ya se ven reflejados en las investigaciones, producir\u00e1 en el futuro m\u00e1s incautaciones. Y s\u00ed, se espera el env\u00edo de m\u00e1s cantidades de drogas, de nuevas rutas, y metodolog\u00edas, de las operaciones criminales. Entonces, el panorama no se presenta muy optimista. Por eso, justamente, tenemos que aumentar nuestros esfuerzos.<\/p>\n<p style=\"font-weight: 400;\"><strong><b>-Porque lo que se prev\u00e9, adem\u00e1s, seg\u00fan este \u00edndice mundial del crimen organizado, es que no va a crecer, lo que m\u00e1s van a crecer son los delitos financieros y cibern\u00e9ticos. Y me preocupa porque hacia all\u00e1 est\u00e1n yendo<\/b><\/strong><strong><b>\u00a0estas organizaciones delictivas transnacionales<\/b><\/strong><strong><b>. <\/b><\/strong><strong><b>T<\/b><\/strong><strong><b>ienen las facilidades en <\/b><\/strong><strong><b>que los <\/b><\/strong><strong><b>sistemas financieros <\/b><\/strong><strong><b>de control son <\/b><\/strong><strong><b>d\u00e9biles <\/b><\/strong><strong><b>para detectar inversiones de criptomonedas del crimen organizado. No hay informaci\u00f3n, un mapeo, no tienen un diagn\u00f3stico. <\/b><\/strong><strong><b><br \/>\n<\/b><\/strong>-Pero quiz\u00e1s otros pa\u00edses tienen datos. Por eso es tan importante cooperar. Quiz\u00e1s Colombia, quiz\u00e1s Per\u00fa, que enfrentan la misma problem\u00e1tica que Ecuador.Y en el Ecuador tenemos un programa que aborda justamente el tema de delitos cibern\u00e9ticos, fue inaugurado hace dos semanas, por lo que se prev\u00e9 un programa de interoperabilidad digital cuya contraparte es el MINTE. En el componente de delitos, digamos, cibern\u00e9ticos est\u00e1 el Ministerio del Interior directamente, con cooperaci\u00f3n de Espa\u00f1a y Estonia, la Academia de Gobernabilidad Digital.<\/p>\n<p style=\"font-weight: 400;\"><strong><b>-Al analizar el \u00e9nfasis de la cooperaci\u00f3n internacional se ve claramente dos enfoques: uno que es liderado por EE.UU. en el campo m\u00e1s t\u00e1ctico, en incautaciones y persecuci\u00f3n de los criminales y otro de la UE, con mayor peso en la capacitaci\u00f3n y fortalecimiento institucional, en la prevenci\u00f3n. \u00a0<\/b><\/strong><strong><b><br \/>\n<\/b><\/strong><strong><b>&#8211;<\/b><\/strong>Si, nuestro enfoque es m\u00e1s colaborativo entre varios actores de de inteligencia. Por eso nuestro inter\u00e9s en financiar la creaci\u00f3n del centro de fusi\u00f3n que ya est\u00e1 operando. Hay una diferencia marcada.<\/p>\n<p style=\"font-weight: 400;\"><strong><b>-Claro eso tambi\u00e9n es evidente y notorio en el nombre que ustedes le han puesto a su principal proyecto Serpaz, diferente al enfoque del gobierno, que se podr\u00eda llamar Serguerra donde quienes delinquen son encasillados como los enemigos a ser eliminados, encerrados si es posible de por vida, no rehabilitados. \u00a0\u00a0\u00a0\u00a0\u00a0\u00a0<\/b><\/strong><strong><b><br \/>\n<\/b><\/strong>-Estamos manteniendo conversaciones sobre todos estos temas con diferentes instituciones y autoridades del gobierno. Abordando el tema del uso de la prisi\u00f3n preventiva, estamos presentando experiencias europeas en esta materia, en ese sentido nuestros expertos han identificado que aqu\u00ed en Ecuador su aplicaci\u00f3n es bastante amplia. Para nosotros deber\u00eda ser el \u00faltimo recurso. Pero esas son decisiones y temas que debe discutirlas el Estado, el poder judicial. Nosotros nos limitamos a apoyar con la mayor cantidad de insumos y expertis posible.<\/p>\n","protected":false},"excerpt":{"rendered":"<p>ENTREVISTA \u25ca La embajadora de la Uni\u00f3n Europea en Ecuador, Jekaterina Dor\u00f3dnova, vaticina un escenario cada vez m\u00e1s complejo en la lucha contra el crimen organizado que sigue creciendo a nivel global, con una repercusi\u00f3n directa por el aumento de los env\u00edos de coca\u00edna desde Ecuador. No obstante, asegura que la cooperaci\u00f3n internacional y la &#8230; <a title=\"Seg\u00fan la Embajadora de la Uni\u00f3n Europea: \u201cSe debe reforzar el combate al crimen organizado de forma integral, no solo militar\u201d\" class=\"read-more\" href=\"https:\/\/www.codigovidrio.com\/code\/la-corrupcion-en-el-estado-es-un-gran-obstaculo-para-enfrentar-al-crimen-en-ecuador-segun-la-embajadora-de-la-union-europea\/\">leer m\u00e1s&#8230;<\/a><\/p>\n","protected":false},"author":2,"featured_media":11762,"comment_status":"open","ping_status":"closed","sticky":false,"template":"","format":"standard","meta":{"generate_page_header":"","footnotes":""},"categories":[211],"tags":[],"yoast_head":"<!-- This site is optimized with the Yoast SEO plugin v23.5 - https:\/\/yoast.com\/wordpress\/plugins\/seo\/ -->\n<title>Seg\u00fan la Embajadora de la Uni\u00f3n Europea: \u201cSe debe reforzar el combate al crimen organizado de forma integral, no solo militar\u201d - C\u00f3digo Vidrio<\/title>\n<meta name=\"robots\" content=\"index, follow, max-snippet:-1, max-image-preview:large, max-video-preview:-1\" \/>\n<link rel=\"canonical\" href=\"https:\/\/www.codigovidrio.com\/code\/la-corrupcion-en-el-estado-es-un-gran-obstaculo-para-enfrentar-al-crimen-en-ecuador-segun-la-embajadora-de-la-union-europea\/\" \/>\n<meta property=\"og:locale\" content=\"es_ES\" \/>\n<meta property=\"og:type\" content=\"article\" \/>\n<meta property=\"og:title\" content=\"Seg\u00fan la Embajadora de la Uni\u00f3n Europea: \u201cSe debe reforzar el combate al crimen organizado de forma integral, no solo militar\u201d - C\u00f3digo Vidrio\" \/>\n<meta property=\"og:description\" content=\"ENTREVISTA \u25ca La embajadora de la Uni\u00f3n Europea en Ecuador, Jekaterina Dor\u00f3dnova, vaticina un escenario cada vez m\u00e1s complejo en la lucha contra el crimen organizado que sigue creciendo a nivel global, con una repercusi\u00f3n directa por el aumento de los env\u00edos de coca\u00edna desde Ecuador. No obstante, asegura que la cooperaci\u00f3n internacional y la ... leer m\u00e1s...\" \/>\n<meta property=\"og:url\" content=\"https:\/\/www.codigovidrio.com\/code\/la-corrupcion-en-el-estado-es-un-gran-obstaculo-para-enfrentar-al-crimen-en-ecuador-segun-la-embajadora-de-la-union-europea\/\" \/>\n<meta property=\"og:site_name\" content=\"C\u00f3digo Vidrio\" \/>\n<meta property=\"article:published_time\" content=\"2026-03-17T05:54:26+00:00\" \/>\n<meta property=\"article:modified_time\" content=\"2026-03-17T13:01:07+00:00\" \/>\n<meta property=\"og:image\" content=\"https:\/\/www.codigovidrio.com\/code\/wp-content\/uploads\/2026\/03\/IMG_8036.jpg\" \/>\n\t<meta property=\"og:image:width\" content=\"1412\" \/>\n\t<meta property=\"og:image:height\" content=\"821\" \/>\n\t<meta property=\"og:image:type\" content=\"image\/jpeg\" \/>\n<meta name=\"author\" content=\"Codigo Vidrio Admin\" \/>\n<meta name=\"twitter:card\" content=\"summary_large_image\" \/>\n<meta name=\"twitter:label1\" content=\"Escrito por\" \/>\n\t<meta name=\"twitter:data1\" content=\"Codigo Vidrio Admin\" \/>\n\t<meta name=\"twitter:label2\" content=\"Tiempo de lectura\" \/>\n\t<meta name=\"twitter:data2\" content=\"14 minutos\" \/>\n<script type=\"application\/ld+json\" class=\"yoast-schema-graph\">{\"@context\":\"https:\/\/schema.org\",\"@graph\":[{\"@type\":\"Article\",\"@id\":\"https:\/\/www.codigovidrio.com\/code\/la-corrupcion-en-el-estado-es-un-gran-obstaculo-para-enfrentar-al-crimen-en-ecuador-segun-la-embajadora-de-la-union-europea\/#article\",\"isPartOf\":{\"@id\":\"https:\/\/www.codigovidrio.com\/code\/la-corrupcion-en-el-estado-es-un-gran-obstaculo-para-enfrentar-al-crimen-en-ecuador-segun-la-embajadora-de-la-union-europea\/\"},\"author\":{\"name\":\"Codigo Vidrio Admin\",\"@id\":\"https:\/\/www.codigovidrio.com\/code\/#\/schema\/person\/974bc7a5b889699d012b2343dc68fc6e\"},\"headline\":\"Seg\u00fan la Embajadora de la Uni\u00f3n Europea: \u201cSe debe reforzar el combate al crimen organizado de forma integral, no solo militar\u201d\",\"datePublished\":\"2026-03-17T05:54:26+00:00\",\"dateModified\":\"2026-03-17T13:01:07+00:00\",\"mainEntityOfPage\":{\"@id\":\"https:\/\/www.codigovidrio.com\/code\/la-corrupcion-en-el-estado-es-un-gran-obstaculo-para-enfrentar-al-crimen-en-ecuador-segun-la-embajadora-de-la-union-europea\/\"},\"wordCount\":3082,\"commentCount\":0,\"publisher\":{\"@id\":\"https:\/\/www.codigovidrio.com\/code\/#organization\"},\"image\":{\"@id\":\"https:\/\/www.codigovidrio.com\/code\/la-corrupcion-en-el-estado-es-un-gran-obstaculo-para-enfrentar-al-crimen-en-ecuador-segun-la-embajadora-de-la-union-europea\/#primaryimage\"},\"thumbnailUrl\":\"https:\/\/www.codigovidrio.com\/code\/wp-content\/uploads\/2026\/03\/IMG_8036.jpg\",\"articleSection\":[\"Especiales\"],\"inLanguage\":\"es\",\"potentialAction\":[{\"@type\":\"CommentAction\",\"name\":\"Comment\",\"target\":[\"https:\/\/www.codigovidrio.com\/code\/la-corrupcion-en-el-estado-es-un-gran-obstaculo-para-enfrentar-al-crimen-en-ecuador-segun-la-embajadora-de-la-union-europea\/#respond\"]}]},{\"@type\":\"WebPage\",\"@id\":\"https:\/\/www.codigovidrio.com\/code\/la-corrupcion-en-el-estado-es-un-gran-obstaculo-para-enfrentar-al-crimen-en-ecuador-segun-la-embajadora-de-la-union-europea\/\",\"url\":\"https:\/\/www.codigovidrio.com\/code\/la-corrupcion-en-el-estado-es-un-gran-obstaculo-para-enfrentar-al-crimen-en-ecuador-segun-la-embajadora-de-la-union-europea\/\",\"name\":\"Seg\u00fan la Embajadora de la Uni\u00f3n Europea: \u201cSe debe reforzar el combate al crimen organizado de forma integral, no solo militar\u201d - C\u00f3digo Vidrio\",\"isPartOf\":{\"@id\":\"https:\/\/www.codigovidrio.com\/code\/#website\"},\"primaryImageOfPage\":{\"@id\":\"https:\/\/www.codigovidrio.com\/code\/la-corrupcion-en-el-estado-es-un-gran-obstaculo-para-enfrentar-al-crimen-en-ecuador-segun-la-embajadora-de-la-union-europea\/#primaryimage\"},\"image\":{\"@id\":\"https:\/\/www.codigovidrio.com\/code\/la-corrupcion-en-el-estado-es-un-gran-obstaculo-para-enfrentar-al-crimen-en-ecuador-segun-la-embajadora-de-la-union-europea\/#primaryimage\"},\"thumbnailUrl\":\"https:\/\/www.codigovidrio.com\/code\/wp-content\/uploads\/2026\/03\/IMG_8036.jpg\",\"datePublished\":\"2026-03-17T05:54:26+00:00\",\"dateModified\":\"2026-03-17T13:01:07+00:00\",\"breadcrumb\":{\"@id\":\"https:\/\/www.codigovidrio.com\/code\/la-corrupcion-en-el-estado-es-un-gran-obstaculo-para-enfrentar-al-crimen-en-ecuador-segun-la-embajadora-de-la-union-europea\/#breadcrumb\"},\"inLanguage\":\"es\",\"potentialAction\":[{\"@type\":\"ReadAction\",\"target\":[\"https:\/\/www.codigovidrio.com\/code\/la-corrupcion-en-el-estado-es-un-gran-obstaculo-para-enfrentar-al-crimen-en-ecuador-segun-la-embajadora-de-la-union-europea\/\"]}]},{\"@type\":\"ImageObject\",\"inLanguage\":\"es\",\"@id\":\"https:\/\/www.codigovidrio.com\/code\/la-corrupcion-en-el-estado-es-un-gran-obstaculo-para-enfrentar-al-crimen-en-ecuador-segun-la-embajadora-de-la-union-europea\/#primaryimage\",\"url\":\"https:\/\/www.codigovidrio.com\/code\/wp-content\/uploads\/2026\/03\/IMG_8036.jpg\",\"contentUrl\":\"https:\/\/www.codigovidrio.com\/code\/wp-content\/uploads\/2026\/03\/IMG_8036.jpg\",\"width\":1412,\"height\":821},{\"@type\":\"BreadcrumbList\",\"@id\":\"https:\/\/www.codigovidrio.com\/code\/la-corrupcion-en-el-estado-es-un-gran-obstaculo-para-enfrentar-al-crimen-en-ecuador-segun-la-embajadora-de-la-union-europea\/#breadcrumb\",\"itemListElement\":[{\"@type\":\"ListItem\",\"position\":1,\"name\":\"Portada\",\"item\":\"https:\/\/www.codigovidrio.com\/code\/\"},{\"@type\":\"ListItem\",\"position\":2,\"name\":\"Seg\u00fan la Embajadora de la Uni\u00f3n Europea: \u201cSe debe reforzar el combate al crimen organizado de forma integral, no solo militar\u201d\"}]},{\"@type\":\"WebSite\",\"@id\":\"https:\/\/www.codigovidrio.com\/code\/#website\",\"url\":\"https:\/\/www.codigovidrio.com\/code\/\",\"name\":\"C\u00f3digo Vidrio\",\"description\":\"Transparentamos las historias ocultas\",\"publisher\":{\"@id\":\"https:\/\/www.codigovidrio.com\/code\/#organization\"},\"potentialAction\":[{\"@type\":\"SearchAction\",\"target\":{\"@type\":\"EntryPoint\",\"urlTemplate\":\"https:\/\/www.codigovidrio.com\/code\/?s={search_term_string}\"},\"query-input\":{\"@type\":\"PropertyValueSpecification\",\"valueRequired\":true,\"valueName\":\"search_term_string\"}}],\"inLanguage\":\"es\"},{\"@type\":\"Organization\",\"@id\":\"https:\/\/www.codigovidrio.com\/code\/#organization\",\"name\":\"C\u00f3digo Vidrio\",\"url\":\"https:\/\/www.codigovidrio.com\/code\/\",\"logo\":{\"@type\":\"ImageObject\",\"inLanguage\":\"es\",\"@id\":\"https:\/\/www.codigovidrio.com\/code\/#\/schema\/logo\/image\/\",\"url\":\"https:\/\/www.codigovidrio.com\/code\/wp-content\/uploads\/2022\/01\/logo-horiz-08.png\",\"contentUrl\":\"https:\/\/www.codigovidrio.com\/code\/wp-content\/uploads\/2022\/01\/logo-horiz-08.png\",\"width\":817,\"height\":294,\"caption\":\"C\u00f3digo Vidrio\"},\"image\":{\"@id\":\"https:\/\/www.codigovidrio.com\/code\/#\/schema\/logo\/image\/\"}},{\"@type\":\"Person\",\"@id\":\"https:\/\/www.codigovidrio.com\/code\/#\/schema\/person\/974bc7a5b889699d012b2343dc68fc6e\",\"name\":\"Codigo Vidrio Admin\",\"url\":\"https:\/\/www.codigovidrio.com\/code\/author\/vidrio-admin\/\"}]}<\/script>\n<!-- \/ Yoast SEO plugin. -->","yoast_head_json":{"title":"Seg\u00fan la Embajadora de la Uni\u00f3n Europea: \u201cSe debe reforzar el combate al crimen organizado de forma integral, no solo militar\u201d - C\u00f3digo Vidrio","robots":{"index":"index","follow":"follow","max-snippet":"max-snippet:-1","max-image-preview":"max-image-preview:large","max-video-preview":"max-video-preview:-1"},"canonical":"https:\/\/www.codigovidrio.com\/code\/la-corrupcion-en-el-estado-es-un-gran-obstaculo-para-enfrentar-al-crimen-en-ecuador-segun-la-embajadora-de-la-union-europea\/","og_locale":"es_ES","og_type":"article","og_title":"Seg\u00fan la Embajadora de la Uni\u00f3n Europea: \u201cSe debe reforzar el combate al crimen organizado de forma integral, no solo militar\u201d - C\u00f3digo Vidrio","og_description":"ENTREVISTA \u25ca La embajadora de la Uni\u00f3n Europea en Ecuador, Jekaterina Dor\u00f3dnova, vaticina un escenario cada vez m\u00e1s complejo en la lucha contra el crimen organizado que sigue creciendo a nivel global, con una repercusi\u00f3n directa por el aumento de los env\u00edos de coca\u00edna desde Ecuador. No obstante, asegura que la cooperaci\u00f3n internacional y la ... leer m\u00e1s...","og_url":"https:\/\/www.codigovidrio.com\/code\/la-corrupcion-en-el-estado-es-un-gran-obstaculo-para-enfrentar-al-crimen-en-ecuador-segun-la-embajadora-de-la-union-europea\/","og_site_name":"C\u00f3digo Vidrio","article_published_time":"2026-03-17T05:54:26+00:00","article_modified_time":"2026-03-17T13:01:07+00:00","og_image":[{"width":1412,"height":821,"url":"https:\/\/www.codigovidrio.com\/code\/wp-content\/uploads\/2026\/03\/IMG_8036.jpg","type":"image\/jpeg"}],"author":"Codigo Vidrio Admin","twitter_card":"summary_large_image","twitter_misc":{"Escrito por":"Codigo Vidrio Admin","Tiempo de lectura":"14 minutos"},"schema":{"@context":"https:\/\/schema.org","@graph":[{"@type":"Article","@id":"https:\/\/www.codigovidrio.com\/code\/la-corrupcion-en-el-estado-es-un-gran-obstaculo-para-enfrentar-al-crimen-en-ecuador-segun-la-embajadora-de-la-union-europea\/#article","isPartOf":{"@id":"https:\/\/www.codigovidrio.com\/code\/la-corrupcion-en-el-estado-es-un-gran-obstaculo-para-enfrentar-al-crimen-en-ecuador-segun-la-embajadora-de-la-union-europea\/"},"author":{"name":"Codigo Vidrio Admin","@id":"https:\/\/www.codigovidrio.com\/code\/#\/schema\/person\/974bc7a5b889699d012b2343dc68fc6e"},"headline":"Seg\u00fan la Embajadora de la Uni\u00f3n Europea: \u201cSe debe reforzar el combate al crimen organizado de forma integral, no solo militar\u201d","datePublished":"2026-03-17T05:54:26+00:00","dateModified":"2026-03-17T13:01:07+00:00","mainEntityOfPage":{"@id":"https:\/\/www.codigovidrio.com\/code\/la-corrupcion-en-el-estado-es-un-gran-obstaculo-para-enfrentar-al-crimen-en-ecuador-segun-la-embajadora-de-la-union-europea\/"},"wordCount":3082,"commentCount":0,"publisher":{"@id":"https:\/\/www.codigovidrio.com\/code\/#organization"},"image":{"@id":"https:\/\/www.codigovidrio.com\/code\/la-corrupcion-en-el-estado-es-un-gran-obstaculo-para-enfrentar-al-crimen-en-ecuador-segun-la-embajadora-de-la-union-europea\/#primaryimage"},"thumbnailUrl":"https:\/\/www.codigovidrio.com\/code\/wp-content\/uploads\/2026\/03\/IMG_8036.jpg","articleSection":["Especiales"],"inLanguage":"es","potentialAction":[{"@type":"CommentAction","name":"Comment","target":["https:\/\/www.codigovidrio.com\/code\/la-corrupcion-en-el-estado-es-un-gran-obstaculo-para-enfrentar-al-crimen-en-ecuador-segun-la-embajadora-de-la-union-europea\/#respond"]}]},{"@type":"WebPage","@id":"https:\/\/www.codigovidrio.com\/code\/la-corrupcion-en-el-estado-es-un-gran-obstaculo-para-enfrentar-al-crimen-en-ecuador-segun-la-embajadora-de-la-union-europea\/","url":"https:\/\/www.codigovidrio.com\/code\/la-corrupcion-en-el-estado-es-un-gran-obstaculo-para-enfrentar-al-crimen-en-ecuador-segun-la-embajadora-de-la-union-europea\/","name":"Seg\u00fan la Embajadora de la Uni\u00f3n Europea: \u201cSe debe reforzar el combate al crimen organizado de forma integral, no solo militar\u201d - C\u00f3digo Vidrio","isPartOf":{"@id":"https:\/\/www.codigovidrio.com\/code\/#website"},"primaryImageOfPage":{"@id":"https:\/\/www.codigovidrio.com\/code\/la-corrupcion-en-el-estado-es-un-gran-obstaculo-para-enfrentar-al-crimen-en-ecuador-segun-la-embajadora-de-la-union-europea\/#primaryimage"},"image":{"@id":"https:\/\/www.codigovidrio.com\/code\/la-corrupcion-en-el-estado-es-un-gran-obstaculo-para-enfrentar-al-crimen-en-ecuador-segun-la-embajadora-de-la-union-europea\/#primaryimage"},"thumbnailUrl":"https:\/\/www.codigovidrio.com\/code\/wp-content\/uploads\/2026\/03\/IMG_8036.jpg","datePublished":"2026-03-17T05:54:26+00:00","dateModified":"2026-03-17T13:01:07+00:00","breadcrumb":{"@id":"https:\/\/www.codigovidrio.com\/code\/la-corrupcion-en-el-estado-es-un-gran-obstaculo-para-enfrentar-al-crimen-en-ecuador-segun-la-embajadora-de-la-union-europea\/#breadcrumb"},"inLanguage":"es","potentialAction":[{"@type":"ReadAction","target":["https:\/\/www.codigovidrio.com\/code\/la-corrupcion-en-el-estado-es-un-gran-obstaculo-para-enfrentar-al-crimen-en-ecuador-segun-la-embajadora-de-la-union-europea\/"]}]},{"@type":"ImageObject","inLanguage":"es","@id":"https:\/\/www.codigovidrio.com\/code\/la-corrupcion-en-el-estado-es-un-gran-obstaculo-para-enfrentar-al-crimen-en-ecuador-segun-la-embajadora-de-la-union-europea\/#primaryimage","url":"https:\/\/www.codigovidrio.com\/code\/wp-content\/uploads\/2026\/03\/IMG_8036.jpg","contentUrl":"https:\/\/www.codigovidrio.com\/code\/wp-content\/uploads\/2026\/03\/IMG_8036.jpg","width":1412,"height":821},{"@type":"BreadcrumbList","@id":"https:\/\/www.codigovidrio.com\/code\/la-corrupcion-en-el-estado-es-un-gran-obstaculo-para-enfrentar-al-crimen-en-ecuador-segun-la-embajadora-de-la-union-europea\/#breadcrumb","itemListElement":[{"@type":"ListItem","position":1,"name":"Portada","item":"https:\/\/www.codigovidrio.com\/code\/"},{"@type":"ListItem","position":2,"name":"Seg\u00fan la Embajadora de la Uni\u00f3n Europea: \u201cSe debe reforzar el combate al crimen organizado de forma integral, no solo militar\u201d"}]},{"@type":"WebSite","@id":"https:\/\/www.codigovidrio.com\/code\/#website","url":"https:\/\/www.codigovidrio.com\/code\/","name":"C\u00f3digo Vidrio","description":"Transparentamos las historias ocultas","publisher":{"@id":"https:\/\/www.codigovidrio.com\/code\/#organization"},"potentialAction":[{"@type":"SearchAction","target":{"@type":"EntryPoint","urlTemplate":"https:\/\/www.codigovidrio.com\/code\/?s={search_term_string}"},"query-input":{"@type":"PropertyValueSpecification","valueRequired":true,"valueName":"search_term_string"}}],"inLanguage":"es"},{"@type":"Organization","@id":"https:\/\/www.codigovidrio.com\/code\/#organization","name":"C\u00f3digo Vidrio","url":"https:\/\/www.codigovidrio.com\/code\/","logo":{"@type":"ImageObject","inLanguage":"es","@id":"https:\/\/www.codigovidrio.com\/code\/#\/schema\/logo\/image\/","url":"https:\/\/www.codigovidrio.com\/code\/wp-content\/uploads\/2022\/01\/logo-horiz-08.png","contentUrl":"https:\/\/www.codigovidrio.com\/code\/wp-content\/uploads\/2022\/01\/logo-horiz-08.png","width":817,"height":294,"caption":"C\u00f3digo Vidrio"},"image":{"@id":"https:\/\/www.codigovidrio.com\/code\/#\/schema\/logo\/image\/"}},{"@type":"Person","@id":"https:\/\/www.codigovidrio.com\/code\/#\/schema\/person\/974bc7a5b889699d012b2343dc68fc6e","name":"Codigo Vidrio Admin","url":"https:\/\/www.codigovidrio.com\/code\/author\/vidrio-admin\/"}]}},"_links":{"self":[{"href":"https:\/\/www.codigovidrio.com\/code\/wp-json\/wp\/v2\/posts\/11759"}],"collection":[{"href":"https:\/\/www.codigovidrio.com\/code\/wp-json\/wp\/v2\/posts"}],"about":[{"href":"https:\/\/www.codigovidrio.com\/code\/wp-json\/wp\/v2\/types\/post"}],"author":[{"embeddable":true,"href":"https:\/\/www.codigovidrio.com\/code\/wp-json\/wp\/v2\/users\/2"}],"replies":[{"embeddable":true,"href":"https:\/\/www.codigovidrio.com\/code\/wp-json\/wp\/v2\/comments?post=11759"}],"version-history":[{"count":43,"href":"https:\/\/www.codigovidrio.com\/code\/wp-json\/wp\/v2\/posts\/11759\/revisions"}],"predecessor-version":[{"id":11810,"href":"https:\/\/www.codigovidrio.com\/code\/wp-json\/wp\/v2\/posts\/11759\/revisions\/11810"}],"wp:featuredmedia":[{"embeddable":true,"href":"https:\/\/www.codigovidrio.com\/code\/wp-json\/wp\/v2\/media\/11762"}],"wp:attachment":[{"href":"https:\/\/www.codigovidrio.com\/code\/wp-json\/wp\/v2\/media?parent=11759"}],"wp:term":[{"taxonomy":"category","embeddable":true,"href":"https:\/\/www.codigovidrio.com\/code\/wp-json\/wp\/v2\/categories?post=11759"},{"taxonomy":"post_tag","embeddable":true,"href":"https:\/\/www.codigovidrio.com\/code\/wp-json\/wp\/v2\/tags?post=11759"}],"curies":[{"name":"wp","href":"https:\/\/api.w.org\/{rel}","templated":true}]}}