{"id":11748,"date":"2026-03-12T15:17:08","date_gmt":"2026-03-12T20:17:08","guid":{"rendered":"https:\/\/www.codigovidrio.com\/code\/?p=11748"},"modified":"2026-03-13T11:52:21","modified_gmt":"2026-03-13T16:52:21","slug":"caso-serbio-srdan-fiscalia-respalda-el-dictamen-que-exonera-a-7-de-procesados-por-delincuencia-organizada","status":"publish","type":"post","link":"https:\/\/www.codigovidrio.com\/code\/caso-serbio-srdan-fiscalia-respalda-el-dictamen-que-exonera-a-7-de-procesados-por-delincuencia-organizada\/","title":{"rendered":"Caso serbio Srdan: Fiscal\u00eda respalda el dictamen que exonera a 7 procesados por delincuencia organizada"},"content":{"rendered":"<h3><strong><span style=\"color: #ff6600;\">El caso contra 9 procesados contin\u00faa en la audiencia de evaluaci\u00f3n y preparatoria de juicio. La Fiscal\u00eda asegura que, de oficio, hizo un control jur\u00eddico de las resoluciones adoptadas por la fiscal Janeth Cueva, de la Unidad Nacional Especializada de Investigaci\u00f3n contra la Delincuencia Organizada Transnacional UNIDOT 10. \u00a0que desembocaron en un dictamen que absolvi\u00f3 de culpa a siete procesados en una caso de delincuencia organizada contra la organizaci\u00f3n liderada por el narco serbio Jezdimir Srdan. La Fiscal ha sido cuestionada por ese fallo que implic\u00f3 que el juez exculpe a los 7 implicados.<\/span><\/strong><\/h3>\n<p style=\"font-weight: 400;\"><strong>Redacci\u00f3n C\u00f3digo Vidrio<\/strong><\/p>\n<p style=\"font-weight: 400;\">La <strong>Fiscal\u00eda General del Estado<\/strong>\u00a0(FGE) se pronunci\u00f3 en relaci\u00f3n al proceso por <strong>delincuencia organizada<\/strong>, que involucra al <strong>serbio Jezdimir Srdan<\/strong>. El pronunciamiento institucional <strong>respalda <\/strong>la decisi\u00f3n de la <strong>agente fiscal<\/strong>, Janeth Cueva, quien est\u00e1 a cargo del expediente. El 26 de febrero, la funcionaria emiti\u00f3 un <strong>dictamen abstentivo<\/strong>. En \u00e9l, se <strong>inhibe de acusar<\/strong> a 7 de los 16 procesados en el caso, lo cual ha generado preocupaci\u00f3n entre organismos internacionales de cooperaci\u00f3n antidrogas y agentes, a cargo de la investigaci\u00f3n.<\/p>\n<p style=\"font-weight: 400;\">\u201cLa decisi\u00f3n de la <strong>agente fiscal<\/strong>\u00a0del caso se sustenta en un <strong>an\u00e1lisis objetivo, t\u00e9cnico y jur\u00eddico<\/strong>\u00a0de los <strong>elementos<\/strong>\u00a0de <strong>cargo<\/strong>\u00a0y de <strong>descargo<\/strong>\u00a0que constan en el expediente\u201d, asegur\u00f3 la FGE, a trav\u00e9s de un comunicado difundido en sus redes y plataformas sociales.<\/p>\n<p style=\"font-weight: 400;\"><strong><span style=\"color: #ff6600;\">La Fiscal\u00eda asegur\u00f3, adem\u00e1s, haber efectuado \u201cel correspondiente\u00a0control jur\u00eddico\u201d, de oficio, a las actuaciones de la agente fiscal. En ese proceso de control se verific\u00f3 que \u00e9stas \u201cse ajustan estrictamente a lo dispuesto en la normativa legal vigente, sin que se haya identificado ning\u00fan tipo de irregularidad\u00a0en su proceder\u201d.<\/span><\/strong><\/p>\n<p style=\"font-weight: 400;\">En su comunicado la FGE explic\u00f3 que las 7 personas fueron procesadas con base en el <strong>art\u00edculo 369 <\/strong>del C\u00f3digo Integral Penal (COIP), \u201cvigente a la fecha de los hechos\u201d, que se remiten al a\u00f1o 2020. \u00c9ste establece una pena de <strong>5 a 7 a\u00f1os de privaci\u00f3n de libertad<\/strong>\u00a0para quienes participen en <strong>calidad de colaboradores<\/strong>, en el delito de delincuencia organizada.<\/p>\n<p style=\"font-weight: 400;\">Seg\u00fan la instituci\u00f3n, el proceso penal contin\u00faa con la <strong>audiencia de evaluaci\u00f3n<\/strong>\u00a0y preparatoria de juicio contra otras 9 personas, procesadas por el mismo delito.<\/p>\n<p style=\"font-weight: 400;\">Y seg\u00fan su comunicado, la FGE calific\u00f3 como \u201c<strong>intentos de desacreditar<\/strong>\u00a0la labor que desarrolla en su lucha contra el crimen organizado\u201d. Enfatiz\u00f3, al tiempo, que <strong>rechaza esos intentos<\/strong>.<\/p>\n<p>Desde diciembre pasado el fiscal general, Carlos Leonardo Alarc\u00f3n, cambi\u00f3 a los fiscales de las unidades especiales que investigan casos de delincuencia transnacional y lavado de activos, que ten\u00edan varios a\u00f1os en funciones. Fueron reemplazados por funcionarios especializados en otras \u00e1reas como tr\u00e1nsito, g\u00e9nero y soluciones r\u00e1pidas. Al referirse a los motivos de los cambios el fiscal Alarc\u00f3n dijo, en entrevista con este medio: <strong><span style=\"color: #ff6600;\">\u00abLo que buscamos es un oxigenamiento de la instituci\u00f3n. En este contexto, a los compa\u00f1eros fiscales que estaban ya m\u00e1s de cinco a\u00f1os en las mismas unidades era importante desde mi perspectiva que tegan la oportunidad de estar en otras unidades, donde pueden aportar con todo su conocimiento. Y estas fiscal\u00edas especializadas son a nivel nacional. Llevan casos de alto impacto. En este contexto existen tambi\u00e9n otros compa\u00f1eros que tienen mucha experiencia y probidad para trabajar en estas unidades. Incluso hemos fortalecido y creado otra unidad especializada m\u00e1s\u00bb.<\/span><\/strong><\/p>\n<h3 style=\"text-align: center;\"><strong>Tres a\u00f1os de investigaci\u00f3n<\/strong><\/h3>\n<p style=\"font-weight: 400;\">La red de env\u00edo de <strong>drogas hacia Europ<\/strong>a a trav\u00e9s de cargamentos de productos de exportaci\u00f3n contaminados en puertos, liderada por un clan serbio, es investigada desde hace 3 a\u00f1os entre agentes antidrogas de Ecuador y varios pa\u00edses europeos. Con base en abundantes elementos probatorios, los investigadores sostienen que el grupo delincuencial es responsable de enviar casi diez toneladas de coca\u00edna a Europa, entre 2019 y 2020. Por este caso se abrieron tres juicios: por narcotr\u00e1fico, lavado de activos y delincuencia organizada.<\/p>\n<p style=\"font-weight: 400;\">El caso es conocido como \u2018<strong>Operaci\u00f3n Finisterra\u2019<\/strong>. Gracias a su investigaci\u00f3n lograron desarticular la red de env\u00edo de drogas hacia diferentes puertos en naciones europeas, en <strong>contenedores<\/strong>\u00a0con frutas y productos de mar, que <strong>contamina<\/strong><strong>ban<\/strong><strong>\u00a0con coca\u00edna<\/strong>.<\/p>\n<p style=\"font-weight: 400;\">A fines de 2025, el expediente vinculaba a 12 personas. En diciembre, a pocos d\u00edas de asumir el despacho de la unidad fiscal que investiga delitos transnacionales, la agente fiscal vincul\u00f3 a otras 4 personas al proceso. A fines febrero, emiti\u00f3 el dictamen abstentivo contra 7 personas. El proceso contin\u00faa contra otros 9 procesados.<\/p>\n","protected":false},"excerpt":{"rendered":"<p>El caso contra 9 procesados contin\u00faa en la audiencia de evaluaci\u00f3n y preparatoria de juicio. La Fiscal\u00eda asegura que, de oficio, hizo un control jur\u00eddico de las resoluciones adoptadas por la fiscal Janeth Cueva, de la Unidad Nacional Especializada de Investigaci\u00f3n contra la Delincuencia Organizada Transnacional UNIDOT 10. \u00a0que desembocaron en un dictamen que absolvi\u00f3 &#8230; <a title=\"Caso serbio Srdan: Fiscal\u00eda respalda el dictamen que exonera a 7 procesados por delincuencia organizada\" class=\"read-more\" href=\"https:\/\/www.codigovidrio.com\/code\/caso-serbio-srdan-fiscalia-respalda-el-dictamen-que-exonera-a-7-de-procesados-por-delincuencia-organizada\/\">leer m\u00e1s&#8230;<\/a><\/p>\n","protected":false},"author":2,"featured_media":11749,"comment_status":"open","ping_status":"closed","sticky":false,"template":"","format":"standard","meta":{"generate_page_header":"","footnotes":""},"categories":[211],"tags":[],"yoast_head":"<!-- This site is optimized with the Yoast SEO plugin v23.5 - https:\/\/yoast.com\/wordpress\/plugins\/seo\/ -->\n<title>Caso serbio Srdan: Fiscal\u00eda respalda el dictamen que exonera a 7 procesados por delincuencia organizada - C\u00f3digo Vidrio<\/title>\n<meta name=\"robots\" content=\"index, follow, max-snippet:-1, max-image-preview:large, max-video-preview:-1\" \/>\n<link rel=\"canonical\" href=\"https:\/\/www.codigovidrio.com\/code\/caso-serbio-srdan-fiscalia-respalda-el-dictamen-que-exonera-a-7-de-procesados-por-delincuencia-organizada\/\" \/>\n<meta property=\"og:locale\" content=\"es_ES\" \/>\n<meta property=\"og:type\" content=\"article\" \/>\n<meta property=\"og:title\" content=\"Caso serbio Srdan: Fiscal\u00eda respalda el dictamen que exonera a 7 procesados por delincuencia organizada - C\u00f3digo Vidrio\" \/>\n<meta property=\"og:description\" content=\"El caso contra 9 procesados contin\u00faa en la audiencia de evaluaci\u00f3n y preparatoria de juicio. La Fiscal\u00eda asegura que, de oficio, hizo un control jur\u00eddico de las resoluciones adoptadas por la fiscal Janeth Cueva, de la Unidad Nacional Especializada de Investigaci\u00f3n contra la Delincuencia Organizada Transnacional UNIDOT 10. \u00a0que desembocaron en un dictamen que absolvi\u00f3 ... leer m\u00e1s...\" \/>\n<meta property=\"og:url\" content=\"https:\/\/www.codigovidrio.com\/code\/caso-serbio-srdan-fiscalia-respalda-el-dictamen-que-exonera-a-7-de-procesados-por-delincuencia-organizada\/\" \/>\n<meta property=\"og:site_name\" content=\"C\u00f3digo Vidrio\" \/>\n<meta property=\"article:published_time\" content=\"2026-03-12T20:17:08+00:00\" \/>\n<meta property=\"article:modified_time\" content=\"2026-03-13T16:52:21+00:00\" \/>\n<meta property=\"og:image\" content=\"https:\/\/www.codigovidrio.com\/code\/wp-content\/uploads\/2026\/03\/Captura-de-pantalla-2026-03-12-a-las-15.01.17-1024x528.png\" \/>\n\t<meta property=\"og:image:width\" content=\"1024\" \/>\n\t<meta property=\"og:image:height\" content=\"528\" \/>\n\t<meta property=\"og:image:type\" content=\"image\/png\" \/>\n<meta name=\"author\" content=\"Codigo Vidrio Admin\" \/>\n<meta name=\"twitter:card\" content=\"summary_large_image\" \/>\n<meta name=\"twitter:label1\" content=\"Escrito por\" \/>\n\t<meta name=\"twitter:data1\" content=\"Codigo Vidrio Admin\" \/>\n\t<meta name=\"twitter:label2\" content=\"Tiempo de lectura\" \/>\n\t<meta name=\"twitter:data2\" content=\"4 minutos\" \/>\n<script type=\"application\/ld+json\" class=\"yoast-schema-graph\">{\"@context\":\"https:\/\/schema.org\",\"@graph\":[{\"@type\":\"Article\",\"@id\":\"https:\/\/www.codigovidrio.com\/code\/caso-serbio-srdan-fiscalia-respalda-el-dictamen-que-exonera-a-7-de-procesados-por-delincuencia-organizada\/#article\",\"isPartOf\":{\"@id\":\"https:\/\/www.codigovidrio.com\/code\/caso-serbio-srdan-fiscalia-respalda-el-dictamen-que-exonera-a-7-de-procesados-por-delincuencia-organizada\/\"},\"author\":{\"name\":\"Codigo Vidrio Admin\",\"@id\":\"https:\/\/www.codigovidrio.com\/code\/#\/schema\/person\/974bc7a5b889699d012b2343dc68fc6e\"},\"headline\":\"Caso serbio Srdan: Fiscal\u00eda respalda el dictamen que exonera a 7 procesados por delincuencia organizada\",\"datePublished\":\"2026-03-12T20:17:08+00:00\",\"dateModified\":\"2026-03-13T16:52:21+00:00\",\"mainEntityOfPage\":{\"@id\":\"https:\/\/www.codigovidrio.com\/code\/caso-serbio-srdan-fiscalia-respalda-el-dictamen-que-exonera-a-7-de-procesados-por-delincuencia-organizada\/\"},\"wordCount\":779,\"commentCount\":0,\"publisher\":{\"@id\":\"https:\/\/www.codigovidrio.com\/code\/#organization\"},\"image\":{\"@id\":\"https:\/\/www.codigovidrio.com\/code\/caso-serbio-srdan-fiscalia-respalda-el-dictamen-que-exonera-a-7-de-procesados-por-delincuencia-organizada\/#primaryimage\"},\"thumbnailUrl\":\"https:\/\/www.codigovidrio.com\/code\/wp-content\/uploads\/2026\/03\/Captura-de-pantalla-2026-03-12-a-las-15.01.17.png\",\"articleSection\":[\"Especiales\"],\"inLanguage\":\"es\",\"potentialAction\":[{\"@type\":\"CommentAction\",\"name\":\"Comment\",\"target\":[\"https:\/\/www.codigovidrio.com\/code\/caso-serbio-srdan-fiscalia-respalda-el-dictamen-que-exonera-a-7-de-procesados-por-delincuencia-organizada\/#respond\"]}]},{\"@type\":\"WebPage\",\"@id\":\"https:\/\/www.codigovidrio.com\/code\/caso-serbio-srdan-fiscalia-respalda-el-dictamen-que-exonera-a-7-de-procesados-por-delincuencia-organizada\/\",\"url\":\"https:\/\/www.codigovidrio.com\/code\/caso-serbio-srdan-fiscalia-respalda-el-dictamen-que-exonera-a-7-de-procesados-por-delincuencia-organizada\/\",\"name\":\"Caso serbio Srdan: Fiscal\u00eda respalda el dictamen que exonera a 7 procesados por delincuencia organizada - C\u00f3digo Vidrio\",\"isPartOf\":{\"@id\":\"https:\/\/www.codigovidrio.com\/code\/#website\"},\"primaryImageOfPage\":{\"@id\":\"https:\/\/www.codigovidrio.com\/code\/caso-serbio-srdan-fiscalia-respalda-el-dictamen-que-exonera-a-7-de-procesados-por-delincuencia-organizada\/#primaryimage\"},\"image\":{\"@id\":\"https:\/\/www.codigovidrio.com\/code\/caso-serbio-srdan-fiscalia-respalda-el-dictamen-que-exonera-a-7-de-procesados-por-delincuencia-organizada\/#primaryimage\"},\"thumbnailUrl\":\"https:\/\/www.codigovidrio.com\/code\/wp-content\/uploads\/2026\/03\/Captura-de-pantalla-2026-03-12-a-las-15.01.17.png\",\"datePublished\":\"2026-03-12T20:17:08+00:00\",\"dateModified\":\"2026-03-13T16:52:21+00:00\",\"breadcrumb\":{\"@id\":\"https:\/\/www.codigovidrio.com\/code\/caso-serbio-srdan-fiscalia-respalda-el-dictamen-que-exonera-a-7-de-procesados-por-delincuencia-organizada\/#breadcrumb\"},\"inLanguage\":\"es\",\"potentialAction\":[{\"@type\":\"ReadAction\",\"target\":[\"https:\/\/www.codigovidrio.com\/code\/caso-serbio-srdan-fiscalia-respalda-el-dictamen-que-exonera-a-7-de-procesados-por-delincuencia-organizada\/\"]}]},{\"@type\":\"ImageObject\",\"inLanguage\":\"es\",\"@id\":\"https:\/\/www.codigovidrio.com\/code\/caso-serbio-srdan-fiscalia-respalda-el-dictamen-que-exonera-a-7-de-procesados-por-delincuencia-organizada\/#primaryimage\",\"url\":\"https:\/\/www.codigovidrio.com\/code\/wp-content\/uploads\/2026\/03\/Captura-de-pantalla-2026-03-12-a-las-15.01.17.png\",\"contentUrl\":\"https:\/\/www.codigovidrio.com\/code\/wp-content\/uploads\/2026\/03\/Captura-de-pantalla-2026-03-12-a-las-15.01.17.png\",\"width\":2734,\"height\":1410},{\"@type\":\"BreadcrumbList\",\"@id\":\"https:\/\/www.codigovidrio.com\/code\/caso-serbio-srdan-fiscalia-respalda-el-dictamen-que-exonera-a-7-de-procesados-por-delincuencia-organizada\/#breadcrumb\",\"itemListElement\":[{\"@type\":\"ListItem\",\"position\":1,\"name\":\"Portada\",\"item\":\"https:\/\/www.codigovidrio.com\/code\/\"},{\"@type\":\"ListItem\",\"position\":2,\"name\":\"Caso serbio Srdan: Fiscal\u00eda respalda el dictamen que exonera a 7 procesados por delincuencia organizada\"}]},{\"@type\":\"WebSite\",\"@id\":\"https:\/\/www.codigovidrio.com\/code\/#website\",\"url\":\"https:\/\/www.codigovidrio.com\/code\/\",\"name\":\"C\u00f3digo Vidrio\",\"description\":\"Transparentamos las historias ocultas\",\"publisher\":{\"@id\":\"https:\/\/www.codigovidrio.com\/code\/#organization\"},\"potentialAction\":[{\"@type\":\"SearchAction\",\"target\":{\"@type\":\"EntryPoint\",\"urlTemplate\":\"https:\/\/www.codigovidrio.com\/code\/?s={search_term_string}\"},\"query-input\":{\"@type\":\"PropertyValueSpecification\",\"valueRequired\":true,\"valueName\":\"search_term_string\"}}],\"inLanguage\":\"es\"},{\"@type\":\"Organization\",\"@id\":\"https:\/\/www.codigovidrio.com\/code\/#organization\",\"name\":\"C\u00f3digo Vidrio\",\"url\":\"https:\/\/www.codigovidrio.com\/code\/\",\"logo\":{\"@type\":\"ImageObject\",\"inLanguage\":\"es\",\"@id\":\"https:\/\/www.codigovidrio.com\/code\/#\/schema\/logo\/image\/\",\"url\":\"https:\/\/www.codigovidrio.com\/code\/wp-content\/uploads\/2022\/01\/logo-horiz-08.png\",\"contentUrl\":\"https:\/\/www.codigovidrio.com\/code\/wp-content\/uploads\/2022\/01\/logo-horiz-08.png\",\"width\":817,\"height\":294,\"caption\":\"C\u00f3digo Vidrio\"},\"image\":{\"@id\":\"https:\/\/www.codigovidrio.com\/code\/#\/schema\/logo\/image\/\"}},{\"@type\":\"Person\",\"@id\":\"https:\/\/www.codigovidrio.com\/code\/#\/schema\/person\/974bc7a5b889699d012b2343dc68fc6e\",\"name\":\"Codigo Vidrio Admin\",\"url\":\"https:\/\/www.codigovidrio.com\/code\/author\/vidrio-admin\/\"}]}<\/script>\n<!-- \/ Yoast SEO plugin. -->","yoast_head_json":{"title":"Caso serbio Srdan: Fiscal\u00eda respalda el dictamen que exonera a 7 procesados por delincuencia organizada - C\u00f3digo Vidrio","robots":{"index":"index","follow":"follow","max-snippet":"max-snippet:-1","max-image-preview":"max-image-preview:large","max-video-preview":"max-video-preview:-1"},"canonical":"https:\/\/www.codigovidrio.com\/code\/caso-serbio-srdan-fiscalia-respalda-el-dictamen-que-exonera-a-7-de-procesados-por-delincuencia-organizada\/","og_locale":"es_ES","og_type":"article","og_title":"Caso serbio Srdan: Fiscal\u00eda respalda el dictamen que exonera a 7 procesados por delincuencia organizada - C\u00f3digo Vidrio","og_description":"El caso contra 9 procesados contin\u00faa en la audiencia de evaluaci\u00f3n y preparatoria de juicio. La Fiscal\u00eda asegura que, de oficio, hizo un control jur\u00eddico de las resoluciones adoptadas por la fiscal Janeth Cueva, de la Unidad Nacional Especializada de Investigaci\u00f3n contra la Delincuencia Organizada Transnacional UNIDOT 10. \u00a0que desembocaron en un dictamen que absolvi\u00f3 ... leer m\u00e1s...","og_url":"https:\/\/www.codigovidrio.com\/code\/caso-serbio-srdan-fiscalia-respalda-el-dictamen-que-exonera-a-7-de-procesados-por-delincuencia-organizada\/","og_site_name":"C\u00f3digo Vidrio","article_published_time":"2026-03-12T20:17:08+00:00","article_modified_time":"2026-03-13T16:52:21+00:00","og_image":[{"width":1024,"height":528,"url":"https:\/\/www.codigovidrio.com\/code\/wp-content\/uploads\/2026\/03\/Captura-de-pantalla-2026-03-12-a-las-15.01.17-1024x528.png","type":"image\/png"}],"author":"Codigo Vidrio Admin","twitter_card":"summary_large_image","twitter_misc":{"Escrito por":"Codigo Vidrio Admin","Tiempo de lectura":"4 minutos"},"schema":{"@context":"https:\/\/schema.org","@graph":[{"@type":"Article","@id":"https:\/\/www.codigovidrio.com\/code\/caso-serbio-srdan-fiscalia-respalda-el-dictamen-que-exonera-a-7-de-procesados-por-delincuencia-organizada\/#article","isPartOf":{"@id":"https:\/\/www.codigovidrio.com\/code\/caso-serbio-srdan-fiscalia-respalda-el-dictamen-que-exonera-a-7-de-procesados-por-delincuencia-organizada\/"},"author":{"name":"Codigo Vidrio Admin","@id":"https:\/\/www.codigovidrio.com\/code\/#\/schema\/person\/974bc7a5b889699d012b2343dc68fc6e"},"headline":"Caso serbio Srdan: Fiscal\u00eda respalda el dictamen que exonera a 7 procesados por delincuencia organizada","datePublished":"2026-03-12T20:17:08+00:00","dateModified":"2026-03-13T16:52:21+00:00","mainEntityOfPage":{"@id":"https:\/\/www.codigovidrio.com\/code\/caso-serbio-srdan-fiscalia-respalda-el-dictamen-que-exonera-a-7-de-procesados-por-delincuencia-organizada\/"},"wordCount":779,"commentCount":0,"publisher":{"@id":"https:\/\/www.codigovidrio.com\/code\/#organization"},"image":{"@id":"https:\/\/www.codigovidrio.com\/code\/caso-serbio-srdan-fiscalia-respalda-el-dictamen-que-exonera-a-7-de-procesados-por-delincuencia-organizada\/#primaryimage"},"thumbnailUrl":"https:\/\/www.codigovidrio.com\/code\/wp-content\/uploads\/2026\/03\/Captura-de-pantalla-2026-03-12-a-las-15.01.17.png","articleSection":["Especiales"],"inLanguage":"es","potentialAction":[{"@type":"CommentAction","name":"Comment","target":["https:\/\/www.codigovidrio.com\/code\/caso-serbio-srdan-fiscalia-respalda-el-dictamen-que-exonera-a-7-de-procesados-por-delincuencia-organizada\/#respond"]}]},{"@type":"WebPage","@id":"https:\/\/www.codigovidrio.com\/code\/caso-serbio-srdan-fiscalia-respalda-el-dictamen-que-exonera-a-7-de-procesados-por-delincuencia-organizada\/","url":"https:\/\/www.codigovidrio.com\/code\/caso-serbio-srdan-fiscalia-respalda-el-dictamen-que-exonera-a-7-de-procesados-por-delincuencia-organizada\/","name":"Caso serbio Srdan: Fiscal\u00eda respalda el dictamen que exonera a 7 procesados por delincuencia organizada - C\u00f3digo Vidrio","isPartOf":{"@id":"https:\/\/www.codigovidrio.com\/code\/#website"},"primaryImageOfPage":{"@id":"https:\/\/www.codigovidrio.com\/code\/caso-serbio-srdan-fiscalia-respalda-el-dictamen-que-exonera-a-7-de-procesados-por-delincuencia-organizada\/#primaryimage"},"image":{"@id":"https:\/\/www.codigovidrio.com\/code\/caso-serbio-srdan-fiscalia-respalda-el-dictamen-que-exonera-a-7-de-procesados-por-delincuencia-organizada\/#primaryimage"},"thumbnailUrl":"https:\/\/www.codigovidrio.com\/code\/wp-content\/uploads\/2026\/03\/Captura-de-pantalla-2026-03-12-a-las-15.01.17.png","datePublished":"2026-03-12T20:17:08+00:00","dateModified":"2026-03-13T16:52:21+00:00","breadcrumb":{"@id":"https:\/\/www.codigovidrio.com\/code\/caso-serbio-srdan-fiscalia-respalda-el-dictamen-que-exonera-a-7-de-procesados-por-delincuencia-organizada\/#breadcrumb"},"inLanguage":"es","potentialAction":[{"@type":"ReadAction","target":["https:\/\/www.codigovidrio.com\/code\/caso-serbio-srdan-fiscalia-respalda-el-dictamen-que-exonera-a-7-de-procesados-por-delincuencia-organizada\/"]}]},{"@type":"ImageObject","inLanguage":"es","@id":"https:\/\/www.codigovidrio.com\/code\/caso-serbio-srdan-fiscalia-respalda-el-dictamen-que-exonera-a-7-de-procesados-por-delincuencia-organizada\/#primaryimage","url":"https:\/\/www.codigovidrio.com\/code\/wp-content\/uploads\/2026\/03\/Captura-de-pantalla-2026-03-12-a-las-15.01.17.png","contentUrl":"https:\/\/www.codigovidrio.com\/code\/wp-content\/uploads\/2026\/03\/Captura-de-pantalla-2026-03-12-a-las-15.01.17.png","width":2734,"height":1410},{"@type":"BreadcrumbList","@id":"https:\/\/www.codigovidrio.com\/code\/caso-serbio-srdan-fiscalia-respalda-el-dictamen-que-exonera-a-7-de-procesados-por-delincuencia-organizada\/#breadcrumb","itemListElement":[{"@type":"ListItem","position":1,"name":"Portada","item":"https:\/\/www.codigovidrio.com\/code\/"},{"@type":"ListItem","position":2,"name":"Caso serbio Srdan: Fiscal\u00eda respalda el dictamen que exonera a 7 procesados por delincuencia organizada"}]},{"@type":"WebSite","@id":"https:\/\/www.codigovidrio.com\/code\/#website","url":"https:\/\/www.codigovidrio.com\/code\/","name":"C\u00f3digo Vidrio","description":"Transparentamos las historias ocultas","publisher":{"@id":"https:\/\/www.codigovidrio.com\/code\/#organization"},"potentialAction":[{"@type":"SearchAction","target":{"@type":"EntryPoint","urlTemplate":"https:\/\/www.codigovidrio.com\/code\/?s={search_term_string}"},"query-input":{"@type":"PropertyValueSpecification","valueRequired":true,"valueName":"search_term_string"}}],"inLanguage":"es"},{"@type":"Organization","@id":"https:\/\/www.codigovidrio.com\/code\/#organization","name":"C\u00f3digo Vidrio","url":"https:\/\/www.codigovidrio.com\/code\/","logo":{"@type":"ImageObject","inLanguage":"es","@id":"https:\/\/www.codigovidrio.com\/code\/#\/schema\/logo\/image\/","url":"https:\/\/www.codigovidrio.com\/code\/wp-content\/uploads\/2022\/01\/logo-horiz-08.png","contentUrl":"https:\/\/www.codigovidrio.com\/code\/wp-content\/uploads\/2022\/01\/logo-horiz-08.png","width":817,"height":294,"caption":"C\u00f3digo Vidrio"},"image":{"@id":"https:\/\/www.codigovidrio.com\/code\/#\/schema\/logo\/image\/"}},{"@type":"Person","@id":"https:\/\/www.codigovidrio.com\/code\/#\/schema\/person\/974bc7a5b889699d012b2343dc68fc6e","name":"Codigo Vidrio Admin","url":"https:\/\/www.codigovidrio.com\/code\/author\/vidrio-admin\/"}]}},"_links":{"self":[{"href":"https:\/\/www.codigovidrio.com\/code\/wp-json\/wp\/v2\/posts\/11748"}],"collection":[{"href":"https:\/\/www.codigovidrio.com\/code\/wp-json\/wp\/v2\/posts"}],"about":[{"href":"https:\/\/www.codigovidrio.com\/code\/wp-json\/wp\/v2\/types\/post"}],"author":[{"embeddable":true,"href":"https:\/\/www.codigovidrio.com\/code\/wp-json\/wp\/v2\/users\/2"}],"replies":[{"embeddable":true,"href":"https:\/\/www.codigovidrio.com\/code\/wp-json\/wp\/v2\/comments?post=11748"}],"version-history":[{"count":9,"href":"https:\/\/www.codigovidrio.com\/code\/wp-json\/wp\/v2\/posts\/11748\/revisions"}],"predecessor-version":[{"id":11758,"href":"https:\/\/www.codigovidrio.com\/code\/wp-json\/wp\/v2\/posts\/11748\/revisions\/11758"}],"wp:featuredmedia":[{"embeddable":true,"href":"https:\/\/www.codigovidrio.com\/code\/wp-json\/wp\/v2\/media\/11749"}],"wp:attachment":[{"href":"https:\/\/www.codigovidrio.com\/code\/wp-json\/wp\/v2\/media?parent=11748"}],"wp:term":[{"taxonomy":"category","embeddable":true,"href":"https:\/\/www.codigovidrio.com\/code\/wp-json\/wp\/v2\/categories?post=11748"},{"taxonomy":"post_tag","embeddable":true,"href":"https:\/\/www.codigovidrio.com\/code\/wp-json\/wp\/v2\/tags?post=11748"}],"curies":[{"name":"wp","href":"https:\/\/api.w.org\/{rel}","templated":true}]}}