{"id":11734,"date":"2026-03-10T22:21:14","date_gmt":"2026-03-11T03:21:14","guid":{"rendered":"https:\/\/www.codigovidrio.com\/code\/?p=11734"},"modified":"2026-03-11T09:08:01","modified_gmt":"2026-03-11T14:08:01","slug":"el-ministerio-de-defensa-y-las-ff-aa-responsables-de-la-desaparicion-forzada-de-los-ninos-josue-ismael-steven-y-nehemias","status":"publish","type":"post","link":"https:\/\/www.codigovidrio.com\/code\/el-ministerio-de-defensa-y-las-ff-aa-responsables-de-la-desaparicion-forzada-de-los-ninos-josue-ismael-steven-y-nehemias\/","title":{"rendered":"El Ministerio de Defensa y las FF.AA., responsables de la desaparici\u00f3n forzada de los ni\u00f1os Josu\u00e9, Ismael, Steven y Nehem\u00edas"},"content":{"rendered":"<h3><strong><span style=\"color: #ff6600;\">La Corte Constitucional declar\u00f3 la desaparici\u00f3n forzada de cuatro ni\u00f1os de Las Malvinas, a manos de una patrulla de la Fuerza A\u00e9rea en Guayaquil, en diciembre de 2024. Once soldados fueron condenados a 34 a\u00f1os de c\u00e1rcel y cinco m\u00e1s a tres a\u00f1os por cooperar con la investigaci\u00f3n. \u00a0Para el organismo lo ocurrido con Josu\u00e9, Ismael, Steven y Nehem\u00edas constituye una de las violaciones m\u00e1s graves y reprochables del orden constitucional e internacional de los derechos humanos. En representaci\u00f3n del Ministerio de Defensa y las Fuerzas Armadas el Comandante de la FAE deber\u00e1 disculparse p\u00fablicamente en una cadena nacional. Los familiares deber\u00e1n ser indemnizados por el Gobierno. \u00a0<\/span><\/strong><\/h3>\n<p><strong>Redacci\u00f3n C\u00f3\u00f3digo Vidrio<\/strong><\/p>\n<p style=\"font-weight: 400;\">La <strong>Corte Constitucional<\/strong> fue tajante. Declar\u00f3 en una sentencia, sin predecentes, que <strong>el Ministerio de Defensa y las Fuerzas Armadas son las responsables de la desaparici\u00f3n forzada de los ni\u00f1os Josu\u00e9, Ismael, Steven y Nehem\u00edas, ocurrida en Guayaquil en diciembre de 2024.<\/strong><\/p>\n<p style=\"font-weight: 400;\">Este delito de lesa humanidad ocurri\u00f3 en el contexto del conflicto interno armado decretado por el presidente Daniel Noboa en enero de 2024, para enfrentar a 22 organizaciones narcoterroristas, que contin\u00faa, a pesar de que el crimen organizado y la delincuencia han aumentado por la fragmentaci\u00f3n y empoderamiento de los grupos delictivos.<\/p>\n<p style=\"font-weight: 400;\">Con esta sentencia, emitida este martes 10 de marzo, la Corte acept\u00f3 la acci\u00f3n extraordinaria de protecci\u00f3n presentada contra la sentencia de apelaci\u00f3n que neg\u00f3 una acci\u00f3n de h\u00e1beas corpus presentada en favor de los cuatro ni\u00f1os desaparecidos en diciembre de 2024 en Guayaquil. La defensa de los familiares de los ni\u00f1os de Las Malvinas hab\u00eda presentado este recurso despu\u00e9s de que el 19 de mayo de 2025 el Tribunal Penal de la Corte de Guayas hab\u00eda revocado un H\u00e1beas Corpus -una medida de protecci\u00f3n constitucional paralela al proceso penal- que declar\u00f3 la desaparici\u00f3n forzada de los menores. El caso finalmente tuvo su condena en la justicia ordinaria en diciembre 2025. 11 militares fueron sentenciados por un tribunal a 34 a\u00f1os de prisi\u00f3n por desaparici\u00f3n forzada, y a cinco m\u00e1s a tres a\u00f1os de encierro, por haber colaborado con la investigaci\u00f3n.<\/p>\n<p style=\"font-weight: 400;\">La Corte Constitucional determin\u00f3 que las autoridades judiciales vulneraron el derecho al debido proceso en la garant\u00eda de la motivaci\u00f3n, al no analizar de manera integral la detenci\u00f3n denunciada ni responder oportunamente a las pretensiones de las familias de los menores.<\/p>\n<h3 style=\"font-weight: 400;\"><strong><span style=\"color: #ff6600;\">Los ni\u00f1os, seg\u00fan los jueces constitucionales, fueron privados de la libertad de forma ilegal, arbitraria e ileg\u00edtima por patrullas militares. Sin embargo, el Gobinero no proporcion\u00f3 informaci\u00f3n inmediata, satisfactoria ni convincente sobre su aprehensi\u00f3n ni sobre su paradero. Con base en estos elementos, la Corte declar\u00f3 en el \u00e1mbito constitucional que Josu\u00e9, Ismael, Steven y Nehem\u00edas fueron v\u00edctimas de desaparici\u00f3n forzada.<\/span><\/strong><\/h3>\n<figure id=\"attachment_10323\" aria-describedby=\"caption-attachment-10323\" style=\"width: 1014px\" class=\"wp-caption alignleft\"><img fetchpriority=\"high\" decoding=\"async\" class=\"wp-image-10323 size-full\" src=\"https:\/\/www.codigovidrio.com\/code\/wp-content\/uploads\/2025\/01\/Portada-desparecidos.jpg\" alt=\"\" width=\"1024\" height=\"683\" srcset=\"https:\/\/www.codigovidrio.com\/code\/wp-content\/uploads\/2025\/01\/Portada-desparecidos.jpg 1024w, https:\/\/www.codigovidrio.com\/code\/wp-content\/uploads\/2025\/01\/Portada-desparecidos-300x200.jpg 300w, https:\/\/www.codigovidrio.com\/code\/wp-content\/uploads\/2025\/01\/Portada-desparecidos-768x512.jpg 768w\" sizes=\"(max-width: 1024px) 100vw, 1024px\" \/><figcaption id=\"caption-attachment-10323\" class=\"wp-caption-text\"><strong>Los padres de Josu\u00e9, Ismael, Steven y Nehem\u00edas fueron revictimizados por la negligencia del Estado y los abusos y arbitrariedades al debido proceso. Foto de archivo<\/strong><\/figcaption><\/figure>\n<h3 style=\"font-weight: 400; text-align: center;\"><strong>Disculpas p\u00fablicas del Comandante de las FAE <\/strong><\/h3>\n<p style=\"font-weight: 400;\">Entre las medidas de reparaci\u00f3n integral, la sentencia orden\u00f3 la realizaci\u00f3n de un acto p\u00fablico dereconocimiento de responsabilidad y disculpas p\u00fablicas por parte del Estado. Este deber\u00e1 ser efectuado por el comandante General de la Fuerza A\u00e9rea Ecuatoriana (FAE), Mauro Salazar, en el lugar que determinen los familiares de las v\u00edctimas y con difusi\u00f3n p\u00fablica nacional, de acuerdo con el siguiente texto: \u201cPor disposici\u00f3n de la Corte Constitucional del Ecuador, establecida en la sentencia 1732-25-EP\/26, el Comandante General de la Fuerza A\u00e9rea Ecuatoriana, comparece ante las familias de Josu\u00e9, Ismael, Steven y Nehem\u00edas y ante la sociedad en su conjunto para reconocer, con verg\u00fcenza y dolor, que el Estado es responsable de un horrendo suceso: la desaparici\u00f3n forzada y posterior muerte de cuatro ni\u00f1os afrodescendientes, habitantes de un barrio popular del sur de Guayaquil, arrebat\u00e1ndoles su libertad, su infancia y su derecho a vivir dignamente\u201d.<\/p>\n<p style=\"font-weight: 400;\">Cuando la desaparici\u00f3n de los menores se supo por denuncia de los familiares en varios medios de comunicaci\u00f3n, con el apoyo directo del <strong>Comit\u00e9 Permanente por la Defensa de los Derechos Humanos<\/strong>, tanto el ministro de Defensa, Gian Carlo Loffredo, como los entonces jefe del Comando Conjunto, Jaime Vela, y ministro de Gobierno, Jos\u00e9 de la Gasca, minimizaron la desaparici\u00f3n y dijeron que se trataba de una campa\u00f1a para desprestigiar al R\u00e9gimen insinuando que el crimen fue cometido por una banda delictiva. Jos\u00e9 de la Gasca, dijo que no se puede hablar de un crimen de Estado. \u00abLas investigaciones est\u00e1n en curso (&#8230;). Yo no puedo dar por afirmado que hab\u00eda un operativo, eso se determinar\u00e1 con las pruebas (\u2026). Tampoco se puede hablar de un crimen de Estado o de un crimen de lesa humanidad\u00bb, dijo De la Gasca, quien hoy es uno de los candidatos \u00a0a fiscal general.<\/p>\n<figure id=\"attachment_10326\" aria-describedby=\"caption-attachment-10326\" style=\"width: 2446px\" class=\"wp-caption alignleft\"><img decoding=\"async\" class=\"wp-image-10326 size-full\" src=\"https:\/\/www.codigovidrio.com\/code\/wp-content\/uploads\/2025\/01\/Captura-de-pantalla-2025-01-13-a-las-12.21.56.png\" alt=\"\" width=\"2456\" height=\"1346\" srcset=\"https:\/\/www.codigovidrio.com\/code\/wp-content\/uploads\/2025\/01\/Captura-de-pantalla-2025-01-13-a-las-12.21.56.png 2456w, https:\/\/www.codigovidrio.com\/code\/wp-content\/uploads\/2025\/01\/Captura-de-pantalla-2025-01-13-a-las-12.21.56-300x164.png 300w, https:\/\/www.codigovidrio.com\/code\/wp-content\/uploads\/2025\/01\/Captura-de-pantalla-2025-01-13-a-las-12.21.56-1024x561.png 1024w, https:\/\/www.codigovidrio.com\/code\/wp-content\/uploads\/2025\/01\/Captura-de-pantalla-2025-01-13-a-las-12.21.56-768x421.png 768w, https:\/\/www.codigovidrio.com\/code\/wp-content\/uploads\/2025\/01\/Captura-de-pantalla-2025-01-13-a-las-12.21.56-1536x842.png 1536w, https:\/\/www.codigovidrio.com\/code\/wp-content\/uploads\/2025\/01\/Captura-de-pantalla-2025-01-13-a-las-12.21.56-2048x1122.png 2048w\" sizes=\"(max-width: 2456px) 100vw, 2456px\" \/><figcaption id=\"caption-attachment-10326\" class=\"wp-caption-text\"><strong>Billy Navarrete (con chaleco azul), del Comit\u00e9 de DD.HH. acompa\u00f1\u00f3 y dio soporte legal y psicol\u00f3gico a los padres y familiares de los ni\u00f1os desaparecidos. Foto de archivo<\/strong><\/figcaption><\/figure>\n<p style=\"font-weight: 400;\">La noche del 8 de diciembre de 2024, patrullas de la Fuerza A\u00e9rea, subordinadas al Ministerio de Defensa, \u00a0privaron ilegal, arbitraria e ileg\u00edtimamente de su libertad, a los cuatro menosres; \u201clos sustrajeron de la protecci\u00f3n de la ley y los colocaron en absoluta indefensi\u00f3n, incumpliendo el deber de proteger su vida, su libertad y su dignidad\u201d, destac\u00f3 la Corte. \u201cEl Estado no protegi\u00f3 a Josu\u00e9, Ismael, Steven y Nehem\u00edas, como era su obligaci\u00f3n\u201d, y las Fuerzas Armadas incumplieron su principal funci\u00f3n: proteger los derechos, libertades y garant\u00edas de los ciudadanos\u201d.<\/p>\n<p style=\"font-weight: 400;\">Estas medidas, seg\u00fan la Corte, \u00a0buscan contribuir al derecho a la verdad, preservar la memoria y fortalecer las garant\u00edas de no repetici\u00f3n. Lo dispuesto en la sentencia no sustituye las \u00a0competencias de la justicia penal para determinar responsabilidades individuales.<\/p>\n<h3 style=\"text-align: center;\">Josu\u00e9, Ismael, Steven y Nehem\u00edas fueron desaparecidos y luego asesinados en diciembre de 2024<\/h3>\n<p><img decoding=\"async\" class=\"wp-image-11745 aligncenter\" src=\"https:\/\/www.codigovidrio.com\/code\/wp-content\/uploads\/2026\/03\/IMG_8200-2.jpg\" alt=\"\" width=\"849\" height=\"534\" srcset=\"https:\/\/www.codigovidrio.com\/code\/wp-content\/uploads\/2026\/03\/IMG_8200-2.jpg 960w, https:\/\/www.codigovidrio.com\/code\/wp-content\/uploads\/2026\/03\/IMG_8200-2-300x189.jpg 300w, https:\/\/www.codigovidrio.com\/code\/wp-content\/uploads\/2026\/03\/IMG_8200-2-768x483.jpg 768w\" sizes=\"(max-width: 849px) 100vw, 849px\" \/><\/p>\n<h3 style=\"font-weight: 400;\"><strong><span style=\"color: #ff6600;\">Este tribunal reconoce que lo ocurrido con Josu\u00e9, Ismael, Steven y Nehem\u00edas constituye una de las violaciones m\u00e1s graves y reprochables del orden constitucional e internacional de los derechos humanos, incompatible con los principios del Estado constitucional de derechos y con una convivencia democr\u00e1tica fundada en el respeto a la dignidad humana. \u201cFrente a hechos de esta naturaleza, existe la obligaci\u00f3n de esclarecer la verdad, reparar a las v\u00edctimas y preservar la memoria de lo ocurrido, como condici\u00f3n indispensable para garantizar la no repetici\u00f3n\u201d.<\/span><\/strong><\/h3>\n<h3 style=\"font-weight: 400; text-align: center;\"><strong>Las disculpas del Ministro Loffredo<\/strong><\/h3>\n<p style=\"font-weight: 400;\">Seg\u00fan la Corte, el ofrecimiento de disculpas p\u00fablicas debe valorarse como un \u201celemento preponderante\u201d la opini\u00f3n que tengan las v\u00edctimas o sus familiares respecto a la manera en que estas deban de llevarse a cabo. Esto, porque las disculpas p\u00fablicas tienen el objetivo de \u201cresponder de la manera m\u00e1s humana posible a la necesidad de las v\u00edctimas y sus familiares de aliviar el sufrimiento experimentado\u201d.<\/p>\n<p style=\"font-weight: 400;\">Sin embargo, en la presente causa, la Corte anota que, debido a la ejecuci\u00f3n de la sentencia de primera instancia, ya se hizo un acto de reconocimiento de responsabilidad del ministro Loffredo. \u201cSi bien el ministro de Defensa \u201ccumpli\u00f3\u201d formalmente con la disposici\u00f3n, aprovech\u00f3 el momento para negar la participaci\u00f3n de las Fuerzas Armadas \u2013pese a que no se hab\u00eda concluido la investigaci\u00f3n \u2013 y amedrentar a la jueza de la Unidad Judicial indic\u00e1ndole \u201cllegaremos hasta las \u00faltimas consecuencias para que se sancione su actuaci\u00f3n [\u2026] no voy a permitir que su sentencia sea utilizada para arrodillar a las Fuerzas Armadas.\u201d<\/p>\n<p style=\"font-weight: 400;\">Estos hechos quedaron registrados en la cadena nacional de Gian Carlo Loffredo, el 6 de enero de 2025. Esta respuesta tambi\u00e9n mereci\u00f3 el reproche de los accionantes del recurso y de organizaciones como Amnist\u00eda Internacional, la cual compareci\u00f3 en la presente causa como <em>amicus curiae<\/em>.<\/p>\n<h3 style=\"font-weight: 400;\"><strong><span style=\"color: #ff6600;\">En esta l\u00ednea, a criterio de la Corte, \u201cla conducta demostrada por el ministro de Defensa distorsion\u00f3 por completo el sentido las disculpas p\u00fablicas y constituy\u00f3 una nueva forma de revictimizaci\u00f3n a los familiares de los ni\u00f1os. El acto de disculpa p\u00fablicas identificado no honr\u00f3 a las v\u00edctimas, ni se\u00f1al\u00f3 la importancia de restaurar el respeto por ellas a fin de reconocer su dignidad.<\/span><\/strong><\/h3>\n<p style=\"font-weight: 400;\">Un nuevo acto de reconocimiento de responsabilidad, entonces, debe tomar en cuenta que los accionantes han aclamado su necesidad de recibir una explicaci\u00f3n que satisfaga su derecho a la verdad como v\u00edctimas indirectas de la desaparici\u00f3n forzada de sus hijos. En igual sentido, como ha quedado demostrado del an\u00e1lisis realizado en la presente decisi\u00f3n, las entidades del \u00e1mbito militar han fallado en proporcionar una explicaci\u00f3n convincente sobre los hechos ocurridos el 8 de diciembre de 2024, concluye el fallo de la Corte.<\/p>\n","protected":false},"excerpt":{"rendered":"<p>La Corte Constitucional declar\u00f3 la desaparici\u00f3n forzada de cuatro ni\u00f1os de Las Malvinas, a manos de una patrulla de la Fuerza A\u00e9rea en Guayaquil, en diciembre de 2024. Once soldados fueron condenados a 34 a\u00f1os de c\u00e1rcel y cinco m\u00e1s a tres a\u00f1os por cooperar con la investigaci\u00f3n. \u00a0Para el organismo lo ocurrido con Josu\u00e9, &#8230; <a title=\"El Ministerio de Defensa y las FF.AA., responsables de la desaparici\u00f3n forzada de los ni\u00f1os Josu\u00e9, Ismael, Steven y Nehem\u00edas\" class=\"read-more\" href=\"https:\/\/www.codigovidrio.com\/code\/el-ministerio-de-defensa-y-las-ff-aa-responsables-de-la-desaparicion-forzada-de-los-ninos-josue-ismael-steven-y-nehemias\/\">leer m\u00e1s&#8230;<\/a><\/p>\n","protected":false},"author":2,"featured_media":11737,"comment_status":"open","ping_status":"closed","sticky":false,"template":"","format":"standard","meta":{"generate_page_header":"","footnotes":""},"categories":[211],"tags":[],"yoast_head":"<!-- This site is optimized with the Yoast SEO plugin v23.5 - https:\/\/yoast.com\/wordpress\/plugins\/seo\/ -->\n<title>El Ministerio de Defensa y las FF.AA., responsables de la desaparici\u00f3n forzada de los ni\u00f1os Josu\u00e9, Ismael, Steven y Nehem\u00edas - C\u00f3digo Vidrio<\/title>\n<meta name=\"robots\" content=\"index, follow, max-snippet:-1, max-image-preview:large, max-video-preview:-1\" \/>\n<link rel=\"canonical\" href=\"https:\/\/www.codigovidrio.com\/code\/el-ministerio-de-defensa-y-las-ff-aa-responsables-de-la-desaparicion-forzada-de-los-ninos-josue-ismael-steven-y-nehemias\/\" \/>\n<meta property=\"og:locale\" content=\"es_ES\" \/>\n<meta property=\"og:type\" content=\"article\" \/>\n<meta property=\"og:title\" content=\"El Ministerio de Defensa y las FF.AA., responsables de la desaparici\u00f3n forzada de los ni\u00f1os Josu\u00e9, Ismael, Steven y Nehem\u00edas - C\u00f3digo Vidrio\" \/>\n<meta property=\"og:description\" content=\"La Corte Constitucional declar\u00f3 la desaparici\u00f3n forzada de cuatro ni\u00f1os de Las Malvinas, a manos de una patrulla de la Fuerza A\u00e9rea en Guayaquil, en diciembre de 2024. Once soldados fueron condenados a 34 a\u00f1os de c\u00e1rcel y cinco m\u00e1s a tres a\u00f1os por cooperar con la investigaci\u00f3n. \u00a0Para el organismo lo ocurrido con Josu\u00e9, ... leer m\u00e1s...\" \/>\n<meta property=\"og:url\" content=\"https:\/\/www.codigovidrio.com\/code\/el-ministerio-de-defensa-y-las-ff-aa-responsables-de-la-desaparicion-forzada-de-los-ninos-josue-ismael-steven-y-nehemias\/\" \/>\n<meta property=\"og:site_name\" content=\"C\u00f3digo Vidrio\" \/>\n<meta property=\"article:published_time\" content=\"2026-03-11T03:21:14+00:00\" \/>\n<meta property=\"article:modified_time\" content=\"2026-03-11T14:08:01+00:00\" \/>\n<meta property=\"og:image\" content=\"https:\/\/www.codigovidrio.com\/code\/wp-content\/uploads\/2026\/03\/IMG_8194.jpg\" \/>\n\t<meta property=\"og:image:width\" content=\"2077\" \/>\n\t<meta property=\"og:image:height\" content=\"911\" \/>\n\t<meta property=\"og:image:type\" content=\"image\/jpeg\" \/>\n<meta name=\"author\" content=\"Codigo Vidrio Admin\" \/>\n<meta name=\"twitter:card\" content=\"summary_large_image\" \/>\n<meta name=\"twitter:label1\" content=\"Escrito por\" \/>\n\t<meta name=\"twitter:data1\" content=\"Codigo Vidrio Admin\" \/>\n\t<meta name=\"twitter:label2\" content=\"Tiempo de lectura\" \/>\n\t<meta name=\"twitter:data2\" content=\"8 minutos\" \/>\n<script type=\"application\/ld+json\" class=\"yoast-schema-graph\">{\"@context\":\"https:\/\/schema.org\",\"@graph\":[{\"@type\":\"Article\",\"@id\":\"https:\/\/www.codigovidrio.com\/code\/el-ministerio-de-defensa-y-las-ff-aa-responsables-de-la-desaparicion-forzada-de-los-ninos-josue-ismael-steven-y-nehemias\/#article\",\"isPartOf\":{\"@id\":\"https:\/\/www.codigovidrio.com\/code\/el-ministerio-de-defensa-y-las-ff-aa-responsables-de-la-desaparicion-forzada-de-los-ninos-josue-ismael-steven-y-nehemias\/\"},\"author\":{\"name\":\"Codigo Vidrio Admin\",\"@id\":\"https:\/\/www.codigovidrio.com\/code\/#\/schema\/person\/974bc7a5b889699d012b2343dc68fc6e\"},\"headline\":\"El Ministerio de Defensa y las FF.AA., responsables de la desaparici\u00f3n forzada de los ni\u00f1os Josu\u00e9, Ismael, Steven y Nehem\u00edas\",\"datePublished\":\"2026-03-11T03:21:14+00:00\",\"dateModified\":\"2026-03-11T14:08:01+00:00\",\"mainEntityOfPage\":{\"@id\":\"https:\/\/www.codigovidrio.com\/code\/el-ministerio-de-defensa-y-las-ff-aa-responsables-de-la-desaparicion-forzada-de-los-ninos-josue-ismael-steven-y-nehemias\/\"},\"wordCount\":1533,\"commentCount\":0,\"publisher\":{\"@id\":\"https:\/\/www.codigovidrio.com\/code\/#organization\"},\"image\":{\"@id\":\"https:\/\/www.codigovidrio.com\/code\/el-ministerio-de-defensa-y-las-ff-aa-responsables-de-la-desaparicion-forzada-de-los-ninos-josue-ismael-steven-y-nehemias\/#primaryimage\"},\"thumbnailUrl\":\"https:\/\/www.codigovidrio.com\/code\/wp-content\/uploads\/2026\/03\/IMG_8194.jpg\",\"articleSection\":[\"Especiales\"],\"inLanguage\":\"es\",\"potentialAction\":[{\"@type\":\"CommentAction\",\"name\":\"Comment\",\"target\":[\"https:\/\/www.codigovidrio.com\/code\/el-ministerio-de-defensa-y-las-ff-aa-responsables-de-la-desaparicion-forzada-de-los-ninos-josue-ismael-steven-y-nehemias\/#respond\"]}]},{\"@type\":\"WebPage\",\"@id\":\"https:\/\/www.codigovidrio.com\/code\/el-ministerio-de-defensa-y-las-ff-aa-responsables-de-la-desaparicion-forzada-de-los-ninos-josue-ismael-steven-y-nehemias\/\",\"url\":\"https:\/\/www.codigovidrio.com\/code\/el-ministerio-de-defensa-y-las-ff-aa-responsables-de-la-desaparicion-forzada-de-los-ninos-josue-ismael-steven-y-nehemias\/\",\"name\":\"El Ministerio de Defensa y las FF.AA., responsables de la desaparici\u00f3n forzada de los ni\u00f1os Josu\u00e9, Ismael, Steven y Nehem\u00edas - C\u00f3digo Vidrio\",\"isPartOf\":{\"@id\":\"https:\/\/www.codigovidrio.com\/code\/#website\"},\"primaryImageOfPage\":{\"@id\":\"https:\/\/www.codigovidrio.com\/code\/el-ministerio-de-defensa-y-las-ff-aa-responsables-de-la-desaparicion-forzada-de-los-ninos-josue-ismael-steven-y-nehemias\/#primaryimage\"},\"image\":{\"@id\":\"https:\/\/www.codigovidrio.com\/code\/el-ministerio-de-defensa-y-las-ff-aa-responsables-de-la-desaparicion-forzada-de-los-ninos-josue-ismael-steven-y-nehemias\/#primaryimage\"},\"thumbnailUrl\":\"https:\/\/www.codigovidrio.com\/code\/wp-content\/uploads\/2026\/03\/IMG_8194.jpg\",\"datePublished\":\"2026-03-11T03:21:14+00:00\",\"dateModified\":\"2026-03-11T14:08:01+00:00\",\"breadcrumb\":{\"@id\":\"https:\/\/www.codigovidrio.com\/code\/el-ministerio-de-defensa-y-las-ff-aa-responsables-de-la-desaparicion-forzada-de-los-ninos-josue-ismael-steven-y-nehemias\/#breadcrumb\"},\"inLanguage\":\"es\",\"potentialAction\":[{\"@type\":\"ReadAction\",\"target\":[\"https:\/\/www.codigovidrio.com\/code\/el-ministerio-de-defensa-y-las-ff-aa-responsables-de-la-desaparicion-forzada-de-los-ninos-josue-ismael-steven-y-nehemias\/\"]}]},{\"@type\":\"ImageObject\",\"inLanguage\":\"es\",\"@id\":\"https:\/\/www.codigovidrio.com\/code\/el-ministerio-de-defensa-y-las-ff-aa-responsables-de-la-desaparicion-forzada-de-los-ninos-josue-ismael-steven-y-nehemias\/#primaryimage\",\"url\":\"https:\/\/www.codigovidrio.com\/code\/wp-content\/uploads\/2026\/03\/IMG_8194.jpg\",\"contentUrl\":\"https:\/\/www.codigovidrio.com\/code\/wp-content\/uploads\/2026\/03\/IMG_8194.jpg\",\"width\":2077,\"height\":911},{\"@type\":\"BreadcrumbList\",\"@id\":\"https:\/\/www.codigovidrio.com\/code\/el-ministerio-de-defensa-y-las-ff-aa-responsables-de-la-desaparicion-forzada-de-los-ninos-josue-ismael-steven-y-nehemias\/#breadcrumb\",\"itemListElement\":[{\"@type\":\"ListItem\",\"position\":1,\"name\":\"Portada\",\"item\":\"https:\/\/www.codigovidrio.com\/code\/\"},{\"@type\":\"ListItem\",\"position\":2,\"name\":\"El Ministerio de Defensa y las FF.AA., responsables de la desaparici\u00f3n forzada de los ni\u00f1os Josu\u00e9, Ismael, Steven y Nehem\u00edas\"}]},{\"@type\":\"WebSite\",\"@id\":\"https:\/\/www.codigovidrio.com\/code\/#website\",\"url\":\"https:\/\/www.codigovidrio.com\/code\/\",\"name\":\"C\u00f3digo Vidrio\",\"description\":\"Transparentamos las historias ocultas\",\"publisher\":{\"@id\":\"https:\/\/www.codigovidrio.com\/code\/#organization\"},\"potentialAction\":[{\"@type\":\"SearchAction\",\"target\":{\"@type\":\"EntryPoint\",\"urlTemplate\":\"https:\/\/www.codigovidrio.com\/code\/?s={search_term_string}\"},\"query-input\":{\"@type\":\"PropertyValueSpecification\",\"valueRequired\":true,\"valueName\":\"search_term_string\"}}],\"inLanguage\":\"es\"},{\"@type\":\"Organization\",\"@id\":\"https:\/\/www.codigovidrio.com\/code\/#organization\",\"name\":\"C\u00f3digo Vidrio\",\"url\":\"https:\/\/www.codigovidrio.com\/code\/\",\"logo\":{\"@type\":\"ImageObject\",\"inLanguage\":\"es\",\"@id\":\"https:\/\/www.codigovidrio.com\/code\/#\/schema\/logo\/image\/\",\"url\":\"https:\/\/www.codigovidrio.com\/code\/wp-content\/uploads\/2022\/01\/logo-horiz-08.png\",\"contentUrl\":\"https:\/\/www.codigovidrio.com\/code\/wp-content\/uploads\/2022\/01\/logo-horiz-08.png\",\"width\":817,\"height\":294,\"caption\":\"C\u00f3digo Vidrio\"},\"image\":{\"@id\":\"https:\/\/www.codigovidrio.com\/code\/#\/schema\/logo\/image\/\"}},{\"@type\":\"Person\",\"@id\":\"https:\/\/www.codigovidrio.com\/code\/#\/schema\/person\/974bc7a5b889699d012b2343dc68fc6e\",\"name\":\"Codigo Vidrio Admin\",\"url\":\"https:\/\/www.codigovidrio.com\/code\/author\/vidrio-admin\/\"}]}<\/script>\n<!-- \/ Yoast SEO plugin. -->","yoast_head_json":{"title":"El Ministerio de Defensa y las FF.AA., responsables de la desaparici\u00f3n forzada de los ni\u00f1os Josu\u00e9, Ismael, Steven y Nehem\u00edas - C\u00f3digo Vidrio","robots":{"index":"index","follow":"follow","max-snippet":"max-snippet:-1","max-image-preview":"max-image-preview:large","max-video-preview":"max-video-preview:-1"},"canonical":"https:\/\/www.codigovidrio.com\/code\/el-ministerio-de-defensa-y-las-ff-aa-responsables-de-la-desaparicion-forzada-de-los-ninos-josue-ismael-steven-y-nehemias\/","og_locale":"es_ES","og_type":"article","og_title":"El Ministerio de Defensa y las FF.AA., responsables de la desaparici\u00f3n forzada de los ni\u00f1os Josu\u00e9, Ismael, Steven y Nehem\u00edas - C\u00f3digo Vidrio","og_description":"La Corte Constitucional declar\u00f3 la desaparici\u00f3n forzada de cuatro ni\u00f1os de Las Malvinas, a manos de una patrulla de la Fuerza A\u00e9rea en Guayaquil, en diciembre de 2024. Once soldados fueron condenados a 34 a\u00f1os de c\u00e1rcel y cinco m\u00e1s a tres a\u00f1os por cooperar con la investigaci\u00f3n. \u00a0Para el organismo lo ocurrido con Josu\u00e9, ... leer m\u00e1s...","og_url":"https:\/\/www.codigovidrio.com\/code\/el-ministerio-de-defensa-y-las-ff-aa-responsables-de-la-desaparicion-forzada-de-los-ninos-josue-ismael-steven-y-nehemias\/","og_site_name":"C\u00f3digo Vidrio","article_published_time":"2026-03-11T03:21:14+00:00","article_modified_time":"2026-03-11T14:08:01+00:00","og_image":[{"width":2077,"height":911,"url":"https:\/\/www.codigovidrio.com\/code\/wp-content\/uploads\/2026\/03\/IMG_8194.jpg","type":"image\/jpeg"}],"author":"Codigo Vidrio Admin","twitter_card":"summary_large_image","twitter_misc":{"Escrito por":"Codigo Vidrio Admin","Tiempo de lectura":"8 minutos"},"schema":{"@context":"https:\/\/schema.org","@graph":[{"@type":"Article","@id":"https:\/\/www.codigovidrio.com\/code\/el-ministerio-de-defensa-y-las-ff-aa-responsables-de-la-desaparicion-forzada-de-los-ninos-josue-ismael-steven-y-nehemias\/#article","isPartOf":{"@id":"https:\/\/www.codigovidrio.com\/code\/el-ministerio-de-defensa-y-las-ff-aa-responsables-de-la-desaparicion-forzada-de-los-ninos-josue-ismael-steven-y-nehemias\/"},"author":{"name":"Codigo Vidrio Admin","@id":"https:\/\/www.codigovidrio.com\/code\/#\/schema\/person\/974bc7a5b889699d012b2343dc68fc6e"},"headline":"El Ministerio de Defensa y las FF.AA., responsables de la desaparici\u00f3n forzada de los ni\u00f1os Josu\u00e9, Ismael, Steven y Nehem\u00edas","datePublished":"2026-03-11T03:21:14+00:00","dateModified":"2026-03-11T14:08:01+00:00","mainEntityOfPage":{"@id":"https:\/\/www.codigovidrio.com\/code\/el-ministerio-de-defensa-y-las-ff-aa-responsables-de-la-desaparicion-forzada-de-los-ninos-josue-ismael-steven-y-nehemias\/"},"wordCount":1533,"commentCount":0,"publisher":{"@id":"https:\/\/www.codigovidrio.com\/code\/#organization"},"image":{"@id":"https:\/\/www.codigovidrio.com\/code\/el-ministerio-de-defensa-y-las-ff-aa-responsables-de-la-desaparicion-forzada-de-los-ninos-josue-ismael-steven-y-nehemias\/#primaryimage"},"thumbnailUrl":"https:\/\/www.codigovidrio.com\/code\/wp-content\/uploads\/2026\/03\/IMG_8194.jpg","articleSection":["Especiales"],"inLanguage":"es","potentialAction":[{"@type":"CommentAction","name":"Comment","target":["https:\/\/www.codigovidrio.com\/code\/el-ministerio-de-defensa-y-las-ff-aa-responsables-de-la-desaparicion-forzada-de-los-ninos-josue-ismael-steven-y-nehemias\/#respond"]}]},{"@type":"WebPage","@id":"https:\/\/www.codigovidrio.com\/code\/el-ministerio-de-defensa-y-las-ff-aa-responsables-de-la-desaparicion-forzada-de-los-ninos-josue-ismael-steven-y-nehemias\/","url":"https:\/\/www.codigovidrio.com\/code\/el-ministerio-de-defensa-y-las-ff-aa-responsables-de-la-desaparicion-forzada-de-los-ninos-josue-ismael-steven-y-nehemias\/","name":"El Ministerio de Defensa y las FF.AA., responsables de la desaparici\u00f3n forzada de los ni\u00f1os Josu\u00e9, Ismael, Steven y Nehem\u00edas - C\u00f3digo Vidrio","isPartOf":{"@id":"https:\/\/www.codigovidrio.com\/code\/#website"},"primaryImageOfPage":{"@id":"https:\/\/www.codigovidrio.com\/code\/el-ministerio-de-defensa-y-las-ff-aa-responsables-de-la-desaparicion-forzada-de-los-ninos-josue-ismael-steven-y-nehemias\/#primaryimage"},"image":{"@id":"https:\/\/www.codigovidrio.com\/code\/el-ministerio-de-defensa-y-las-ff-aa-responsables-de-la-desaparicion-forzada-de-los-ninos-josue-ismael-steven-y-nehemias\/#primaryimage"},"thumbnailUrl":"https:\/\/www.codigovidrio.com\/code\/wp-content\/uploads\/2026\/03\/IMG_8194.jpg","datePublished":"2026-03-11T03:21:14+00:00","dateModified":"2026-03-11T14:08:01+00:00","breadcrumb":{"@id":"https:\/\/www.codigovidrio.com\/code\/el-ministerio-de-defensa-y-las-ff-aa-responsables-de-la-desaparicion-forzada-de-los-ninos-josue-ismael-steven-y-nehemias\/#breadcrumb"},"inLanguage":"es","potentialAction":[{"@type":"ReadAction","target":["https:\/\/www.codigovidrio.com\/code\/el-ministerio-de-defensa-y-las-ff-aa-responsables-de-la-desaparicion-forzada-de-los-ninos-josue-ismael-steven-y-nehemias\/"]}]},{"@type":"ImageObject","inLanguage":"es","@id":"https:\/\/www.codigovidrio.com\/code\/el-ministerio-de-defensa-y-las-ff-aa-responsables-de-la-desaparicion-forzada-de-los-ninos-josue-ismael-steven-y-nehemias\/#primaryimage","url":"https:\/\/www.codigovidrio.com\/code\/wp-content\/uploads\/2026\/03\/IMG_8194.jpg","contentUrl":"https:\/\/www.codigovidrio.com\/code\/wp-content\/uploads\/2026\/03\/IMG_8194.jpg","width":2077,"height":911},{"@type":"BreadcrumbList","@id":"https:\/\/www.codigovidrio.com\/code\/el-ministerio-de-defensa-y-las-ff-aa-responsables-de-la-desaparicion-forzada-de-los-ninos-josue-ismael-steven-y-nehemias\/#breadcrumb","itemListElement":[{"@type":"ListItem","position":1,"name":"Portada","item":"https:\/\/www.codigovidrio.com\/code\/"},{"@type":"ListItem","position":2,"name":"El Ministerio de Defensa y las FF.AA., responsables de la desaparici\u00f3n forzada de los ni\u00f1os Josu\u00e9, Ismael, Steven y Nehem\u00edas"}]},{"@type":"WebSite","@id":"https:\/\/www.codigovidrio.com\/code\/#website","url":"https:\/\/www.codigovidrio.com\/code\/","name":"C\u00f3digo Vidrio","description":"Transparentamos las historias ocultas","publisher":{"@id":"https:\/\/www.codigovidrio.com\/code\/#organization"},"potentialAction":[{"@type":"SearchAction","target":{"@type":"EntryPoint","urlTemplate":"https:\/\/www.codigovidrio.com\/code\/?s={search_term_string}"},"query-input":{"@type":"PropertyValueSpecification","valueRequired":true,"valueName":"search_term_string"}}],"inLanguage":"es"},{"@type":"Organization","@id":"https:\/\/www.codigovidrio.com\/code\/#organization","name":"C\u00f3digo Vidrio","url":"https:\/\/www.codigovidrio.com\/code\/","logo":{"@type":"ImageObject","inLanguage":"es","@id":"https:\/\/www.codigovidrio.com\/code\/#\/schema\/logo\/image\/","url":"https:\/\/www.codigovidrio.com\/code\/wp-content\/uploads\/2022\/01\/logo-horiz-08.png","contentUrl":"https:\/\/www.codigovidrio.com\/code\/wp-content\/uploads\/2022\/01\/logo-horiz-08.png","width":817,"height":294,"caption":"C\u00f3digo Vidrio"},"image":{"@id":"https:\/\/www.codigovidrio.com\/code\/#\/schema\/logo\/image\/"}},{"@type":"Person","@id":"https:\/\/www.codigovidrio.com\/code\/#\/schema\/person\/974bc7a5b889699d012b2343dc68fc6e","name":"Codigo Vidrio Admin","url":"https:\/\/www.codigovidrio.com\/code\/author\/vidrio-admin\/"}]}},"_links":{"self":[{"href":"https:\/\/www.codigovidrio.com\/code\/wp-json\/wp\/v2\/posts\/11734"}],"collection":[{"href":"https:\/\/www.codigovidrio.com\/code\/wp-json\/wp\/v2\/posts"}],"about":[{"href":"https:\/\/www.codigovidrio.com\/code\/wp-json\/wp\/v2\/types\/post"}],"author":[{"embeddable":true,"href":"https:\/\/www.codigovidrio.com\/code\/wp-json\/wp\/v2\/users\/2"}],"replies":[{"embeddable":true,"href":"https:\/\/www.codigovidrio.com\/code\/wp-json\/wp\/v2\/comments?post=11734"}],"version-history":[{"count":9,"href":"https:\/\/www.codigovidrio.com\/code\/wp-json\/wp\/v2\/posts\/11734\/revisions"}],"predecessor-version":[{"id":11747,"href":"https:\/\/www.codigovidrio.com\/code\/wp-json\/wp\/v2\/posts\/11734\/revisions\/11747"}],"wp:featuredmedia":[{"embeddable":true,"href":"https:\/\/www.codigovidrio.com\/code\/wp-json\/wp\/v2\/media\/11737"}],"wp:attachment":[{"href":"https:\/\/www.codigovidrio.com\/code\/wp-json\/wp\/v2\/media?parent=11734"}],"wp:term":[{"taxonomy":"category","embeddable":true,"href":"https:\/\/www.codigovidrio.com\/code\/wp-json\/wp\/v2\/categories?post=11734"},{"taxonomy":"post_tag","embeddable":true,"href":"https:\/\/www.codigovidrio.com\/code\/wp-json\/wp\/v2\/tags?post=11734"}],"curies":[{"name":"wp","href":"https:\/\/api.w.org\/{rel}","templated":true}]}}