{"id":11486,"date":"2026-01-12T10:52:41","date_gmt":"2026-01-12T15:52:41","guid":{"rendered":"https:\/\/www.codigovidrio.com\/code\/?p=11486"},"modified":"2026-01-12T12:02:23","modified_gmt":"2026-01-12T17:02:23","slug":"asi-fue-el-fiasco-de-la-extradicion-del-comandante-willy-desde-espana","status":"publish","type":"post","link":"https:\/\/www.codigovidrio.com\/code\/asi-fue-el-fiasco-de-la-extradicion-del-comandante-willy-desde-espana\/","title":{"rendered":"As\u00ed fue el fiasco de la extradici\u00f3n del \u00abcomandante Willy\u00bb, l\u00edder de Los Tiguerones, desde Espa\u00f1a  \u00a0"},"content":{"rendered":"<h3><strong><span style=\"color: #ff6600;\">Esta alianza period\u00edstica reconstruy\u00f3, con base en fuentes oficiales, tanto en Espa\u00f1a como en Ecuador, la ruta del tr\u00e1mite fallido. Errores de proceso en Ecuador, que tuvo dos momentos claves, condujeron a la liberaci\u00f3n del temido l\u00edder de Los Tiguerones, William Joffre Alc\u00edvar Bautista, comandante Willy. El presidente Daniel Noboa se enter\u00f3 del fiasco, en medio de sus vacaciones. El Gobierno, aunque no lo ha reconocido, investiga qui\u00e9n o qui\u00e9nes fueron los responsables en tres entidades responsables del manejo de <span style=\"caret-color: #ff6600;\">esta<\/span> caso: Corte Nacional de Justicia, Ministerio del Interior y la Canciller\u00eda. La liberaci\u00f3n desnuda las fallas de coordinaci\u00f3n entre instituciones y la ausencia de una autoridad encargada directamente del seguimiento y la cooperaci\u00f3n interinstitucional con Espa\u00f1a y otros pa\u00edses europeos en casos de gran importancia. \u00a0<\/span><\/strong><\/h3>\n<p style=\"font-weight: 400;\"><strong>Alianza C\u00f3digo Vidrio &#8211; Vistazo<\/strong><\/p>\n<p style=\"font-weight: 400;\">Extraditar a un requerido por la justicia no es tan simple, es un proceso complejo y sensible. Cuando Ecuador pidi\u00f3 a Espa\u00f1a la extradici\u00f3n del l\u00edder de Los Tiguerones, quien fue detenido la tercera semana de octubre de 2024 en ese pa\u00eds, arranc\u00f3 un tr\u00e1mite que deb\u00eda cumplir varios requisitos, que siguen est\u00e1ndares del derecho internacional y concretamente de la Uni\u00f3n Europea. El 29 de diciembre de 2025, la justicia espa\u00f1ola dictamin\u00f3 que la parte requiriente ecuatoriana no cumpli\u00f3 todos los pasos, como se hab\u00eda solicitado. El resultado, que cay\u00f3 como una bomba para el r\u00e9gimen, fue la liberaci\u00f3n del <strong>William Joffre Alc\u00edvar Bautista, comandante Willy<\/strong>. Su captura hab\u00eda sido difundida un a\u00f1o antes por el gobierno como un logro sin precedentes, producto de la coordinaci\u00f3n entre las polic\u00edas de ambos pa\u00edses.<\/p>\n<p style=\"font-weight: 400;\">Esta alianza reconstruy\u00f3 la ruta de este tr\u00e1mite fallido. Para esto, se bas\u00f3 en fuentes oficiales, tanto en Espa\u00f1a como en Ecuador.<\/p>\n<p style=\"font-weight: 400;\">Estos son los hallazgos m\u00e1s significativos que aclaran c\u00f3mo se desarrollaron los acontecimientos.<\/p>\n<p style=\"font-weight: 400;\"><strong>La Audiencia Nacional<\/strong> (poder judicial espa\u00f1ol) hizo dos solicitudes concretas al gobierno ecuatoriano en junio y septiembre de 2025. En junio, el juez espa\u00f1ol que tramitaba el proceso de extradici\u00f3n pidi\u00f3 que Ecuador enviara las garant\u00edas de que, una vez en Ecuador, Alc\u00edvar estar\u00eda seguro, sin que su vida corriera ning\u00fan peligro, en concordancia con la legislaci\u00f3n espa\u00f1ola, que sigue est\u00e1ndares europeos.<\/p>\n<figure id=\"attachment_11492\" aria-describedby=\"caption-attachment-11492\" style=\"width: 1234px\" class=\"wp-caption alignleft\"><img fetchpriority=\"high\" decoding=\"async\" class=\"wp-image-11492 size-full\" src=\"https:\/\/www.codigovidrio.com\/code\/wp-content\/uploads\/2026\/01\/IMG_7299.jpg\" alt=\"\" width=\"1244\" height=\"657\" srcset=\"https:\/\/www.codigovidrio.com\/code\/wp-content\/uploads\/2026\/01\/IMG_7299.jpg 1244w, https:\/\/www.codigovidrio.com\/code\/wp-content\/uploads\/2026\/01\/IMG_7299-300x158.jpg 300w, https:\/\/www.codigovidrio.com\/code\/wp-content\/uploads\/2026\/01\/IMG_7299-1024x541.jpg 1024w, https:\/\/www.codigovidrio.com\/code\/wp-content\/uploads\/2026\/01\/IMG_7299-768x406.jpg 768w\" sizes=\"(max-width: 1244px) 100vw, 1244px\" \/><figcaption id=\"caption-attachment-11492\" class=\"wp-caption-text\">El comandante Willy fue detenido en Espa\u00f1a en octubre de 2024. Foto de archivo<\/figcaption><\/figure>\n<p style=\"font-weight: 400;\">La tercera semana de septiembre de 2025, la justicia espa\u00f1ola reiter\u00f3 al Estado ecuatoriano el pedido de garantizar la vida e integridad de Alc\u00edvar Bautista, ante la crisis penitenciaria e institucional, que estaba fuera de control por las constantes matanzas en varios presidios.<\/p>\n<p style=\"font-weight: 400;\">Al formalizar esta petici\u00f3n estableci\u00f3 un plazo fatal. Tres meses a partir de esa solicitud, ante la falta de respuestas, el detenido quedar\u00eda en libertad.<\/p>\n<p style=\"font-weight: 400;\">Eso fue lo que efectivamente sucedi\u00f3, coincidieron fuentes en ambos pa\u00edses, entrevistados por esta alianza. La versi\u00f3n oficial de Canciller\u00eda y del Ministerio del Interior ecuatorianos sobre el alegado incumplimiento de la entrega de los informes fue solicitada para elaborar este informe. Al cierre de esta entrega, ninguna de las dos instituciones respondi\u00f3.<\/p>\n<p>En un comunicado oficial, la Canciller\u00eda hab\u00eda indicado que s\u00ed cumpli\u00f3 el env\u00edo de garant\u00edas solicitadas, en junio, y la ampliaci\u00f3n requerida en agosto y notificada en septiembre. Este medio pidi\u00f3 precisamente que esa entidad confirm\u00e9 la fecha del segundo remitido y el detalle de la contestaci\u00f3n, sin tener a\u00fan una respuesta.<\/p>\n<p>Cuando se conoci\u00f3 la decisi\u00f3n de que la justicia de Espa\u00f1a hab\u00eda resuelto liberar a Alc\u00edvar, el primero en reaccionar de manera furibunda fue el <strong>ministro del Interior, John Reimberg<\/strong>. Dijo que Ecuador s\u00ed present\u00f3 el 12 de junio del 2025 las garant\u00edas por parte de Ecuador a Espa\u00f1a, al igual que la Corte Nacional de Ecuador. Agreg\u00f3 que que el abogado de Alc\u00edvar, un chileno nacionalizado espa\u00f1ol, \u201cestaba dando largas para que se entreguen garant\u00edas a este delincuente\u201d. Adem\u00e1s expres\u00f3 que la autoridad judicial de Espa\u00f1a ha decidido dejar libre a un terrorista. \u201cEso deber\u00eda elevar la preocupaci\u00f3n entre los ciudadanos que viven en Espa\u00f1a\u201d, subray\u00f3, al tiempo de anunciar que enviar\u00eda una nota de queja a las autoridades espa\u00f1olas.<\/p>\n<figure id=\"attachment_11495\" aria-describedby=\"caption-attachment-11495\" style=\"width: 728px\" class=\"wp-caption alignright\"><img decoding=\"async\" class=\"wp-image-11495\" src=\"https:\/\/www.codigovidrio.com\/code\/wp-content\/uploads\/2026\/01\/Captura-de-pantalla-2026-01-12-a-las-10.43.48.png\" alt=\"\" width=\"738\" height=\"475\" srcset=\"https:\/\/www.codigovidrio.com\/code\/wp-content\/uploads\/2026\/01\/Captura-de-pantalla-2026-01-12-a-las-10.43.48.png 1758w, https:\/\/www.codigovidrio.com\/code\/wp-content\/uploads\/2026\/01\/Captura-de-pantalla-2026-01-12-a-las-10.43.48-300x193.png 300w, https:\/\/www.codigovidrio.com\/code\/wp-content\/uploads\/2026\/01\/Captura-de-pantalla-2026-01-12-a-las-10.43.48-1024x659.png 1024w, https:\/\/www.codigovidrio.com\/code\/wp-content\/uploads\/2026\/01\/Captura-de-pantalla-2026-01-12-a-las-10.43.48-768x495.png 768w, https:\/\/www.codigovidrio.com\/code\/wp-content\/uploads\/2026\/01\/Captura-de-pantalla-2026-01-12-a-las-10.43.48-1536x989.png 1536w\" sizes=\"(max-width: 738px) 100vw, 738px\" \/><figcaption id=\"caption-attachment-11495\" class=\"wp-caption-text\"><strong>El ministro Reimberg reiter\u00f3 que Ecuador s\u00ed entreg\u00f3 las garant\u00edas y responsabiliz\u00f3 de la liberaci\u00f3n de Willy a Espa\u00f1a. Foto de archivo<\/strong><\/figcaption><\/figure>\n<h3 style=\"font-weight: 400;\"><strong>As\u00ed se desarrollaron los hechos m\u00e1s relevantes en el tiempo<\/strong><\/h3>\n<p style=\"font-weight: 400;\"><span style=\"color: #ff6600;\"><strong>Octubre 23, 2024:<\/strong>\u00a0<\/span>William Alc\u00edvar fue detenido en Tarragona, Catalu\u00f1a, durante un operativo que fue el resultado de labores de inteligencia espa\u00f1olas. Las autoridades ecuatorianas reivindicaron la acci\u00f3n como conjunta.<\/p>\n<p style=\"font-weight: 400;\">Ese mismo d\u00eda, la entonces ministra del Interior, M\u00f3nica Palencia, se salv\u00f3 de ser censurada y destituida por el corre\u00edsmo en el Legislativo. Se requer\u00edan 92 votos y se consiguieron 77. Fuentes consultadas por esta alianza coinciden en que la noticia de la captura de los hermanos Alc\u00edvar fue el golpe medi\u00e1tico que contribuy\u00f3 para salvar a Palencia de la censura legislativa durante esa jornada.<\/p>\n<p style=\"font-weight: 400;\">Las autoridades ecuatorianas iniciaron el pedido para una extradici\u00f3n activa. En ese tr\u00e1mite, Ecuador cumple con lo previsto en la Ley de Extradici\u00f3n, vigente desde el a\u00f1o 2000.<\/p>\n<p style=\"font-weight: 400;\">El art\u00edculo 30 de la ley contempla que en procesos con orden vigente de prisi\u00f3n preventiva o sentencia en contra de un pr\u00f3fugo, el juez competente debe solicitar la notificaci\u00f3n roja a INTERPOL Cuando la persona ha sido ya ubicada en el extranjero, se eleva la petici\u00f3n ante la presidencia de la Corte Nacional de Justicia, CNJ.<\/p>\n<p style=\"font-weight: 400;\">Con esos documentos judiciales, \u00a0la solicitud formal de extradici\u00f3n se presenta ante las autoridades del Estado requerido, solicitando la entrega del ciudadano, con todos los documentos de respaldo.<\/p>\n<p style=\"font-weight: 400;\">Tras su detenci\u00f3n, Alc\u00edvar Bautista requiri\u00f3 los servicios legales de uno de los abogados m\u00e1s prestigiosos en Espa\u00f1a, quien particip\u00f3 activamente siguiendo el debido proceso.<\/p>\n<figure id=\"attachment_11493\" aria-describedby=\"caption-attachment-11493\" style=\"width: 1483px\" class=\"wp-caption alignleft\"><img decoding=\"async\" class=\"wp-image-11493 size-full\" src=\"https:\/\/www.codigovidrio.com\/code\/wp-content\/uploads\/2026\/01\/IMG_7300.jpg\" alt=\"\" width=\"1493\" height=\"851\" srcset=\"https:\/\/www.codigovidrio.com\/code\/wp-content\/uploads\/2026\/01\/IMG_7300.jpg 1493w, https:\/\/www.codigovidrio.com\/code\/wp-content\/uploads\/2026\/01\/IMG_7300-300x171.jpg 300w, https:\/\/www.codigovidrio.com\/code\/wp-content\/uploads\/2026\/01\/IMG_7300-1024x584.jpg 1024w, https:\/\/www.codigovidrio.com\/code\/wp-content\/uploads\/2026\/01\/IMG_7300-768x438.jpg 768w\" sizes=\"(max-width: 1493px) 100vw, 1493px\" \/><figcaption id=\"caption-attachment-11493\" class=\"wp-caption-text\">Alc\u00edvar estuvo procesado por la Audiencia Nacional de Espa\u00f1a que tramit\u00f3 el pedido de su extradici\u00f3n. Foto de archivo<\/figcaption><\/figure>\n<p style=\"font-weight: 400;\">Se trata de <strong>Gonzalo Boye Tuset<\/strong>, jurista de alto perfil medi\u00e1tico. Naci\u00f3 en Chile en 1965 pero se radic\u00f3 en Espa\u00f1a a partir de 1987. Fue simpatizante del Movimiento de Izquierda Revolucionaria (MIR).<\/p>\n<p style=\"font-weight: 400;\">Fuentes en ese pa\u00eds dan cuenta que fue detenido en 1992. La Audiencia Nacional lo conden\u00f3 a 14 a\u00f1os, por un secuestro atribuido a ETA. En prisi\u00f3n estudi\u00f3 Derecho y para 2002 sali\u00f3 en libertad. Concedi\u00f3 una entrevista a la universidad que lo titul\u00f3 como abogado. En ella, afirma que nunca ha negado lo ocurrido; estudi\u00f3 derecho mientras estaba preso. Su trayectoria como jurista ha generado revuelo por los casos que patrocin\u00f3.<\/p>\n<p style=\"font-weight: 400;\">Se vincul\u00f3 al equipo de defensores de <strong>Carles Puigdemont<\/strong>, acusado de sedici\u00f3n en un intento por lograr la independencia de Catalu\u00f1a.<\/p>\n<p style=\"font-weight: 400;\">Fue abogado en la causas particular de una mujer chilena que perdi\u00f3 a su marido en la explosi\u00f3n ocurrida el 11 de marzo de 2004, en la estaci\u00f3n de tren de Atocha, Madrid. En el atentado murieron cerca de 200 personas y otras 1.900 resultaron heridas.<\/p>\n<p style=\"font-weight: 400;\"><span style=\"color: #ff6600;\"><strong>Mayo 2025:<\/strong>\u00a0<\/span>La justicia espa\u00f1ola advirti\u00f3 que acceder\u00eda al pedido de extradici\u00f3n, pero establec\u00eda que el Estado ecuatoriano deb\u00eda \u00a0garantizar que la vida y la integridad del ciudadano requerido no correr\u00edan peligro si se concretaba el traslado. Este argumento de indefensi\u00f3n elaborado por el potente equipo de defensores contratado por el comandante Willy.<\/p>\n<p style=\"font-weight: 400;\"><span style=\"color: #ff6600;\"><strong>Junio 2, 2025:<\/strong><\/span> William Alc\u00edvar compareci\u00f3 ante la Audiencia Nacional. Para entonces, su defensa liderada por Boye Tuset hab\u00eda insistido en el argumento de que su vida corr\u00eda peligro, considerando que en Ecuador la crisis carcelaria no est\u00e1 superada.<\/p>\n<p style=\"font-weight: 400;\"><span style=\"color: #ff6600;\"><strong>Junio 12, 2025: <\/strong><\/span>Seg\u00fan el ministro del Interior, John Reimberg, en esta fecha la Corte Nacional de Justicia cumpli\u00f3 con el env\u00edo de las garant\u00edas requeridas que luego deb\u00edan remitirse a trav\u00e9s de la Canciller\u00eda.<\/p>\n<p style=\"font-weight: 400;\"><span style=\"color: #ff6600;\"><strong>Junio 23, 2025:<\/strong> <\/span>Un juez de la Audiencia Nacional de Espa\u00f1a inform\u00f3 que se conced\u00eda la extradici\u00f3n, siempre y cuando el Estado ecuatoriano pudiera garantizar condiciones m\u00ednimas de seguridad para el detenido. Condicion\u00f3 la entrega a que Ecuador cumpliera todas esas exigencias, en sinton\u00eda con recomendaciones de la Comisi\u00f3n Interamericana de DD.H.H. con la cual Espa\u00f1a tiene un acuerdo.<\/p>\n<p><strong><span style=\"color: #ff6600;\">Agosto de 2025.<\/span><\/strong> La justicia espa\u00f1ola pidi\u00f3 que Ecuador enviara m\u00e1s garant\u00edas para proteger la integridad del l\u00edder de Los Tiguerones. Esto en vista de que los hechos violentos en las prisiones hab\u00edan aumentado. Ese precisamente fue el argumento del abogado del comandante Willy, quien present\u00f3 una nueva solicitud ante el juez de la Audiencia Nacional que tramitaba el pedido de extradici\u00f3n. En ese documento detallaba que el riesgo para su cliente hab\u00eda aumentando por los homicidios ocurridos en varias c\u00e1rceles, adjuntando noticias y fotograf\u00edas de esos hechos. Ante este nuevo requerimiento, el juez elev\u00f3 la petici\u00f3n a un tribunal de la secci\u00f3n penal de la Audiencia, para que delibere. La nueva solicitud parti\u00f3 de este tribunal y por tanto de un estamento jer\u00e1rquico superior en la Audiencia.<\/p>\n<p style=\"font-weight: 400;\"><span style=\"color: #ff6600;\"><strong>Septiembre 22, 2025: <\/strong><\/span>El Ministerio de Exteriores de Espa\u00f1a (el equivalente a la Canciller\u00eda) notific\u00f3 a la embajada de Ecuador en Madrid que fijaba un plazo de tres meses, para que la contraparte presentara m\u00e1s garant\u00edas sobre las condiciones carcelarias. Ese mismo d\u00eda, 14 presos murieron y al menos 13 se fugaron de la c\u00e1rcel de Machala, luego de una jornada que empez\u00f3 con explosiones y disparos. Entre los muertos hab\u00eda un guardia penitenciario. Esta informaci\u00f3n deb\u00eda ser recabada y proporcionada oportunamente por la Corte Nacional y el Ministerio del Interior ala Canciller\u00eda. Precisamente en estas tres entidades est\u00e1 el foco que investigan autoridades de inteligencia para establecer los niveles de responsabilidad y el cumplimiento de lo solicitado.<\/p>\n<p style=\"font-weight: 400;\"><span style=\"color: #ff6600;\"><strong>Diciembre 22, 2025:<\/strong><\/span> Venci\u00f3 el plazo de tres meses. Seg\u00fan la parte oficial espa\u00f1ola, no se recibi\u00f3 respuesta de sus hom\u00f3logos ecuatorianos, a esta segunda petici\u00f3n originada en el tribunal. Las fuentes coinciden en que el sistema espa\u00f1ol es garantista de derechos. En este contexto, cumple con acuerdos de la Uni\u00f3n Europea y de la CIDH. Estos protocolos obligan a garantizar la protecci\u00f3n de la integridad del extraditado, antes de concretarla.<\/p>\n<p style=\"font-weight: 400;\"><span style=\"color: #ff6600;\"><strong>Diciembre 29, 2025: <\/strong><\/span>La autoridad espa\u00f1ola emiti\u00f3 un auto notificando y motivando la decisi\u00f3n de liberar a Alc\u00edvar. Entre los argumentos se menciona que la detenci\u00f3n provisional empez\u00f3 en octubre de 2024.<\/p>\n<p style=\"font-weight: 400;\"><span style=\"color: #ff6600;\"><strong>Enero 04, 2026: <\/strong><\/span>\u00a0El presidente Daniel Noboa se enter\u00f3 de la liberaci\u00f3n en medio de sus vacaciones y pidi\u00f3 que se esclarezca si hubo un error y qui\u00e9n o quienes lo cometieron. Las siguientes horas y d\u00edas las autoridades ecuatorianas se comunicaron con sus contrapartes espa\u00f1olas para averiguar lo ocurrido en detalle y buscar que se retome la recaptura de Willy, aunque la decisi\u00f3n, seg\u00fan recalcaron autoridades espa\u00f1olas no depend\u00eda del gobierno sino del poder judicial.<\/p>\n<p style=\"font-weight: 400;\"><span style=\"color: #ff6600;\"><strong>Enero 08, 2026:<\/strong>\u00a0<\/span>Se hizo p\u00fablica la noticia de la liberaci\u00f3n. En Ecuador las instituciones empezaron a lanzarase la pelota, respecto a las responsabilidades y omisiones. Y el dedo acusador se dirigi\u00f3 a Espa\u00f1a.<\/p>\n<h3 style=\"font-weight: 400;\"><strong>\u00bfQui\u00e9n es el comandante Willy?<\/strong><\/h3>\n<p style=\"font-weight: 400;\">Era gu\u00eda penitenciario. En 2019, cuando prestaba sus servicios en la Penitenciar\u00eda de Guayaquil, William Joffre Alc\u00edvar Bautista ayud\u00f3 a la fuga de su hermano, Luis Ernesto, sentenciado por asesinato, y de otros presos.<\/p>\n<p style=\"font-weight: 400;\">Con sus hermanos cre\u00f3 la estructura delictiva que se constituy\u00f3 en el grupo Los Tiguerones, cuyo basti\u00f3n es la provincia de Esmeraldas.<\/p>\n<p><img loading=\"lazy\" decoding=\"async\" class=\"wp-image-11494 alignright\" src=\"https:\/\/www.codigovidrio.com\/code\/wp-content\/uploads\/2026\/01\/Willito.png\" alt=\"\" width=\"373\" height=\"469\" srcset=\"https:\/\/www.codigovidrio.com\/code\/wp-content\/uploads\/2026\/01\/Willito.png 924w, https:\/\/www.codigovidrio.com\/code\/wp-content\/uploads\/2026\/01\/Willito-239x300.png 239w, https:\/\/www.codigovidrio.com\/code\/wp-content\/uploads\/2026\/01\/Willito-815x1024.png 815w, https:\/\/www.codigovidrio.com\/code\/wp-content\/uploads\/2026\/01\/Willito-768x965.png 768w\" sizes=\"(max-width: 373px) 100vw, 373px\" \/><\/p>\n<p style=\"font-weight: 400;\">Fue procesado por asesinato, pero mediante estratagemas jur\u00eddicas obtuvo su libertad en 2018. A Espa\u00f1a habr\u00eda viajado poco despu\u00e9s de la pandemia, con documentos falsos que acreditaban su identidad como ciudadano colombiano.<\/p>\n<p style=\"font-weight: 400;\">Con \u00e9l viv\u00eda su hermano \u00c1lex Iv\u00e1n, conocido como Ronco, el segundo al mando en esa organizaci\u00f3n. Desde el exterior Willy habr\u00eda sido el cerebro detr\u00e1s de la toma violenta del canal TC Televisi\u00f3n en enero de 2024. Para expertos, \u00e9ste habr\u00eda sido un hecho violento para posicionar su marca violenta en el mundo delictivo.<\/p>\n<p style=\"font-weight: 400;\">En agosto de 2024 su padre fue sentenciado a cinco a\u00f1os por delincuencia organizada. A partir de entonces se intensific\u00f3 la b\u00fasqueda de los hermanos Alc\u00edvar Bautista.<\/p>\n<p style=\"font-weight: 400;\">En Catalu\u00f1a \u00e9l y su hermano manten\u00edan negocios de limpieza, encomiendas y transporte, pero se trasladaban en autos de alta gama. Esto intrig\u00f3 a las autoridades espa\u00f1olas.<\/p>\n<p style=\"font-weight: 400;\">En un chalet de Segur de Calafell, municipio de la provincia de Tarragona, viv\u00edan con otras seis personas, incluyendo una mujer y una ni\u00f1a. \u00c9ste es un lugar reconocido por sus playas y recomendado para el turismo familiar. Esta urbanizaci\u00f3n privada, constituida hace 70 a\u00f1os, fue concebida como un refugio de casas bajas junto al mediterr\u00e1neo. En esta zona, el alquiler de una vivienda tiene un valor mensual superior a 1.900 euros.<\/p>\n<p style=\"font-weight: 400;\">\u00a0\u201cViv\u00eda como pr\u00edncipe\u201d, seg\u00fan la Polic\u00eda. La \u00faltima semana de octubre de 2024 ambos fueron detenidos en un operativo conjunto de las polic\u00edas de los dos pa\u00edses. Autos de lujo se encontraban entre sus pertenencias.<\/p>\n","protected":false},"excerpt":{"rendered":"<p>Esta alianza period\u00edstica reconstruy\u00f3, con base en fuentes oficiales, tanto en Espa\u00f1a como en Ecuador, la ruta del tr\u00e1mite fallido. Errores de proceso en Ecuador, que tuvo dos momentos claves, condujeron a la liberaci\u00f3n del temido l\u00edder de Los Tiguerones, William Joffre Alc\u00edvar Bautista, comandante Willy. El presidente Daniel Noboa se enter\u00f3 del fiasco, en &#8230; <a title=\"As\u00ed fue el fiasco de la extradici\u00f3n del \u00abcomandante Willy\u00bb, l\u00edder de Los Tiguerones, desde Espa\u00f1a  \u00a0\" class=\"read-more\" href=\"https:\/\/www.codigovidrio.com\/code\/asi-fue-el-fiasco-de-la-extradicion-del-comandante-willy-desde-espana\/\">leer m\u00e1s&#8230;<\/a><\/p>\n","protected":false},"author":2,"featured_media":11498,"comment_status":"open","ping_status":"closed","sticky":false,"template":"","format":"standard","meta":{"generate_page_header":"","footnotes":""},"categories":[211],"tags":[],"yoast_head":"<!-- This site is optimized with the Yoast SEO plugin v23.5 - https:\/\/yoast.com\/wordpress\/plugins\/seo\/ -->\n<title>As\u00ed fue el fiasco de la extradici\u00f3n del &quot;comandante Willy&quot;, l\u00edder de Los Tiguerones, desde Espa\u00f1a \u00a0 - C\u00f3digo Vidrio<\/title>\n<meta name=\"robots\" content=\"index, follow, max-snippet:-1, max-image-preview:large, max-video-preview:-1\" \/>\n<link rel=\"canonical\" href=\"https:\/\/www.codigovidrio.com\/code\/asi-fue-el-fiasco-de-la-extradicion-del-comandante-willy-desde-espana\/\" \/>\n<meta property=\"og:locale\" content=\"es_ES\" \/>\n<meta property=\"og:type\" content=\"article\" \/>\n<meta property=\"og:title\" content=\"As\u00ed fue el fiasco de la extradici\u00f3n del &quot;comandante Willy&quot;, l\u00edder de Los Tiguerones, desde Espa\u00f1a \u00a0 - C\u00f3digo Vidrio\" \/>\n<meta property=\"og:description\" content=\"Esta alianza period\u00edstica reconstruy\u00f3, con base en fuentes oficiales, tanto en Espa\u00f1a como en Ecuador, la ruta del tr\u00e1mite fallido. Errores de proceso en Ecuador, que tuvo dos momentos claves, condujeron a la liberaci\u00f3n del temido l\u00edder de Los Tiguerones, William Joffre Alc\u00edvar Bautista, comandante Willy. El presidente Daniel Noboa se enter\u00f3 del fiasco, en ... leer m\u00e1s...\" \/>\n<meta property=\"og:url\" content=\"https:\/\/www.codigovidrio.com\/code\/asi-fue-el-fiasco-de-la-extradicion-del-comandante-willy-desde-espana\/\" \/>\n<meta property=\"og:site_name\" content=\"C\u00f3digo Vidrio\" \/>\n<meta property=\"article:published_time\" content=\"2026-01-12T15:52:41+00:00\" \/>\n<meta property=\"article:modified_time\" content=\"2026-01-12T17:02:23+00:00\" \/>\n<meta property=\"og:image\" content=\"https:\/\/www.codigovidrio.com\/code\/wp-content\/uploads\/2026\/01\/Captura-de-pantalla-2026-01-12-a-las-11.02.56-1024x490.png\" \/>\n\t<meta property=\"og:image:width\" content=\"1024\" \/>\n\t<meta property=\"og:image:height\" content=\"490\" \/>\n\t<meta property=\"og:image:type\" content=\"image\/png\" \/>\n<meta name=\"author\" content=\"Codigo Vidrio Admin\" \/>\n<meta name=\"twitter:card\" content=\"summary_large_image\" \/>\n<meta name=\"twitter:label1\" content=\"Escrito por\" \/>\n\t<meta name=\"twitter:data1\" content=\"Codigo Vidrio Admin\" \/>\n\t<meta name=\"twitter:label2\" content=\"Tiempo de lectura\" \/>\n\t<meta name=\"twitter:data2\" content=\"11 minutos\" \/>\n<script type=\"application\/ld+json\" class=\"yoast-schema-graph\">{\"@context\":\"https:\/\/schema.org\",\"@graph\":[{\"@type\":\"Article\",\"@id\":\"https:\/\/www.codigovidrio.com\/code\/asi-fue-el-fiasco-de-la-extradicion-del-comandante-willy-desde-espana\/#article\",\"isPartOf\":{\"@id\":\"https:\/\/www.codigovidrio.com\/code\/asi-fue-el-fiasco-de-la-extradicion-del-comandante-willy-desde-espana\/\"},\"author\":{\"name\":\"Codigo Vidrio Admin\",\"@id\":\"https:\/\/www.codigovidrio.com\/code\/#\/schema\/person\/974bc7a5b889699d012b2343dc68fc6e\"},\"headline\":\"As\u00ed fue el fiasco de la extradici\u00f3n del \u00abcomandante Willy\u00bb, l\u00edder de Los Tiguerones, desde Espa\u00f1a \u00a0\",\"datePublished\":\"2026-01-12T15:52:41+00:00\",\"dateModified\":\"2026-01-12T17:02:23+00:00\",\"mainEntityOfPage\":{\"@id\":\"https:\/\/www.codigovidrio.com\/code\/asi-fue-el-fiasco-de-la-extradicion-del-comandante-willy-desde-espana\/\"},\"wordCount\":2287,\"commentCount\":0,\"publisher\":{\"@id\":\"https:\/\/www.codigovidrio.com\/code\/#organization\"},\"image\":{\"@id\":\"https:\/\/www.codigovidrio.com\/code\/asi-fue-el-fiasco-de-la-extradicion-del-comandante-willy-desde-espana\/#primaryimage\"},\"thumbnailUrl\":\"https:\/\/www.codigovidrio.com\/code\/wp-content\/uploads\/2026\/01\/Captura-de-pantalla-2026-01-12-a-las-11.02.56.png\",\"articleSection\":[\"Especiales\"],\"inLanguage\":\"es\",\"potentialAction\":[{\"@type\":\"CommentAction\",\"name\":\"Comment\",\"target\":[\"https:\/\/www.codigovidrio.com\/code\/asi-fue-el-fiasco-de-la-extradicion-del-comandante-willy-desde-espana\/#respond\"]}]},{\"@type\":\"WebPage\",\"@id\":\"https:\/\/www.codigovidrio.com\/code\/asi-fue-el-fiasco-de-la-extradicion-del-comandante-willy-desde-espana\/\",\"url\":\"https:\/\/www.codigovidrio.com\/code\/asi-fue-el-fiasco-de-la-extradicion-del-comandante-willy-desde-espana\/\",\"name\":\"As\u00ed fue el fiasco de la extradici\u00f3n del \\\"comandante Willy\\\", l\u00edder de Los Tiguerones, desde Espa\u00f1a \u00a0 - C\u00f3digo Vidrio\",\"isPartOf\":{\"@id\":\"https:\/\/www.codigovidrio.com\/code\/#website\"},\"primaryImageOfPage\":{\"@id\":\"https:\/\/www.codigovidrio.com\/code\/asi-fue-el-fiasco-de-la-extradicion-del-comandante-willy-desde-espana\/#primaryimage\"},\"image\":{\"@id\":\"https:\/\/www.codigovidrio.com\/code\/asi-fue-el-fiasco-de-la-extradicion-del-comandante-willy-desde-espana\/#primaryimage\"},\"thumbnailUrl\":\"https:\/\/www.codigovidrio.com\/code\/wp-content\/uploads\/2026\/01\/Captura-de-pantalla-2026-01-12-a-las-11.02.56.png\",\"datePublished\":\"2026-01-12T15:52:41+00:00\",\"dateModified\":\"2026-01-12T17:02:23+00:00\",\"breadcrumb\":{\"@id\":\"https:\/\/www.codigovidrio.com\/code\/asi-fue-el-fiasco-de-la-extradicion-del-comandante-willy-desde-espana\/#breadcrumb\"},\"inLanguage\":\"es\",\"potentialAction\":[{\"@type\":\"ReadAction\",\"target\":[\"https:\/\/www.codigovidrio.com\/code\/asi-fue-el-fiasco-de-la-extradicion-del-comandante-willy-desde-espana\/\"]}]},{\"@type\":\"ImageObject\",\"inLanguage\":\"es\",\"@id\":\"https:\/\/www.codigovidrio.com\/code\/asi-fue-el-fiasco-de-la-extradicion-del-comandante-willy-desde-espana\/#primaryimage\",\"url\":\"https:\/\/www.codigovidrio.com\/code\/wp-content\/uploads\/2026\/01\/Captura-de-pantalla-2026-01-12-a-las-11.02.56.png\",\"contentUrl\":\"https:\/\/www.codigovidrio.com\/code\/wp-content\/uploads\/2026\/01\/Captura-de-pantalla-2026-01-12-a-las-11.02.56.png\",\"width\":3004,\"height\":1436},{\"@type\":\"BreadcrumbList\",\"@id\":\"https:\/\/www.codigovidrio.com\/code\/asi-fue-el-fiasco-de-la-extradicion-del-comandante-willy-desde-espana\/#breadcrumb\",\"itemListElement\":[{\"@type\":\"ListItem\",\"position\":1,\"name\":\"Portada\",\"item\":\"https:\/\/www.codigovidrio.com\/code\/\"},{\"@type\":\"ListItem\",\"position\":2,\"name\":\"As\u00ed fue el fiasco de la extradici\u00f3n del \u00abcomandante Willy\u00bb, l\u00edder de Los Tiguerones, desde Espa\u00f1a \u00a0\"}]},{\"@type\":\"WebSite\",\"@id\":\"https:\/\/www.codigovidrio.com\/code\/#website\",\"url\":\"https:\/\/www.codigovidrio.com\/code\/\",\"name\":\"C\u00f3digo Vidrio\",\"description\":\"Transparentamos las historias ocultas\",\"publisher\":{\"@id\":\"https:\/\/www.codigovidrio.com\/code\/#organization\"},\"potentialAction\":[{\"@type\":\"SearchAction\",\"target\":{\"@type\":\"EntryPoint\",\"urlTemplate\":\"https:\/\/www.codigovidrio.com\/code\/?s={search_term_string}\"},\"query-input\":{\"@type\":\"PropertyValueSpecification\",\"valueRequired\":true,\"valueName\":\"search_term_string\"}}],\"inLanguage\":\"es\"},{\"@type\":\"Organization\",\"@id\":\"https:\/\/www.codigovidrio.com\/code\/#organization\",\"name\":\"C\u00f3digo Vidrio\",\"url\":\"https:\/\/www.codigovidrio.com\/code\/\",\"logo\":{\"@type\":\"ImageObject\",\"inLanguage\":\"es\",\"@id\":\"https:\/\/www.codigovidrio.com\/code\/#\/schema\/logo\/image\/\",\"url\":\"https:\/\/www.codigovidrio.com\/code\/wp-content\/uploads\/2022\/01\/logo-horiz-08.png\",\"contentUrl\":\"https:\/\/www.codigovidrio.com\/code\/wp-content\/uploads\/2022\/01\/logo-horiz-08.png\",\"width\":817,\"height\":294,\"caption\":\"C\u00f3digo Vidrio\"},\"image\":{\"@id\":\"https:\/\/www.codigovidrio.com\/code\/#\/schema\/logo\/image\/\"}},{\"@type\":\"Person\",\"@id\":\"https:\/\/www.codigovidrio.com\/code\/#\/schema\/person\/974bc7a5b889699d012b2343dc68fc6e\",\"name\":\"Codigo Vidrio Admin\",\"url\":\"https:\/\/www.codigovidrio.com\/code\/author\/vidrio-admin\/\"}]}<\/script>\n<!-- \/ Yoast SEO plugin. -->","yoast_head_json":{"title":"As\u00ed fue el fiasco de la extradici\u00f3n del \"comandante Willy\", l\u00edder de Los Tiguerones, desde Espa\u00f1a \u00a0 - C\u00f3digo Vidrio","robots":{"index":"index","follow":"follow","max-snippet":"max-snippet:-1","max-image-preview":"max-image-preview:large","max-video-preview":"max-video-preview:-1"},"canonical":"https:\/\/www.codigovidrio.com\/code\/asi-fue-el-fiasco-de-la-extradicion-del-comandante-willy-desde-espana\/","og_locale":"es_ES","og_type":"article","og_title":"As\u00ed fue el fiasco de la extradici\u00f3n del \"comandante Willy\", l\u00edder de Los Tiguerones, desde Espa\u00f1a \u00a0 - C\u00f3digo Vidrio","og_description":"Esta alianza period\u00edstica reconstruy\u00f3, con base en fuentes oficiales, tanto en Espa\u00f1a como en Ecuador, la ruta del tr\u00e1mite fallido. Errores de proceso en Ecuador, que tuvo dos momentos claves, condujeron a la liberaci\u00f3n del temido l\u00edder de Los Tiguerones, William Joffre Alc\u00edvar Bautista, comandante Willy. El presidente Daniel Noboa se enter\u00f3 del fiasco, en ... leer m\u00e1s...","og_url":"https:\/\/www.codigovidrio.com\/code\/asi-fue-el-fiasco-de-la-extradicion-del-comandante-willy-desde-espana\/","og_site_name":"C\u00f3digo Vidrio","article_published_time":"2026-01-12T15:52:41+00:00","article_modified_time":"2026-01-12T17:02:23+00:00","og_image":[{"width":1024,"height":490,"url":"https:\/\/www.codigovidrio.com\/code\/wp-content\/uploads\/2026\/01\/Captura-de-pantalla-2026-01-12-a-las-11.02.56-1024x490.png","type":"image\/png"}],"author":"Codigo Vidrio Admin","twitter_card":"summary_large_image","twitter_misc":{"Escrito por":"Codigo Vidrio Admin","Tiempo de lectura":"11 minutos"},"schema":{"@context":"https:\/\/schema.org","@graph":[{"@type":"Article","@id":"https:\/\/www.codigovidrio.com\/code\/asi-fue-el-fiasco-de-la-extradicion-del-comandante-willy-desde-espana\/#article","isPartOf":{"@id":"https:\/\/www.codigovidrio.com\/code\/asi-fue-el-fiasco-de-la-extradicion-del-comandante-willy-desde-espana\/"},"author":{"name":"Codigo Vidrio Admin","@id":"https:\/\/www.codigovidrio.com\/code\/#\/schema\/person\/974bc7a5b889699d012b2343dc68fc6e"},"headline":"As\u00ed fue el fiasco de la extradici\u00f3n del \u00abcomandante Willy\u00bb, l\u00edder de Los Tiguerones, desde Espa\u00f1a \u00a0","datePublished":"2026-01-12T15:52:41+00:00","dateModified":"2026-01-12T17:02:23+00:00","mainEntityOfPage":{"@id":"https:\/\/www.codigovidrio.com\/code\/asi-fue-el-fiasco-de-la-extradicion-del-comandante-willy-desde-espana\/"},"wordCount":2287,"commentCount":0,"publisher":{"@id":"https:\/\/www.codigovidrio.com\/code\/#organization"},"image":{"@id":"https:\/\/www.codigovidrio.com\/code\/asi-fue-el-fiasco-de-la-extradicion-del-comandante-willy-desde-espana\/#primaryimage"},"thumbnailUrl":"https:\/\/www.codigovidrio.com\/code\/wp-content\/uploads\/2026\/01\/Captura-de-pantalla-2026-01-12-a-las-11.02.56.png","articleSection":["Especiales"],"inLanguage":"es","potentialAction":[{"@type":"CommentAction","name":"Comment","target":["https:\/\/www.codigovidrio.com\/code\/asi-fue-el-fiasco-de-la-extradicion-del-comandante-willy-desde-espana\/#respond"]}]},{"@type":"WebPage","@id":"https:\/\/www.codigovidrio.com\/code\/asi-fue-el-fiasco-de-la-extradicion-del-comandante-willy-desde-espana\/","url":"https:\/\/www.codigovidrio.com\/code\/asi-fue-el-fiasco-de-la-extradicion-del-comandante-willy-desde-espana\/","name":"As\u00ed fue el fiasco de la extradici\u00f3n del \"comandante Willy\", l\u00edder de Los Tiguerones, desde Espa\u00f1a \u00a0 - C\u00f3digo Vidrio","isPartOf":{"@id":"https:\/\/www.codigovidrio.com\/code\/#website"},"primaryImageOfPage":{"@id":"https:\/\/www.codigovidrio.com\/code\/asi-fue-el-fiasco-de-la-extradicion-del-comandante-willy-desde-espana\/#primaryimage"},"image":{"@id":"https:\/\/www.codigovidrio.com\/code\/asi-fue-el-fiasco-de-la-extradicion-del-comandante-willy-desde-espana\/#primaryimage"},"thumbnailUrl":"https:\/\/www.codigovidrio.com\/code\/wp-content\/uploads\/2026\/01\/Captura-de-pantalla-2026-01-12-a-las-11.02.56.png","datePublished":"2026-01-12T15:52:41+00:00","dateModified":"2026-01-12T17:02:23+00:00","breadcrumb":{"@id":"https:\/\/www.codigovidrio.com\/code\/asi-fue-el-fiasco-de-la-extradicion-del-comandante-willy-desde-espana\/#breadcrumb"},"inLanguage":"es","potentialAction":[{"@type":"ReadAction","target":["https:\/\/www.codigovidrio.com\/code\/asi-fue-el-fiasco-de-la-extradicion-del-comandante-willy-desde-espana\/"]}]},{"@type":"ImageObject","inLanguage":"es","@id":"https:\/\/www.codigovidrio.com\/code\/asi-fue-el-fiasco-de-la-extradicion-del-comandante-willy-desde-espana\/#primaryimage","url":"https:\/\/www.codigovidrio.com\/code\/wp-content\/uploads\/2026\/01\/Captura-de-pantalla-2026-01-12-a-las-11.02.56.png","contentUrl":"https:\/\/www.codigovidrio.com\/code\/wp-content\/uploads\/2026\/01\/Captura-de-pantalla-2026-01-12-a-las-11.02.56.png","width":3004,"height":1436},{"@type":"BreadcrumbList","@id":"https:\/\/www.codigovidrio.com\/code\/asi-fue-el-fiasco-de-la-extradicion-del-comandante-willy-desde-espana\/#breadcrumb","itemListElement":[{"@type":"ListItem","position":1,"name":"Portada","item":"https:\/\/www.codigovidrio.com\/code\/"},{"@type":"ListItem","position":2,"name":"As\u00ed fue el fiasco de la extradici\u00f3n del \u00abcomandante Willy\u00bb, l\u00edder de Los Tiguerones, desde Espa\u00f1a \u00a0"}]},{"@type":"WebSite","@id":"https:\/\/www.codigovidrio.com\/code\/#website","url":"https:\/\/www.codigovidrio.com\/code\/","name":"C\u00f3digo Vidrio","description":"Transparentamos las historias ocultas","publisher":{"@id":"https:\/\/www.codigovidrio.com\/code\/#organization"},"potentialAction":[{"@type":"SearchAction","target":{"@type":"EntryPoint","urlTemplate":"https:\/\/www.codigovidrio.com\/code\/?s={search_term_string}"},"query-input":{"@type":"PropertyValueSpecification","valueRequired":true,"valueName":"search_term_string"}}],"inLanguage":"es"},{"@type":"Organization","@id":"https:\/\/www.codigovidrio.com\/code\/#organization","name":"C\u00f3digo Vidrio","url":"https:\/\/www.codigovidrio.com\/code\/","logo":{"@type":"ImageObject","inLanguage":"es","@id":"https:\/\/www.codigovidrio.com\/code\/#\/schema\/logo\/image\/","url":"https:\/\/www.codigovidrio.com\/code\/wp-content\/uploads\/2022\/01\/logo-horiz-08.png","contentUrl":"https:\/\/www.codigovidrio.com\/code\/wp-content\/uploads\/2022\/01\/logo-horiz-08.png","width":817,"height":294,"caption":"C\u00f3digo Vidrio"},"image":{"@id":"https:\/\/www.codigovidrio.com\/code\/#\/schema\/logo\/image\/"}},{"@type":"Person","@id":"https:\/\/www.codigovidrio.com\/code\/#\/schema\/person\/974bc7a5b889699d012b2343dc68fc6e","name":"Codigo Vidrio Admin","url":"https:\/\/www.codigovidrio.com\/code\/author\/vidrio-admin\/"}]}},"_links":{"self":[{"href":"https:\/\/www.codigovidrio.com\/code\/wp-json\/wp\/v2\/posts\/11486"}],"collection":[{"href":"https:\/\/www.codigovidrio.com\/code\/wp-json\/wp\/v2\/posts"}],"about":[{"href":"https:\/\/www.codigovidrio.com\/code\/wp-json\/wp\/v2\/types\/post"}],"author":[{"embeddable":true,"href":"https:\/\/www.codigovidrio.com\/code\/wp-json\/wp\/v2\/users\/2"}],"replies":[{"embeddable":true,"href":"https:\/\/www.codigovidrio.com\/code\/wp-json\/wp\/v2\/comments?post=11486"}],"version-history":[{"count":17,"href":"https:\/\/www.codigovidrio.com\/code\/wp-json\/wp\/v2\/posts\/11486\/revisions"}],"predecessor-version":[{"id":11509,"href":"https:\/\/www.codigovidrio.com\/code\/wp-json\/wp\/v2\/posts\/11486\/revisions\/11509"}],"wp:featuredmedia":[{"embeddable":true,"href":"https:\/\/www.codigovidrio.com\/code\/wp-json\/wp\/v2\/media\/11498"}],"wp:attachment":[{"href":"https:\/\/www.codigovidrio.com\/code\/wp-json\/wp\/v2\/media?parent=11486"}],"wp:term":[{"taxonomy":"category","embeddable":true,"href":"https:\/\/www.codigovidrio.com\/code\/wp-json\/wp\/v2\/categories?post=11486"},{"taxonomy":"post_tag","embeddable":true,"href":"https:\/\/www.codigovidrio.com\/code\/wp-json\/wp\/v2\/tags?post=11486"}],"curies":[{"name":"wp","href":"https:\/\/api.w.org\/{rel}","templated":true}]}}