{"id":11475,"date":"2026-02-04T16:35:40","date_gmt":"2026-02-04T21:35:40","guid":{"rendered":"https:\/\/www.codigovidrio.com\/code\/?p=11475"},"modified":"2026-02-04T16:37:47","modified_gmt":"2026-02-04T21:37:47","slug":"por-que-la-caida-de-lideres-criminales-puede-generar-mas-violencia","status":"publish","type":"post","link":"https:\/\/www.codigovidrio.com\/code\/por-que-la-caida-de-lideres-criminales-puede-generar-mas-violencia\/","title":{"rendered":"\u00bfPor qu\u00e9 la ca\u00edda de l\u00edderes criminales puede generar m\u00e1s violencia?"},"content":{"rendered":"<ul>\n<li style=\"font-weight: 400;\">\n<h3><strong><span style=\"color: #ff6600;\">La decapitaci\u00f3n criminal no es el fin del problema: conduce a la fragmentaci\u00f3n de los grupos delictivos, seg\u00fan la evidencia emp\u00edrica en varios pa\u00edses. Cuando un l\u00edder visible es capturado sin desmantelar las estructuras que lo sustentan, se desata una competencia darwiniana, solo el m\u00e1s fuerte sobrevive.<\/span><\/strong><\/h3>\n<\/li>\n<li style=\"font-weight: 400;\">\n<h3><strong><span style=\"color: #ff6600;\">La reciente detenci\u00f3n de Nicol\u00e1s Maduro y Cilia Flores en Venezuela ilustra claramente esta paradoja. Lejos de se\u00f1alar el colapso del crimen organizado venezolano, este suceso marca el fin de la protecci\u00f3n centralizada de un modelo criminal y el probable inicio de una acelerada atomizaci\u00f3n criminal.\u00a0<\/span><\/strong><\/h3>\n<\/li>\n<li>\n<h3><span style=\"color: #ff6600;\">Ocurre lo mismo en el caso de Ecuador, donde la militarizaci\u00f3n del conflicto contra los grupos delictivos es un fracaso: ha desatado m\u00e1s violencia y atomizado a m\u00e1s c\u00e9lulas criminales, que van expandi\u00e9ndose aceleradamente a las zonas donde el Estado no est\u00e1 presente.<\/span><\/h3>\n<\/li>\n<li>\n<h3><strong><span style=\"color: #ff6600;\">El crimen organizado actual no es solo delincuencia. En muchas zonas, son estructuras que gobiernan, se comunican y se arraigan socialmente. Lo m\u00e1s preocupante es que, en muchos casos, lo hacen con la aceptaci\u00f3n, si no el apoyo, de comunidades que el Estado abandon\u00f3 hace d\u00e9cadas.<\/span><\/strong><\/h3>\n<\/li>\n<li>\n<h3><strong><span style=\"color: #ff6600;\">El crimen organizado no depende \u00fanicamente de l\u00edderes visibles. Depende de estructuras, econom\u00edas il\u00edcitas y vac\u00edos de gobernanza. Cortar la cabeza sin intervenir en el cuerpo solo acelera la mutaci\u00f3n. Y en un contexto de fragmentaci\u00f3n, los grupos que sobreviven emergen m\u00e1s violentos, m\u00e1s cohesionados y mejor adaptados a las nuevas condiciones.<\/span><\/strong><\/h3>\n<\/li>\n<\/ul>\n<p style=\"font-weight: 400;\"><strong>Douglas Farah y Pablo Zeballos, de IBI Consultants, especial para C\u00f3digo Vidrio<\/strong><\/p>\n<p style=\"font-weight: 400;\">Existe una narrativa dominante en Am\u00e9rica Latina que celebra la captura de l\u00edderes criminales como victorias definitivas. Es una narrativa heredada de la d\u00e9cada de 1980, forjada durante la lucha contra los principales c\u00e1rteles colombianos: innegablemente atractiva, pol\u00edticamente \u00fatil y convincente para los relatos medi\u00e1ticos y las series de televisi\u00f3n. Cada vez que cae un capo, un narcotraficante de alto perfil o un l\u00edder corrupto, se reactiva el mismo gui\u00f3n esperanzador, pero siempre ambicioso: el Estado recupera terreno, la justicia avanza, la delincuencia retrocede.<\/p>\n<p style=\"font-weight: 400;\"><span style=\"color: #000000;\">Sin embargo, la evidencia emp\u00edrica cuenta una historia muy diferente. Lo que a menudo se presenta como el fin de un problema es, en realidad, el comienzo de una reconfiguraci\u00f3n: m\u00e1s violenta, m\u00e1s fragmentada y, en muchos casos, m\u00e1s dif\u00edcil de contener. Las consecuencias iniciales, como casi siempre ocurre, recaen con mayor fuerza en las comunidades m\u00e1s abandonadas y vulnerables; pero con el tiempo, este desorden criminal se expande, permea a la sociedad en su conjunto y termina configurando una democracia transaccional, sustentada por un Estado de derecho flexible y adaptable, capaz de coexistir con las l\u00f3gicas del crimen organizado, en lugar de confrontarlas.<\/span><\/p>\n<p style=\"font-weight: 400;\"><strong>La reciente detenci\u00f3n de Nicol\u00e1s Maduro y Cilia Flores en Venezuela<\/strong> ilustra claramente esta paradoja. Lejos de se\u00f1alar el colapso del crimen organizado venezolano, este suceso marca el fin de la protecci\u00f3n centralizada de un modelo criminal y el probable inicio de una acelerada atomizaci\u00f3n criminal. Esto aplica no solo a las estructuras criminales visibles, sino tambi\u00e9n al poderoso grupo criminal pol\u00edtico-militar que, durante d\u00e9cadas, se consolid\u00f3 dentro de la \u00e9lite venezolana y posteriormente se envolvi\u00f3 en etiquetas funcionales y atractivas, como el llamado \u00abC\u00e1rtel de los Soles\u00bb, que en realidad es un fen\u00f3meno mucho m\u00e1s complejo y tenue de lo que su nombre sugiere.<\/p>\n<p style=\"font-weight: 400;\">Cuando un Estado capturado por las mafias pierde a su garante m\u00e1ximo \u2014o a la figura que se cree que desempe\u00f1a ese papel\u2014, las econom\u00edas il\u00edcitas no desaparecen, ni se disuelven las redes territoriales que las sustentan. Lo que ocurre es mucho m\u00e1s complejo y peligroso: los equilibrios informales se rompen, los liderazgos locales se liberan del control centralizado y surgen violentas disputas por territorio, rutas y la extracci\u00f3n de econom\u00edas il\u00edcitas. Estas disputas pueden desarrollarse con o sin un fundamento ideol\u00f3gico y la mayor\u00eda son, en el mejor de los casos, ideol\u00f3gicamente agn\u00f3sticas. Ya lo hemos visto antes: en la fragmentaci\u00f3n de las FARC, la desintegraci\u00f3n del C\u00e1rtel de Medell\u00edn tras la muerte de Pablo Escobar y en la ca\u00f3tica sucesi\u00f3n que sigui\u00f3 a la detenci\u00f3n de Joaqu\u00edn \u00abEl Chapo\u00bb Guzm\u00e1n.<\/p>\n<p style=\"font-weight: 400;\">Esta historia demuestra que el proceso de fragmentaci\u00f3n que probablemente ocurrir\u00e1 en Venezuela no es \u00fanico ni imprevisible. Es una din\u00e1mica recurrente en toda la regi\u00f3n, observable donde convergen la fragilidad institucional, las econom\u00edas il\u00edcitas rentables y los territorios socialmente vulnerables. La decapitaci\u00f3n de las estructuras criminales en el M\u00e9xico post-Calder\u00f3n, en la Colombia posterior a Pablo Escobar y en el Brasil tras las intervenciones policiales y militares en las favelas no condujo a un debilitamiento sostenido del crimen organizado. Por el contrario, la presi\u00f3n competitiva refin\u00f3 el ecosistema, favoreciendo a los actores m\u00e1s violentos, organizados y adaptables. La l\u00f3gica es brutal pero consistente.<\/p>\n<hr \/>\n<h3><span style=\"color: #ff6600;\"><strong>\u21d2En Ecuador, la declaraci\u00f3n del conflicto armado contra 22 grupos narcoterroristas, en enero de 2024, tuvo un \u00e9xito fugaz, dur\u00f3 menos de seis meses. La tasa de homicidios se redujo ligeramente en un 17% pero luego volvi\u00f3 a crecer. Y este 2025 termin\u00f3 como el m\u00e1s violento de la historia, con m\u00e1s de 53 cr\u00edmenes por cada 100 mil habitantes. Este es el pa\u00eds m\u00e1s violento de la regi\u00f3n. \u00a0<\/strong> \u00a0<\/span><\/h3>\n<p>&nbsp;<\/p>\n<p style=\"font-weight: 400;\">Cuando un l\u00edder visible es destituido o capturado sin desmantelar las estructuras que lo sustentan, se desata una competencia darwiniana -solo el m\u00e1s fuerte sobrevive- entre los grupos supervivientes. Quienes prevalecen no son necesariamente los m\u00e1s ideol\u00f3gicos ni los m\u00e1s leales a un proyecto pol\u00edtico; son los m\u00e1s eficaces en el uso de la violencia, los mejor conectados a las redes transnacionales y los m\u00e1s capaces de gobernar la criminalidad donde el Estado est\u00e1 ausente. En el caso venezolano, el riesgo se ve amplificado por tres factores estructurales. Primero, la existencia de colectivos armados o turbas civiles que durante a\u00f1os funcionaron como brazos operativos del r\u00e9gimen, pero que hoy podr\u00edan redefinir sus lealtades y priorizar la supervivencia territorial. Segundo, un sistema penitenciario que desde 2004 ha funcionado bajo la l\u00f3gica del autogobierno, convirtiendo las c\u00e1rceles en centros de comando criminales capaces de proyectar la violencia hacia el exterior. Tercero, la circulaci\u00f3n descontrolada de armas, exacerbada por el colapso militar y las pol\u00edticas de rearme civil sin rendici\u00f3n de cuentas.<\/p>\n<h3><strong>El contagio regional<\/strong><\/h3>\n<p style=\"font-weight: 400;\">Estos tres elementos no permanecer\u00e1n confinados dentro de las fronteras venezolanas. Se propagan, se intercambian y se integran en los mercados ilegales regionales. Organizaciones como Tren de Aragua no esperaron el colapso de Maduro para expandirse: ya operan como franquicias criminales transnacionales, con presencia documentada en al menos diez pa\u00edses. La crisis actual no las debilita; las libera de cualquier arbitraje residual que pudiera haber limitado su autonom\u00eda operativa. Para los pa\u00edses de la regi\u00f3n, este escenario plantea un desaf\u00edo que va mucho m\u00e1s all\u00e1 de la pol\u00edtica migratoria o la seguridad fronteriza. No se trata solo de controlar el flujo de personas, sino de anticipar la importaci\u00f3n de conflictos no resueltos, portadores de c\u00f3digos de violencia y modelos de control territorial que ya han demostrado su eficacia en otros contextos.<\/p>\n<hr \/>\n<h3 style=\"font-weight: 400;\"><strong><span style=\"color: #ff6600;\">\u21d2El crimen organizado actual no es solo delincuencia. En muchas zonas, son estructuras que gobiernan, se comunican y se arraigan socialmente. Lo m\u00e1s preocupante es que, en muchos casos, lo hacen con la aceptaci\u00f3n, si no el apoyo, de comunidades que el Estado abandon\u00f3 hace d\u00e9cadas. Una vez que se traspasa ese umbral de legitimidad comunitaria, la polic\u00eda tradicional resulta inadecuada; las respuestas militares a menudo terminan sirviendo a los fines de las estructuras criminales; y las respuestas estatales con demasiada frecuencia degeneran en pactos de corrupci\u00f3n o pactos informales que consolidan el problema en lugar de resolverlo.<\/span><\/strong><\/h3>\n<p style=\"font-weight: 400;\">La principal lecci\u00f3n estrat\u00e9gica es inc\u00f3moda pero necesaria: el crimen organizado no depende \u00fanicamente de l\u00edderes visibles. Depende de estructuras, econom\u00edas il\u00edcitas y vac\u00edos de gobernanza. Cortar la cabeza sin intervenir en el cuerpo solo acelera la mutaci\u00f3n. Y en un contexto de fragmentaci\u00f3n, los grupos que sobreviven emergen m\u00e1s violentos, m\u00e1s cohesionados y mejor adaptados a las nuevas condiciones.<\/p>\n<p style=\"font-weight: 400;\">\u00bfNos enfrentamos a una oportunidad o a un riesgo mayor? Ambos. Es una oportunidad para anticipar, fortalecer la inteligencia criminal y construir una cooperaci\u00f3n regional efectiva. Pero si la respuesta llega tarde o se limita exclusivamente al uso de la fuerza, el riesgo es que el crimen organizado aprenda m\u00e1s r\u00e1pido que el Estado.<\/p>\n<p style=\"font-weight: 400;\">Y cuando eso suceda, la fragmentaci\u00f3n de hoy se convertir\u00e1 en la consolidaci\u00f3n criminal del ma\u00f1ana. Es, muy probablemente, el comienzo de una m\u00e1s compleja, en la que su eliminaci\u00f3n ser\u00e1 el punto culminante. La pregunta no es si habr\u00e1 consecuencias, sino si estaremos preparados para gestionarlas antes de que sea demasiado tarde.<\/p>\n","protected":false},"excerpt":{"rendered":"<p>La decapitaci\u00f3n criminal no es el fin del problema: conduce a la fragmentaci\u00f3n de los grupos delictivos, seg\u00fan la evidencia emp\u00edrica en varios pa\u00edses. Cuando un l\u00edder visible es capturado sin desmantelar las estructuras que lo sustentan, se desata una competencia darwiniana, solo el m\u00e1s fuerte sobrevive. La reciente detenci\u00f3n de Nicol\u00e1s Maduro y Cilia &#8230; <a title=\"\u00bfPor qu\u00e9 la ca\u00edda de l\u00edderes criminales puede generar m\u00e1s violencia?\" class=\"read-more\" href=\"https:\/\/www.codigovidrio.com\/code\/por-que-la-caida-de-lideres-criminales-puede-generar-mas-violencia\/\">leer m\u00e1s&#8230;<\/a><\/p>\n","protected":false},"author":2,"featured_media":11477,"comment_status":"open","ping_status":"closed","sticky":false,"template":"","format":"standard","meta":{"generate_page_header":"","footnotes":""},"categories":[211],"tags":[],"yoast_head":"<!-- This site is optimized with the Yoast SEO plugin v23.5 - https:\/\/yoast.com\/wordpress\/plugins\/seo\/ -->\n<title>\u00bfPor qu\u00e9 la ca\u00edda de l\u00edderes criminales puede generar m\u00e1s violencia? - C\u00f3digo Vidrio<\/title>\n<meta name=\"robots\" content=\"index, follow, max-snippet:-1, max-image-preview:large, max-video-preview:-1\" \/>\n<link rel=\"canonical\" href=\"https:\/\/www.codigovidrio.com\/code\/por-que-la-caida-de-lideres-criminales-puede-generar-mas-violencia\/\" \/>\n<meta property=\"og:locale\" content=\"es_ES\" \/>\n<meta property=\"og:type\" content=\"article\" \/>\n<meta property=\"og:title\" content=\"\u00bfPor qu\u00e9 la ca\u00edda de l\u00edderes criminales puede generar m\u00e1s violencia? - C\u00f3digo Vidrio\" \/>\n<meta property=\"og:description\" content=\"La decapitaci\u00f3n criminal no es el fin del problema: conduce a la fragmentaci\u00f3n de los grupos delictivos, seg\u00fan la evidencia emp\u00edrica en varios pa\u00edses. Cuando un l\u00edder visible es capturado sin desmantelar las estructuras que lo sustentan, se desata una competencia darwiniana, solo el m\u00e1s fuerte sobrevive. La reciente detenci\u00f3n de Nicol\u00e1s Maduro y Cilia ... leer m\u00e1s...\" \/>\n<meta property=\"og:url\" content=\"https:\/\/www.codigovidrio.com\/code\/por-que-la-caida-de-lideres-criminales-puede-generar-mas-violencia\/\" \/>\n<meta property=\"og:site_name\" content=\"C\u00f3digo Vidrio\" \/>\n<meta property=\"article:published_time\" content=\"2026-02-04T21:35:40+00:00\" \/>\n<meta property=\"article:modified_time\" content=\"2026-02-04T21:37:47+00:00\" \/>\n<meta property=\"og:image\" content=\"https:\/\/www.codigovidrio.com\/code\/wp-content\/uploads\/2026\/01\/50A5F1CE-DBB4-4573-AE80-BF513C477BCE.jpeg\" \/>\n\t<meta property=\"og:image:width\" content=\"1595\" \/>\n\t<meta property=\"og:image:height\" content=\"763\" \/>\n\t<meta property=\"og:image:type\" content=\"image\/jpeg\" \/>\n<meta name=\"author\" content=\"Codigo Vidrio Admin\" \/>\n<meta name=\"twitter:card\" content=\"summary_large_image\" \/>\n<meta name=\"twitter:label1\" content=\"Escrito por\" \/>\n\t<meta name=\"twitter:data1\" content=\"Codigo Vidrio Admin\" \/>\n\t<meta name=\"twitter:label2\" content=\"Tiempo de lectura\" \/>\n\t<meta name=\"twitter:data2\" content=\"7 minutos\" \/>\n<script type=\"application\/ld+json\" class=\"yoast-schema-graph\">{\"@context\":\"https:\/\/schema.org\",\"@graph\":[{\"@type\":\"Article\",\"@id\":\"https:\/\/www.codigovidrio.com\/code\/por-que-la-caida-de-lideres-criminales-puede-generar-mas-violencia\/#article\",\"isPartOf\":{\"@id\":\"https:\/\/www.codigovidrio.com\/code\/por-que-la-caida-de-lideres-criminales-puede-generar-mas-violencia\/\"},\"author\":{\"name\":\"Codigo Vidrio Admin\",\"@id\":\"https:\/\/www.codigovidrio.com\/code\/#\/schema\/person\/974bc7a5b889699d012b2343dc68fc6e\"},\"headline\":\"\u00bfPor qu\u00e9 la ca\u00edda de l\u00edderes criminales puede generar m\u00e1s violencia?\",\"datePublished\":\"2026-02-04T21:35:40+00:00\",\"dateModified\":\"2026-02-04T21:37:47+00:00\",\"mainEntityOfPage\":{\"@id\":\"https:\/\/www.codigovidrio.com\/code\/por-que-la-caida-de-lideres-criminales-puede-generar-mas-violencia\/\"},\"wordCount\":1565,\"commentCount\":0,\"publisher\":{\"@id\":\"https:\/\/www.codigovidrio.com\/code\/#organization\"},\"image\":{\"@id\":\"https:\/\/www.codigovidrio.com\/code\/por-que-la-caida-de-lideres-criminales-puede-generar-mas-violencia\/#primaryimage\"},\"thumbnailUrl\":\"https:\/\/www.codigovidrio.com\/code\/wp-content\/uploads\/2026\/01\/50A5F1CE-DBB4-4573-AE80-BF513C477BCE.jpeg\",\"articleSection\":[\"Especiales\"],\"inLanguage\":\"es\",\"potentialAction\":[{\"@type\":\"CommentAction\",\"name\":\"Comment\",\"target\":[\"https:\/\/www.codigovidrio.com\/code\/por-que-la-caida-de-lideres-criminales-puede-generar-mas-violencia\/#respond\"]}]},{\"@type\":\"WebPage\",\"@id\":\"https:\/\/www.codigovidrio.com\/code\/por-que-la-caida-de-lideres-criminales-puede-generar-mas-violencia\/\",\"url\":\"https:\/\/www.codigovidrio.com\/code\/por-que-la-caida-de-lideres-criminales-puede-generar-mas-violencia\/\",\"name\":\"\u00bfPor qu\u00e9 la ca\u00edda de l\u00edderes criminales puede generar m\u00e1s violencia? - C\u00f3digo Vidrio\",\"isPartOf\":{\"@id\":\"https:\/\/www.codigovidrio.com\/code\/#website\"},\"primaryImageOfPage\":{\"@id\":\"https:\/\/www.codigovidrio.com\/code\/por-que-la-caida-de-lideres-criminales-puede-generar-mas-violencia\/#primaryimage\"},\"image\":{\"@id\":\"https:\/\/www.codigovidrio.com\/code\/por-que-la-caida-de-lideres-criminales-puede-generar-mas-violencia\/#primaryimage\"},\"thumbnailUrl\":\"https:\/\/www.codigovidrio.com\/code\/wp-content\/uploads\/2026\/01\/50A5F1CE-DBB4-4573-AE80-BF513C477BCE.jpeg\",\"datePublished\":\"2026-02-04T21:35:40+00:00\",\"dateModified\":\"2026-02-04T21:37:47+00:00\",\"breadcrumb\":{\"@id\":\"https:\/\/www.codigovidrio.com\/code\/por-que-la-caida-de-lideres-criminales-puede-generar-mas-violencia\/#breadcrumb\"},\"inLanguage\":\"es\",\"potentialAction\":[{\"@type\":\"ReadAction\",\"target\":[\"https:\/\/www.codigovidrio.com\/code\/por-que-la-caida-de-lideres-criminales-puede-generar-mas-violencia\/\"]}]},{\"@type\":\"ImageObject\",\"inLanguage\":\"es\",\"@id\":\"https:\/\/www.codigovidrio.com\/code\/por-que-la-caida-de-lideres-criminales-puede-generar-mas-violencia\/#primaryimage\",\"url\":\"https:\/\/www.codigovidrio.com\/code\/wp-content\/uploads\/2026\/01\/50A5F1CE-DBB4-4573-AE80-BF513C477BCE.jpeg\",\"contentUrl\":\"https:\/\/www.codigovidrio.com\/code\/wp-content\/uploads\/2026\/01\/50A5F1CE-DBB4-4573-AE80-BF513C477BCE.jpeg\",\"width\":1595,\"height\":763},{\"@type\":\"BreadcrumbList\",\"@id\":\"https:\/\/www.codigovidrio.com\/code\/por-que-la-caida-de-lideres-criminales-puede-generar-mas-violencia\/#breadcrumb\",\"itemListElement\":[{\"@type\":\"ListItem\",\"position\":1,\"name\":\"Portada\",\"item\":\"https:\/\/www.codigovidrio.com\/code\/\"},{\"@type\":\"ListItem\",\"position\":2,\"name\":\"\u00bfPor qu\u00e9 la ca\u00edda de l\u00edderes criminales puede generar m\u00e1s violencia?\"}]},{\"@type\":\"WebSite\",\"@id\":\"https:\/\/www.codigovidrio.com\/code\/#website\",\"url\":\"https:\/\/www.codigovidrio.com\/code\/\",\"name\":\"C\u00f3digo Vidrio\",\"description\":\"Transparentamos las historias ocultas\",\"publisher\":{\"@id\":\"https:\/\/www.codigovidrio.com\/code\/#organization\"},\"potentialAction\":[{\"@type\":\"SearchAction\",\"target\":{\"@type\":\"EntryPoint\",\"urlTemplate\":\"https:\/\/www.codigovidrio.com\/code\/?s={search_term_string}\"},\"query-input\":{\"@type\":\"PropertyValueSpecification\",\"valueRequired\":true,\"valueName\":\"search_term_string\"}}],\"inLanguage\":\"es\"},{\"@type\":\"Organization\",\"@id\":\"https:\/\/www.codigovidrio.com\/code\/#organization\",\"name\":\"C\u00f3digo Vidrio\",\"url\":\"https:\/\/www.codigovidrio.com\/code\/\",\"logo\":{\"@type\":\"ImageObject\",\"inLanguage\":\"es\",\"@id\":\"https:\/\/www.codigovidrio.com\/code\/#\/schema\/logo\/image\/\",\"url\":\"https:\/\/www.codigovidrio.com\/code\/wp-content\/uploads\/2022\/01\/logo-horiz-08.png\",\"contentUrl\":\"https:\/\/www.codigovidrio.com\/code\/wp-content\/uploads\/2022\/01\/logo-horiz-08.png\",\"width\":817,\"height\":294,\"caption\":\"C\u00f3digo Vidrio\"},\"image\":{\"@id\":\"https:\/\/www.codigovidrio.com\/code\/#\/schema\/logo\/image\/\"}},{\"@type\":\"Person\",\"@id\":\"https:\/\/www.codigovidrio.com\/code\/#\/schema\/person\/974bc7a5b889699d012b2343dc68fc6e\",\"name\":\"Codigo Vidrio Admin\",\"url\":\"https:\/\/www.codigovidrio.com\/code\/author\/vidrio-admin\/\"}]}<\/script>\n<!-- \/ Yoast SEO plugin. -->","yoast_head_json":{"title":"\u00bfPor qu\u00e9 la ca\u00edda de l\u00edderes criminales puede generar m\u00e1s violencia? - C\u00f3digo Vidrio","robots":{"index":"index","follow":"follow","max-snippet":"max-snippet:-1","max-image-preview":"max-image-preview:large","max-video-preview":"max-video-preview:-1"},"canonical":"https:\/\/www.codigovidrio.com\/code\/por-que-la-caida-de-lideres-criminales-puede-generar-mas-violencia\/","og_locale":"es_ES","og_type":"article","og_title":"\u00bfPor qu\u00e9 la ca\u00edda de l\u00edderes criminales puede generar m\u00e1s violencia? - C\u00f3digo Vidrio","og_description":"La decapitaci\u00f3n criminal no es el fin del problema: conduce a la fragmentaci\u00f3n de los grupos delictivos, seg\u00fan la evidencia emp\u00edrica en varios pa\u00edses. Cuando un l\u00edder visible es capturado sin desmantelar las estructuras que lo sustentan, se desata una competencia darwiniana, solo el m\u00e1s fuerte sobrevive. La reciente detenci\u00f3n de Nicol\u00e1s Maduro y Cilia ... leer m\u00e1s...","og_url":"https:\/\/www.codigovidrio.com\/code\/por-que-la-caida-de-lideres-criminales-puede-generar-mas-violencia\/","og_site_name":"C\u00f3digo Vidrio","article_published_time":"2026-02-04T21:35:40+00:00","article_modified_time":"2026-02-04T21:37:47+00:00","og_image":[{"width":1595,"height":763,"url":"https:\/\/www.codigovidrio.com\/code\/wp-content\/uploads\/2026\/01\/50A5F1CE-DBB4-4573-AE80-BF513C477BCE.jpeg","type":"image\/jpeg"}],"author":"Codigo Vidrio Admin","twitter_card":"summary_large_image","twitter_misc":{"Escrito por":"Codigo Vidrio Admin","Tiempo de lectura":"7 minutos"},"schema":{"@context":"https:\/\/schema.org","@graph":[{"@type":"Article","@id":"https:\/\/www.codigovidrio.com\/code\/por-que-la-caida-de-lideres-criminales-puede-generar-mas-violencia\/#article","isPartOf":{"@id":"https:\/\/www.codigovidrio.com\/code\/por-que-la-caida-de-lideres-criminales-puede-generar-mas-violencia\/"},"author":{"name":"Codigo Vidrio Admin","@id":"https:\/\/www.codigovidrio.com\/code\/#\/schema\/person\/974bc7a5b889699d012b2343dc68fc6e"},"headline":"\u00bfPor qu\u00e9 la ca\u00edda de l\u00edderes criminales puede generar m\u00e1s violencia?","datePublished":"2026-02-04T21:35:40+00:00","dateModified":"2026-02-04T21:37:47+00:00","mainEntityOfPage":{"@id":"https:\/\/www.codigovidrio.com\/code\/por-que-la-caida-de-lideres-criminales-puede-generar-mas-violencia\/"},"wordCount":1565,"commentCount":0,"publisher":{"@id":"https:\/\/www.codigovidrio.com\/code\/#organization"},"image":{"@id":"https:\/\/www.codigovidrio.com\/code\/por-que-la-caida-de-lideres-criminales-puede-generar-mas-violencia\/#primaryimage"},"thumbnailUrl":"https:\/\/www.codigovidrio.com\/code\/wp-content\/uploads\/2026\/01\/50A5F1CE-DBB4-4573-AE80-BF513C477BCE.jpeg","articleSection":["Especiales"],"inLanguage":"es","potentialAction":[{"@type":"CommentAction","name":"Comment","target":["https:\/\/www.codigovidrio.com\/code\/por-que-la-caida-de-lideres-criminales-puede-generar-mas-violencia\/#respond"]}]},{"@type":"WebPage","@id":"https:\/\/www.codigovidrio.com\/code\/por-que-la-caida-de-lideres-criminales-puede-generar-mas-violencia\/","url":"https:\/\/www.codigovidrio.com\/code\/por-que-la-caida-de-lideres-criminales-puede-generar-mas-violencia\/","name":"\u00bfPor qu\u00e9 la ca\u00edda de l\u00edderes criminales puede generar m\u00e1s violencia? - C\u00f3digo Vidrio","isPartOf":{"@id":"https:\/\/www.codigovidrio.com\/code\/#website"},"primaryImageOfPage":{"@id":"https:\/\/www.codigovidrio.com\/code\/por-que-la-caida-de-lideres-criminales-puede-generar-mas-violencia\/#primaryimage"},"image":{"@id":"https:\/\/www.codigovidrio.com\/code\/por-que-la-caida-de-lideres-criminales-puede-generar-mas-violencia\/#primaryimage"},"thumbnailUrl":"https:\/\/www.codigovidrio.com\/code\/wp-content\/uploads\/2026\/01\/50A5F1CE-DBB4-4573-AE80-BF513C477BCE.jpeg","datePublished":"2026-02-04T21:35:40+00:00","dateModified":"2026-02-04T21:37:47+00:00","breadcrumb":{"@id":"https:\/\/www.codigovidrio.com\/code\/por-que-la-caida-de-lideres-criminales-puede-generar-mas-violencia\/#breadcrumb"},"inLanguage":"es","potentialAction":[{"@type":"ReadAction","target":["https:\/\/www.codigovidrio.com\/code\/por-que-la-caida-de-lideres-criminales-puede-generar-mas-violencia\/"]}]},{"@type":"ImageObject","inLanguage":"es","@id":"https:\/\/www.codigovidrio.com\/code\/por-que-la-caida-de-lideres-criminales-puede-generar-mas-violencia\/#primaryimage","url":"https:\/\/www.codigovidrio.com\/code\/wp-content\/uploads\/2026\/01\/50A5F1CE-DBB4-4573-AE80-BF513C477BCE.jpeg","contentUrl":"https:\/\/www.codigovidrio.com\/code\/wp-content\/uploads\/2026\/01\/50A5F1CE-DBB4-4573-AE80-BF513C477BCE.jpeg","width":1595,"height":763},{"@type":"BreadcrumbList","@id":"https:\/\/www.codigovidrio.com\/code\/por-que-la-caida-de-lideres-criminales-puede-generar-mas-violencia\/#breadcrumb","itemListElement":[{"@type":"ListItem","position":1,"name":"Portada","item":"https:\/\/www.codigovidrio.com\/code\/"},{"@type":"ListItem","position":2,"name":"\u00bfPor qu\u00e9 la ca\u00edda de l\u00edderes criminales puede generar m\u00e1s violencia?"}]},{"@type":"WebSite","@id":"https:\/\/www.codigovidrio.com\/code\/#website","url":"https:\/\/www.codigovidrio.com\/code\/","name":"C\u00f3digo Vidrio","description":"Transparentamos las historias ocultas","publisher":{"@id":"https:\/\/www.codigovidrio.com\/code\/#organization"},"potentialAction":[{"@type":"SearchAction","target":{"@type":"EntryPoint","urlTemplate":"https:\/\/www.codigovidrio.com\/code\/?s={search_term_string}"},"query-input":{"@type":"PropertyValueSpecification","valueRequired":true,"valueName":"search_term_string"}}],"inLanguage":"es"},{"@type":"Organization","@id":"https:\/\/www.codigovidrio.com\/code\/#organization","name":"C\u00f3digo Vidrio","url":"https:\/\/www.codigovidrio.com\/code\/","logo":{"@type":"ImageObject","inLanguage":"es","@id":"https:\/\/www.codigovidrio.com\/code\/#\/schema\/logo\/image\/","url":"https:\/\/www.codigovidrio.com\/code\/wp-content\/uploads\/2022\/01\/logo-horiz-08.png","contentUrl":"https:\/\/www.codigovidrio.com\/code\/wp-content\/uploads\/2022\/01\/logo-horiz-08.png","width":817,"height":294,"caption":"C\u00f3digo Vidrio"},"image":{"@id":"https:\/\/www.codigovidrio.com\/code\/#\/schema\/logo\/image\/"}},{"@type":"Person","@id":"https:\/\/www.codigovidrio.com\/code\/#\/schema\/person\/974bc7a5b889699d012b2343dc68fc6e","name":"Codigo Vidrio Admin","url":"https:\/\/www.codigovidrio.com\/code\/author\/vidrio-admin\/"}]}},"_links":{"self":[{"href":"https:\/\/www.codigovidrio.com\/code\/wp-json\/wp\/v2\/posts\/11475"}],"collection":[{"href":"https:\/\/www.codigovidrio.com\/code\/wp-json\/wp\/v2\/posts"}],"about":[{"href":"https:\/\/www.codigovidrio.com\/code\/wp-json\/wp\/v2\/types\/post"}],"author":[{"embeddable":true,"href":"https:\/\/www.codigovidrio.com\/code\/wp-json\/wp\/v2\/users\/2"}],"replies":[{"embeddable":true,"href":"https:\/\/www.codigovidrio.com\/code\/wp-json\/wp\/v2\/comments?post=11475"}],"version-history":[{"count":9,"href":"https:\/\/www.codigovidrio.com\/code\/wp-json\/wp\/v2\/posts\/11475\/revisions"}],"predecessor-version":[{"id":11485,"href":"https:\/\/www.codigovidrio.com\/code\/wp-json\/wp\/v2\/posts\/11475\/revisions\/11485"}],"wp:featuredmedia":[{"embeddable":true,"href":"https:\/\/www.codigovidrio.com\/code\/wp-json\/wp\/v2\/media\/11477"}],"wp:attachment":[{"href":"https:\/\/www.codigovidrio.com\/code\/wp-json\/wp\/v2\/media?parent=11475"}],"wp:term":[{"taxonomy":"category","embeddable":true,"href":"https:\/\/www.codigovidrio.com\/code\/wp-json\/wp\/v2\/categories?post=11475"},{"taxonomy":"post_tag","embeddable":true,"href":"https:\/\/www.codigovidrio.com\/code\/wp-json\/wp\/v2\/tags?post=11475"}],"curies":[{"name":"wp","href":"https:\/\/api.w.org\/{rel}","templated":true}]}}