{"id":1068,"date":"2018-07-09T00:40:06","date_gmt":"2018-07-09T00:40:06","guid":{"rendered":"http:\/\/www.codigovidrio.com\/code\/?p=1068"},"modified":"2021-01-03T09:32:01","modified_gmt":"2021-01-03T14:32:01","slug":"los-mismos-ojos-vigilaron-a-correa-assange-y-dos-hijas-de-moreno","status":"publish","type":"post","link":"https:\/\/www.codigovidrio.com\/code\/los-mismos-ojos-vigilaron-a-correa-assange-y-dos-hijas-de-moreno\/","title":{"rendered":"Los mismos ojos vigilaron a Correa, Assange y dos hijas del presidente Moreno en Barcelona y Nueva York"},"content":{"rendered":"<blockquote><p>Los contratos para la seguridad de Rafael Correa, su familia, dos de las hijas del presidente Len\u00edn Moreno y Julian Assange costaron hasta mayo alrededor de 11,2 millones de d\u00f3lares. Estuvieron a cargo de la empresa espa\u00f1ola Undercover Global. Los fondos provinieron del Servicio de Protecci\u00f3n Presidencial y de gastos especiales de la Senain. Este portal accedi\u00f3 a documentos del monitoreo y vigilancia en la embajada.<\/p><\/blockquote>\n<p><em>Por: Arturo Torres<\/em><\/p>\n<p>Duros cr\u00edticos del imperialismo estadounidense, pero amigos del zar del siglo XXI, Vladimir Putin. Rafael Correa y Julian Assange no solo comparten sus afinidades ideol\u00f3gicas. Tambi\u00e9n recibieron seguridad y estuvieron bajo la mira aguzada de la misma empresa: la espa\u00f1ola Undercover UC Global SL, que mantuvo contratos con el gobierno ecuatoriano desde fines del 2013.<\/p>\n<p>Esta compa\u00f1\u00eda firm\u00f3 una serie de convenios con los gobiernos de Rafael Correa y Len\u00edn Moreno. El anterior r\u00e9gimen la escogi\u00f3 para brindar seguridad y realizar actividades de inteligencia a Julian Assange, desde fines del 2013, en la embajada en Londres; tambi\u00e9n vigil\u00f3 al expresidente Rafael Correa y a su familia, a partir del 24 de mayo del a\u00f1o anterior.<\/p>\n<p>Con el cambio de Gobierno, a esa empresa adem\u00e1s se le encarg\u00f3 la seguridad de dos de las tres hijas del presidente Len\u00edn Moreno: Irina, en Nueva York, y Karina, en Barcelona, donde viven desde el a\u00f1o pasado.<\/p>\n<p>Por los contratos para Correa, su familia, las hijas de Moreno y Assange el estado ecuatoriano desembols\u00f3 hasta mayo alrededor de 11,2 millones de d\u00f3lares. En el caso del asilado en la embajada, los 5,7 millones fueron cubiertos con fondos especiales de la Senain. El resto \u2013 unos 5,5 millones- fue transferido por el Servicio de Protecci\u00f3n Presidencial (SPP) desde el Banco Central a una cuenta de esa firma en el Bank of America, en EE.UU.<\/p>\n<p><img fetchpriority=\"high\" decoding=\"async\" class=\"aligncenter wp-image-1043\" src=\"https:\/\/www.codigovidrio.com\/code\/wp-content\/uploads\/2018\/05\/Grafico-seguridad-1024x617.png\" alt=\"\" width=\"500\" height=\"301\" srcset=\"https:\/\/www.codigovidrio.com\/code\/wp-content\/uploads\/2018\/05\/Grafico-seguridad-1024x617.png 1024w, https:\/\/www.codigovidrio.com\/code\/wp-content\/uploads\/2018\/05\/Grafico-seguridad-300x181.png 300w, https:\/\/www.codigovidrio.com\/code\/wp-content\/uploads\/2018\/05\/Grafico-seguridad-768x463.png 768w, https:\/\/www.codigovidrio.com\/code\/wp-content\/uploads\/2018\/05\/Grafico-seguridad.png 1068w\" sizes=\"(max-width: 500px) 100vw, 500px\" \/><\/p>\n<p>La marca principal de la empresa que obtuvo los contratos es Undercover UC Global SL, constituida en Espa\u00f1a. Su director general (CEO) es David Morales Guill\u00e9n.<\/p>\n<p>La matriz en Ecuador es representada por la ingeniera Gema Ormaza, quien gerencia la firma. \u201cSon dos unidades de negocios, para Europa con la matriz espa\u00f1ola y en Latinom\u00e9rica la sede es Ecuador. La que firm\u00f3 los contratos en cuesti\u00f3n es la compa\u00f1\u00eda espa\u00f1ola. La unidad de negocios Uclatam inaugur\u00f3 sus actividades el 2 de abril pasado, con la semana t\u00e1ctica, donde realizamos cursos de capacitaci\u00f3n y entrenamiento para militares y polic\u00edas del pa\u00eds. Incluso participaron miembros del Servicio de Protecci\u00f3n Presidencial, del 3 al 8 de abril, de forma gratuita\u00bb, recalca Ormaza.<\/p>\n<p>Un efecto domin\u00f3. El martes 22 de mayo pasado, el gobierno anunci\u00f3 la decisi\u00f3n de retirarle la seguridad a Correa y sus familiares, \u201cdebido al bajo riesgo existente\u201d. Dos meses antes, tambi\u00e9n termin\u00f3 la contrataci\u00f3n en Londres y el 11 de junio pr\u00f3ximo rescindir\u00e1 el \u00faltimo acuerdo para la seguridad de Karina Moreno Gonz\u00e1lez, en Barcelona, Espa\u00f1a. Suspendi\u00f3 la contrataci\u00f3n sobre la base de informes de la Senain.<\/p>\n<p>El \u00faltimo a\u00f1o, el R\u00e9gimen pag\u00f3 por la vigilancia de Correa y su familia 95.000 d\u00f3lares mensuales, en B\u00e9lgica y Francia. Un total de 1,140.000 aproximadamente, seg\u00fan informes oficiales de esos pagos.<\/p>\n<p>En 2014, UC Global fue contratada por recomendaci\u00f3n del SPP para dar protecci\u00f3n a las hijas del expresidente, Sof\u00eda, en Lyon, y Dominique, en Poitiers. Anteriormente, miembros de la seguridad presidencial cuidaban a la hija mayor de Correa.<\/p>\n<p>Durante los dos primeros a\u00f1os de la permanencia de ambas en Francia, su seguridad mensual promediaba los 76.190. Los costos de las facturas variaban mensualmente, dependiendo de los desplazamientos que realizaban los PMI (Personas Muy Importantes), como se denomina a mandatarios y exmandatarios y sus hijos, fuera de la ciudad donde residen.<\/p>\n<p>En la vigilancia de Correa, su esposa Ann y su hijo Miguel en B\u00e9lgica trabajaban seis agentes privados que se movilizaban en dos veh\u00edculos. Ni el exmandatario ni su esposa tienen auto y contin\u00faan viviendo en un departamento en Lovaina. En total se pag\u00f3 por la seguridad de la familia Correa-Malherbe, entre 2014 y 2018, cerca de 4,7 millones.<\/p>\n<p><strong>Global tambi\u00e9n ha dado seguridad a las hijas del presidente Moreno en Barcelona y Nueva York<\/strong><\/p>\n<p>Con la llegada al poder de Moreno, UC Global tambi\u00e9n fue contratada para dar vigilancia a sus hijas: Irina, en Nueva York, y Karina, en Barcelona. Por ambas se pagaba 90.000 mensuales, seg\u00fan documentos en nuestro poder.<\/p>\n<p>Irina Moreno Gonz\u00e1lez, una de las tres hijas del Presidente, es consejera en la representaci\u00f3n permanente de Ecuador ante las Naciones Unidas. Es parte de la n\u00f3mina de la Canciller\u00eda y recibe un salario superior a 6.000 d\u00f3lares. Antes estuvo en Ginebra, como consejera del Servicio Exterior en la representaci\u00f3n del pa\u00eds ante la ONU, mientras su padre tambi\u00e9n fue delegado del gobierno de Rafael Correa en Suiza. La empresa espa\u00f1ola le dio seguridad hasta octubre pasado, cuando decidi\u00f3 no continuar con la operaci\u00f3n por contratiempos en su vigilancia. Hoy es monitoreada por miembros del SPP.<\/p>\n<p>Karina Moreno, quien vive en Barcelona, es cuidada por cuatro agentes de la empresa espa\u00f1ola de forma permanente. El contrato, que concluye en junio, le cuesta al gobierno unos 38.700 d\u00f3lares mensuales. La protecci\u00f3n a las dos suma aproximadamente 730.000. Diariamente los operadores env\u00edan un informe detallado al SPP, a trav\u00e9s de un correo encriptado, de todas sus actividades, seg\u00fan fuentes de Inteligencia. La \u00fanica de las tres que vive en Ecuador es Cristina Moreno Gonz\u00e1lez, quien se cas\u00f3 en 2013 y vive en Guayaquil.<\/p>\n<p>Agentes que han trabajado en este tipo de vigilancia de familiares de mandatarios y exmandatarios comentaron que se trata de operaciones complicadas. Especialmente los hijos se sienten hostigados por los miembros de seguridad, lo cual complica su convivencia diaria. Es com\u00fan que haya roces y discusiones, sobre todo cuando los PMI se movilizan a otros lugares. Tienen muy poca privacidad, por eso no es extra\u00f1o que traten de evadir a sus celadores.<\/p>\n<p><strong>Jaque al hacker en el coraz\u00f3n de Londres<\/strong><\/p>\n<p><img decoding=\"async\" class=\"aligncenter wp-image-1014\" src=\"https:\/\/www.codigovidrio.com\/code\/wp-content\/uploads\/2018\/05\/assange-blanco.png\" alt=\"\" width=\"600\" height=\"287\" srcset=\"https:\/\/www.codigovidrio.com\/code\/wp-content\/uploads\/2018\/05\/assange-blanco.png 800w, https:\/\/www.codigovidrio.com\/code\/wp-content\/uploads\/2018\/05\/assange-blanco-300x144.png 300w, https:\/\/www.codigovidrio.com\/code\/wp-content\/uploads\/2018\/05\/assange-blanco-768x368.png 768w\" sizes=\"(max-width: 600px) 100vw, 600px\" \/><\/p>\n<p>Un caballo de Troya. Assange no sospechaba que quienes le daban seguridad realmente lo espiaban.<\/p>\n<p>Los informes de los seguimientos a Assange, incluidos videos, audios y fotograf\u00edas, eran entregados mensualmente, con las facturas por el servicio, a dos agentes de la Senain en la embajada. Ellos a su vez enviaban los reportes a la Secretar\u00eda en Quito, que informaba a Canciller\u00eda y a la Presidencia.<\/p>\n<p>Un agente de la entidad comenta que esencialmente se trataba de operaciones de inteligencia para tener un control e informaci\u00f3n de Assange y sus visitantes.<\/p>\n<p>C\u00f3digo Vidrio envi\u00f3 un cuestionario a Assange a trav\u00e9s de su equipo legal, encabezado por Baltazar Garz\u00f3n, para consultarle si conoc\u00eda las operaciones de seguridad y espionaje. El activista australiano respondi\u00f3 escuetamente que estaba totalmente incomunicado y que en su representaci\u00f3n responder\u00eda su abogado ecuatoriano Carlos Poveda. \u00c9l asegura que Assange ignoraba que le hac\u00edan inteligencia. \u201cNo hay duda \u2013asegura Poveda- que Ecuador est\u00e1 cediendo a la presi\u00f3n de EE.UU. para entregarlo a las autoridades inglesas que estar\u00edan dispuestas a extraditarlo\u201d.<\/p>\n<p><strong>Las visitas a Julian Assange son aprobadas por el embajador de turno, en este caso Carlos Abad<\/strong><\/p>\n<p><strong><em><img decoding=\"async\" class=\"aligncenter wp-image-1045\" src=\"https:\/\/www.codigovidrio.com\/code\/wp-content\/uploads\/2018\/05\/comunicado-embajador-carlos-abad-768x1024.jpg\" alt=\"\" width=\"500\" height=\"667\" srcset=\"https:\/\/www.codigovidrio.com\/code\/wp-content\/uploads\/2018\/05\/comunicado-embajador-carlos-abad-768x1024.jpg 768w, https:\/\/www.codigovidrio.com\/code\/wp-content\/uploads\/2018\/05\/comunicado-embajador-carlos-abad-225x300.jpg 225w, https:\/\/www.codigovidrio.com\/code\/wp-content\/uploads\/2018\/05\/comunicado-embajador-carlos-abad.jpg 960w\" sizes=\"(max-width: 500px) 100vw, 500px\" \/>\u00a0 \u00a0<\/em><\/strong><\/p>\n<p>Tras el ingreso de Assange a la embajada, en junio del 2012, para darle seguridad fue convocada la empresa ecuatoriana Blue Cell, que a su vez subcontrat\u00f3 a UC Global. A fines del 2013 esta \u00faltima compa\u00f1\u00eda recibi\u00f3 directamente el contrato, por supuestos incumplimientos de la primera.<\/p>\n<p>La compa\u00f1\u00eda hac\u00eda un seguimiento detallado del hu\u00e9sped a diferentes niveles. Registraba el nombre de todos sus visitantes, que previamente eran autorizados por el embajador ecuatoriano o su delegado. Desde 2010 han sido embajadores Ana Alb\u00e1n, Juan Falcon\u00ed y Carlos Abad.<\/p>\n<p>Pedimos la version de Abad, por correo electr\u00f3nico, pero desde la embajada respondieron: \u00abTodo lo referente al asilado en la Embajada del Ecuador en el Reino Unido debe dirigirse al Ministerio de Relaciones Exteriores, Direcci\u00f3n de Comunicaci\u00f3n\u00bb.<\/p>\n<p>Hab\u00eda dos bit\u00e1coras de registro: una de la firma espa\u00f1ola y otra de la embajada. Un asiduo visitante de Assange, por ejemplo, era el hacker alem\u00e1n de WikiLeaks Andy Muller-Maguhn. \u00c9l es el correo que le llevaba a Londres, en un pendrive, mensajes privados de la organizaci\u00f3n. El australiano no acostumbraba usar el correo electr\u00f3nico ni el\u00a0 tel\u00e9fono; solo atend\u00eda mensajes privados en su cuenta de Twitter. Su situaci\u00f3n empeor\u00f3 en marzo pasado cuando el gobierno ecuatoriano le cort\u00f3 todo tipo de comunicaciones y visitas, con excepci\u00f3n de su equipo legal. La Canciller\u00eda dijo que las condiciones de Assange, nacionalizado ecuatoriano en enero pasado, no han variado y se impusieron por la serie de violaciones a su condici\u00f3n de asilado.<\/p>\n<p style=\"text-align: left;\"><strong>Detalle de los fondos a liquidar en octubre del 2017 por la seguridad de Assange en la Senain<\/strong><\/p>\n<p><img loading=\"lazy\" decoding=\"async\" class=\"aligncenter size-large wp-image-1137\" src=\"https:\/\/www.codigovidrio.com\/code\/wp-content\/uploads\/2018\/06\/Contrato-Global-septiembre-1024x358.jpg\" alt=\"\" width=\"1024\" height=\"358\" srcset=\"https:\/\/www.codigovidrio.com\/code\/wp-content\/uploads\/2018\/06\/Contrato-Global-septiembre-1024x358.jpg 1024w, https:\/\/www.codigovidrio.com\/code\/wp-content\/uploads\/2018\/06\/Contrato-Global-septiembre-300x105.jpg 300w, https:\/\/www.codigovidrio.com\/code\/wp-content\/uploads\/2018\/06\/Contrato-Global-septiembre-768x269.jpg 768w, https:\/\/www.codigovidrio.com\/code\/wp-content\/uploads\/2018\/06\/Contrato-Global-septiembre.jpg 1152w\" sizes=\"(max-width: 1024px) 100vw, 1024px\" \/><\/p>\n<p>Antes de las medidas restrictivas, quienes le visitaban deb\u00edan dejar cualquier dispositivo electr\u00f3nico, llaves o efectos personales en la entrada, controlada por un agente espa\u00f1ol.<\/p>\n<p>Assange acostumbraba activar un ruido de fondo para interferir en posibles micr\u00f3fonos: sus conversaciones se realizaban mediante notas escritas o una libreta. Los informes de inteligencia, validados por la Senain, destacan su estado evidente de paranoia y perturbaci\u00f3n.<\/p>\n<p>Desde su ingreso, el anterior Gobierno le otorg\u00f3 todo tipo de privilegios. Recibi\u00f3 visitantes con posiciones pol\u00edticas radicales. Entre ellos, personajes vinculados con grupos extremistas y separatistas como <strong>Oriol Soler y Andreu Griny\u00f3<\/strong>, l\u00edderes de la campa\u00f1a para la independencia catalana, en Espa\u00f1a.<\/p>\n<p><strong>El nombre del catal\u00e1n Soler qued\u00f3 registrado en un reporte oficial,en noviembre del 2017. Otro informe tambi\u00e9n incluye los perfiles de abogados de Assange, que estuvieron en la embajada.<\/strong><\/p>\n<p><img loading=\"lazy\" decoding=\"async\" class=\"aligncenter wp-image-1049\" src=\"https:\/\/www.codigovidrio.com\/code\/wp-content\/uploads\/2018\/05\/registro-catalan-embajada-768x1024.jpg\" alt=\"\" width=\"600\" height=\"800\" srcset=\"https:\/\/www.codigovidrio.com\/code\/wp-content\/uploads\/2018\/05\/registro-catalan-embajada-768x1024.jpg 768w, https:\/\/www.codigovidrio.com\/code\/wp-content\/uploads\/2018\/05\/registro-catalan-embajada-225x300.jpg 225w, https:\/\/www.codigovidrio.com\/code\/wp-content\/uploads\/2018\/05\/registro-catalan-embajada.jpg 960w\" sizes=\"(max-width: 600px) 100vw, 600px\" \/><\/p>\n<p><img loading=\"lazy\" decoding=\"async\" class=\"aligncenter wp-image-1050\" src=\"https:\/\/www.codigovidrio.com\/code\/wp-content\/uploads\/2018\/05\/registro-abogados-assange-770x1024.jpg\" alt=\"\" width=\"600\" height=\"798\" srcset=\"https:\/\/www.codigovidrio.com\/code\/wp-content\/uploads\/2018\/05\/registro-abogados-assange-770x1024.jpg 770w, https:\/\/www.codigovidrio.com\/code\/wp-content\/uploads\/2018\/05\/registro-abogados-assange-225x300.jpg 225w, https:\/\/www.codigovidrio.com\/code\/wp-content\/uploads\/2018\/05\/registro-abogados-assange-768x1022.jpg 768w, https:\/\/www.codigovidrio.com\/code\/wp-content\/uploads\/2018\/05\/registro-abogados-assange.jpg 962w\" sizes=\"(max-width: 600px) 100vw, 600px\" \/><\/p>\n<p>En junio de 2015, un oficial de la Polic\u00eda de la Senain, preocupado por informes de las visitas que recib\u00eda Assange, entreg\u00f3 un oficio al entonces secretario de Inteligencia, Rommy Vallejo. \u00c9l, a su vez, redact\u00f3 un documento secreto que entreg\u00f3 al entonces canciller Ricardo Pati\u00f1o. Pese al nivel de alertas de supuesta peligrosidad de los visitantes, el gobierno no tom\u00f3 ninguna decisi\u00f3n ni acci\u00f3n espec\u00edfica, seg\u00fan fuentes de la Senain.<\/p>\n<p>Un a\u00f1o antes, el embajador Juan Falcon\u00ed habr\u00eda presentado una nota de queja a la Canciller\u00eda porque a la embajada llegaron facturas por el alquiler de un departamento ajeno a la sede diplom\u00e1tica y por retrasos en el pago de la seguridad. Por este motivo, Falcon\u00ed incluso convers\u00f3 telef\u00f3nicamente con Vallejo y uno de sus asesores, quien dijo que los gastos ser\u00edan cubiertos con fondos de la Senain. Sin embargo, al ser consultado por este portal, Falcon\u00ed pidi\u00f3 identificar a las fuentes que proporcionaron esta informaci\u00f3n pero no se pronunci\u00f3. Uno de los testigos \u2013cuya versi\u00f3n tenemos grabada- ratific\u00f3 la conversaci\u00f3n entre Londres y Quito.<\/p>\n<blockquote><p><strong>WikiLeaks es considerado por la CIA un\u00a0agente de inteligencia no estatal y hostil. Ha publicado en los \u00faltimos a\u00f1os documentos comprometedores para EE.UU. Pero lo que m\u00e1s ha molestado a ese pa\u00eds es la filtraci\u00f3n de correos del Partido Dem\u00f3crata, antes de las elecciones de 2016, que perjudicaron a la candidata Hillary Clinton y beneficiaron a Donald Trump. La CIA sospecha que Rusia suministr\u00f3 esos mails.<\/strong><\/p><\/blockquote>\n<p>Seg\u00fan The Guardian y el portal ecuatoriano Focus, en 2014 el gobierno ecuatoriano fue informado que Assange, violando su condici\u00f3n de asilo, ten\u00eda su propia estructura de redes y comunicaci\u00f3n, incluso satelital, \u201cinterceptando y recolectando informaci\u00f3n de la Embajada y de las personas que trabajan all\u00ed\u201d. Y que su seguridad fue pagada con fondos especiales. Varias fuentes de Inteligencia nos corroboraron que Assange \u201chac\u00eda lo que quer\u00eda en la sede diplom\u00e1tica\u201d con pleno conocimiento y consentimiento oficial, especialmente en el anterior gobierno.<\/p>\n<p>&nbsp;<\/p>\n<figure id=\"attachment_1018\" aria-describedby=\"caption-attachment-1018\" style=\"width: 610px\" class=\"wp-caption aligncenter\"><img loading=\"lazy\" decoding=\"async\" class=\"wp-image-1018 size-full\" src=\"https:\/\/www.codigovidrio.com\/code\/wp-content\/uploads\/2018\/05\/correa-cristina-assange.jpg\" alt=\"\" width=\"620\" height=\"387\" srcset=\"https:\/\/www.codigovidrio.com\/code\/wp-content\/uploads\/2018\/05\/correa-cristina-assange.jpg 620w, https:\/\/www.codigovidrio.com\/code\/wp-content\/uploads\/2018\/05\/correa-cristina-assange-300x187.jpg 300w\" sizes=\"(max-width: 620px) 100vw, 620px\" \/><figcaption id=\"caption-attachment-1018\" class=\"wp-caption-text\">El 1 de agosto del 2012 el entonces presidente Rafael Correa se reuni\u00f3 en Carondelet con la madre de Julian Assange, Christine (izquierda), quien le pidi\u00f3 el asilo para su hijo. Esa solicitud se concret\u00f3 los siguientes d\u00edas cuando el gobierno confirm\u00f3 la concesi\u00f3n de la medida de protecci\u00f3n.<\/figcaption><\/figure>\n<p>Este medio cruz\u00f3 informes de los pagos realizados por la Senain. Seg\u00fan estos documentos, por la seguridad y operaciones de espionaje a Assange se pagaban hasta este a\u00f1o mensualmente 84.100 d\u00f3lares. En seis a\u00f1os ese rubro es aproximadamente de 5,7 millones. El acuerdo inclu\u00eda la cobertura de 17 \u00edtems, entre apoyo m\u00e9dico, seguridad inform\u00e1tica, monitoreo electr\u00f3nico, vigilancia de c\u00e1maras, personal especializado de seguridad, entre otros.<\/p>\n<p>Ante la serie de denuncias de abusos en el manejo de los gastos especiales en la Senain, la Contralor\u00eda realiza un examen especial a la forma en que fueron auditados y justificados por el anterior contralor Carlos P\u00f3lit, entre 2007 y 2017. Tambi\u00e9n ejecuta el juzgamiento de los gastos de los \u00faltimos seis meses, hasta marzo pasado.<\/p>\n<p>El gobierno de Len\u00edn Moreno rescindi\u00f3 el contrato para la seguridad de Assange en marzo pasado, luego del cambio de secretario de Inteligencia. La entidad ahora est\u00e1 al mando del coronel (r) Jorge Costa. La vigilancia de Assange est\u00e1 a cargo de la compa\u00f1\u00eda ecuatoriana Prom Security, y, al parecer, no incluye el componente de inteligencia.<\/p>\n","protected":false},"excerpt":{"rendered":"<p>Los contratos para la seguridad de Rafael Correa, su familia, dos de las hijas del presidente Len\u00edn Moreno y Julian Assange costaron hasta mayo alrededor de 11,2 millones de d\u00f3lares. Estuvieron a cargo de la empresa espa\u00f1ola Undercover Global. Los fondos provinieron del Servicio de Protecci\u00f3n Presidencial y de gastos especiales de la Senain. Este &#8230; <a title=\"Los mismos ojos vigilaron a Correa, Assange y dos hijas del presidente Moreno en Barcelona y Nueva York\" class=\"read-more\" href=\"https:\/\/www.codigovidrio.com\/code\/los-mismos-ojos-vigilaron-a-correa-assange-y-dos-hijas-de-moreno\/\">leer m\u00e1s&#8230;<\/a><\/p>\n","protected":false},"author":2,"featured_media":1104,"comment_status":"closed","ping_status":"closed","sticky":false,"template":"","format":"standard","meta":{"generate_page_header":"","footnotes":""},"categories":[224,211],"tags":[],"yoast_head":"<!-- This site is optimized with the Yoast SEO plugin v23.5 - https:\/\/yoast.com\/wordpress\/plugins\/seo\/ -->\n<title>Los mismos ojos vigilaron a Correa, Assange y dos hijas del presidente Moreno en Barcelona y Nueva York - C\u00f3digo Vidrio<\/title>\n<meta name=\"robots\" content=\"index, follow, max-snippet:-1, max-image-preview:large, max-video-preview:-1\" \/>\n<link rel=\"canonical\" href=\"https:\/\/www.codigovidrio.com\/code\/los-mismos-ojos-vigilaron-a-correa-assange-y-dos-hijas-de-moreno\/\" \/>\n<meta property=\"og:locale\" content=\"es_ES\" \/>\n<meta property=\"og:type\" content=\"article\" \/>\n<meta property=\"og:title\" content=\"Los mismos ojos vigilaron a Correa, Assange y dos hijas del presidente Moreno en Barcelona y Nueva York - C\u00f3digo Vidrio\" \/>\n<meta property=\"og:description\" content=\"Los contratos para la seguridad de Rafael Correa, su familia, dos de las hijas del presidente Len\u00edn Moreno y Julian Assange costaron hasta mayo alrededor de 11,2 millones de d\u00f3lares. Estuvieron a cargo de la empresa espa\u00f1ola Undercover Global. Los fondos provinieron del Servicio de Protecci\u00f3n Presidencial y de gastos especiales de la Senain. Este ... leer m\u00e1s...\" \/>\n<meta property=\"og:url\" content=\"https:\/\/www.codigovidrio.com\/code\/los-mismos-ojos-vigilaron-a-correa-assange-y-dos-hijas-de-moreno\/\" \/>\n<meta property=\"og:site_name\" content=\"C\u00f3digo Vidrio\" \/>\n<meta property=\"article:published_time\" content=\"2018-07-09T00:40:06+00:00\" \/>\n<meta property=\"article:modified_time\" content=\"2021-01-03T14:32:01+00:00\" \/>\n<meta property=\"og:image\" content=\"https:\/\/www.codigovidrio.com\/code\/wp-content\/uploads\/2018\/05\/29-correa-assange.png\" \/>\n\t<meta property=\"og:image:width\" content=\"1600\" \/>\n\t<meta property=\"og:image:height\" content=\"650\" \/>\n\t<meta property=\"og:image:type\" content=\"image\/png\" \/>\n<meta name=\"author\" content=\"Codigo Vidrio Admin\" \/>\n<meta name=\"twitter:card\" content=\"summary_large_image\" \/>\n<meta name=\"twitter:label1\" content=\"Escrito por\" \/>\n\t<meta name=\"twitter:data1\" content=\"Codigo Vidrio Admin\" \/>\n\t<meta name=\"twitter:label2\" content=\"Tiempo de lectura\" \/>\n\t<meta name=\"twitter:data2\" content=\"11 minutos\" \/>\n<script type=\"application\/ld+json\" class=\"yoast-schema-graph\">{\"@context\":\"https:\/\/schema.org\",\"@graph\":[{\"@type\":\"Article\",\"@id\":\"https:\/\/www.codigovidrio.com\/code\/los-mismos-ojos-vigilaron-a-correa-assange-y-dos-hijas-de-moreno\/#article\",\"isPartOf\":{\"@id\":\"https:\/\/www.codigovidrio.com\/code\/los-mismos-ojos-vigilaron-a-correa-assange-y-dos-hijas-de-moreno\/\"},\"author\":{\"name\":\"Codigo Vidrio Admin\",\"@id\":\"https:\/\/www.codigovidrio.com\/code\/#\/schema\/person\/974bc7a5b889699d012b2343dc68fc6e\"},\"headline\":\"Los mismos ojos vigilaron a Correa, Assange y dos hijas del presidente Moreno en Barcelona y Nueva York\",\"datePublished\":\"2018-07-09T00:40:06+00:00\",\"dateModified\":\"2021-01-03T14:32:01+00:00\",\"mainEntityOfPage\":{\"@id\":\"https:\/\/www.codigovidrio.com\/code\/los-mismos-ojos-vigilaron-a-correa-assange-y-dos-hijas-de-moreno\/\"},\"wordCount\":2270,\"publisher\":{\"@id\":\"https:\/\/www.codigovidrio.com\/code\/#organization\"},\"image\":{\"@id\":\"https:\/\/www.codigovidrio.com\/code\/los-mismos-ojos-vigilaron-a-correa-assange-y-dos-hijas-de-moreno\/#primaryimage\"},\"thumbnailUrl\":\"https:\/\/www.codigovidrio.com\/code\/wp-content\/uploads\/2018\/05\/29-correa-assange.png\",\"articleSection\":[\"Assange\",\"Especiales\"],\"inLanguage\":\"es\"},{\"@type\":\"WebPage\",\"@id\":\"https:\/\/www.codigovidrio.com\/code\/los-mismos-ojos-vigilaron-a-correa-assange-y-dos-hijas-de-moreno\/\",\"url\":\"https:\/\/www.codigovidrio.com\/code\/los-mismos-ojos-vigilaron-a-correa-assange-y-dos-hijas-de-moreno\/\",\"name\":\"Los mismos ojos vigilaron a Correa, Assange y dos hijas del presidente Moreno en Barcelona y Nueva York - C\u00f3digo Vidrio\",\"isPartOf\":{\"@id\":\"https:\/\/www.codigovidrio.com\/code\/#website\"},\"primaryImageOfPage\":{\"@id\":\"https:\/\/www.codigovidrio.com\/code\/los-mismos-ojos-vigilaron-a-correa-assange-y-dos-hijas-de-moreno\/#primaryimage\"},\"image\":{\"@id\":\"https:\/\/www.codigovidrio.com\/code\/los-mismos-ojos-vigilaron-a-correa-assange-y-dos-hijas-de-moreno\/#primaryimage\"},\"thumbnailUrl\":\"https:\/\/www.codigovidrio.com\/code\/wp-content\/uploads\/2018\/05\/29-correa-assange.png\",\"datePublished\":\"2018-07-09T00:40:06+00:00\",\"dateModified\":\"2021-01-03T14:32:01+00:00\",\"breadcrumb\":{\"@id\":\"https:\/\/www.codigovidrio.com\/code\/los-mismos-ojos-vigilaron-a-correa-assange-y-dos-hijas-de-moreno\/#breadcrumb\"},\"inLanguage\":\"es\",\"potentialAction\":[{\"@type\":\"ReadAction\",\"target\":[\"https:\/\/www.codigovidrio.com\/code\/los-mismos-ojos-vigilaron-a-correa-assange-y-dos-hijas-de-moreno\/\"]}]},{\"@type\":\"ImageObject\",\"inLanguage\":\"es\",\"@id\":\"https:\/\/www.codigovidrio.com\/code\/los-mismos-ojos-vigilaron-a-correa-assange-y-dos-hijas-de-moreno\/#primaryimage\",\"url\":\"https:\/\/www.codigovidrio.com\/code\/wp-content\/uploads\/2018\/05\/29-correa-assange.png\",\"contentUrl\":\"https:\/\/www.codigovidrio.com\/code\/wp-content\/uploads\/2018\/05\/29-correa-assange.png\",\"width\":1600,\"height\":650},{\"@type\":\"BreadcrumbList\",\"@id\":\"https:\/\/www.codigovidrio.com\/code\/los-mismos-ojos-vigilaron-a-correa-assange-y-dos-hijas-de-moreno\/#breadcrumb\",\"itemListElement\":[{\"@type\":\"ListItem\",\"position\":1,\"name\":\"Portada\",\"item\":\"https:\/\/www.codigovidrio.com\/code\/\"},{\"@type\":\"ListItem\",\"position\":2,\"name\":\"Los mismos ojos vigilaron a Correa, Assange y dos hijas del presidente Moreno en Barcelona y Nueva York\"}]},{\"@type\":\"WebSite\",\"@id\":\"https:\/\/www.codigovidrio.com\/code\/#website\",\"url\":\"https:\/\/www.codigovidrio.com\/code\/\",\"name\":\"C\u00f3digo Vidrio\",\"description\":\"Transparentamos las historias ocultas\",\"publisher\":{\"@id\":\"https:\/\/www.codigovidrio.com\/code\/#organization\"},\"potentialAction\":[{\"@type\":\"SearchAction\",\"target\":{\"@type\":\"EntryPoint\",\"urlTemplate\":\"https:\/\/www.codigovidrio.com\/code\/?s={search_term_string}\"},\"query-input\":{\"@type\":\"PropertyValueSpecification\",\"valueRequired\":true,\"valueName\":\"search_term_string\"}}],\"inLanguage\":\"es\"},{\"@type\":\"Organization\",\"@id\":\"https:\/\/www.codigovidrio.com\/code\/#organization\",\"name\":\"C\u00f3digo Vidrio\",\"url\":\"https:\/\/www.codigovidrio.com\/code\/\",\"logo\":{\"@type\":\"ImageObject\",\"inLanguage\":\"es\",\"@id\":\"https:\/\/www.codigovidrio.com\/code\/#\/schema\/logo\/image\/\",\"url\":\"https:\/\/www.codigovidrio.com\/code\/wp-content\/uploads\/2022\/01\/logo-horiz-08.png\",\"contentUrl\":\"https:\/\/www.codigovidrio.com\/code\/wp-content\/uploads\/2022\/01\/logo-horiz-08.png\",\"width\":817,\"height\":294,\"caption\":\"C\u00f3digo Vidrio\"},\"image\":{\"@id\":\"https:\/\/www.codigovidrio.com\/code\/#\/schema\/logo\/image\/\"}},{\"@type\":\"Person\",\"@id\":\"https:\/\/www.codigovidrio.com\/code\/#\/schema\/person\/974bc7a5b889699d012b2343dc68fc6e\",\"name\":\"Codigo Vidrio Admin\",\"url\":\"https:\/\/www.codigovidrio.com\/code\/author\/vidrio-admin\/\"}]}<\/script>\n<!-- \/ Yoast SEO plugin. -->","yoast_head_json":{"title":"Los mismos ojos vigilaron a Correa, Assange y dos hijas del presidente Moreno en Barcelona y Nueva York - C\u00f3digo Vidrio","robots":{"index":"index","follow":"follow","max-snippet":"max-snippet:-1","max-image-preview":"max-image-preview:large","max-video-preview":"max-video-preview:-1"},"canonical":"https:\/\/www.codigovidrio.com\/code\/los-mismos-ojos-vigilaron-a-correa-assange-y-dos-hijas-de-moreno\/","og_locale":"es_ES","og_type":"article","og_title":"Los mismos ojos vigilaron a Correa, Assange y dos hijas del presidente Moreno en Barcelona y Nueva York - C\u00f3digo Vidrio","og_description":"Los contratos para la seguridad de Rafael Correa, su familia, dos de las hijas del presidente Len\u00edn Moreno y Julian Assange costaron hasta mayo alrededor de 11,2 millones de d\u00f3lares. Estuvieron a cargo de la empresa espa\u00f1ola Undercover Global. Los fondos provinieron del Servicio de Protecci\u00f3n Presidencial y de gastos especiales de la Senain. Este ... leer m\u00e1s...","og_url":"https:\/\/www.codigovidrio.com\/code\/los-mismos-ojos-vigilaron-a-correa-assange-y-dos-hijas-de-moreno\/","og_site_name":"C\u00f3digo Vidrio","article_published_time":"2018-07-09T00:40:06+00:00","article_modified_time":"2021-01-03T14:32:01+00:00","og_image":[{"width":1600,"height":650,"url":"https:\/\/www.codigovidrio.com\/code\/wp-content\/uploads\/2018\/05\/29-correa-assange.png","type":"image\/png"}],"author":"Codigo Vidrio Admin","twitter_card":"summary_large_image","twitter_misc":{"Escrito por":"Codigo Vidrio Admin","Tiempo de lectura":"11 minutos"},"schema":{"@context":"https:\/\/schema.org","@graph":[{"@type":"Article","@id":"https:\/\/www.codigovidrio.com\/code\/los-mismos-ojos-vigilaron-a-correa-assange-y-dos-hijas-de-moreno\/#article","isPartOf":{"@id":"https:\/\/www.codigovidrio.com\/code\/los-mismos-ojos-vigilaron-a-correa-assange-y-dos-hijas-de-moreno\/"},"author":{"name":"Codigo Vidrio Admin","@id":"https:\/\/www.codigovidrio.com\/code\/#\/schema\/person\/974bc7a5b889699d012b2343dc68fc6e"},"headline":"Los mismos ojos vigilaron a Correa, Assange y dos hijas del presidente Moreno en Barcelona y Nueva York","datePublished":"2018-07-09T00:40:06+00:00","dateModified":"2021-01-03T14:32:01+00:00","mainEntityOfPage":{"@id":"https:\/\/www.codigovidrio.com\/code\/los-mismos-ojos-vigilaron-a-correa-assange-y-dos-hijas-de-moreno\/"},"wordCount":2270,"publisher":{"@id":"https:\/\/www.codigovidrio.com\/code\/#organization"},"image":{"@id":"https:\/\/www.codigovidrio.com\/code\/los-mismos-ojos-vigilaron-a-correa-assange-y-dos-hijas-de-moreno\/#primaryimage"},"thumbnailUrl":"https:\/\/www.codigovidrio.com\/code\/wp-content\/uploads\/2018\/05\/29-correa-assange.png","articleSection":["Assange","Especiales"],"inLanguage":"es"},{"@type":"WebPage","@id":"https:\/\/www.codigovidrio.com\/code\/los-mismos-ojos-vigilaron-a-correa-assange-y-dos-hijas-de-moreno\/","url":"https:\/\/www.codigovidrio.com\/code\/los-mismos-ojos-vigilaron-a-correa-assange-y-dos-hijas-de-moreno\/","name":"Los mismos ojos vigilaron a Correa, Assange y dos hijas del presidente Moreno en Barcelona y Nueva York - C\u00f3digo Vidrio","isPartOf":{"@id":"https:\/\/www.codigovidrio.com\/code\/#website"},"primaryImageOfPage":{"@id":"https:\/\/www.codigovidrio.com\/code\/los-mismos-ojos-vigilaron-a-correa-assange-y-dos-hijas-de-moreno\/#primaryimage"},"image":{"@id":"https:\/\/www.codigovidrio.com\/code\/los-mismos-ojos-vigilaron-a-correa-assange-y-dos-hijas-de-moreno\/#primaryimage"},"thumbnailUrl":"https:\/\/www.codigovidrio.com\/code\/wp-content\/uploads\/2018\/05\/29-correa-assange.png","datePublished":"2018-07-09T00:40:06+00:00","dateModified":"2021-01-03T14:32:01+00:00","breadcrumb":{"@id":"https:\/\/www.codigovidrio.com\/code\/los-mismos-ojos-vigilaron-a-correa-assange-y-dos-hijas-de-moreno\/#breadcrumb"},"inLanguage":"es","potentialAction":[{"@type":"ReadAction","target":["https:\/\/www.codigovidrio.com\/code\/los-mismos-ojos-vigilaron-a-correa-assange-y-dos-hijas-de-moreno\/"]}]},{"@type":"ImageObject","inLanguage":"es","@id":"https:\/\/www.codigovidrio.com\/code\/los-mismos-ojos-vigilaron-a-correa-assange-y-dos-hijas-de-moreno\/#primaryimage","url":"https:\/\/www.codigovidrio.com\/code\/wp-content\/uploads\/2018\/05\/29-correa-assange.png","contentUrl":"https:\/\/www.codigovidrio.com\/code\/wp-content\/uploads\/2018\/05\/29-correa-assange.png","width":1600,"height":650},{"@type":"BreadcrumbList","@id":"https:\/\/www.codigovidrio.com\/code\/los-mismos-ojos-vigilaron-a-correa-assange-y-dos-hijas-de-moreno\/#breadcrumb","itemListElement":[{"@type":"ListItem","position":1,"name":"Portada","item":"https:\/\/www.codigovidrio.com\/code\/"},{"@type":"ListItem","position":2,"name":"Los mismos ojos vigilaron a Correa, Assange y dos hijas del presidente Moreno en Barcelona y Nueva York"}]},{"@type":"WebSite","@id":"https:\/\/www.codigovidrio.com\/code\/#website","url":"https:\/\/www.codigovidrio.com\/code\/","name":"C\u00f3digo Vidrio","description":"Transparentamos las historias ocultas","publisher":{"@id":"https:\/\/www.codigovidrio.com\/code\/#organization"},"potentialAction":[{"@type":"SearchAction","target":{"@type":"EntryPoint","urlTemplate":"https:\/\/www.codigovidrio.com\/code\/?s={search_term_string}"},"query-input":{"@type":"PropertyValueSpecification","valueRequired":true,"valueName":"search_term_string"}}],"inLanguage":"es"},{"@type":"Organization","@id":"https:\/\/www.codigovidrio.com\/code\/#organization","name":"C\u00f3digo Vidrio","url":"https:\/\/www.codigovidrio.com\/code\/","logo":{"@type":"ImageObject","inLanguage":"es","@id":"https:\/\/www.codigovidrio.com\/code\/#\/schema\/logo\/image\/","url":"https:\/\/www.codigovidrio.com\/code\/wp-content\/uploads\/2022\/01\/logo-horiz-08.png","contentUrl":"https:\/\/www.codigovidrio.com\/code\/wp-content\/uploads\/2022\/01\/logo-horiz-08.png","width":817,"height":294,"caption":"C\u00f3digo Vidrio"},"image":{"@id":"https:\/\/www.codigovidrio.com\/code\/#\/schema\/logo\/image\/"}},{"@type":"Person","@id":"https:\/\/www.codigovidrio.com\/code\/#\/schema\/person\/974bc7a5b889699d012b2343dc68fc6e","name":"Codigo Vidrio Admin","url":"https:\/\/www.codigovidrio.com\/code\/author\/vidrio-admin\/"}]}},"_links":{"self":[{"href":"https:\/\/www.codigovidrio.com\/code\/wp-json\/wp\/v2\/posts\/1068"}],"collection":[{"href":"https:\/\/www.codigovidrio.com\/code\/wp-json\/wp\/v2\/posts"}],"about":[{"href":"https:\/\/www.codigovidrio.com\/code\/wp-json\/wp\/v2\/types\/post"}],"author":[{"embeddable":true,"href":"https:\/\/www.codigovidrio.com\/code\/wp-json\/wp\/v2\/users\/2"}],"replies":[{"embeddable":true,"href":"https:\/\/www.codigovidrio.com\/code\/wp-json\/wp\/v2\/comments?post=1068"}],"version-history":[{"count":44,"href":"https:\/\/www.codigovidrio.com\/code\/wp-json\/wp\/v2\/posts\/1068\/revisions"}],"predecessor-version":[{"id":1629,"href":"https:\/\/www.codigovidrio.com\/code\/wp-json\/wp\/v2\/posts\/1068\/revisions\/1629"}],"wp:featuredmedia":[{"embeddable":true,"href":"https:\/\/www.codigovidrio.com\/code\/wp-json\/wp\/v2\/media\/1104"}],"wp:attachment":[{"href":"https:\/\/www.codigovidrio.com\/code\/wp-json\/wp\/v2\/media?parent=1068"}],"wp:term":[{"taxonomy":"category","embeddable":true,"href":"https:\/\/www.codigovidrio.com\/code\/wp-json\/wp\/v2\/categories?post=1068"},{"taxonomy":"post_tag","embeddable":true,"href":"https:\/\/www.codigovidrio.com\/code\/wp-json\/wp\/v2\/tags?post=1068"}],"curies":[{"name":"wp","href":"https:\/\/api.w.org\/{rel}","templated":true}]}}