{"id":10526,"date":"2025-03-17T07:30:48","date_gmt":"2025-03-17T12:30:48","guid":{"rendered":"https:\/\/www.codigovidrio.com\/code\/?p=10526"},"modified":"2025-03-17T12:12:57","modified_gmt":"2025-03-17T17:12:57","slug":"florecer-entre-el-fango-el-periodismo-que-america-latina-necesita-ante-el-desafio-de-trump","status":"publish","type":"post","link":"https:\/\/www.codigovidrio.com\/code\/florecer-entre-el-fango-el-periodismo-que-america-latina-necesita-ante-el-desafio-de-trump\/","title":{"rendered":"Florecer entre el fango: El periodismo que Am\u00e9rica Latina necesita ante el desaf\u00edo de Trump"},"content":{"rendered":"<p><strong>En un contexto hostil para los ciudadanos y el periodismo independiente, reflexionamos sobre las implicancias del regreso de Donald Trump a la presidencia de Estados Unidos. Su retiro del Acuerdo de Par\u00eds, su pol\u00edtica antiinmigrante y su negacionismo clim\u00e1tico tienen un impacto transversal que afecta el futuro de la sociedad. En un escenario marcado por la polarizaci\u00f3n, la desinformaci\u00f3n y el ruido informativo, 20 medios de Am\u00e9rica Latina reafirmamos en este editorial nuestra misi\u00f3n de investigar colaborativamente y explicar los puntos cr\u00edticos para contribuir a un entendimiento m\u00e1s profundo y matizado de estos tiempos desafiantes. Ilustraci\u00f3n: OjoP\u00fablico \/ Jhafet Ru\u00edz<br style=\"font-weight: 400;\" \/><\/strong><\/p>\n<p><strong>Por C\u00f3digo Vidrio \u00a0<\/strong><\/p>\n<p><span style=\"font-weight: 400;\">Ha sido dif\u00edcil seguirle el paso al presidente Donald Trump desde su regreso a la Casa Blanca el 20 de enero. En tiempo r\u00e9cord, ha firmado tantas \u00f3rdenes ejecutivas y proclamado tantos planes grandiosos como amenazas, que los periodistas, comentaristas y opinadores han descrito el inicio de su mandato como un <\/span><i><span style=\"font-weight: 400;\">blitz<\/span><\/i><span style=\"font-weight: 400;\">, un bombardeo, un terremoto, una tormenta o una avalancha.\u00a0<\/span><\/p>\n<p><span style=\"font-weight: 400;\">El caos suscitado no es el resultado de una improvisaci\u00f3n. Todo lo contrario. El exestratega de Trump, Steve Bannon, lo advirti\u00f3 en 2019 con otra met\u00e1fora que tambi\u00e9n alud\u00eda a la cat\u00e1strofe: hab\u00eda que \u00abinundar la zona\u00bb a toda velocidad. As\u00ed, los periodistas y los medios (considerados opositores por Trump y Bannon) estar\u00edan tan abrumados que no podr\u00edan reaccionar a tiempo. Sin informaci\u00f3n oportuna y de calidad, los ciudadanos y los otros poderes quedar\u00edan desarmados.<\/span><\/p>\n<p><span style=\"font-weight: 400;\">El plan ha funcionado solo a medias. Los periodistas han trabajado sin descanso y varias de estas \u00f3rdenes ejecutivas en torrente ya han sido demandadas por su dudosa legalidad. Pero, mientras se dirime el asunto en los tribunales estadounidenses las decisiones de Trump ya han afectado a millones de personas en todo el mundo: miles de migrantes han sido deportados, la Agencia de los Estados Unidos para el Desarrollo Internacional (Usaid) est\u00e1 siendo desmantelada, se han roto compromisos internacionales y ha comenzado la guerra comercial con la imposici\u00f3n selectiva de aranceles.<\/span><\/p>\n<p><span style=\"font-weight: 400;\">Las decisiones de los \u00faltimos d\u00edas no solo afectan al presente, sino tambi\u00e9n al futuro del planeta y de sus habitantes. Una de las primeras \u00f3rdenes que Trump firm\u00f3 fue la retirada del Acuerdo de Par\u00eds. Esta decisi\u00f3n se produce justo cuando la temperatura global ya super\u00f3 el umbral de los 1,5 grados adicionales, el l\u00edmite establecido en el acuerdo. Los datos y la ciencia, sin embargo, parecen no preocuparle al presidente del pa\u00eds m\u00e1s contaminante ni a los lobistas del petr\u00f3leo que ha nombrado en la Agencia de Protecci\u00f3n Ambiental (EPA), quienes niegan que la quema de combustibles f\u00f3siles tenga alg\u00fan efecto en la crisis clim\u00e1tica.<\/span><\/p>\n<p><span style=\"font-weight: 400;\">En cuanto a Am\u00e9rica Latina y el Caribe, una de las regiones m\u00e1s vulnerables a la emergencia clim\u00e1tica, el presidente dej\u00f3 clara su posici\u00f3n en su segundo d\u00eda en el cargo: \u00abEllos nos necesitan mucho m\u00e1s de lo que nosotros los necesitamos. No los necesitamos\u00bb. El lema, \u201cEstados Unidos primero\u201d, ha reemplazado conceptos como responsabilidad compartida y multilateralismo. El cambio de t\u00e9rminos, tono y actitud en la Casa Blanca y el Departamento de Estado refleja la idea de que los pa\u00edses har\u00e1n lo que Trump quiera, por las buenas o por las malas.\u00a0<\/span><\/p>\n<p><span style=\"font-weight: 400;\">Esto ha quedado claro con el trato dado a los migrantes, cuya gran mayor\u00eda son de origen latinoamericano, y la escasa efectividad de las protestas diplom\u00e1ticas de algunos pocos pa\u00edses ante la nueva pol\u00edtica antiinmigrante de Washington. Tras capturar a m\u00e1s de 14.000 personas en redadas,\u00a0 la mayor\u00eda han sido deportadas hacia M\u00e9xico, Guatemala, Colombia, Brasil, Bolivia, Per\u00fa, Ecuador y Venezuela, luego de negociar un acuerdo pragm\u00e1tico con Nicol\u00e1s Maduro. Se espera que en los pr\u00f3ximos meses aumente el n\u00famero de deportados hacia este pa\u00eds, ya que Trump cancel\u00f3 el Estatuto de Protecci\u00f3n Temporal (TPS) para m\u00e1s de 300.000 venezolanos que cre\u00edan que estaban a salvo. Estas medidas violan los derechos de estas personas al asilo y la protecci\u00f3n, al debido proceso, y a la no separaci\u00f3n de las familias, entre otros.<\/span><\/p>\n<p><strong><span style=\"color: #ff6600;\">Los pa\u00edses de la regi\u00f3n tendr\u00e1n que responder a esta situaci\u00f3n con sus propios recursos, ya que no contar\u00e1n con la ayuda humanitaria que antes financiaba el gobierno estadounidense. Tambi\u00e9n destinaba millones de d\u00f3lares a otras causas, entre ellas\u00a0 la protecci\u00f3n del territorio amaz\u00f3nico que comparten Brasil, Colombia, Ecuador, Guayana, Per\u00fa y Surinam. No es un asunto menor: la Amazon\u00eda es un lugar estrat\u00e9gico para la regulaci\u00f3n del clima y el equilibrio biol\u00f3gico por sus r\u00edos voladores, donde se concentra el 20% del carbono global, alberga al 10% de todas las especies conocidas y es el hogar de 308 pueblos ind\u00edgenas que hablan m\u00e1s de 200 lenguas.\u00a0<\/span><\/strong><\/p>\n<p><span style=\"font-weight: 400;\">Este ecosistema ya est\u00e1 sometido a la presi\u00f3n de la deforestaci\u00f3n causada por la miner\u00eda ilegal del oro y el narcotr\u00e1fico, que promueve la invasi\u00f3n de tierras y tala de \u00e1rboles para sembrar coca. Si bien Trump ha prometido mano dura contra el narcotr\u00e1fico y el crimen organizado, a juzgar por algunos de sus discursos y pronunciamientos en estas primeras semanas, espera que los pa\u00edses de la regi\u00f3n se encarguen de combatirlo y demuestren resultados, sin necesariamente recibir la misma cantidad de apoyo econ\u00f3mico que Washington les ha otorgado en el pasado.\u00a0<\/span><\/p>\n<p><span style=\"font-weight: 400;\">Aunque a\u00fan no est\u00e1 claro cu\u00e1ntos recursos terminar\u00e1n aportando o recortando para la regi\u00f3n, la nueva pol\u00edtica exterior de Washington y la respuesta de Mosc\u00fa y Pek\u00edn en este nuevo orden geopol\u00edtico ser\u00e1n un factor importante en las pr\u00f3ximas elecciones presidenciales de Ecuador (la segunda vuelta se realizar\u00e1 en abril), Bolivia, Chile y Honduras y Hait\u00ed \u2013si la situaci\u00f3n interna lo permite este a\u00f1o\u2014 y en las de Colombia, Per\u00fa, Brasil y Costa Rica, que se celebrar\u00e1n en 2026.<\/span><\/p>\n<p><span style=\"font-weight: 400;\">Pase lo que pase en los pr\u00f3ximos a\u00f1os, los periodistas de esta red de medios independientes en Am\u00e9rica Latina estamos obligados a tratar de explicar c\u00f3mo las decisiones de un solo hombre, o de dos \u2014no podemos dejar de lado a Elon Musk\u2014 desde el Despacho Oval pueden afectar de manera transversal -acaso irreversible- no solo a la pol\u00edtica regional sino tambi\u00e9n a las comunidades m\u00e1s vulnerables del continente. Para lograrlo, debemos fortalecer nuestras redes de trabajo colaborativo, tanto transnacionales como hiperlocales, y no perder de vista lo que suceda en lugares de dif\u00edcil acceso, como la Amazon\u00eda, ni los temas que otros medios pueden pasar por alto y quedar as\u00ed subrepresentados en la discusi\u00f3n p\u00fablica.<\/span><\/p>\n<p><strong><span style=\"color: #ff6600;\">Son tiempos desafiantes y exigentes para esta profesi\u00f3n, por distintas razones: los ataques sistem\u00e1ticos desde los gobernantes y el crimen organizado, la polarizaci\u00f3n y la desinformaci\u00f3n, que a menudo tambi\u00e9n buscan socavar la credibilidad de los medios y los periodistas, y la fatiga informativa de las audiencias y lectores, saturados por la acumulaci\u00f3n de malas noticias.<\/span><\/strong><\/p>\n<p><span style=\"font-weight: 400;\">Nos hemos propuesto incentivar un periodismo que escape a la reactividad y al catastrofismo, que no se deje abrumar por el caudal de ruido informativo y mentiras en las redes sociales, sino que se ancle con un compromiso genuino en la realidad, que siempre ser\u00e1 m\u00e1s compleja y llena de matices. Por eso mismo debemos esforzarnos por documentar tambi\u00e9n la capacidad de resiliencia, adaptaci\u00f3n y resistencia de la sociedad, las instituciones y los liderazgos, sin dejar de investigar los abusos de poder y la corrupci\u00f3n dentro de una pr\u00e1ctica rigurosa del oficio.<\/span><\/p>\n<p><span style=\"font-weight: 400;\">\u00a0<\/span><span style=\"font-weight: 400;\">En medio de la inundaci\u00f3n y el caos que ha provocado Trump, no tenemos otra opci\u00f3n que seguir colaborando y extendiendo nuestras ra\u00edces entre el barro. Despu\u00e9s de todo, la victoria regia, el nen\u00fafar m\u00e1s grande del mundo y emblema de nuestra regi\u00f3n amaz\u00f3nica, florece entre el fango y al anochecer.\u00a0<\/span><\/p>\n<p><span style=\"color: #339966;\"><b><i>Organizaciones de noticias de Latinoam\u00e9rica que suscriben este editorial: <\/i><\/b><i><span style=\"font-weight: 400;\">OjoP\u00fablico (Per\u00fa), Suma\u00fama (Brasil), El Espectador (Colombia), CasaMacondo (Colombia), PopLab (M\u00e9xico), Lado B (M\u00e9xico), Raichal\u00ed (M\u00e9xico), Istmo Press (M\u00e9xico), Perimetral (M\u00e9xico), La Liga Contra el Silencio (Colombia), Revista N\u00f3madas (Bolivia), C\u00f3digo Vidrio (Ecuador), Plan V (Ecuador), Agenda Propia (Colombia), Cuesti\u00f3n P\u00fablica (Colombia), GK (Ecuador), Periodistas por el Planeta (Argentina), La Verdad de Ju\u00e1rez (M\u00e9xico), InfoAmazonia (Brasil), <\/span><\/i><i><span style=\"font-weight: 400;\">Organized Crime and Corruption Reporting Project (OCCRP).<\/span><\/i><\/span><\/p>\n<p>&nbsp;<\/p>\n","protected":false},"excerpt":{"rendered":"<p>En un contexto hostil para los ciudadanos y el periodismo independiente, reflexionamos sobre las implicancias del regreso de Donald Trump a la presidencia de Estados Unidos. Su retiro del Acuerdo de Par\u00eds, su pol\u00edtica antiinmigrante y su negacionismo clim\u00e1tico tienen un impacto transversal que afecta el futuro de la sociedad. En un escenario marcado por &#8230; <a title=\"Florecer entre el fango: El periodismo que Am\u00e9rica Latina necesita ante el desaf\u00edo de Trump\" class=\"read-more\" href=\"https:\/\/www.codigovidrio.com\/code\/florecer-entre-el-fango-el-periodismo-que-america-latina-necesita-ante-el-desafio-de-trump\/\">leer m\u00e1s&#8230;<\/a><\/p>\n","protected":false},"author":2,"featured_media":10528,"comment_status":"open","ping_status":"closed","sticky":false,"template":"","format":"standard","meta":{"generate_page_header":"","footnotes":""},"categories":[211],"tags":[],"yoast_head":"<!-- This site is optimized with the Yoast SEO plugin v23.5 - https:\/\/yoast.com\/wordpress\/plugins\/seo\/ -->\n<title>Florecer entre el fango: El periodismo que Am\u00e9rica Latina necesita ante el desaf\u00edo de Trump - C\u00f3digo Vidrio<\/title>\n<meta name=\"robots\" content=\"index, follow, max-snippet:-1, max-image-preview:large, max-video-preview:-1\" \/>\n<link rel=\"canonical\" href=\"https:\/\/www.codigovidrio.com\/code\/florecer-entre-el-fango-el-periodismo-que-america-latina-necesita-ante-el-desafio-de-trump\/\" \/>\n<meta property=\"og:locale\" content=\"es_ES\" \/>\n<meta property=\"og:type\" content=\"article\" \/>\n<meta property=\"og:title\" content=\"Florecer entre el fango: El periodismo que Am\u00e9rica Latina necesita ante el desaf\u00edo de Trump - C\u00f3digo Vidrio\" \/>\n<meta property=\"og:description\" content=\"En un contexto hostil para los ciudadanos y el periodismo independiente, reflexionamos sobre las implicancias del regreso de Donald Trump a la presidencia de Estados Unidos. Su retiro del Acuerdo de Par\u00eds, su pol\u00edtica antiinmigrante y su negacionismo clim\u00e1tico tienen un impacto transversal que afecta el futuro de la sociedad. En un escenario marcado por ... leer m\u00e1s...\" \/>\n<meta property=\"og:url\" content=\"https:\/\/www.codigovidrio.com\/code\/florecer-entre-el-fango-el-periodismo-que-america-latina-necesita-ante-el-desafio-de-trump\/\" \/>\n<meta property=\"og:site_name\" content=\"C\u00f3digo Vidrio\" \/>\n<meta property=\"article:published_time\" content=\"2025-03-17T12:30:48+00:00\" \/>\n<meta property=\"article:modified_time\" content=\"2025-03-17T17:12:57+00:00\" \/>\n<meta property=\"og:image\" content=\"https:\/\/www.codigovidrio.com\/code\/wp-content\/uploads\/2025\/03\/d-1024x558.png\" \/>\n\t<meta property=\"og:image:width\" content=\"1024\" \/>\n\t<meta property=\"og:image:height\" content=\"558\" \/>\n\t<meta property=\"og:image:type\" content=\"image\/png\" \/>\n<meta name=\"author\" content=\"Codigo Vidrio Admin\" \/>\n<meta name=\"twitter:card\" content=\"summary_large_image\" \/>\n<meta name=\"twitter:label1\" content=\"Escrito por\" \/>\n\t<meta name=\"twitter:data1\" content=\"Codigo Vidrio Admin\" \/>\n\t<meta name=\"twitter:label2\" content=\"Tiempo de lectura\" \/>\n\t<meta name=\"twitter:data2\" content=\"7 minutos\" \/>\n<script type=\"application\/ld+json\" class=\"yoast-schema-graph\">{\"@context\":\"https:\/\/schema.org\",\"@graph\":[{\"@type\":\"Article\",\"@id\":\"https:\/\/www.codigovidrio.com\/code\/florecer-entre-el-fango-el-periodismo-que-america-latina-necesita-ante-el-desafio-de-trump\/#article\",\"isPartOf\":{\"@id\":\"https:\/\/www.codigovidrio.com\/code\/florecer-entre-el-fango-el-periodismo-que-america-latina-necesita-ante-el-desafio-de-trump\/\"},\"author\":{\"name\":\"Codigo Vidrio Admin\",\"@id\":\"https:\/\/www.codigovidrio.com\/code\/#\/schema\/person\/974bc7a5b889699d012b2343dc68fc6e\"},\"headline\":\"Florecer entre el fango: El periodismo que Am\u00e9rica Latina necesita ante el desaf\u00edo de Trump\",\"datePublished\":\"2025-03-17T12:30:48+00:00\",\"dateModified\":\"2025-03-17T17:12:57+00:00\",\"mainEntityOfPage\":{\"@id\":\"https:\/\/www.codigovidrio.com\/code\/florecer-entre-el-fango-el-periodismo-que-america-latina-necesita-ante-el-desafio-de-trump\/\"},\"wordCount\":1478,\"commentCount\":0,\"publisher\":{\"@id\":\"https:\/\/www.codigovidrio.com\/code\/#organization\"},\"image\":{\"@id\":\"https:\/\/www.codigovidrio.com\/code\/florecer-entre-el-fango-el-periodismo-que-america-latina-necesita-ante-el-desafio-de-trump\/#primaryimage\"},\"thumbnailUrl\":\"https:\/\/www.codigovidrio.com\/code\/wp-content\/uploads\/2025\/03\/d.png\",\"articleSection\":[\"Especiales\"],\"inLanguage\":\"es\",\"potentialAction\":[{\"@type\":\"CommentAction\",\"name\":\"Comment\",\"target\":[\"https:\/\/www.codigovidrio.com\/code\/florecer-entre-el-fango-el-periodismo-que-america-latina-necesita-ante-el-desafio-de-trump\/#respond\"]}]},{\"@type\":\"WebPage\",\"@id\":\"https:\/\/www.codigovidrio.com\/code\/florecer-entre-el-fango-el-periodismo-que-america-latina-necesita-ante-el-desafio-de-trump\/\",\"url\":\"https:\/\/www.codigovidrio.com\/code\/florecer-entre-el-fango-el-periodismo-que-america-latina-necesita-ante-el-desafio-de-trump\/\",\"name\":\"Florecer entre el fango: El periodismo que Am\u00e9rica Latina necesita ante el desaf\u00edo de Trump - C\u00f3digo Vidrio\",\"isPartOf\":{\"@id\":\"https:\/\/www.codigovidrio.com\/code\/#website\"},\"primaryImageOfPage\":{\"@id\":\"https:\/\/www.codigovidrio.com\/code\/florecer-entre-el-fango-el-periodismo-que-america-latina-necesita-ante-el-desafio-de-trump\/#primaryimage\"},\"image\":{\"@id\":\"https:\/\/www.codigovidrio.com\/code\/florecer-entre-el-fango-el-periodismo-que-america-latina-necesita-ante-el-desafio-de-trump\/#primaryimage\"},\"thumbnailUrl\":\"https:\/\/www.codigovidrio.com\/code\/wp-content\/uploads\/2025\/03\/d.png\",\"datePublished\":\"2025-03-17T12:30:48+00:00\",\"dateModified\":\"2025-03-17T17:12:57+00:00\",\"breadcrumb\":{\"@id\":\"https:\/\/www.codigovidrio.com\/code\/florecer-entre-el-fango-el-periodismo-que-america-latina-necesita-ante-el-desafio-de-trump\/#breadcrumb\"},\"inLanguage\":\"es\",\"potentialAction\":[{\"@type\":\"ReadAction\",\"target\":[\"https:\/\/www.codigovidrio.com\/code\/florecer-entre-el-fango-el-periodismo-que-america-latina-necesita-ante-el-desafio-de-trump\/\"]}]},{\"@type\":\"ImageObject\",\"inLanguage\":\"es\",\"@id\":\"https:\/\/www.codigovidrio.com\/code\/florecer-entre-el-fango-el-periodismo-que-america-latina-necesita-ante-el-desafio-de-trump\/#primaryimage\",\"url\":\"https:\/\/www.codigovidrio.com\/code\/wp-content\/uploads\/2025\/03\/d.png\",\"contentUrl\":\"https:\/\/www.codigovidrio.com\/code\/wp-content\/uploads\/2025\/03\/d.png\",\"width\":2006,\"height\":1094},{\"@type\":\"BreadcrumbList\",\"@id\":\"https:\/\/www.codigovidrio.com\/code\/florecer-entre-el-fango-el-periodismo-que-america-latina-necesita-ante-el-desafio-de-trump\/#breadcrumb\",\"itemListElement\":[{\"@type\":\"ListItem\",\"position\":1,\"name\":\"Portada\",\"item\":\"https:\/\/www.codigovidrio.com\/code\/\"},{\"@type\":\"ListItem\",\"position\":2,\"name\":\"Florecer entre el fango: El periodismo que Am\u00e9rica Latina necesita ante el desaf\u00edo de Trump\"}]},{\"@type\":\"WebSite\",\"@id\":\"https:\/\/www.codigovidrio.com\/code\/#website\",\"url\":\"https:\/\/www.codigovidrio.com\/code\/\",\"name\":\"C\u00f3digo Vidrio\",\"description\":\"Transparentamos las historias ocultas\",\"publisher\":{\"@id\":\"https:\/\/www.codigovidrio.com\/code\/#organization\"},\"potentialAction\":[{\"@type\":\"SearchAction\",\"target\":{\"@type\":\"EntryPoint\",\"urlTemplate\":\"https:\/\/www.codigovidrio.com\/code\/?s={search_term_string}\"},\"query-input\":{\"@type\":\"PropertyValueSpecification\",\"valueRequired\":true,\"valueName\":\"search_term_string\"}}],\"inLanguage\":\"es\"},{\"@type\":\"Organization\",\"@id\":\"https:\/\/www.codigovidrio.com\/code\/#organization\",\"name\":\"C\u00f3digo Vidrio\",\"url\":\"https:\/\/www.codigovidrio.com\/code\/\",\"logo\":{\"@type\":\"ImageObject\",\"inLanguage\":\"es\",\"@id\":\"https:\/\/www.codigovidrio.com\/code\/#\/schema\/logo\/image\/\",\"url\":\"https:\/\/www.codigovidrio.com\/code\/wp-content\/uploads\/2022\/01\/logo-horiz-08.png\",\"contentUrl\":\"https:\/\/www.codigovidrio.com\/code\/wp-content\/uploads\/2022\/01\/logo-horiz-08.png\",\"width\":817,\"height\":294,\"caption\":\"C\u00f3digo Vidrio\"},\"image\":{\"@id\":\"https:\/\/www.codigovidrio.com\/code\/#\/schema\/logo\/image\/\"}},{\"@type\":\"Person\",\"@id\":\"https:\/\/www.codigovidrio.com\/code\/#\/schema\/person\/974bc7a5b889699d012b2343dc68fc6e\",\"name\":\"Codigo Vidrio Admin\",\"url\":\"https:\/\/www.codigovidrio.com\/code\/author\/vidrio-admin\/\"}]}<\/script>\n<!-- \/ Yoast SEO plugin. -->","yoast_head_json":{"title":"Florecer entre el fango: El periodismo que Am\u00e9rica Latina necesita ante el desaf\u00edo de Trump - C\u00f3digo Vidrio","robots":{"index":"index","follow":"follow","max-snippet":"max-snippet:-1","max-image-preview":"max-image-preview:large","max-video-preview":"max-video-preview:-1"},"canonical":"https:\/\/www.codigovidrio.com\/code\/florecer-entre-el-fango-el-periodismo-que-america-latina-necesita-ante-el-desafio-de-trump\/","og_locale":"es_ES","og_type":"article","og_title":"Florecer entre el fango: El periodismo que Am\u00e9rica Latina necesita ante el desaf\u00edo de Trump - C\u00f3digo Vidrio","og_description":"En un contexto hostil para los ciudadanos y el periodismo independiente, reflexionamos sobre las implicancias del regreso de Donald Trump a la presidencia de Estados Unidos. Su retiro del Acuerdo de Par\u00eds, su pol\u00edtica antiinmigrante y su negacionismo clim\u00e1tico tienen un impacto transversal que afecta el futuro de la sociedad. En un escenario marcado por ... leer m\u00e1s...","og_url":"https:\/\/www.codigovidrio.com\/code\/florecer-entre-el-fango-el-periodismo-que-america-latina-necesita-ante-el-desafio-de-trump\/","og_site_name":"C\u00f3digo Vidrio","article_published_time":"2025-03-17T12:30:48+00:00","article_modified_time":"2025-03-17T17:12:57+00:00","og_image":[{"width":1024,"height":558,"url":"https:\/\/www.codigovidrio.com\/code\/wp-content\/uploads\/2025\/03\/d-1024x558.png","type":"image\/png"}],"author":"Codigo Vidrio Admin","twitter_card":"summary_large_image","twitter_misc":{"Escrito por":"Codigo Vidrio Admin","Tiempo de lectura":"7 minutos"},"schema":{"@context":"https:\/\/schema.org","@graph":[{"@type":"Article","@id":"https:\/\/www.codigovidrio.com\/code\/florecer-entre-el-fango-el-periodismo-que-america-latina-necesita-ante-el-desafio-de-trump\/#article","isPartOf":{"@id":"https:\/\/www.codigovidrio.com\/code\/florecer-entre-el-fango-el-periodismo-que-america-latina-necesita-ante-el-desafio-de-trump\/"},"author":{"name":"Codigo Vidrio Admin","@id":"https:\/\/www.codigovidrio.com\/code\/#\/schema\/person\/974bc7a5b889699d012b2343dc68fc6e"},"headline":"Florecer entre el fango: El periodismo que Am\u00e9rica Latina necesita ante el desaf\u00edo de Trump","datePublished":"2025-03-17T12:30:48+00:00","dateModified":"2025-03-17T17:12:57+00:00","mainEntityOfPage":{"@id":"https:\/\/www.codigovidrio.com\/code\/florecer-entre-el-fango-el-periodismo-que-america-latina-necesita-ante-el-desafio-de-trump\/"},"wordCount":1478,"commentCount":0,"publisher":{"@id":"https:\/\/www.codigovidrio.com\/code\/#organization"},"image":{"@id":"https:\/\/www.codigovidrio.com\/code\/florecer-entre-el-fango-el-periodismo-que-america-latina-necesita-ante-el-desafio-de-trump\/#primaryimage"},"thumbnailUrl":"https:\/\/www.codigovidrio.com\/code\/wp-content\/uploads\/2025\/03\/d.png","articleSection":["Especiales"],"inLanguage":"es","potentialAction":[{"@type":"CommentAction","name":"Comment","target":["https:\/\/www.codigovidrio.com\/code\/florecer-entre-el-fango-el-periodismo-que-america-latina-necesita-ante-el-desafio-de-trump\/#respond"]}]},{"@type":"WebPage","@id":"https:\/\/www.codigovidrio.com\/code\/florecer-entre-el-fango-el-periodismo-que-america-latina-necesita-ante-el-desafio-de-trump\/","url":"https:\/\/www.codigovidrio.com\/code\/florecer-entre-el-fango-el-periodismo-que-america-latina-necesita-ante-el-desafio-de-trump\/","name":"Florecer entre el fango: El periodismo que Am\u00e9rica Latina necesita ante el desaf\u00edo de Trump - C\u00f3digo Vidrio","isPartOf":{"@id":"https:\/\/www.codigovidrio.com\/code\/#website"},"primaryImageOfPage":{"@id":"https:\/\/www.codigovidrio.com\/code\/florecer-entre-el-fango-el-periodismo-que-america-latina-necesita-ante-el-desafio-de-trump\/#primaryimage"},"image":{"@id":"https:\/\/www.codigovidrio.com\/code\/florecer-entre-el-fango-el-periodismo-que-america-latina-necesita-ante-el-desafio-de-trump\/#primaryimage"},"thumbnailUrl":"https:\/\/www.codigovidrio.com\/code\/wp-content\/uploads\/2025\/03\/d.png","datePublished":"2025-03-17T12:30:48+00:00","dateModified":"2025-03-17T17:12:57+00:00","breadcrumb":{"@id":"https:\/\/www.codigovidrio.com\/code\/florecer-entre-el-fango-el-periodismo-que-america-latina-necesita-ante-el-desafio-de-trump\/#breadcrumb"},"inLanguage":"es","potentialAction":[{"@type":"ReadAction","target":["https:\/\/www.codigovidrio.com\/code\/florecer-entre-el-fango-el-periodismo-que-america-latina-necesita-ante-el-desafio-de-trump\/"]}]},{"@type":"ImageObject","inLanguage":"es","@id":"https:\/\/www.codigovidrio.com\/code\/florecer-entre-el-fango-el-periodismo-que-america-latina-necesita-ante-el-desafio-de-trump\/#primaryimage","url":"https:\/\/www.codigovidrio.com\/code\/wp-content\/uploads\/2025\/03\/d.png","contentUrl":"https:\/\/www.codigovidrio.com\/code\/wp-content\/uploads\/2025\/03\/d.png","width":2006,"height":1094},{"@type":"BreadcrumbList","@id":"https:\/\/www.codigovidrio.com\/code\/florecer-entre-el-fango-el-periodismo-que-america-latina-necesita-ante-el-desafio-de-trump\/#breadcrumb","itemListElement":[{"@type":"ListItem","position":1,"name":"Portada","item":"https:\/\/www.codigovidrio.com\/code\/"},{"@type":"ListItem","position":2,"name":"Florecer entre el fango: El periodismo que Am\u00e9rica Latina necesita ante el desaf\u00edo de Trump"}]},{"@type":"WebSite","@id":"https:\/\/www.codigovidrio.com\/code\/#website","url":"https:\/\/www.codigovidrio.com\/code\/","name":"C\u00f3digo Vidrio","description":"Transparentamos las historias ocultas","publisher":{"@id":"https:\/\/www.codigovidrio.com\/code\/#organization"},"potentialAction":[{"@type":"SearchAction","target":{"@type":"EntryPoint","urlTemplate":"https:\/\/www.codigovidrio.com\/code\/?s={search_term_string}"},"query-input":{"@type":"PropertyValueSpecification","valueRequired":true,"valueName":"search_term_string"}}],"inLanguage":"es"},{"@type":"Organization","@id":"https:\/\/www.codigovidrio.com\/code\/#organization","name":"C\u00f3digo Vidrio","url":"https:\/\/www.codigovidrio.com\/code\/","logo":{"@type":"ImageObject","inLanguage":"es","@id":"https:\/\/www.codigovidrio.com\/code\/#\/schema\/logo\/image\/","url":"https:\/\/www.codigovidrio.com\/code\/wp-content\/uploads\/2022\/01\/logo-horiz-08.png","contentUrl":"https:\/\/www.codigovidrio.com\/code\/wp-content\/uploads\/2022\/01\/logo-horiz-08.png","width":817,"height":294,"caption":"C\u00f3digo Vidrio"},"image":{"@id":"https:\/\/www.codigovidrio.com\/code\/#\/schema\/logo\/image\/"}},{"@type":"Person","@id":"https:\/\/www.codigovidrio.com\/code\/#\/schema\/person\/974bc7a5b889699d012b2343dc68fc6e","name":"Codigo Vidrio Admin","url":"https:\/\/www.codigovidrio.com\/code\/author\/vidrio-admin\/"}]}},"_links":{"self":[{"href":"https:\/\/www.codigovidrio.com\/code\/wp-json\/wp\/v2\/posts\/10526"}],"collection":[{"href":"https:\/\/www.codigovidrio.com\/code\/wp-json\/wp\/v2\/posts"}],"about":[{"href":"https:\/\/www.codigovidrio.com\/code\/wp-json\/wp\/v2\/types\/post"}],"author":[{"embeddable":true,"href":"https:\/\/www.codigovidrio.com\/code\/wp-json\/wp\/v2\/users\/2"}],"replies":[{"embeddable":true,"href":"https:\/\/www.codigovidrio.com\/code\/wp-json\/wp\/v2\/comments?post=10526"}],"version-history":[{"count":5,"href":"https:\/\/www.codigovidrio.com\/code\/wp-json\/wp\/v2\/posts\/10526\/revisions"}],"predecessor-version":[{"id":10532,"href":"https:\/\/www.codigovidrio.com\/code\/wp-json\/wp\/v2\/posts\/10526\/revisions\/10532"}],"wp:featuredmedia":[{"embeddable":true,"href":"https:\/\/www.codigovidrio.com\/code\/wp-json\/wp\/v2\/media\/10528"}],"wp:attachment":[{"href":"https:\/\/www.codigovidrio.com\/code\/wp-json\/wp\/v2\/media?parent=10526"}],"wp:term":[{"taxonomy":"category","embeddable":true,"href":"https:\/\/www.codigovidrio.com\/code\/wp-json\/wp\/v2\/categories?post=10526"},{"taxonomy":"post_tag","embeddable":true,"href":"https:\/\/www.codigovidrio.com\/code\/wp-json\/wp\/v2\/tags?post=10526"}],"curies":[{"name":"wp","href":"https:\/\/api.w.org\/{rel}","templated":true}]}}