{"id":10322,"date":"2025-01-13T12:40:16","date_gmt":"2025-01-13T17:40:16","guid":{"rendered":"https:\/\/www.codigovidrio.com\/code\/?p=10322"},"modified":"2025-01-14T14:41:59","modified_gmt":"2025-01-14T19:41:59","slug":"lo-que-hicieron-con-nuestros-hijos-no-tiene-perdon-de-dios","status":"publish","type":"post","link":"https:\/\/www.codigovidrio.com\/code\/lo-que-hicieron-con-nuestros-hijos-no-tiene-perdon-de-dios\/","title":{"rendered":"\u201cLo que hicieron con nuestros hijos no tiene perd\u00f3n de Dios\u201d"},"content":{"rendered":"<p style=\"font-weight: 400;\"><strong><em>El padre de dos de los menores asesinados denuncia que se tejen mentiras sobre el caso. Esta alianza reconstruye las fallas de la operaci\u00f3n, dirigida por un oficial de 28 a\u00f1os, que tiene un juicio de alimentos y afirma no conocer Guayaquil. Los 16 militares procesados aseguran que liberaron a los cuatro chicos en Taura, con vida. El padre de dos de ellos confirm\u00f3 que -por pedido de su hijo- un hombre desconocido le escribi\u00f3 por WhatsApp indic\u00e1ndole que estaba con ellos en ese poblado, golpeados, desnudos y hambrientos. Sin embargo, conforme pasaban los minutos le indic\u00f3 que no pudo hacer m\u00e1s por los chicos porque la mafia los hab\u00eda retenido. Ese sector es controlado por la banda de Los Choneros. Las horas siguientes otro sujeto le escribi\u00f3 para extorsionarlo y pedirle el pago de un rescate, que nunca ocurri\u00f3, seg\u00fan consta en el expediente de m\u00e1s de 300 p\u00e1ginas revisado por este equipo period\u00edstico. \u00a0\u00a0\u00a0<\/em><\/strong><\/p>\n<p style=\"font-weight: 400;\"><strong><em>Alianza C\u00f3digo Vidrio &#8211; Vistazo <\/em><\/strong><\/p>\n<p style=\"font-weight: 400;\">Hace 37 d\u00edas los vio, sin saber que ser\u00eda la \u00faltima vez. Sin presagiar que Ismael y Josu\u00e9, dos de sus hijos, ser\u00edan cruelmente asesinados e incinerados, junto a otros dos menores. Los cuatro fueron detenidos el ocho de diciembre por una patrulla militar, en el sur de Guayaquil. Los militares afirman haberlos dejado a salvo en la entrada de Taura.\u00a0 Los restos calcinados fueron hallados d\u00edas despu\u00e9s. \u2018Los responsables del crimen tendr\u00e1n que pagar con la justicia divina\u2019, dice Luis Arroyo, su padre. La suya es una familia que se sostiene en la fe cristiana. \u00c9l tuvo cinco hijos, tres en el hogar del que salieron Ismael y Josu\u00e9, para no volver con vida.<\/p>\n<p style=\"font-weight: 400;\">Luis se encuentra en vacaciones forzadas mientras su familia enfrenta esta doble p\u00e9rdida; el asesinato de sus hijos no ha sido esclarecido. Desde hace dos a\u00f1os trabaja en un almac\u00e9n de distribuci\u00f3n de electrodom\u00e9sticos. A diario sal\u00eda despu\u00e9s de las cinco de la tarde de su trabajo, para recoger a Ismael, de 15 a\u00f1os, quien se encontraba en d\u00e9cimo y estudiaba en la jornada vespertina. Carism\u00e1tico y alegre, jugaba de delantero y quer\u00eda ser futbolista profesional. Entrenaba de cinco y media hasta siete y media de la noche. \u201cYo mismo lo iba a recoger de los entrenamientos\u201d, dice Arroyo, desconsolado. Ahora siente el vac\u00edo, no tiene a qui\u00e9n llevar a la cancha.<\/p>\n<p style=\"font-weight: 400;\">Su hijo Josu\u00e9, que en octubre cumpli\u00f3 14 a\u00f1os, destacaba en los estudios, cursaba noveno, en la jornada matutina. \u00c9l se quedaba acompa\u00f1ando a su madre, mientras su hermano entrenaba.<\/p>\n<p style=\"font-weight: 400;\">Luis Arroyo relata que el futbolista Michael Arroyo es su hermano por parte de padre. \u201c\u00c9l apoy\u00f3 a mis hijos siempre. En la Asoguayas jugaron entre primos hermanos. El hijo de Michael est\u00e1 en un equipo internacional de Dur\u00e1n\u201d.<\/p>\n<p style=\"font-weight: 400;\">Sus hijos quer\u00edan seguir esos pasos. \u201cSe pon\u00edan aqu\u00ed a conversar con la mam\u00e1, que el uno era m\u00e1s bueno que el otro, que el uno le iba a comprar la casa a la mam\u00e1 primero. Ten\u00edan tantas aspiraciones, que uno quer\u00eda jugar en Brasil y el otro en Francia\u201d. En diciembre esos sue\u00f1os quedaron truncos. Su familia, destrozada.<\/p>\n<p style=\"font-weight: 400;\"><strong>\u00bfPor qu\u00e9 tantas mentiras?<\/strong><\/p>\n<p style=\"font-weight: 400;\">En entrevista con esta alianza, Arroyo denuncia que sobre el caso se tejen mentiras, como \u201cque el Presidente nos ha ayudado. Ni siquiera nos ha dado el p\u00e9same o unas disculpas. Ellos deben limpiar la honra de nuestros hijos\u201d.<\/p>\n<figure id=\"attachment_10325\" aria-describedby=\"caption-attachment-10325\" style=\"width: 2152px\" class=\"wp-caption alignleft\"><img fetchpriority=\"high\" decoding=\"async\" class=\"wp-image-10325 size-full\" src=\"https:\/\/www.codigovidrio.com\/code\/wp-content\/uploads\/2025\/01\/Captura-de-pantalla-2025-01-13-a-las-12.23.09.png\" alt=\"\" width=\"2162\" height=\"1208\" srcset=\"https:\/\/www.codigovidrio.com\/code\/wp-content\/uploads\/2025\/01\/Captura-de-pantalla-2025-01-13-a-las-12.23.09.png 2162w, https:\/\/www.codigovidrio.com\/code\/wp-content\/uploads\/2025\/01\/Captura-de-pantalla-2025-01-13-a-las-12.23.09-300x168.png 300w, https:\/\/www.codigovidrio.com\/code\/wp-content\/uploads\/2025\/01\/Captura-de-pantalla-2025-01-13-a-las-12.23.09-1024x572.png 1024w, https:\/\/www.codigovidrio.com\/code\/wp-content\/uploads\/2025\/01\/Captura-de-pantalla-2025-01-13-a-las-12.23.09-768x429.png 768w, https:\/\/www.codigovidrio.com\/code\/wp-content\/uploads\/2025\/01\/Captura-de-pantalla-2025-01-13-a-las-12.23.09-1536x858.png 1536w, https:\/\/www.codigovidrio.com\/code\/wp-content\/uploads\/2025\/01\/Captura-de-pantalla-2025-01-13-a-las-12.23.09-2048x1144.png 2048w\" sizes=\"(max-width: 2162px) 100vw, 2162px\" \/><figcaption id=\"caption-attachment-10325\" class=\"wp-caption-text\"><strong>El 24 de diciembre se confirm\u00f3 que los restos de cuatro cuerpos incinerados, hallados en Taura, eran de los menores de edad desaparecidos desde el 8 de diciembre. Foto de archivo<\/strong><\/figcaption><\/figure>\n<p style=\"font-weight: 400;\">Que no es f\u00e1cil lo que viven ahora, porque al dolor de la p\u00e9rdida se suman los rumores, las mentiras. \u201cLa gente los tacha como delincuentes, terroristas. C\u00f3mo van a creer esto de las criaturas. Me sacrifiqu\u00e9 toda la vida y ellos no son unos delincuentes. Hay gente mediocre (que habla), Dios los perdone y tenga misericordia de ellos\u201d.<\/p>\n<p style=\"font-weight: 400;\">Se refiere a sus hijos en tiempo presente. A\u00fan le cuesta aceptar que ya no est\u00e1n a su lado. Que el reloj de su vida se detuvo ese ocho de diciembre, cuando un hombre desconocido le llam\u00f3 para decir que estaba con ellos, golpeados, desnudos y hambrientos, en el poblado de Taura.<\/p>\n<p style=\"font-weight: 400;\">&#8211; \u201cAmigo, yo les ayud\u00e9 a sus hijos, les di agua, boxer, panes pero no pod\u00eda aser (textual) m\u00e1s. Xq ellos estaban desnudos y los ayud\u00e9 asta que m\u00e1s pude (textual)\u201d. As\u00ed le escribi\u00f3 ese hombre por mensaje de WhatsApp. Le hab\u00eda pedido recogerlos y le envi\u00f3 una direcci\u00f3n. Pero cuando lleg\u00f3 los chicos ya no estaban, pues aparentemente los sacaron antes del sitio en motos.<\/p>\n<p style=\"font-weight: 400;\">Luis, angustiado, le insist\u00eda por m\u00e1s informaci\u00f3n, a trav\u00e9s del mismo sistema de mensajer\u00eda.<\/p>\n<p style=\"font-weight: 400;\">&#8211; \u201cEstamos desesperados, mis hijos no son nada, son sanos, solo les gusta el f\u00fatbol y el estudio, bar\u00f3n. No pertenecen a ninguna banda ni nada, por amor a Cristo, bar\u00f3n\u201d.<\/p>\n<p style=\"font-weight: 400;\">Luego, le pregunt\u00f3 qu\u00e9 mafia ten\u00eda a sus hijos, para hablar con ellos. Todo fue en vano.<\/p>\n<p style=\"font-weight: 400;\">Con esa informaci\u00f3n escasa present\u00f3 la denuncia por secuestro junto con los padres de los otros dos ni\u00f1os desparecidos, al amanecer del nueve de diciembre.<\/p>\n<p style=\"font-weight: 400;\">A las seis y media de la tarde de ese nueve de diciembre, recibieron otro mensaje truculento, extorsivo. Desde un n\u00famero con el prefijo 57 (de Colombia) un hombre les indic\u00f3 que necesitaba recibir dos mil d\u00f3lares \u201cpara no atentar contra su vida y devolverlos sanos y salvos\u201d, seg\u00fan el parte de la unidad especializada de la polic\u00eda antisecuestros, UNASE. No se ha esclarecido a\u00fan c\u00f3mo el sujeto supo lo que ocurr\u00eda con los chicos y empez\u00f3 a extorsionar a su padre.<\/p>\n<figure id=\"attachment_10326\" aria-describedby=\"caption-attachment-10326\" style=\"width: 2446px\" class=\"wp-caption alignleft\"><img decoding=\"async\" class=\"wp-image-10326 size-full\" src=\"https:\/\/www.codigovidrio.com\/code\/wp-content\/uploads\/2025\/01\/Captura-de-pantalla-2025-01-13-a-las-12.21.56.png\" alt=\"\" width=\"2456\" height=\"1346\" srcset=\"https:\/\/www.codigovidrio.com\/code\/wp-content\/uploads\/2025\/01\/Captura-de-pantalla-2025-01-13-a-las-12.21.56.png 2456w, https:\/\/www.codigovidrio.com\/code\/wp-content\/uploads\/2025\/01\/Captura-de-pantalla-2025-01-13-a-las-12.21.56-300x164.png 300w, https:\/\/www.codigovidrio.com\/code\/wp-content\/uploads\/2025\/01\/Captura-de-pantalla-2025-01-13-a-las-12.21.56-1024x561.png 1024w, https:\/\/www.codigovidrio.com\/code\/wp-content\/uploads\/2025\/01\/Captura-de-pantalla-2025-01-13-a-las-12.21.56-768x421.png 768w, https:\/\/www.codigovidrio.com\/code\/wp-content\/uploads\/2025\/01\/Captura-de-pantalla-2025-01-13-a-las-12.21.56-1536x842.png 1536w, https:\/\/www.codigovidrio.com\/code\/wp-content\/uploads\/2025\/01\/Captura-de-pantalla-2025-01-13-a-las-12.21.56-2048x1122.png 2048w\" sizes=\"(max-width: 2456px) 100vw, 2456px\" \/><figcaption id=\"caption-attachment-10326\" class=\"wp-caption-text\"><strong>Desde la desaparici\u00f3n forzada de los cuatro chicos, el Comit\u00e9 de DD.HH., encabezado por Billy Navarrete (chaleco azul), ha acompa\u00f1ado a las familias para darles asistencia judicial, m\u00e9dica y psicol\u00f3gica. Foto de archivo<\/strong><\/figcaption><\/figure>\n<p style=\"font-weight: 400;\">Seg\u00fan el informe de la UNASE, tanto Arroyo como el padre de otro menor habr\u00edan acudido, siguiendo las instrucciones de los falsos captores, hacia el centro comercial Riocentro sur, para entregar 300 d\u00f3lares. Esto, a pesar de que no recibieron prueba de vida alguna de los chicos.<\/p>\n<p style=\"font-weight: 400;\">\u201cUna vez suscitado dicho evento, que se tratar\u00eda de una estafa realizada por el accionar de las publicaciones en medios digitales (realizadas por los padres desesperados), se vuelve a reunir a las familias para indicarles que todo fue una mentira, ya que estos sujetos no ten\u00edan a sus familiares\u201d, escribi\u00f3 el agente investigador de Unase en su parte, por esos d\u00edas.<\/p>\n<p style=\"font-weight: 400;\">Esta alianza pidi\u00f3 su versi\u00f3n al padre de los dos menores. \u201cEso es falso. Lo que dicen las redes no es verdad\u201d.<\/p>\n<p style=\"font-weight: 400;\">De su parte, Billy Navarrete, representante de la entidad de derechos humanos que apoya a las familias, afirm\u00f3 desconocer sobre el presunto pedido del pago de un rescate.<\/p>\n<p style=\"font-weight: 400;\">El 16 de diciembre, pasadas las siete de la noche, otro de los padres recibi\u00f3 un mensaje, tambi\u00e9n por WhatsApp. En \u00e9l, una persona que dec\u00eda ser recolector de cangrejo le contaba que hall\u00f3 los restos de un menor en el estero Juan Chavelo. Al d\u00eda siguiente la polic\u00eda realiz\u00f3 la b\u00fasqueda por aire, en helic\u00f3ptero, y por tierra, sin resultados. Horas m\u00e1s tarde, los familiares recibieron nuevos indicios, que tampoco arrojaron resultados.<\/p>\n<p style=\"font-weight: 400;\">&#8211; \u201cLos polic\u00edas y militares &#8230; no entraron a la casa que est\u00e1n los chicos en Taura (\u2026) se escuchan los gritos de los chicos que piden ayuda\u2026\u201d.<\/p>\n<p style=\"font-weight: 400;\">Una nueva incursi\u00f3n se realiz\u00f3, sin \u00e9xito, seg\u00fan el parte de los uniformados, adjuntado al proceso de m\u00e1s de 300 p\u00e1ginas que esta alianza period\u00edstica revis\u00f3.<\/p>\n<p style=\"font-weight: 400;\"><strong>Las fallas de la operaci\u00f3n militar<\/strong><\/p>\n<p style=\"font-weight: 400;\">Tres soldados, cinco uniformados con rango de cabo segundo; cuatro en el grado de cabo primero, dos sargentos y un suboficial segundo estaban al mando de un subteniente, de 28 a\u00f1os. \u00c9l dirigi\u00f3 las operaciones ese domingo ocho de diciembre, cuando los chicos fueron capturados. La patrulla terminaba la misi\u00f3n de resguardar a un cami\u00f3n que transportaba mercader\u00eda decomisada, hacia la Aduana.<\/p>\n<figure id=\"attachment_10327\" aria-describedby=\"caption-attachment-10327\" style=\"width: 2204px\" class=\"wp-caption alignleft\"><img decoding=\"async\" class=\"wp-image-10327 size-full\" src=\"https:\/\/www.codigovidrio.com\/code\/wp-content\/uploads\/2025\/01\/Captura-de-pantalla-2025-01-13-a-las-12.27.44.png\" alt=\"\" width=\"2214\" height=\"1324\" srcset=\"https:\/\/www.codigovidrio.com\/code\/wp-content\/uploads\/2025\/01\/Captura-de-pantalla-2025-01-13-a-las-12.27.44.png 2214w, https:\/\/www.codigovidrio.com\/code\/wp-content\/uploads\/2025\/01\/Captura-de-pantalla-2025-01-13-a-las-12.27.44-300x179.png 300w, https:\/\/www.codigovidrio.com\/code\/wp-content\/uploads\/2025\/01\/Captura-de-pantalla-2025-01-13-a-las-12.27.44-1024x612.png 1024w, https:\/\/www.codigovidrio.com\/code\/wp-content\/uploads\/2025\/01\/Captura-de-pantalla-2025-01-13-a-las-12.27.44-768x459.png 768w, https:\/\/www.codigovidrio.com\/code\/wp-content\/uploads\/2025\/01\/Captura-de-pantalla-2025-01-13-a-las-12.27.44-1536x919.png 1536w, https:\/\/www.codigovidrio.com\/code\/wp-content\/uploads\/2025\/01\/Captura-de-pantalla-2025-01-13-a-las-12.27.44-2048x1225.png 2048w\" sizes=\"(max-width: 2214px) 100vw, 2214px\" \/><figcaption id=\"caption-attachment-10327\" class=\"wp-caption-text\"><strong>Toma de video que evidencia el momento de la detenci\u00f3n de los cuatro chicos, durante un operativo de una patrulla militar en Las Malvinas, en Guayaquil. <\/strong><\/figcaption><\/figure>\n<p style=\"font-weight: 400;\">Los 16 uniformados pertenecen a la Fuerza A\u00e9rea. Iban en dos camionetas, de color blanco y plomo. Seg\u00fan las versiones de los militares, mientras regresaban de ese operativo, escucharon gritos de auxilio de la poblaci\u00f3n, ante el supuesto robo en la v\u00eda p\u00fablica. Detuvieron los carros, persiguieron a quienes hu\u00edan y capturaron a tres personas, una cuarta les fue entregada por los pobladores.<\/p>\n<p style=\"font-weight: 400;\">La mayor\u00eda de los uniformados coincide en mencionar que el procedimiento indicado consist\u00eda en entregar a los detenidos a la unidad policial comunitaria (UPC) m\u00e1s cercana, en este caso, la de Virgen de F\u00e1tima. Sin embargo, en el camino el oficial a cargo dispuso realizar un control de armas y explosivos en un carro sospechoso. Adem\u00e1s, recibieron la alerta de desmanes en un club de diversi\u00f3n nocturno en la v\u00eda a Taura, por lo que tomaron una v\u00eda secundaria. Un obst\u00e1culo les imped\u00eda avanzar, por lo que los militares habr\u00edan bajado a retirarlo, con ayuda de los cuatro detenidos. Varios de los uniformados coinciden en que luego de quitar el \u00e1rbol, el mayor de los aprehendidos habr\u00eda pedido que los dejaran libres. De este modo los habr\u00edan liberado en la v\u00eda a Taura. Los 16 uniformados coinciden en que los dejaron vivos.<\/p>\n<p style=\"font-weight: 400;\">Solo dos de los militares declararon que no tuvieron dudas de que se trataba de mayores de edad, por su estatura y contextura. El resto inform\u00f3 que no se pudo cumplir el procedimiento de verificar la edad, porque los detenidos no ten\u00edan documentos.<\/p>\n<figure id=\"attachment_10328\" aria-describedby=\"caption-attachment-10328\" style=\"width: 642px\" class=\"wp-caption aligncenter\"><img loading=\"lazy\" decoding=\"async\" class=\"wp-image-10328 \" src=\"https:\/\/www.codigovidrio.com\/code\/wp-content\/uploads\/2025\/01\/1cd8b1a7-69b3-470d-896b-aaa0375b33b3.jpg\" alt=\"\" width=\"652\" height=\"531\" srcset=\"https:\/\/www.codigovidrio.com\/code\/wp-content\/uploads\/2025\/01\/1cd8b1a7-69b3-470d-896b-aaa0375b33b3.jpg 1600w, https:\/\/www.codigovidrio.com\/code\/wp-content\/uploads\/2025\/01\/1cd8b1a7-69b3-470d-896b-aaa0375b33b3-300x245.jpg 300w, https:\/\/www.codigovidrio.com\/code\/wp-content\/uploads\/2025\/01\/1cd8b1a7-69b3-470d-896b-aaa0375b33b3-1024x835.jpg 1024w, https:\/\/www.codigovidrio.com\/code\/wp-content\/uploads\/2025\/01\/1cd8b1a7-69b3-470d-896b-aaa0375b33b3-768x626.jpg 768w, https:\/\/www.codigovidrio.com\/code\/wp-content\/uploads\/2025\/01\/1cd8b1a7-69b3-470d-896b-aaa0375b33b3-1536x1252.jpg 1536w\" sizes=\"(max-width: 652px) 100vw, 652px\" \/><figcaption id=\"caption-attachment-10328\" class=\"wp-caption-text\"><strong>Los padres de los menores de edad sufren graves secuelas de salud y psicol\u00f3gicas, as\u00ed como falta de recursos para mantener a sus familias. Son de escasos recursos econ\u00f3micos. Foto Vistazo-CV<\/strong><\/figcaption><\/figure>\n<p style=\"font-weight: 400;\">El m\u00e1s antiguo de la patrulla, el subteniente de 28 a\u00f1os, afirm\u00f3 que accedi\u00f3 a liberarlos, en retribuci\u00f3n a la colaboraci\u00f3n que prestaron para retirar el \u00e1rbol. Estim\u00f3 que el mayor de los detenidos ten\u00eda 18 a 20 a\u00f1os por su estatura, calcul\u00f3 que era m\u00e1s alto que \u00e9l. Cuando fue interrogado sobre las unidades policiales m\u00e1s cercanas al sitio, afirm\u00f3 que no conoce Guayaquil. Sin embargo, en su c\u00e9dula se indica que naci\u00f3 en Carbo, Guayaquil. Cuando ocurrieron estos hechos, \u00e9l acababa de enfrentar una demanda por alimentos, seg\u00fan documentaci\u00f3n revisada por esta alianza.<\/p>\n<p style=\"font-weight: 400;\">Los militares insisten en que los dejaron vivos, sanos y vestidos en la v\u00eda a Taura, por pedido expreso de uno de los menores.<\/p>\n<p style=\"font-weight: 400;\">Luis Arroyo clama al cielo por justicia. Sabe que otros ni\u00f1os tienen temor. \u201cYa no salen, vieron la aberraci\u00f3n de llegar a la ciza\u00f1a de matar a nuestros hijos, llegar hasta quemarlos. No tienen perd\u00f3n de Dios. (Los responsables) van a tener que pagar con la justicia divina\u201d.<\/p>\n","protected":false},"excerpt":{"rendered":"<p>El padre de dos de los menores asesinados denuncia que se tejen mentiras sobre el caso. Esta alianza reconstruye las fallas de la operaci\u00f3n, dirigida por un oficial de 28 a\u00f1os, que tiene un juicio de alimentos y afirma no conocer Guayaquil. Los 16 militares procesados aseguran que liberaron a los cuatro chicos en Taura, &#8230; <a title=\"\u201cLo que hicieron con nuestros hijos no tiene perd\u00f3n de Dios\u201d\" class=\"read-more\" href=\"https:\/\/www.codigovidrio.com\/code\/lo-que-hicieron-con-nuestros-hijos-no-tiene-perdon-de-dios\/\">leer m\u00e1s&#8230;<\/a><\/p>\n","protected":false},"author":2,"featured_media":10335,"comment_status":"open","ping_status":"closed","sticky":false,"template":"","format":"standard","meta":{"generate_page_header":"","footnotes":""},"categories":[211],"tags":[],"yoast_head":"<!-- This site is optimized with the Yoast SEO plugin v23.5 - https:\/\/yoast.com\/wordpress\/plugins\/seo\/ -->\n<title>\u201cLo que hicieron con nuestros hijos no tiene perd\u00f3n de Dios\u201d - C\u00f3digo Vidrio<\/title>\n<meta name=\"description\" content=\"C\u00f3digo Vidrio; Ecuador; Desaparici\u00f3n forzada\" \/>\n<meta name=\"robots\" content=\"index, follow, max-snippet:-1, max-image-preview:large, max-video-preview:-1\" \/>\n<link rel=\"canonical\" href=\"https:\/\/www.codigovidrio.com\/code\/lo-que-hicieron-con-nuestros-hijos-no-tiene-perdon-de-dios\/\" \/>\n<meta property=\"og:locale\" content=\"es_ES\" \/>\n<meta property=\"og:type\" content=\"article\" \/>\n<meta property=\"og:title\" content=\"\u201cLo que hicieron con nuestros hijos no tiene perd\u00f3n de Dios\u201d - C\u00f3digo Vidrio\" \/>\n<meta property=\"og:description\" content=\"C\u00f3digo Vidrio; Ecuador; Desaparici\u00f3n forzada\" \/>\n<meta property=\"og:url\" content=\"https:\/\/www.codigovidrio.com\/code\/lo-que-hicieron-con-nuestros-hijos-no-tiene-perdon-de-dios\/\" \/>\n<meta property=\"og:site_name\" content=\"C\u00f3digo Vidrio\" \/>\n<meta property=\"article:published_time\" content=\"2025-01-13T17:40:16+00:00\" \/>\n<meta property=\"article:modified_time\" content=\"2025-01-14T19:41:59+00:00\" \/>\n<meta property=\"og:image\" content=\"https:\/\/www.codigovidrio.com\/code\/wp-content\/uploads\/2025\/01\/Portada-nino-guayaquil-1024x654.png\" \/>\n\t<meta property=\"og:image:width\" content=\"1024\" \/>\n\t<meta property=\"og:image:height\" content=\"654\" \/>\n\t<meta property=\"og:image:type\" content=\"image\/png\" \/>\n<meta name=\"author\" content=\"Codigo Vidrio Admin\" \/>\n<meta name=\"twitter:card\" content=\"summary_large_image\" \/>\n<meta name=\"twitter:label1\" content=\"Escrito por\" \/>\n\t<meta name=\"twitter:data1\" content=\"Codigo Vidrio Admin\" \/>\n\t<meta name=\"twitter:label2\" content=\"Tiempo de lectura\" \/>\n\t<meta name=\"twitter:data2\" content=\"10 minutos\" \/>\n<script type=\"application\/ld+json\" class=\"yoast-schema-graph\">{\"@context\":\"https:\/\/schema.org\",\"@graph\":[{\"@type\":\"Article\",\"@id\":\"https:\/\/www.codigovidrio.com\/code\/lo-que-hicieron-con-nuestros-hijos-no-tiene-perdon-de-dios\/#article\",\"isPartOf\":{\"@id\":\"https:\/\/www.codigovidrio.com\/code\/lo-que-hicieron-con-nuestros-hijos-no-tiene-perdon-de-dios\/\"},\"author\":{\"name\":\"Codigo Vidrio Admin\",\"@id\":\"https:\/\/www.codigovidrio.com\/code\/#\/schema\/person\/974bc7a5b889699d012b2343dc68fc6e\"},\"headline\":\"\u201cLo que hicieron con nuestros hijos no tiene perd\u00f3n de Dios\u201d\",\"datePublished\":\"2025-01-13T17:40:16+00:00\",\"dateModified\":\"2025-01-14T19:41:59+00:00\",\"mainEntityOfPage\":{\"@id\":\"https:\/\/www.codigovidrio.com\/code\/lo-que-hicieron-con-nuestros-hijos-no-tiene-perdon-de-dios\/\"},\"wordCount\":1951,\"commentCount\":1,\"publisher\":{\"@id\":\"https:\/\/www.codigovidrio.com\/code\/#organization\"},\"image\":{\"@id\":\"https:\/\/www.codigovidrio.com\/code\/lo-que-hicieron-con-nuestros-hijos-no-tiene-perdon-de-dios\/#primaryimage\"},\"thumbnailUrl\":\"https:\/\/www.codigovidrio.com\/code\/wp-content\/uploads\/2025\/01\/Portada-nino-guayaquil.png\",\"articleSection\":[\"Especiales\"],\"inLanguage\":\"es\",\"potentialAction\":[{\"@type\":\"CommentAction\",\"name\":\"Comment\",\"target\":[\"https:\/\/www.codigovidrio.com\/code\/lo-que-hicieron-con-nuestros-hijos-no-tiene-perdon-de-dios\/#respond\"]}]},{\"@type\":\"WebPage\",\"@id\":\"https:\/\/www.codigovidrio.com\/code\/lo-que-hicieron-con-nuestros-hijos-no-tiene-perdon-de-dios\/\",\"url\":\"https:\/\/www.codigovidrio.com\/code\/lo-que-hicieron-con-nuestros-hijos-no-tiene-perdon-de-dios\/\",\"name\":\"\u201cLo que hicieron con nuestros hijos no tiene perd\u00f3n de Dios\u201d - C\u00f3digo Vidrio\",\"isPartOf\":{\"@id\":\"https:\/\/www.codigovidrio.com\/code\/#website\"},\"primaryImageOfPage\":{\"@id\":\"https:\/\/www.codigovidrio.com\/code\/lo-que-hicieron-con-nuestros-hijos-no-tiene-perdon-de-dios\/#primaryimage\"},\"image\":{\"@id\":\"https:\/\/www.codigovidrio.com\/code\/lo-que-hicieron-con-nuestros-hijos-no-tiene-perdon-de-dios\/#primaryimage\"},\"thumbnailUrl\":\"https:\/\/www.codigovidrio.com\/code\/wp-content\/uploads\/2025\/01\/Portada-nino-guayaquil.png\",\"datePublished\":\"2025-01-13T17:40:16+00:00\",\"dateModified\":\"2025-01-14T19:41:59+00:00\",\"description\":\"C\u00f3digo Vidrio; Ecuador; Desaparici\u00f3n forzada\",\"breadcrumb\":{\"@id\":\"https:\/\/www.codigovidrio.com\/code\/lo-que-hicieron-con-nuestros-hijos-no-tiene-perdon-de-dios\/#breadcrumb\"},\"inLanguage\":\"es\",\"potentialAction\":[{\"@type\":\"ReadAction\",\"target\":[\"https:\/\/www.codigovidrio.com\/code\/lo-que-hicieron-con-nuestros-hijos-no-tiene-perdon-de-dios\/\"]}]},{\"@type\":\"ImageObject\",\"inLanguage\":\"es\",\"@id\":\"https:\/\/www.codigovidrio.com\/code\/lo-que-hicieron-con-nuestros-hijos-no-tiene-perdon-de-dios\/#primaryimage\",\"url\":\"https:\/\/www.codigovidrio.com\/code\/wp-content\/uploads\/2025\/01\/Portada-nino-guayaquil.png\",\"contentUrl\":\"https:\/\/www.codigovidrio.com\/code\/wp-content\/uploads\/2025\/01\/Portada-nino-guayaquil.png\",\"width\":1866,\"height\":1192},{\"@type\":\"BreadcrumbList\",\"@id\":\"https:\/\/www.codigovidrio.com\/code\/lo-que-hicieron-con-nuestros-hijos-no-tiene-perdon-de-dios\/#breadcrumb\",\"itemListElement\":[{\"@type\":\"ListItem\",\"position\":1,\"name\":\"Portada\",\"item\":\"https:\/\/www.codigovidrio.com\/code\/\"},{\"@type\":\"ListItem\",\"position\":2,\"name\":\"\u201cLo que hicieron con nuestros hijos no tiene perd\u00f3n de Dios\u201d\"}]},{\"@type\":\"WebSite\",\"@id\":\"https:\/\/www.codigovidrio.com\/code\/#website\",\"url\":\"https:\/\/www.codigovidrio.com\/code\/\",\"name\":\"C\u00f3digo Vidrio\",\"description\":\"Transparentamos las historias ocultas\",\"publisher\":{\"@id\":\"https:\/\/www.codigovidrio.com\/code\/#organization\"},\"potentialAction\":[{\"@type\":\"SearchAction\",\"target\":{\"@type\":\"EntryPoint\",\"urlTemplate\":\"https:\/\/www.codigovidrio.com\/code\/?s={search_term_string}\"},\"query-input\":{\"@type\":\"PropertyValueSpecification\",\"valueRequired\":true,\"valueName\":\"search_term_string\"}}],\"inLanguage\":\"es\"},{\"@type\":\"Organization\",\"@id\":\"https:\/\/www.codigovidrio.com\/code\/#organization\",\"name\":\"C\u00f3digo Vidrio\",\"url\":\"https:\/\/www.codigovidrio.com\/code\/\",\"logo\":{\"@type\":\"ImageObject\",\"inLanguage\":\"es\",\"@id\":\"https:\/\/www.codigovidrio.com\/code\/#\/schema\/logo\/image\/\",\"url\":\"https:\/\/www.codigovidrio.com\/code\/wp-content\/uploads\/2022\/01\/logo-horiz-08.png\",\"contentUrl\":\"https:\/\/www.codigovidrio.com\/code\/wp-content\/uploads\/2022\/01\/logo-horiz-08.png\",\"width\":817,\"height\":294,\"caption\":\"C\u00f3digo Vidrio\"},\"image\":{\"@id\":\"https:\/\/www.codigovidrio.com\/code\/#\/schema\/logo\/image\/\"}},{\"@type\":\"Person\",\"@id\":\"https:\/\/www.codigovidrio.com\/code\/#\/schema\/person\/974bc7a5b889699d012b2343dc68fc6e\",\"name\":\"Codigo Vidrio Admin\",\"url\":\"https:\/\/www.codigovidrio.com\/code\/author\/vidrio-admin\/\"}]}<\/script>\n<!-- \/ Yoast SEO plugin. -->","yoast_head_json":{"title":"\u201cLo que hicieron con nuestros hijos no tiene perd\u00f3n de Dios\u201d - C\u00f3digo Vidrio","description":"C\u00f3digo Vidrio; Ecuador; Desaparici\u00f3n forzada","robots":{"index":"index","follow":"follow","max-snippet":"max-snippet:-1","max-image-preview":"max-image-preview:large","max-video-preview":"max-video-preview:-1"},"canonical":"https:\/\/www.codigovidrio.com\/code\/lo-que-hicieron-con-nuestros-hijos-no-tiene-perdon-de-dios\/","og_locale":"es_ES","og_type":"article","og_title":"\u201cLo que hicieron con nuestros hijos no tiene perd\u00f3n de Dios\u201d - C\u00f3digo Vidrio","og_description":"C\u00f3digo Vidrio; Ecuador; Desaparici\u00f3n forzada","og_url":"https:\/\/www.codigovidrio.com\/code\/lo-que-hicieron-con-nuestros-hijos-no-tiene-perdon-de-dios\/","og_site_name":"C\u00f3digo Vidrio","article_published_time":"2025-01-13T17:40:16+00:00","article_modified_time":"2025-01-14T19:41:59+00:00","og_image":[{"width":1024,"height":654,"url":"https:\/\/www.codigovidrio.com\/code\/wp-content\/uploads\/2025\/01\/Portada-nino-guayaquil-1024x654.png","type":"image\/png"}],"author":"Codigo Vidrio Admin","twitter_card":"summary_large_image","twitter_misc":{"Escrito por":"Codigo Vidrio Admin","Tiempo de lectura":"10 minutos"},"schema":{"@context":"https:\/\/schema.org","@graph":[{"@type":"Article","@id":"https:\/\/www.codigovidrio.com\/code\/lo-que-hicieron-con-nuestros-hijos-no-tiene-perdon-de-dios\/#article","isPartOf":{"@id":"https:\/\/www.codigovidrio.com\/code\/lo-que-hicieron-con-nuestros-hijos-no-tiene-perdon-de-dios\/"},"author":{"name":"Codigo Vidrio Admin","@id":"https:\/\/www.codigovidrio.com\/code\/#\/schema\/person\/974bc7a5b889699d012b2343dc68fc6e"},"headline":"\u201cLo que hicieron con nuestros hijos no tiene perd\u00f3n de Dios\u201d","datePublished":"2025-01-13T17:40:16+00:00","dateModified":"2025-01-14T19:41:59+00:00","mainEntityOfPage":{"@id":"https:\/\/www.codigovidrio.com\/code\/lo-que-hicieron-con-nuestros-hijos-no-tiene-perdon-de-dios\/"},"wordCount":1951,"commentCount":1,"publisher":{"@id":"https:\/\/www.codigovidrio.com\/code\/#organization"},"image":{"@id":"https:\/\/www.codigovidrio.com\/code\/lo-que-hicieron-con-nuestros-hijos-no-tiene-perdon-de-dios\/#primaryimage"},"thumbnailUrl":"https:\/\/www.codigovidrio.com\/code\/wp-content\/uploads\/2025\/01\/Portada-nino-guayaquil.png","articleSection":["Especiales"],"inLanguage":"es","potentialAction":[{"@type":"CommentAction","name":"Comment","target":["https:\/\/www.codigovidrio.com\/code\/lo-que-hicieron-con-nuestros-hijos-no-tiene-perdon-de-dios\/#respond"]}]},{"@type":"WebPage","@id":"https:\/\/www.codigovidrio.com\/code\/lo-que-hicieron-con-nuestros-hijos-no-tiene-perdon-de-dios\/","url":"https:\/\/www.codigovidrio.com\/code\/lo-que-hicieron-con-nuestros-hijos-no-tiene-perdon-de-dios\/","name":"\u201cLo que hicieron con nuestros hijos no tiene perd\u00f3n de Dios\u201d - C\u00f3digo Vidrio","isPartOf":{"@id":"https:\/\/www.codigovidrio.com\/code\/#website"},"primaryImageOfPage":{"@id":"https:\/\/www.codigovidrio.com\/code\/lo-que-hicieron-con-nuestros-hijos-no-tiene-perdon-de-dios\/#primaryimage"},"image":{"@id":"https:\/\/www.codigovidrio.com\/code\/lo-que-hicieron-con-nuestros-hijos-no-tiene-perdon-de-dios\/#primaryimage"},"thumbnailUrl":"https:\/\/www.codigovidrio.com\/code\/wp-content\/uploads\/2025\/01\/Portada-nino-guayaquil.png","datePublished":"2025-01-13T17:40:16+00:00","dateModified":"2025-01-14T19:41:59+00:00","description":"C\u00f3digo Vidrio; Ecuador; Desaparici\u00f3n forzada","breadcrumb":{"@id":"https:\/\/www.codigovidrio.com\/code\/lo-que-hicieron-con-nuestros-hijos-no-tiene-perdon-de-dios\/#breadcrumb"},"inLanguage":"es","potentialAction":[{"@type":"ReadAction","target":["https:\/\/www.codigovidrio.com\/code\/lo-que-hicieron-con-nuestros-hijos-no-tiene-perdon-de-dios\/"]}]},{"@type":"ImageObject","inLanguage":"es","@id":"https:\/\/www.codigovidrio.com\/code\/lo-que-hicieron-con-nuestros-hijos-no-tiene-perdon-de-dios\/#primaryimage","url":"https:\/\/www.codigovidrio.com\/code\/wp-content\/uploads\/2025\/01\/Portada-nino-guayaquil.png","contentUrl":"https:\/\/www.codigovidrio.com\/code\/wp-content\/uploads\/2025\/01\/Portada-nino-guayaquil.png","width":1866,"height":1192},{"@type":"BreadcrumbList","@id":"https:\/\/www.codigovidrio.com\/code\/lo-que-hicieron-con-nuestros-hijos-no-tiene-perdon-de-dios\/#breadcrumb","itemListElement":[{"@type":"ListItem","position":1,"name":"Portada","item":"https:\/\/www.codigovidrio.com\/code\/"},{"@type":"ListItem","position":2,"name":"\u201cLo que hicieron con nuestros hijos no tiene perd\u00f3n de Dios\u201d"}]},{"@type":"WebSite","@id":"https:\/\/www.codigovidrio.com\/code\/#website","url":"https:\/\/www.codigovidrio.com\/code\/","name":"C\u00f3digo Vidrio","description":"Transparentamos las historias ocultas","publisher":{"@id":"https:\/\/www.codigovidrio.com\/code\/#organization"},"potentialAction":[{"@type":"SearchAction","target":{"@type":"EntryPoint","urlTemplate":"https:\/\/www.codigovidrio.com\/code\/?s={search_term_string}"},"query-input":{"@type":"PropertyValueSpecification","valueRequired":true,"valueName":"search_term_string"}}],"inLanguage":"es"},{"@type":"Organization","@id":"https:\/\/www.codigovidrio.com\/code\/#organization","name":"C\u00f3digo Vidrio","url":"https:\/\/www.codigovidrio.com\/code\/","logo":{"@type":"ImageObject","inLanguage":"es","@id":"https:\/\/www.codigovidrio.com\/code\/#\/schema\/logo\/image\/","url":"https:\/\/www.codigovidrio.com\/code\/wp-content\/uploads\/2022\/01\/logo-horiz-08.png","contentUrl":"https:\/\/www.codigovidrio.com\/code\/wp-content\/uploads\/2022\/01\/logo-horiz-08.png","width":817,"height":294,"caption":"C\u00f3digo Vidrio"},"image":{"@id":"https:\/\/www.codigovidrio.com\/code\/#\/schema\/logo\/image\/"}},{"@type":"Person","@id":"https:\/\/www.codigovidrio.com\/code\/#\/schema\/person\/974bc7a5b889699d012b2343dc68fc6e","name":"Codigo Vidrio Admin","url":"https:\/\/www.codigovidrio.com\/code\/author\/vidrio-admin\/"}]}},"_links":{"self":[{"href":"https:\/\/www.codigovidrio.com\/code\/wp-json\/wp\/v2\/posts\/10322"}],"collection":[{"href":"https:\/\/www.codigovidrio.com\/code\/wp-json\/wp\/v2\/posts"}],"about":[{"href":"https:\/\/www.codigovidrio.com\/code\/wp-json\/wp\/v2\/types\/post"}],"author":[{"embeddable":true,"href":"https:\/\/www.codigovidrio.com\/code\/wp-json\/wp\/v2\/users\/2"}],"replies":[{"embeddable":true,"href":"https:\/\/www.codigovidrio.com\/code\/wp-json\/wp\/v2\/comments?post=10322"}],"version-history":[{"count":7,"href":"https:\/\/www.codigovidrio.com\/code\/wp-json\/wp\/v2\/posts\/10322\/revisions"}],"predecessor-version":[{"id":10334,"href":"https:\/\/www.codigovidrio.com\/code\/wp-json\/wp\/v2\/posts\/10322\/revisions\/10334"}],"wp:featuredmedia":[{"embeddable":true,"href":"https:\/\/www.codigovidrio.com\/code\/wp-json\/wp\/v2\/media\/10335"}],"wp:attachment":[{"href":"https:\/\/www.codigovidrio.com\/code\/wp-json\/wp\/v2\/media?parent=10322"}],"wp:term":[{"taxonomy":"category","embeddable":true,"href":"https:\/\/www.codigovidrio.com\/code\/wp-json\/wp\/v2\/categories?post=10322"},{"taxonomy":"post_tag","embeddable":true,"href":"https:\/\/www.codigovidrio.com\/code\/wp-json\/wp\/v2\/tags?post=10322"}],"curies":[{"name":"wp","href":"https:\/\/api.w.org\/{rel}","templated":true}]}}