{"id":251,"date":"2020-07-05T09:00:32","date_gmt":"2020-07-05T14:00:32","guid":{"rendered":"http:\/\/www.codigovidrio.com\/desinformacion\/?p=251"},"modified":"2020-07-22T16:24:17","modified_gmt":"2020-07-22T21:24:17","slug":"los-murcielagos-son-rresponsables-de-covid19","status":"publish","type":"post","link":"http:\/\/www.codigovidrio.com\/desinformacion\/los-murcielagos-son-rresponsables-de-covid19\/","title":{"rendered":"\u00bfLos murci\u00e9lagos son responsables de Covid-19?"},"content":{"rendered":"<section id=\"bt_section69f5f1f9a18f8\"  class=\"boldSection gutter \" ><div class=\"port\"><div class=\"boldCell\"><div class=\"boldCellInner\"><div class=\"boldRow \" ><div class=\"boldRowInner\"><div class=\"rowItem col-md-12 col-ms-12  btTextLeft\"  data-width=\"12\"><div class=\"rowItemContent\" ><div class=\"btText\" ><\/p>\n<p><strong>DESMONTANDO LA DESINFORMACI\u00d3N<\/strong>. Los murci\u00e9lagos no son un foco de contagio para el coronavirus. La causa para la transmisi\u00f3n del virus es la interacci\u00f3n de los seres humanos con fauna silvestre. En Ecuador existen 170 especies de murci\u00e9lagos. Te lo contamos en este podcast.<\/p>\n<p>\n<\/div><\/div><\/div><\/div><\/div><\/div><\/div><\/div><\/section>\n","protected":false},"excerpt":{"rendered":"","protected":false},"author":1,"featured_media":275,"comment_status":"open","ping_status":"open","sticky":false,"template":"","format":"video","meta":[],"categories":[10],"tags":[],"yoast_head":"<!-- This site is optimized with the Yoast SEO plugin v20.6 - https:\/\/yoast.com\/wordpress\/plugins\/seo\/ -->\n<title>\u00bfLos murci\u00e9lagos son responsables de Covid-19? - Desinformacion<\/title>\n<meta name=\"description\" content=\"-1393\" \/>\n<meta name=\"robots\" content=\"index, follow, max-snippet:-1, max-image-preview:large, max-video-preview:-1\" \/>\n<link rel=\"canonical\" href=\"https:\/\/www.codigovidrio.com\/desinformacion\/los-murcielagos-son-rresponsables-de-covid19\/\" \/>\n<meta property=\"og:locale\" content=\"es_ES\" \/>\n<meta property=\"og:type\" content=\"article\" \/>\n<meta property=\"og:title\" content=\"\u00bfLos murci\u00e9lagos son responsables de Covid-19? - Desinformacion\" \/>\n<meta property=\"og:description\" content=\"-1393\" \/>\n<meta property=\"og:url\" content=\"https:\/\/www.codigovidrio.com\/desinformacion\/los-murcielagos-son-rresponsables-de-covid19\/\" \/>\n<meta property=\"og:site_name\" content=\"Desinformacion\" \/>\n<meta property=\"article:published_time\" content=\"2020-07-05T14:00:32+00:00\" \/>\n<meta property=\"article:modified_time\" content=\"2020-07-22T21:24:17+00:00\" \/>\n<meta property=\"og:image\" content=\"https:\/\/www.codigovidrio.com\/desinformacion\/wp-content\/uploads\/2020\/07\/murcielagos-podcast.jpg\" \/>\n\t<meta property=\"og:image:width\" content=\"1280\" \/>\n\t<meta property=\"og:image:height\" content=\"750\" \/>\n\t<meta property=\"og:image:type\" content=\"image\/jpeg\" \/>\n<meta name=\"author\" content=\"desin-admin\" \/>\n<meta name=\"twitter:card\" content=\"summary_large_image\" \/>\n<meta name=\"twitter:label1\" content=\"Escrito por\" \/>\n\t<meta name=\"twitter:data1\" content=\"desin-admin\" \/>\n<script type=\"application\/ld+json\" class=\"yoast-schema-graph\">{\"@context\":\"https:\/\/schema.org\",\"@graph\":[{\"@type\":\"WebPage\",\"@id\":\"https:\/\/www.codigovidrio.com\/desinformacion\/los-murcielagos-son-rresponsables-de-covid19\/\",\"url\":\"https:\/\/www.codigovidrio.com\/desinformacion\/los-murcielagos-son-rresponsables-de-covid19\/\",\"name\":\"\u00bfLos murci\u00e9lagos son responsables de Covid-19? - Desinformacion\",\"isPartOf\":{\"@id\":\"https:\/\/www.codigovidrio.com\/desinformacion\/#website\"},\"datePublished\":\"2020-07-05T14:00:32+00:00\",\"dateModified\":\"2020-07-22T21:24:17+00:00\",\"author\":{\"@id\":\"https:\/\/www.codigovidrio.com\/desinformacion\/#\/schema\/person\/78ed96f4cc0764a2db9b2320d0c606db\"},\"description\":\"-1393\",\"breadcrumb\":{\"@id\":\"https:\/\/www.codigovidrio.com\/desinformacion\/los-murcielagos-son-rresponsables-de-covid19\/#breadcrumb\"},\"inLanguage\":\"es-CO\",\"potentialAction\":[{\"@type\":\"ReadAction\",\"target\":[\"https:\/\/www.codigovidrio.com\/desinformacion\/los-murcielagos-son-rresponsables-de-covid19\/\"]}]},{\"@type\":\"BreadcrumbList\",\"@id\":\"https:\/\/www.codigovidrio.com\/desinformacion\/los-murcielagos-son-rresponsables-de-covid19\/#breadcrumb\",\"itemListElement\":[{\"@type\":\"ListItem\",\"position\":1,\"name\":\"Home\",\"item\":\"http:\/\/www.codigovidrio.com\/desinformacion\/\"},{\"@type\":\"ListItem\",\"position\":2,\"name\":\"\u00bfLos murci\u00e9lagos son responsables de Covid-19?\"}]},{\"@type\":\"WebSite\",\"@id\":\"https:\/\/www.codigovidrio.com\/desinformacion\/#website\",\"url\":\"https:\/\/www.codigovidrio.com\/desinformacion\/\",\"name\":\"Desinformacion\",\"description\":\"Un proyecto de Codigo Vidrio\",\"potentialAction\":[{\"@type\":\"SearchAction\",\"target\":{\"@type\":\"EntryPoint\",\"urlTemplate\":\"https:\/\/www.codigovidrio.com\/desinformacion\/?s={search_term_string}\"},\"query-input\":\"required name=search_term_string\"}],\"inLanguage\":\"es-CO\"},{\"@type\":\"Person\",\"@id\":\"https:\/\/www.codigovidrio.com\/desinformacion\/#\/schema\/person\/78ed96f4cc0764a2db9b2320d0c606db\",\"name\":\"desin-admin\",\"image\":{\"@type\":\"ImageObject\",\"inLanguage\":\"es-CO\",\"@id\":\"https:\/\/www.codigovidrio.com\/desinformacion\/#\/schema\/person\/image\/\",\"url\":\"http:\/\/2.gravatar.com\/avatar\/2204a4d2f1882f585466f89b9dc440a8?s=96&d=mm&r=g\",\"contentUrl\":\"http:\/\/2.gravatar.com\/avatar\/2204a4d2f1882f585466f89b9dc440a8?s=96&d=mm&r=g\",\"caption\":\"desin-admin\"},\"sameAs\":[\"http:\/\/www.codigovidrio.com\/desinformacion\"],\"url\":\"http:\/\/www.codigovidrio.com\/desinformacion\/author\/desin-admin\/\"}]}<\/script>\n<!-- \/ Yoast SEO plugin. -->","yoast_head_json":{"title":"\u00bfLos murci\u00e9lagos son responsables de Covid-19? - Desinformacion","description":"-1393","robots":{"index":"index","follow":"follow","max-snippet":"max-snippet:-1","max-image-preview":"max-image-preview:large","max-video-preview":"max-video-preview:-1"},"canonical":"https:\/\/www.codigovidrio.com\/desinformacion\/los-murcielagos-son-rresponsables-de-covid19\/","og_locale":"es_ES","og_type":"article","og_title":"\u00bfLos murci\u00e9lagos son responsables de Covid-19? - Desinformacion","og_description":"-1393","og_url":"https:\/\/www.codigovidrio.com\/desinformacion\/los-murcielagos-son-rresponsables-de-covid19\/","og_site_name":"Desinformacion","article_published_time":"2020-07-05T14:00:32+00:00","article_modified_time":"2020-07-22T21:24:17+00:00","og_image":[{"width":1280,"height":750,"url":"https:\/\/www.codigovidrio.com\/desinformacion\/wp-content\/uploads\/2020\/07\/murcielagos-podcast.jpg","type":"image\/jpeg"}],"author":"desin-admin","twitter_card":"summary_large_image","twitter_misc":{"Escrito por":"desin-admin"},"schema":{"@context":"https:\/\/schema.org","@graph":[{"@type":"WebPage","@id":"https:\/\/www.codigovidrio.com\/desinformacion\/los-murcielagos-son-rresponsables-de-covid19\/","url":"https:\/\/www.codigovidrio.com\/desinformacion\/los-murcielagos-son-rresponsables-de-covid19\/","name":"\u00bfLos murci\u00e9lagos son responsables de Covid-19? - Desinformacion","isPartOf":{"@id":"https:\/\/www.codigovidrio.com\/desinformacion\/#website"},"datePublished":"2020-07-05T14:00:32+00:00","dateModified":"2020-07-22T21:24:17+00:00","author":{"@id":"https:\/\/www.codigovidrio.com\/desinformacion\/#\/schema\/person\/78ed96f4cc0764a2db9b2320d0c606db"},"description":"-1393","breadcrumb":{"@id":"https:\/\/www.codigovidrio.com\/desinformacion\/los-murcielagos-son-rresponsables-de-covid19\/#breadcrumb"},"inLanguage":"es-CO","potentialAction":[{"@type":"ReadAction","target":["https:\/\/www.codigovidrio.com\/desinformacion\/los-murcielagos-son-rresponsables-de-covid19\/"]}]},{"@type":"BreadcrumbList","@id":"https:\/\/www.codigovidrio.com\/desinformacion\/los-murcielagos-son-rresponsables-de-covid19\/#breadcrumb","itemListElement":[{"@type":"ListItem","position":1,"name":"Home","item":"http:\/\/www.codigovidrio.com\/desinformacion\/"},{"@type":"ListItem","position":2,"name":"\u00bfLos murci\u00e9lagos son responsables de Covid-19?"}]},{"@type":"WebSite","@id":"https:\/\/www.codigovidrio.com\/desinformacion\/#website","url":"https:\/\/www.codigovidrio.com\/desinformacion\/","name":"Desinformacion","description":"Un proyecto de Codigo Vidrio","potentialAction":[{"@type":"SearchAction","target":{"@type":"EntryPoint","urlTemplate":"https:\/\/www.codigovidrio.com\/desinformacion\/?s={search_term_string}"},"query-input":"required name=search_term_string"}],"inLanguage":"es-CO"},{"@type":"Person","@id":"https:\/\/www.codigovidrio.com\/desinformacion\/#\/schema\/person\/78ed96f4cc0764a2db9b2320d0c606db","name":"desin-admin","image":{"@type":"ImageObject","inLanguage":"es-CO","@id":"https:\/\/www.codigovidrio.com\/desinformacion\/#\/schema\/person\/image\/","url":"http:\/\/2.gravatar.com\/avatar\/2204a4d2f1882f585466f89b9dc440a8?s=96&d=mm&r=g","contentUrl":"http:\/\/2.gravatar.com\/avatar\/2204a4d2f1882f585466f89b9dc440a8?s=96&d=mm&r=g","caption":"desin-admin"},"sameAs":["http:\/\/www.codigovidrio.com\/desinformacion"],"url":"http:\/\/www.codigovidrio.com\/desinformacion\/author\/desin-admin\/"}]}},"_links":{"self":[{"href":"http:\/\/www.codigovidrio.com\/desinformacion\/wp-json\/wp\/v2\/posts\/251"}],"collection":[{"href":"http:\/\/www.codigovidrio.com\/desinformacion\/wp-json\/wp\/v2\/posts"}],"about":[{"href":"http:\/\/www.codigovidrio.com\/desinformacion\/wp-json\/wp\/v2\/types\/post"}],"author":[{"embeddable":true,"href":"http:\/\/www.codigovidrio.com\/desinformacion\/wp-json\/wp\/v2\/users\/1"}],"replies":[{"embeddable":true,"href":"http:\/\/www.codigovidrio.com\/desinformacion\/wp-json\/wp\/v2\/comments?post=251"}],"version-history":[{"count":25,"href":"http:\/\/www.codigovidrio.com\/desinformacion\/wp-json\/wp\/v2\/posts\/251\/revisions"}],"predecessor-version":[{"id":324,"href":"http:\/\/www.codigovidrio.com\/desinformacion\/wp-json\/wp\/v2\/posts\/251\/revisions\/324"}],"wp:featuredmedia":[{"embeddable":true,"href":"http:\/\/www.codigovidrio.com\/desinformacion\/wp-json\/wp\/v2\/media\/275"}],"wp:attachment":[{"href":"http:\/\/www.codigovidrio.com\/desinformacion\/wp-json\/wp\/v2\/media?parent=251"}],"wp:term":[{"taxonomy":"category","embeddable":true,"href":"http:\/\/www.codigovidrio.com\/desinformacion\/wp-json\/wp\/v2\/categories?post=251"},{"taxonomy":"post_tag","embeddable":true,"href":"http:\/\/www.codigovidrio.com\/desinformacion\/wp-json\/wp\/v2\/tags?post=251"}],"curies":[{"name":"wp","href":"https:\/\/api.w.org\/{rel}","templated":true}]}}